{"id":348524,"date":"2026-08-06T15:46:14","date_gmt":"2026-08-06T20:46:14","guid":{"rendered":"https:\/\/insightcrime.org\/?p=348524"},"modified":"2026-08-07T16:14:50","modified_gmt":"2026-08-07T21:14:50","slug":"podcast-tres-maneras-perder-hijo","status":"publish","type":"post","link":"https:\/\/insightcrime.org\/es\/noticias\/podcast-tres-maneras-perder-hijo\/","title":{"rendered":"P\u00f3dcast | Tres maneras de perder a un hijo"},"content":{"rendered":"\n<div class=\"wp-block-cover alignwide has-parallax wp-duotone-unset-1\" style=\"padding-top:var(--wp--preset--spacing--60);padding-bottom:var(--wp--preset--spacing--60);min-height:563px;aspect-ratio:unset;\"><div class=\"wp-block-cover__image-background wp-image-267354 has-parallax\" style=\"background-position:50% 60%;background-image:url(https:\/\/insightcrime-clone.newspackstaging.com\/wp-content\/uploads\/2024\/02\/mapa-latam-podcast-insight-crime-from-the-ground-up-solo-sin-texto.jpg)\"><\/div><span aria-hidden=\"true\" class=\"wp-block-cover__background has-background-dim-80 has-background-dim\" style=\"background-color:#2d2814\"><\/span><div class=\"wp-block-cover__inner-container is-layout-constrained wp-block-cover-is-layout-constrained\">\n<div style=\"height:7px\" aria-hidden=\"true\" class=\"wp-block-spacer\"><\/div>\n\n\n\n<div class=\"wp-block-columns alignwide are-vertically-aligned-center has-large-font-size is-layout-flex wp-container-core-columns-is-layout-3aa1daa7 wp-block-columns-is-layout-flex\" style=\"padding-right:0;padding-left:0\">\n<div class=\"wp-block-column is-vertically-aligned-center is-layout-flow wp-block-column-is-layout-flow\" style=\"padding-right:0;padding-left:0;flex-basis:40%\">\n<figure class=\"wp-block-embed alignwide is-type-video is-provider-youtube wp-block-embed-youtube ic-podcast-embed wp-embed-aspect-4-3 wp-has-aspect-ratio\"><div class=\"wp-block-embed__wrapper\">\n<iframe loading=\"lazy\" title=\"EP03 Tres maneras de perder a un hijo | Espa\u00f1ol\" width=\"500\" height=\"375\" src=\"https:\/\/www.youtube.com\/embed\/gevbtVlCSrY?feature=oembed\" frameborder=\"0\" allow=\"accelerometer; autoplay; clipboard-write; encrypted-media; gyroscope; picture-in-picture; web-share\" referrerpolicy=\"strict-origin-when-cross-origin\" allowfullscreen><\/iframe>\n<\/div><\/figure>\n<\/div>\n\n\n\n<div class=\"wp-block-column is-vertically-aligned-center is-layout-flow wp-block-column-is-layout-flow\" style=\"padding-right:0;padding-left:var(--wp--preset--spacing--60);flex-basis:60%\">\n<p class=\"has-normal-font-size wp-block-paragraph\">Una madre busca a tres hijos desaparecidos en medio de d\u00e9cadas de conflicto armado en Buenaventura.<\/p>\n\n\n\n<p class=\"has-dark-gray-color has-text-color has-link-color wp-elements-1 wp-block-paragraph\" style=\"font-size:18px\"><mark style=\"background-color:#afdaf6;color:#000000\" class=\"has-inline-color\">*Este episodio tambi\u00e9n est\u00e1 disponible en <a href=\"https:\/\/insightcrime.org\/es\/noticias\/podcast-tres-maneras-perder-hijo\/\" data-type=\"link\" data-id=\"https:\/\/insightcrime.org\/es\/news\/podcast-three-ways-to-lose-a-son\" target=\"_blank\" rel=\"noreferrer noopener\">ingl\u00e9s<\/a>.<\/mark><\/p>\n\n\n\n<div class=\"wp-block-group alignfull\"><div class=\"wp-block-group__inner-container is-layout-constrained wp-block-group-is-layout-constrained\">\n<div class=\"wp-block-group alignfull\"><div class=\"wp-block-group__inner-container is-layout-constrained wp-block-group-is-layout-constrained\">\n<div class=\"wp-block-columns is-not-stacked-on-mobile is-style-default is-layout-flex wp-container-core-columns-is-layout-8f761849 wp-block-columns-is-layout-flex\">\n<div class=\"wp-block-column is-vertically-aligned-center is-layout-flow wp-block-column-is-layout-flow\" style=\"flex-basis:20%\">\n<h2 class=\"wp-block-heading has-text-align-right alignwide\" id=\"h-escuchar\" style=\"font-size:27px\">Escuchar<\/h2>\n<\/div>\n\n\n\n<div class=\"wp-block-column is-vertically-aligned-center is-layout-flow wp-block-column-is-layout-flow\" style=\"flex-basis:80%\">\n<div class=\"wp-block-buttons has-custom-font-size has-normal-font-size is-content-justification-center is-nowrap is-layout-flex wp-container-core-buttons-is-layout-b190f3d9 wp-block-buttons-is-layout-flex\" style=\"padding-right:0;padding-left:0\">\n<div class=\"wp-block-button is-style-fill\"><a class=\"wp-block-button__link has-white-color has-medium-gray-background-color has-text-color has-background has-link-color wp-element-button\" href=\"https:\/\/www.youtube.com\/playlist?list=PLTMZ7-ZtNYJGj5OFpZDyN7sBmDzSmpcJK\" target=\"_blank\" rel=\"noreferrer noopener\">YouTube<\/a><\/div>\n\n\n\n<div class=\"wp-block-button\"><a class=\"wp-block-button__link has-white-color has-medium-gray-background-color has-text-color has-background has-link-color wp-element-button\" href=\"https:\/\/open.spotify.com\/show\/394sxYfsdL6deIP6sHp9ot\" target=\"_blank\" rel=\"noreferrer noopener\">Spotify<\/a><\/div>\n\n\n\n<div class=\"wp-block-button\"><a class=\"wp-block-button__link has-white-color has-medium-gray-background-color has-text-color has-background has-link-color wp-element-button\" href=\"https:\/\/music.amazon.es\/podcasts\/f587b666-178c-4958-8fb1-d22e3841dfa7\" target=\"_blank\" rel=\"noreferrer noopener\">Amazon<\/a><\/div>\n\n\n\n<div class=\"wp-block-button\"><a class=\"wp-block-button__link has-white-color has-medium-gray-background-color has-text-color has-background has-link-color wp-element-button\" href=\"https:\/\/podcasts.apple.com\/us\/podcast\/insight-crime-podcast\/id6793280449\" target=\"_blank\" rel=\"noreferrer noopener\">Apple<\/a><\/div>\n<\/div>\n<\/div>\n<\/div>\n<\/div><\/div>\n<\/div><\/div>\n<\/div>\n<\/div>\n<\/div><\/div>\n\n\n\n<h2 id=\"h-sobre-este-episodio\" class=\"wp-block-heading\">Sobre este episodio<\/h2>\n\n\n\n<p class=\"wp-block-paragraph\">Buenaventura es el principal puerto de Colombia sobre el Pac\u00edfico y uno de los corredores m\u00e1s estrat\u00e9gicos del continente para el tr\u00e1fico de coca\u00edna. Durante d\u00e9cadas, la ciudad ha sido escenario de enfrentamientos entre grupos guerrilleros, paramilitares y bandas criminales que se disputan el control de las rutas de la droga hacia Europa y Norteam\u00e9rica. El resultado es una ciudad donde hombres y mujeres son asesinados, ni\u00f1os desaparecen y las familias aprenden a convivir con el duelo y la incertidumbre como compa\u00f1eros permanentes.<\/p>\n\n\n\n<p class=\"wp-block-paragraph\">En este episodio viajamos a Buenaventura para conocer a Elena, una mujer afrocolombiana de unos sesenta a\u00f1os que lleg\u00f3 a la ciudad cuando era ni\u00f1a, despu\u00e9s de que grupos armados asesinaran a sus padres en su pueblo natal. Buenaventura la acogi\u00f3 y ella hizo de la ciudad su hogar. Tuvo siete hijos y construy\u00f3 una vida.<\/p>\n\n\n\n<p class=\"wp-block-paragraph\">Pero la guerra que la llev\u00f3 hasta all\u00ed nunca termin\u00f3. Tres de sus hijos han desaparecido. Dos se esfumaron sin dejar rastro, dejando a Elena busc\u00e1ndolos en vano y aferr\u00e1ndose a cualquier pista sobre su destino. Del tercero solo qued\u00f3 su cr\u00e1neo, hallado en un estero tres a\u00f1os despu\u00e9s de su desaparici\u00f3n.<\/p>\n\n\n\n<p class=\"wp-block-paragraph\">A trav\u00e9s de la historia de Elena, investigamos c\u00f3mo el <a href=\"https:\/\/insightcrime.org\/es\/noticias\/bandas-criminales-buenaventura-gobiernan-dentro-fuera-carceles\/\" target=\"_blank\" rel=\"noreferrer noopener\">conflicto armado en Buenaventura<\/a> ha corro\u00eddo el tejido social de la ciudad. Y exploramos c\u00f3mo la violencia no solo mata, tambi\u00e9n borra a las personas, desintegra a las familias y deja a madres esperando respuestas que a veces llegan demasiado tarde, mientras otras nunca llegan.<\/p>\n\n\n\n<details class=\"wp-block-details is-layout-flow wp-block-details-is-layout-flow\"><summary>Transcripci\u00f3n <\/summary>\n<p class=\"wp-block-paragraph\">[00:00:01] Steven Dudley: Hola. Una cosa antes de comenzar, hemos cambiado los nombres de todas las personas involucradas en esta historia para proteger sus identidades. Bien, esta es la historia. Es una ma\u00f1ana de s\u00e1bado. Nuestros investigadores Henry Shuldiner y Juliana Manjarr\u00e9s est\u00e1n sentados en la silenciosa sala de reuniones de un hotel en Buenaventura, en la costa pac\u00edfica colombiana.<\/p>\n\n\n\n<p class=\"wp-block-paragraph\">[00:00:31] Henry: \u00bfC\u00f3mo est\u00e1s?<\/p>\n\n\n\n<p class=\"wp-block-paragraph\">[00:00:32] Elena: Bien, gracias a Dios. El Se\u00f1or me lo bendiga.<\/p>\n\n\n\n<p class=\"wp-block-paragraph\">[00:00:36] Steven Dudley: Sentada frente a ellos est\u00e1 una mujer de unos 60 a\u00f1os. Afrocolombiana. Lleva trenzas. Es de baja estatura, pero de presencia firme. La llamaremos Elena.<\/p>\n\n\n\n<p class=\"wp-block-paragraph\">[00:00:50] Elena: Que los chicos tienen aqu\u00ed. Y entonces lo ponen a patinar. Y yo, \u00a1ay qu\u00e9 verg\u00fcenza!<\/p>\n\n\n\n<p class=\"wp-block-paragraph\">[00:00:56] Steven Dudley: No, levanta la voz. No lo necesita. En Buenaventura la gente la escucha. Ha estado en medio del conflicto armado de este pa\u00eds durante d\u00e9cadas.<\/p>\n\n\n\n<p class=\"wp-block-paragraph\">[00:01:10] Juliana: Vinimos a hablar con Elena sobre c\u00f3mo ha cambiado Buenaventura. De una ciudad donde los ni\u00f1os jugaban bajo la lluvia, a una zona de guerra donde los ni\u00f1os desaparecen. Elena conoce cada rinc\u00f3n de la zona. Le pedimos que nos ubicara. Le mostramos el mapa que tra\u00edamos con nosotros, y ella nos explic\u00f3&#8230;<\/p>\n\n\n\n<p class=\"wp-block-paragraph\">[00:01:30] Elena: Yo te ubico por aqu\u00ed. Esta es la isla. \u00bfTe vienes por aqu\u00ed? Por aqu\u00ed. Por aqu\u00ed.<\/p>\n\n\n\n<p class=\"wp-block-paragraph\">[00:01:36] Juliana: Buenaventura se extiende desde la tierra firme hasta una isla ubicada frente a una gran bah\u00eda, donde se encuentra el puerto de la ciudad. Un puente conecta ambas partes. La mayor\u00eda de la poblaci\u00f3n vive en la zona continental, pero la disputa por el corredor estrat\u00e9gico y plataforma de salida para la droga atraviesa estas dos zonas y se extiende m\u00e1s all\u00e1.<\/p>\n\n\n\n<p class=\"wp-block-paragraph\">[00:01:59] Elena: En esta parte se empieza en la isla y se termina&#8230;hacia arriba.<\/p>\n\n\n\n<p class=\"wp-block-paragraph\">[00:02:07] Juliana: En Buenaventura, las l\u00edneas en un mapa no solo marcan barrios. Marcan territorio. Territorio controlado por guerrillas, paramilitares y pandillas.<\/p>\n\n\n\n<p class=\"wp-block-paragraph\">[00:02:19] Steven Dudley: Elena ha vivido cada ola de esa violencia de la manera m\u00e1s cruel posible, abri\u00e9ndose paso a trav\u00e9s de lo que solo puede describirse como una especie de niebla de guerra. Tres de sus hijos han desaparecido, o fueron v\u00edctimas de desaparici\u00f3n forzada, como suele decirse. \u00bfQui\u00e9n lo hizo, y por qu\u00e9? La respuesta se pierde en esa niebla. Ella nunca ha dejado de buscarlos.<\/p>\n\n\n\n<p class=\"wp-block-paragraph\">Este es el podcast de InSight Crime donde los llevamos por los rincones de Am\u00e9rica Latina para entender c\u00f3mo funciona el crimen organizado. Soy su anfitri\u00f3n, Steven Dudley, codirector de InSight Crime.<\/p>\n\n\n\n<p class=\"wp-block-paragraph\">[00:03:15] Juliana: Y yo soy Juliana Manjarrez. En este episodio les contar\u00e9 la historia de una madre en Buenaventura que busca a sus tres hijos en medio de una brutal guerra por el control de un corredor estrat\u00e9gico para el tr\u00e1fico de coca\u00edna. Tres b\u00fasquedas y tres finales muy diferentes.<\/p>\n\n\n\n<p class=\"wp-block-paragraph\">[00:03:44] Elena: Yo no nac\u00ed en Buenaventura. Me cri\u00e9 en Buenaventura. Llegu\u00e9 muy ni\u00f1a a Buenaventura porque la violencia me trajo hasta por ac\u00e1. Perd\u00ed a mis padres. Estaba muy ni\u00f1a.<\/p>\n\n\n\n<p class=\"wp-block-paragraph\">[00:04:00] Juliana: Elena no naci\u00f3 en Buenaventura, pero dice que es de ah\u00ed.<\/p>\n\n\n\n<p class=\"wp-block-paragraph\">[00:04:04] Elena: Pero para m\u00ed soy una hija de Buenaventura. Soy una hija de Buenaventura&#8230;<\/p>\n\n\n\n<p class=\"wp-block-paragraph\">[00:04:10] Juliana: Su vida ha estado marcada por la guerra. Lleg\u00f3 a Buenaventura siendo una ni\u00f1a desde el coraz\u00f3n de la zona cafetera en el centro de Colombia, despu\u00e9s de que grupos armados mataron a sus padres. No recuerda mucho o no quiere hablar de eso. Lo que recuerda es lo que vino despu\u00e9s. Una infancia feliz. Jugar en las calles. La lluvia.<\/p>\n\n\n\n<p class=\"wp-block-paragraph\">[00:04:33] Elena: Una alegr\u00eda. Era el aguacero en Buenaventura. Unos sal\u00edan a llenar agua y otros sal\u00edamos a divertirnos. A lavar la ropa porque se aprovechaba hasta el aguacero para lavar la ropa. Mejor dicho, se viv\u00eda paz y tranquilidad en el territorio.<\/p>\n\n\n\n<p class=\"wp-block-paragraph\">[00:04:51] Juliana: Y la lluvia tambi\u00e9n fomentaba la comida en abundancia. Y seg\u00fan Elena, la gente compart\u00eda con facilidad.<\/p>\n\n\n\n<p class=\"wp-block-paragraph\">[00:04:58] Elena: Bueno, a remar la lancha y descargaban ah\u00ed en la azotea de las casas y empezaban las vecinas. Este es pa fulanita, este es pa yo no s\u00e9 qui\u00e9n es. A sus vecinos de ah\u00ed alrededor, sus pl\u00e1tanos pa China, su banano, su as\u00ed, as\u00ed se compart\u00eda.<\/p>\n\n\n\n<p class=\"wp-block-paragraph\">[00:05:17] Juliana: Aqu\u00ed Elena se form\u00f3 como auxiliar de enfermer\u00eda y fue madre joven. Tuvo siete hijos: cinco ni\u00f1os y dos ni\u00f1as. Las cosas no fueron f\u00e1ciles. Se separ\u00f3 del padre de sus hijos. Algunos de ellos se fueron a vivir con \u00e9l, otros se quedaron con ella. En ese momento, hacia mediados de la d\u00e9cada de 1990, la ciudad tambi\u00e9n estaba cambiando.<\/p>\n\n\n\n<p class=\"wp-block-paragraph\">[00:05:47] Cable de Noticias: Lo que pas\u00f3 aqu\u00ed en este lustro, un poco m\u00e1s de este lustro no tiene nombre en el Valle del Cauca.<\/p>\n\n\n\n<p class=\"wp-block-paragraph\">[00:05:54] Elena: Alrededor del 95, 96 empezaron aqu\u00ed las masacres, que en Anchicay\u00e1, hab\u00eda habido masacres, que en Raposo, que en el R\u00edo Dagu, que en los r\u00edos aparec\u00edan los muertos, los cad\u00e1veres.<\/p>\n\n\n\n<p class=\"wp-block-paragraph\">[00:06:10] Juliana: Eran las primeras v\u00edctimas de masacres de ese tipo en la zona. Y era apenas un presagio de lo que vendr\u00eda. La disputa era entre paramilitares de derecha y guerrillas de izquierda.<\/p>\n\n\n\n<p class=\"wp-block-paragraph\">[00:06:25] Juliana: Buenaventura es el principal puerto de Colombia sobre el Pac\u00edfico. Tambi\u00e9n queda junto a la mayor regi\u00f3n cocalera del pa\u00eds y las Fuerzas Armadas Revolucionarias de Colombia (FARC), entonces la guerrilla m\u00e1s grande de Colombia, se estaban involucrando cada vez m\u00e1s en el tr\u00e1fico de coca\u00edna. Quer\u00edan el puerto, as\u00ed que fueron por \u00e9l. Los combates no tardaron en llegar a la ciudad. Elena recuerda la primera vez que las FARC lanzaron un ataque a gran escala en Buenaventura. Era 1997.<\/p>\n\n\n\n<p class=\"wp-block-paragraph\">[00:07:00] Elena: Toda la noche. Fueron disparos. Fueron r\u00e1fagas. Y por todo lo largo. Mire, fue tan impactante. A m\u00ed me toc\u00f3 llevar a dos heridos al hospital esa noche. Dos j\u00f3venes de mi barrio, de mi calle. Amigos. Vecinos. Me toc\u00f3 llevarlos al hospital. Heridos. Y fallecieron. Fue una noche verdaderamente de terror.<\/p>\n\n\n\n<p class=\"wp-block-paragraph\">[00:07:32] Juliana: Durante un tiempo, ese patr\u00f3n se repiti\u00f3. Combates. Heridos. Y Elena atendi\u00e9ndolos hasta que fueron por ella.<\/p>\n\n\n\n<p class=\"wp-block-paragraph\">[00:07:41] Elena: Me amenazaron con rev\u00f3lver en mano. En la cabeza me pusieron el rev\u00f3lver de que dejara de estar auxiliando. Que ya me ten\u00edan. Como se dice aqu\u00ed, pistiada. Me ha tocado ver caer. Muchos, muchos, muchos, muchos, muchos, muchos. Pero aqu\u00ed estoy.<\/p>\n\n\n\n<p class=\"wp-block-paragraph\">[00:08:09] Juliana: Mucha gente se fue. Especialmente los j\u00f3venes que no ve\u00edan futuro y no quer\u00edan quedar atrapados en medio de la guerra. Pero otros desaparecieron. Uno de esos j\u00f3venes fue uno de los hijos de Elena, a quien llamaremos Luis.<\/p>\n\n\n\n<p class=\"wp-block-paragraph\">[00:08:28] Elena: Me contaban los compa\u00f1eritos que era que el se\u00f1or era ecuatoriano y que andaba rob\u00e1ndose los ni\u00f1os para que robaran para \u00e9l.<\/p>\n\n\n\n<p class=\"wp-block-paragraph\">[00:08:35] Juliana: Luis ten\u00eda unos diez a\u00f1os cuando un hombre lleg\u00f3 diciendo que iba a llevar a algunos ni\u00f1os a una carrera de bicicletas y nunca volvi\u00f3. Elena lo busc\u00f3 por todas partes y como no pudo encontrarlo, fue a la emisora local que daba espacios al aire para que la gente enviara mensajes a sus familiares y seres queridos desaparecidos. Pero no hubo respuesta. Su coraz\u00f3n se rompi\u00f3. Luis se hab\u00eda ido. Elena perdi\u00f3 a su segundo hijo apenas unos a\u00f1os despu\u00e9s. Esteban, como lo vamos a llamar. Era el menor. De piel oscura como ella y cabello apretado en rizos.<\/p>\n\n\n\n<p class=\"wp-block-paragraph\">[00:09:24] Elena: Si todos mis hijos son guapos. Pero \u00e9l sobresal\u00eda y \u00e9l se jugaba f\u00fatbol y \u00e9l eso manten\u00eda con una tula para arriba y para abajo.<\/p>\n\n\n\n<p class=\"wp-block-paragraph\">[00:09:33] Juliana: Esteban era inquieto y en\u00e9rgico. Quer\u00eda ser futbolista. Pasaba los d\u00edas con sus amigos en el bosque o en canchas embarradas que los mismos muchachos improvisaban para jugar f\u00fatbol. Viv\u00eda con su pap\u00e1, su madrastra, su abuela y algunos de sus hermanos. Elena lo ve\u00eda con frecuencia, pero algo no andaba bien.<\/p>\n\n\n\n<p class=\"wp-block-paragraph\">[00:09:54] Elena: \u00c9l una noche lleg\u00f3 con un arma hechiza y ella dec\u00eda que era corta y pega un arma de verdad, pero era de madera.<\/p>\n\n\n\n<p class=\"wp-block-paragraph\">[00:10:05] Juliana: Para entonces, la guerra se hab\u00eda convertido en una retaliaci\u00f3n constante entre la guerrilla y los paramilitares. Las masacres se hab\u00edan vuelto comunes en la zona. Mientras ambos bandos disputaban el control de este lucrativo corredor de acopio y salida de drogas. Much\u00edsimas personas tuvieron que huir y j\u00f3venes como Esteban eran reclutados con frecuencia. A veces se iban voluntariamente, otras veces los obligaban. Fue por esos d\u00edas cuando Elena fue a la casa y la abuela paterna de Esteban le pidi\u00f3 que hablaran.<\/p>\n\n\n\n<p class=\"wp-block-paragraph\">[00:10:41] Elena: Ya tiene varios d\u00edas que \u00e9l no duerme aqu\u00ed en la casa. Lo hemos estado buscando en de los familiares, en de los amigos, y \u00e9l no aparece.<\/p>\n\n\n\n<p class=\"wp-block-paragraph\">[00:10:50] Juliana: Unos d\u00edas despu\u00e9s, alguien les dijo que lo hab\u00eda visto en otro barrio.<\/p>\n\n\n\n<p class=\"wp-block-paragraph\">[00:10:54] Elena: Me coment\u00f3 que \u00e9l hab\u00eda estado all\u00e1, que \u00e9l ten\u00eda un amigo y desaparecieron los dos.<\/p>\n\n\n\n<p class=\"wp-block-paragraph\">[00:11:01] Juliana: Elena ten\u00eda muchas preguntas \u00bfSe hab\u00eda escapado? \u00bfSe hab\u00eda unido a la guerrilla o a los paramilitares? \u00bfLo hab\u00edan obligado a entrar? Lo que s\u00ed sab\u00eda era que ahora ten\u00eda dos hijos desaparecidos. As\u00ed que una vez m\u00e1s intent\u00f3 seguir cada pista. Fue al barrio donde hab\u00edan visto a Esteban por \u00faltima vez y camin\u00f3 por las calles preguntando a cualquiera que pudiera escucharla. Pero nada. Ahora faltaban los dos. No hab\u00eda rastro de ninguno. Ni de Luis, ni de Esteban. Y parec\u00eda que no quedaba m\u00e1s remedio que acostumbrarse a su ausencia. Elena sigui\u00f3 yendo a la emisora, a la polic\u00eda, caminando por los barrios, abri\u00e9ndose paso entre la niebla. Y entonces, en 2002&#8230;<\/p>\n\n\n\n<p class=\"wp-block-paragraph\">[00:11:52] Elena: Pero un buen d\u00eda apareci\u00f3. Un d\u00eda apareci\u00f3 y pues cuenta algunas cosas, porque \u00e9l es m\u00e1s reservado. \u00c9l en cuanto a contar sus cosas, \u00e9l es m\u00e1s reservado.<\/p>\n\n\n\n<p class=\"wp-block-paragraph\">[00:12:01] Juliana: Luis volvi\u00f3. As\u00ed nada m\u00e1s. Tan inexplicablemente como se hab\u00eda ido. La historia completa nunca se supo. Elena dice que Luis nunca ha sido de hablar mucho de eso, pero esto fue lo que logr\u00f3 reconstruir. Luis fue llevado a Ecuador y despu\u00e9s de un tiempo logr\u00f3 escaparse y salvar su vida.<\/p>\n\n\n\n<p class=\"wp-block-paragraph\">[00:12:23] Elena: \u00c9l dice que \u00e9l se mont\u00f3 en una mula y cuando fue a ver se fue. Estaba en el Ecuador y que del Ecuador se vino de mula, en mula, en mula, en mula, hasta que lleg\u00f3 a Ipiales y ya lleg\u00f3 a Pasto, luego lleg\u00f3 a Cali.<\/p>\n\n\n\n<p class=\"wp-block-paragraph\">[00:12:40] Juliana: En Cali, una familia lo acogi\u00f3 hasta que un d\u00eda alguien de esa familia escuch\u00f3 en una emisora local la voz de Elena llamando a Luis. Le dieron dinero, comida y lo enviaron de regreso a Buenaventura.<\/p>\n\n\n\n<p class=\"wp-block-paragraph\">[00:13:00] Juliana: Pasaron los a\u00f1os. Elena viv\u00eda en una especie de espera suspendida, buscando, preguntando y esperando a Esteban. Mientras tanto, en Colombia las cosas estaban cambiando.<\/p>\n\n\n\n<p class=\"wp-block-paragraph\">[00:13:15] Cable de Noticias: El presidente de la Rep\u00fablica de Colombia y el comandante de las FARC EP, firmar\u00e1n el acuerdo final para la terminaci\u00f3n del conflicto. Con esta firma estamos dando un paso fundamental hacia el prop\u00f3sito de lograr la paz estable y duradera.<\/p>\n\n\n\n<p class=\"wp-block-paragraph\">[00:13:31] Juliana: Aunque en 2016 el gobierno colombiano firm\u00f3 un acuerdo de paz con las FARC que puso fin a m\u00e1s de cinco d\u00e9cadas de guerra con la guerrilla m\u00e1s grande del pa\u00eds. Para Elena, el acuerdo trajo esperanza, pero no respuestas.<\/p>\n\n\n\n<p class=\"wp-block-paragraph\">[00:13:47] Elena: Salimos muchas. Recuerdo que salimos alrededor de unas 111 personas.<\/p>\n\n\n\n<p class=\"wp-block-paragraph\">[00:13:55] Juliana: En 2017, m\u00e1s de 100 personas que hab\u00edan perdido hijos, esposos, esposas, hermanos, hermanas, amigos empezaron a reunirse en una iglesia cat\u00f3lica. No era exactamente activismo. Era m\u00e1s bien un grupo de apoyo. Se necesitaban unas a otras.<\/p>\n\n\n\n<p class=\"wp-block-paragraph\">[00:14:17] Cable de Noticias: La ola de violencia que vive el puerto tiene una raz\u00f3n. La disputa del territorio por parte de estas tres bandas delincuenciales. Todo por el control del narcotr\u00e1fico.<\/p>\n\n\n\n<p class=\"wp-block-paragraph\">[00:14:35] Juliana: Porque la guerra no hab\u00eda terminado. Lo que vino despu\u00e9s del acuerdo de paz con las FARC fue distinto, m\u00e1s peque\u00f1o, menos ideol\u00f3gico, m\u00e1s criminal y sorprendentemente, m\u00e1s brutal. Adem\u00e1s de los remanentes de las guerrillas y los paramilitares. Estaban las pandillas locales. Dos de ellas terminaron en guerra por el control de Buenaventura disput\u00e1ndose la ciudad. Cuadra a cuadra. A sangre y fuego. Y en 2021, esa violencia volvi\u00f3 a tocar la familia de Elena. El sobrino de Elena, a quien vamos a llamar Josu\u00e9, creci\u00f3 con Esteban en la misma casa. Fueron criados como hermanos.<\/p>\n\n\n\n<p class=\"wp-block-paragraph\">[00:15:19] Elena: Era como un hijo para m\u00ed porque&#8230;<\/p>\n\n\n\n<p class=\"wp-block-paragraph\">[00:15:21] Juliana: Josu\u00e9 trabajaba con las manos. Era mec\u00e1nico de motos. La gente dec\u00eda que pod\u00eda diagnosticar cualquier motor con s\u00f3lo mirarlo. Un domingo de mayo de 2021. Alguien lo llam\u00f3 para una reparaci\u00f3n. Tom\u00f3 sus herramientas. Sali\u00f3 y no volvi\u00f3. Para el lunes, la gente del barrio dec\u00eda que hab\u00edan matado a Josu\u00e9. Pudo haber sido una de las pandillas, o quiz\u00e1s otros grupos armados de la zona, o pudo haber sido un crimen al azar. Cuando la guerra es el pan de cada d\u00eda. Nadie hace demasiadas preguntas y nadie da respuestas. En alg\u00fan momento alguien le dijo a Elena que hab\u00eda visto a un joven de la zona cargando sus herramientas, escondi\u00e9ndolas debajo de la camisa y entrando a escondidas al cuarto de Josu\u00e9 para llevarse su ropa. \u00bfQui\u00e9n era? \u00bfPor qu\u00e9 nadie lo detuvo? Elena todav\u00eda no lo sabe. Probablemente nunca lo sepa. Aun as\u00ed, busc\u00f3, como busc\u00f3 a Luis, como segu\u00eda buscando a Esteban. Y esta vez lo hizo con m\u00e1s urgencia. Porque Carmen, la mam\u00e1 de Josu\u00e9, se estaba muriendo. Presion\u00f3 a organizaciones. Presion\u00f3 a las autoridades.<\/p>\n\n\n\n<p class=\"wp-block-paragraph\">[00:16:46] Elena: Hay veces yo me iba todo el d\u00eda a caminar con ella, a buscarlo.<\/p>\n\n\n\n<p class=\"wp-block-paragraph\">[00:16:53] Juliana: Pasaron meses y meses y segu\u00eda sin haber nada. Y entonces, en diciembre de 2021, una pista.<\/p>\n\n\n\n<p class=\"wp-block-paragraph\">Un equipo forense del gobierno hab\u00eda pasado todo el d\u00eda buscando en los esteros que rodean la ciudad. Esas v\u00edas de agua suelen usarse para traficar drogas y para arrojar cuerpos. El equipo estaba terminando un barrido cuando la marea baj\u00f3 y quedaron varados mientras esperaban a que la marea volviera a subir. Alguien vio algo en la maleza&#8230;<\/p>\n\n\n\n<p class=\"wp-block-paragraph\">[00:17:33] Elena: Estaba el cr\u00e1neo all\u00ed.<\/p>\n\n\n\n<p class=\"wp-block-paragraph\">[00:17:46] Juliana: Identificar el cuerpo fue un proceso doloroso. Tom\u00f3 a\u00f1os. Durante todo ese tiempo, Elena ten\u00eda una sola preocupaci\u00f3n.<\/p>\n\n\n\n<p class=\"wp-block-paragraph\">[00:17:55] Elena: Yo no quiero que fallezca sin saber de su hijo.<\/p>\n\n\n\n<p class=\"wp-block-paragraph\">[00:18:01] Juliana: Carmen muri\u00f3 el 14 de agosto de 2024. Trece d\u00edas despu\u00e9s, las autoridades declararon que el cr\u00e1neo que hab\u00edan encontrado era el de Josu\u00e9. Hab\u00edan pasado tres a\u00f1os desde el hallazgo.<\/p>\n\n\n\n<p class=\"wp-block-paragraph\">[00:18:17] Elena: Fue tan duro. No le pudo dar el \u00faltimo adi\u00f3s a su hijo. Uff&#8230; Dios bendito&#8230; uff&#8230; el dolor es inmenso.<\/p>\n\n\n\n<p class=\"wp-block-paragraph\">[00:18:36] Juliana: Tres hijos. Tres b\u00fasquedas. Luis se fue y Luis volvi\u00f3. Josu\u00e9 fue asesinado. Elena lo enterr\u00f3. \u00bfY Esteban?.<\/p>\n\n\n\n<p class=\"wp-block-paragraph\">[00:18:49]&nbsp; Elena: Y as\u00ed estoy esperando, esperando que mi hijo aparezca aunque sea un huesito de la mano, del pie de alguna parte del cuerpo que aparezca y le digan a uno: es mi hijo.<\/p>\n\n\n\n<p class=\"wp-block-paragraph\">[00:19:19] Steven Dudley: Este podcast es una producci\u00f3n de InSight Crime. Antes de despedirnos, un vistazo r\u00e1pido a lo que viene la pr\u00f3xima semana.<\/p>\n\n\n\n<p class=\"wp-block-paragraph\">[00:19:27] Rapper: La droga sale de aqu\u00ed porque sale.<\/p>\n\n\n\n<p class=\"wp-block-paragraph\">[00:19:31] Steven Dudley: Lo conocimos en Ecuador. Es rapero sobre el escenario. Tiene un micr\u00f3fono fuera de \u00e9l. Es otra historia. Es una historia sobre m\u00fasica y crimen y sobre la delgada l\u00ednea que los separa. No querr\u00e1n perd\u00e9rsela.<\/p>\n\n\n\n<p class=\"wp-block-paragraph\">Ahora, sobre el episodio que acaban de escuchar fue reportado y escrito por Henry Shuldiner y Juliana Manjarr\u00e9s. Editado por Liza Schmidt, Tom\u00e1s Uprimny, Elisa Rold\u00e1n y por m\u00ed, Steven Dudley. Elisa Rold\u00e1n es nuestra directora de proyecto y directora de arte. Los gr\u00e1ficos estuvieron a cargo de Isabella Soto. El dise\u00f1o sonoro es de Valentina Fonseca, y nuestra m\u00fasica original de cumbia fue compuesta por Juan Felipe Pulido.<\/p>\n\n\n\n<p class=\"wp-block-paragraph\">Gracias a todo el equipo de InSight Crime: investigadores, dise\u00f1adores, redes sociales, editores y equipo administrativo.<\/p>\n\n\n\n<p class=\"wp-block-paragraph\">Un agradecimiento especial a Elena, por abrirnos las puertas de su casa y compartir su historia con nosotros.<\/p>\n\n\n\n<p class=\"wp-block-paragraph\">Y si siguen escuch\u00e1ndonos hasta este momento, gracias a ustedes. Llevar una historia como esta al micr\u00f3fono toma tiempo. Meses de reporter\u00eda. Vuelos. Horas sentados en salas, escuchando y conversando. Y, siendo sinceros, hacerlo bien cuesta dinero. InSight Crime es completamente independiente. No tenemos due\u00f1os ni jefes que nos digan qu\u00e9 cubrir o qu\u00e9 dejar de cubrir. As\u00ed es como nos gusta trabajar. Y lo que nos permite seguir adelante son oyentes como ustedes.<\/p>\n\n\n\n<p class=\"wp-block-paragraph\">Por eso, si pueden contribuir \u2014 desde 15 d\u00f3lares, hasta la cantidad que tenga sentido para ustedes\u2014 visiten insightcrime.org\/donar. Y si donar no es una opci\u00f3n en este momento, simplemente compartan este episodio con un amigo. Eso ayuda m\u00e1s de lo que se imaginan. Nos escuchamos la pr\u00f3xima semana.<\/p>\n\n\n\n<p class=\"wp-block-paragraph\">Desde Ecuador. Chao. Chao.<\/p>\n<\/details>\n\n\n\n<h2 id=\"h-contexto-el-conflicto-armado-y-la-violencia-criminal-en-buenaventura-colombia\" class=\"wp-block-heading\">Contexto: el conflicto armado y la violencia criminal en Buenaventura, Colombia <\/h2>\n\n\n\n<p class=\"wp-block-paragraph\">Buenaventura, Colombia, refleja algunas de las contradicciones m\u00e1s profundas del pa\u00eds. Es el puerto m\u00e1s importante de Colombia sobre el Pac\u00edfico y moviliza alrededor del 60% del comercio exterior nacional. Al mismo tiempo, es una de las ciudades con los \u00edndices m\u00e1s altos de pobreza, desempleo y violencia.<\/p>\n\n\n\n<p class=\"wp-block-paragraph\">Su ubicaci\u00f3n geogr\u00e1fica la ha convertido en un punto clave para el narcotr\u00e1fico. Est\u00e1 junto a la principal regi\u00f3n productora de coca del pa\u00eds y cuenta con acceso directo a rutas mar\u00edtimas hacia Europa y Norteam\u00e9rica. Su importancia estrat\u00e9gica atrajo primero a las Fuerzas Armadas Revolucionarias de Colombia (FARC) y, posteriormente, a sus rivales, los grupos paramilitares.<\/p>\n\n\n\n<p class=\"wp-block-paragraph\">Tanto las FARC como los paramilitares se desmovilizaron tras los acuerdos de paz, pero en ambos casos el vac\u00edo de poder fue ocupado por grupos sucesores y pandillas locales.<\/p>\n\n\n\n<p class=\"wp-block-paragraph\">Hoy, dos grupos en particular, <a href=\"https:\/\/insightcrime.org\/es\/noticias-crimen-organizado-colombia\/los-espartanos-2\/\" target=\"_blank\" rel=\"noreferrer noopener\">Los Espartanos<\/a> y <a href=\"https:\/\/insightcrime.org\/es\/noticias-crimen-organizado-colombia\/los-shottas\/\" target=\"_blank\" rel=\"noreferrer noopener\">Los Shottas<\/a>, libran una guerra barrio por barrio por el control de los corredores estrat\u00e9gicos de la ciudad, generando nuevas olas de desplazamiento forzado y desapariciones que afectan de manera desproporcionada a los habitantes de los barrios m\u00e1s vulnerables.<\/p>\n\n\n\n<p class=\"wp-block-paragraph\">Las desapariciones forzadas en Buenaventura tienen una caracter\u00edstica particular, pues muchos de los cuerpos son arrojados a los esteros que rodean la ciudad, lo que dificulta enormemente la identificaci\u00f3n de los restos y prolonga indefinidamente el sufrimiento de las familias. Las organizaciones de v\u00edctimas llevan d\u00e9cadas exigiendo una respuesta m\u00e1s contundente por parte del Estado colombiano sin mucho \u00e9xito.<\/p>\n\n\n\n<div class=\"wp-block-columns has-background-gray-background-color has-background is-layout-flex wp-container-core-columns-is-layout-8f761849 wp-block-columns-is-layout-flex\">\n<div class=\"wp-block-column is-layout-flow wp-block-column-is-layout-flow\">\n<h2 class=\"wp-block-heading has-text-align-left\" id=\"h-creditos\">Cr\u00e9ditos<\/h2>\n\n\n\n<div class=\"wp-block-columns alignwide are-vertically-aligned-center is-layout-flex wp-container-core-columns-is-layout-4c3d31c9 wp-block-columns-is-layout-flex\" style=\"padding-top:0;padding-right:0;padding-bottom:0;padding-left:0\">\n<div class=\"wp-block-column is-vertically-aligned-center is-layout-flow wp-block-column-is-layout-flow\">\n<p class=\"wp-block-paragraph\"><strong>Investigaci\u00f3n, guion y narraci\u00f3n<br><\/strong>Juliana Manjarr\u00e9s y Henry Shuldiner<\/p>\n\n\n\n<p class=\"wp-block-paragraph\"><strong>Edici\u00f3n<\/strong><br>Tom\u00e1s Uprimny, Elisa Rold\u00e1n, Liza Schmidt y Steven Dudley<\/p>\n\n\n\n<p class=\"wp-block-paragraph\"><strong>Producci\u00f3n ejecutiva<\/strong><br>Steven Dudley y Elisa Rold\u00e1n <br><\/p>\n<\/div>\n\n\n\n<div class=\"wp-block-column is-vertically-aligned-center is-layout-flow wp-block-column-is-layout-flow\">\n<p class=\"wp-block-paragraph\"><strong>Direcci\u00f3n creativa<br><\/strong>Elisa Rold\u00e1n<\/p>\n\n\n\n<p class=\"wp-block-paragraph\"><strong>Dise\u00f1o sonoro<\/strong><br>Valentina Fonseca y Juan Felipe Pulido<\/p>\n\n\n\n<p class=\"wp-block-paragraph\"><strong>Dise\u00f1o gr\u00e1fico<\/strong><br>Isabella Soto<br><br><strong>Marketing y redes sociales <\/strong><br>Paula Rojas e Isabella Soto<\/p>\n<\/div>\n<\/div>\n<\/div>\n<\/div>\n\n\n\t<div\n\t\tclass=\"wp-block-newspack-blocks-homepage-articles wpnbha is-grid columns-4 colgap-3 show-image image-aligntop ts-3 is-3 is-square \"\n\t\tstyle=\"\"\n\t\t>\n\t\t<div data-posts data-current-post-id=\"348524\">\n\t\t\t\t\t\t\t<h2 class=\"article-section-title\">\n\t\t\t\t\t<span>Contenido relacionado<\/span>\n\t\t\t\t<\/h2>\n\t\t\t\t\t\t\n\t<article data-post-id=\"247652\"\n\t\tclass=\"tag-colombia-pais tag-grupos-de-colombia category-colombia-organized-crime-news type-post post-has-image\"\n\t\t\t\t>\n\t\t\t\t\t\t\t<figure class=\"post-thumbnail\">\n\t\t\t\t\t\t\t\t<a href=\"https:\/\/insightcrime.org\/es\/colombia-organized-crime-news\/los-shottas\/\" rel=\"bookmark\" tabindex=\"-1\" aria-hidden=\"true\">\n\t\t\t\t\t\t\t\t\t\t\t\t<img loading=\"lazy\" decoding=\"async\" width=\"800\" height=\"800\" src=\"https:\/\/i0.wp.com\/insightcrime.org\/wp-content\/uploads\/2026\/05\/Grupo-Criminal-Los-Shottas.jpg?resize=800%2C800&amp;quality=100&amp;ssl=1\" class=\"attachment-newspack-article-block-square-medium size-newspack-article-block-square-medium wp-post-image\" alt=\"Los Shottas\" data-hero-candidate=\"1\" srcset=\"https:\/\/i0.wp.com\/insightcrime.org\/wp-content\/uploads\/2026\/05\/Grupo-Criminal-Los-Shottas.jpg?resize=150%2C150&amp;quality=100&amp;ssl=1 150w, https:\/\/i0.wp.com\/insightcrime.org\/wp-content\/uploads\/2026\/05\/Grupo-Criminal-Los-Shottas.jpg?resize=900%2C900&amp;quality=100&amp;ssl=1 900w, https:\/\/i0.wp.com\/insightcrime.org\/wp-content\/uploads\/2026\/05\/Grupo-Criminal-Los-Shottas.jpg?resize=800%2C800&amp;quality=100&amp;ssl=1 800w, https:\/\/i0.wp.com\/insightcrime.org\/wp-content\/uploads\/2026\/05\/Grupo-Criminal-Los-Shottas.jpg?resize=600%2C600&amp;quality=100&amp;ssl=1 600w, https:\/\/i0.wp.com\/insightcrime.org\/wp-content\/uploads\/2026\/05\/Grupo-Criminal-Los-Shottas.jpg?resize=400%2C400&amp;quality=100&amp;ssl=1 400w, https:\/\/i0.wp.com\/insightcrime.org\/wp-content\/uploads\/2026\/05\/Grupo-Criminal-Los-Shottas.jpg?resize=200%2C200&amp;quality=100&amp;ssl=1 200w, https:\/\/i0.wp.com\/insightcrime.org\/wp-content\/uploads\/2026\/05\/Grupo-Criminal-Los-Shottas.jpg?resize=300%2C300&amp;quality=100&amp;ssl=1 300w, https:\/\/i0.wp.com\/insightcrime.org\/wp-content\/uploads\/2026\/05\/Grupo-Criminal-Los-Shottas.jpg?resize=100%2C100&amp;quality=100&amp;ssl=1 100w, https:\/\/i0.wp.com\/insightcrime.org\/wp-content\/uploads\/2026\/05\/Grupo-Criminal-Los-Shottas.jpg?resize=800%2C800&amp;quality=100&amp;ssl=1&amp;w=370 370w\" sizes=\"auto, (max-width: 34.9rem) calc(100vw - 2rem), (max-width: 53rem) calc(8 * (100vw \/ 12)), (min-width: 53rem) calc(6 * (100vw \/ 12)), 100vw\" \/>\t\t\t\t\t\t\t\t\t\t\t\t<\/a>\n\t\t\t\t\n\t\t\t\t\t\t\t<\/figure><!-- .featured-image -->\n\t\t\n\t\t<div class=\"entry-wrapper\">\n\t\t\t\t\t\t<h3 class=\"entry-title\"><a href=\"https:\/\/insightcrime.org\/es\/colombia-organized-crime-news\/los-shottas\/\" rel=\"bookmark\">Los Shottas<\/a><\/h3>\t\t\t\t\t\t\t\t\t\t\t<\/div><!-- .entry-wrapper -->\n\t<\/article>\n\n\t\t\n\t<article data-post-id=\"303103\"\n\t\tclass=\"tag-colombia-pais tag-grupos-de-colombia tag-perfiles-criminales category-colombia-organized-crime-news type-post post-has-image\"\n\t\t\t\t>\n\t\t\t\t\t\t\t<figure class=\"post-thumbnail\">\n\t\t\t\t\t\t\t\t<a href=\"https:\/\/insightcrime.org\/es\/colombia-organized-crime-news\/los-espartanos-2\/\" rel=\"bookmark\" tabindex=\"-1\" aria-hidden=\"true\">\n\t\t\t\t\t\t\t\t\t\t\t\t<img loading=\"lazy\" decoding=\"async\" width=\"800\" height=\"800\" src=\"https:\/\/i0.wp.com\/insightcrime.org\/wp-content\/uploads\/2026\/06\/Grupo-Criminal-Los-Espartanos.jpg?resize=800%2C800&amp;quality=100&amp;ssl=1\" class=\"attachment-newspack-article-block-square-medium size-newspack-article-block-square-medium wp-post-image\" alt=\"Los Espartanos\" data-hero-candidate=\"1\" srcset=\"https:\/\/i0.wp.com\/insightcrime.org\/wp-content\/uploads\/2026\/06\/Grupo-Criminal-Los-Espartanos.jpg?resize=150%2C150&amp;quality=100&amp;ssl=1 150w, https:\/\/i0.wp.com\/insightcrime.org\/wp-content\/uploads\/2026\/06\/Grupo-Criminal-Los-Espartanos.jpg?resize=900%2C900&amp;quality=100&amp;ssl=1 900w, https:\/\/i0.wp.com\/insightcrime.org\/wp-content\/uploads\/2026\/06\/Grupo-Criminal-Los-Espartanos.jpg?resize=800%2C800&amp;quality=100&amp;ssl=1 800w, https:\/\/i0.wp.com\/insightcrime.org\/wp-content\/uploads\/2026\/06\/Grupo-Criminal-Los-Espartanos.jpg?resize=600%2C600&amp;quality=100&amp;ssl=1 600w, https:\/\/i0.wp.com\/insightcrime.org\/wp-content\/uploads\/2026\/06\/Grupo-Criminal-Los-Espartanos.jpg?resize=400%2C400&amp;quality=100&amp;ssl=1 400w, https:\/\/i0.wp.com\/insightcrime.org\/wp-content\/uploads\/2026\/06\/Grupo-Criminal-Los-Espartanos.jpg?resize=200%2C200&amp;quality=100&amp;ssl=1 200w, https:\/\/i0.wp.com\/insightcrime.org\/wp-content\/uploads\/2026\/06\/Grupo-Criminal-Los-Espartanos.jpg?resize=300%2C300&amp;quality=100&amp;ssl=1 300w, https:\/\/i0.wp.com\/insightcrime.org\/wp-content\/uploads\/2026\/06\/Grupo-Criminal-Los-Espartanos.jpg?resize=100%2C100&amp;quality=100&amp;ssl=1 100w, https:\/\/i0.wp.com\/insightcrime.org\/wp-content\/uploads\/2026\/06\/Grupo-Criminal-Los-Espartanos.jpg?resize=800%2C800&amp;quality=100&amp;ssl=1&amp;w=370 370w\" sizes=\"auto, (max-width: 34.9rem) calc(100vw - 2rem), (max-width: 53rem) calc(8 * (100vw \/ 12)), (min-width: 53rem) calc(6 * (100vw \/ 12)), 100vw\" \/>\t\t\t\t\t\t\t\t\t\t\t\t<\/a>\n\t\t\t\t\n\t\t\t\t\t\t\t<\/figure><!-- .featured-image -->\n\t\t\n\t\t<div class=\"entry-wrapper\">\n\t\t\t\t\t\t<h3 class=\"entry-title\"><a href=\"https:\/\/insightcrime.org\/es\/colombia-organized-crime-news\/los-espartanos-2\/\" rel=\"bookmark\">Los Espartanos<\/a><\/h3>\t\t\t\t\t\t\t\t\t\t\t<\/div><!-- .entry-wrapper -->\n\t<\/article>\n\n\t\t\n\t<article data-post-id=\"302447\"\n\t\tclass=\"tag-colombia-mafia-es tag-el-eln tag-ex-farc-mafia-es-2 tag-gaitanistas tag-paz-colombia tag-prisiones-es category-noticias-crimen-organizado-colombia category-noticias type-post post-has-image\"\n\t\t\t\t>\n\t\t\t\t\t\t\t<figure class=\"post-thumbnail\">\n\t\t\t\t\t\t\t\t<a href=\"https:\/\/insightcrime.org\/es\/noticias\/bandas-criminales-buenaventura-gobiernan-dentro-fuera-carceles\/\" rel=\"bookmark\" tabindex=\"-1\" aria-hidden=\"true\">\n\t\t\t\t\t\t\t\t\t\t\t\t<img loading=\"lazy\" decoding=\"async\" width=\"400\" height=\"400\" src=\"https:\/\/i0.wp.com\/insightcrime.org\/wp-content\/uploads\/2025\/02\/image-2.png?resize=400%2C400&amp;quality=100&amp;ssl=1\" class=\"attachment-newspack-article-block-square-small size-newspack-article-block-square-small wp-post-image\" alt=\"La fr\u00e1gil paz tras las rejas y fuera de ellas en Buenaventura, Colombia\" data-hero-candidate=\"1\" srcset=\"https:\/\/i0.wp.com\/insightcrime.org\/wp-content\/uploads\/2025\/02\/image-2.png?resize=150%2C150&amp;quality=100&amp;ssl=1 150w, https:\/\/i0.wp.com\/insightcrime.org\/wp-content\/uploads\/2025\/02\/image-2.png?resize=400%2C400&amp;quality=100&amp;ssl=1 400w, https:\/\/i0.wp.com\/insightcrime.org\/wp-content\/uploads\/2025\/02\/image-2.png?resize=200%2C200&amp;quality=100&amp;ssl=1 200w, https:\/\/i0.wp.com\/insightcrime.org\/wp-content\/uploads\/2025\/02\/image-2.png?resize=300%2C300&amp;quality=100&amp;ssl=1 300w, https:\/\/i0.wp.com\/insightcrime.org\/wp-content\/uploads\/2025\/02\/image-2.png?resize=100%2C100&amp;quality=100&amp;ssl=1 100w, https:\/\/i0.wp.com\/insightcrime.org\/wp-content\/uploads\/2025\/02\/image-2.png?resize=400%2C400&amp;quality=100&amp;ssl=1&amp;w=370 370w\" sizes=\"auto, (max-width: 34.9rem) calc(100vw - 2rem), (max-width: 53rem) calc(8 * (100vw \/ 12)), (min-width: 53rem) calc(6 * (100vw \/ 12)), 100vw\" \/>\t\t\t\t\t\t\t\t\t\t\t\t<\/a>\n\t\t\t\t\n\t\t\t\t\t\t\t<\/figure><!-- .featured-image -->\n\t\t\n\t\t<div class=\"entry-wrapper\">\n\t\t\t\t\t\t<h3 class=\"entry-title\"><a href=\"https:\/\/insightcrime.org\/es\/noticias\/bandas-criminales-buenaventura-gobiernan-dentro-fuera-carceles\/\" rel=\"bookmark\">La fr\u00e1gil paz tras las rejas y fuera de ellas en Buenaventura, Colombia<\/a><\/h3>\t\t\t\t\t\t\t\t\t\t\t<\/div><!-- .entry-wrapper -->\n\t<\/article>\n\n\t\t\n\t<article data-post-id=\"240955\"\n\t\tclass=\"tag-las-auc tag-colombia-pais tag-destacado tag-ex-farc-mafia-es-2 tag-farc-ep tag-paz-colombia tag-series-paz-total category-entrevistas type-post post-has-image\"\n\t\t\t\t>\n\t\t\t\t\t\t\t<figure class=\"post-thumbnail\">\n\t\t\t\t\t\t\t\t<a href=\"https:\/\/insightcrime.org\/es\/noticias\/entrevistas\/lider-pandilla-promueve-paz-puerto-estrategico-colombia\/\" rel=\"bookmark\" tabindex=\"-1\" aria-hidden=\"true\">\n\t\t\t\t\t\t\t\t\t\t\t\t<img loading=\"lazy\" decoding=\"async\" width=\"600\" height=\"600\" src=\"https:\/\/i0.wp.com\/insightcrime.org\/wp-content\/uploads\/2023\/10\/portada-Colombia_Buenaventura_Port-4.jpg?resize=600%2C600&amp;quality=100&amp;ssl=1\" class=\"attachment-newspack-article-block-square-intermediate size-newspack-article-block-square-intermediate wp-post-image\" alt=\"En un puerto estrat\u00e9gico de Colombia, las pandillas esperan la Paz Total\" data-hero-candidate=\"1\" srcset=\"https:\/\/i0.wp.com\/insightcrime.org\/wp-content\/uploads\/2023\/10\/portada-Colombia_Buenaventura_Port-4.jpg?resize=150%2C150&amp;quality=100&amp;ssl=1 150w, https:\/\/i0.wp.com\/insightcrime.org\/wp-content\/uploads\/2023\/10\/portada-Colombia_Buenaventura_Port-4.jpg?resize=600%2C600&amp;quality=100&amp;ssl=1 600w, https:\/\/i0.wp.com\/insightcrime.org\/wp-content\/uploads\/2023\/10\/portada-Colombia_Buenaventura_Port-4.jpg?resize=400%2C400&amp;quality=100&amp;ssl=1 400w, https:\/\/i0.wp.com\/insightcrime.org\/wp-content\/uploads\/2023\/10\/portada-Colombia_Buenaventura_Port-4.jpg?resize=200%2C200&amp;quality=100&amp;ssl=1 200w, https:\/\/i0.wp.com\/insightcrime.org\/wp-content\/uploads\/2023\/10\/portada-Colombia_Buenaventura_Port-4.jpg?resize=300%2C300&amp;quality=100&amp;ssl=1 300w, https:\/\/i0.wp.com\/insightcrime.org\/wp-content\/uploads\/2023\/10\/portada-Colombia_Buenaventura_Port-4.jpg?resize=100%2C100&amp;quality=100&amp;ssl=1 100w, https:\/\/i0.wp.com\/insightcrime.org\/wp-content\/uploads\/2023\/10\/portada-Colombia_Buenaventura_Port-4.jpg?zoom=2&amp;resize=600%2C600&amp;quality=100&amp;ssl=1 1200w, https:\/\/i0.wp.com\/insightcrime.org\/wp-content\/uploads\/2023\/10\/portada-Colombia_Buenaventura_Port-4.jpg?resize=600%2C600&amp;quality=100&amp;ssl=1&amp;w=370 370w\" sizes=\"auto, (max-width: 34.9rem) calc(100vw - 2rem), (max-width: 53rem) calc(8 * (100vw \/ 12)), (min-width: 53rem) calc(6 * (100vw \/ 12)), 100vw\" \/>\t\t\t\t\t\t\t\t\t\t\t\t<\/a>\n\t\t\t\t\n\t\t\t\t\t\t\t<\/figure><!-- .featured-image -->\n\t\t\n\t\t<div class=\"entry-wrapper\">\n\t\t\t\t\t\t<h3 class=\"entry-title\"><a href=\"https:\/\/insightcrime.org\/es\/noticias\/entrevistas\/lider-pandilla-promueve-paz-puerto-estrategico-colombia\/\" rel=\"bookmark\">En un puerto estrat\u00e9gico de Colombia, las pandillas esperan la Paz Total<\/a><\/h3>\t\t\t\t\t\t\t\t\t\t\t<\/div><!-- .entry-wrapper -->\n\t<\/article>\n\n\t\t\t\t<\/div>\n\t\t\n\t<\/div>\n\t","protected":false},"excerpt":{"rendered":"<p>Sobre este episodio Buenaventura es el principal puerto de Colombia sobre el Pac\u00edfico y uno de los corredores m\u00e1s estrat\u00e9gicos del continente para el tr\u00e1fico de coca\u00edna. Durante d\u00e9cadas, la [&hellip;]<\/p>\n","protected":false},"author":188,"featured_media":348519,"comment_status":"closed","ping_status":"closed","sticky":false,"template":"single-feature.php","format":"standard","meta":{"newspack_ads_suppress_ads":false,"newspack_popups_has_disabled_popups":false,"newspack_sponsor_sponsorship_scope":"","newspack_sponsor_native_byline_display":"inherit","newspack_sponsor_native_category_display":"inherit","newspack_sponsor_underwriter_style":"inherit","newspack_sponsor_underwriter_placement":"inherit","_EventAllDay":false,"_EventTimezone":"","_EventStartDate":"","_EventEndDate":"","_EventStartDateUTC":"","_EventEndDateUTC":"","_EventShowMap":false,"_EventShowMapLink":false,"_EventURL":"","_EventCost":"","_EventCostDescription":"","_EventCurrencySymbol":"","_EventCurrencyCode":"","_EventCurrencyPosition":"","_EventDateTimeSeparator":"","_EventTimeRangeSeparator":"","_EventOrganizerID":[],"_EventVenueID":[],"_OrganizerEmail":"","_OrganizerPhone":"","_OrganizerWebsite":"","_VenueAddress":"","_VenueCity":"","_VenueCountry":"","_VenueProvince":"","_VenueState":"","_VenueZip":"","_VenuePhone":"","_VenueURL":"","_VenueStateProvince":"","_VenueLat":"","_VenueLng":"","_VenueShowMap":false,"_VenueShowMapLink":false,"_newspack_byline_active":false,"_newspack_byline":"","newspack_hide_updated_date":false,"newspack_show_updated_date":false,"newspack_featured_image_position":"hidden","newspack_post_subtitle":"","newspack_article_summary_title":"Overview:","newspack_article_summary":"","_jetpack_memberships_contains_paid_content":false,"footnotes":""},"categories":[759,4575],"tags":[3412,368,1542,452,4520,3396],"newspack_spnsrs_tax":[],"coauthors":[4351],"class_list":["post-348524","post","type-post","status-publish","format-standard","has-post-thumbnail","hentry","category-noticias","category-insight-crime-espanol","tag-cocaina","tag-colombia-pais","tag-farc-ep","tag-homicidios","tag-insight-crime-podcast-es","tag-podcast-es","entry"],"parsely":{"version":"1.1.0","canonical_url":"https:\/\/insightcrime.org\/es\/noticias\/podcast-tres-maneras-perder-hijo\/","smart_links":{"inbound":0,"outbound":0},"traffic_boost_suggestions_count":0,"meta":{"@context":"https:\/\/schema.org","@type":"NewsArticle","headline":"P\u00f3dcast | Tres maneras de perder a un hijo","url":"http:\/\/insightcrime.org\/es\/noticias\/podcast-tres-maneras-perder-hijo\/","mainEntityOfPage":{"@type":"WebPage","@id":"http:\/\/insightcrime.org\/es\/noticias\/podcast-tres-maneras-perder-hijo\/"},"thumbnailUrl":"https:\/\/i0.wp.com\/insightcrime.org\/wp-content\/uploads\/2026\/08\/dsccjiecxmq.jpg?resize=150%2C150&quality=100&ssl=1","image":{"@type":"ImageObject","url":"https:\/\/i0.wp.com\/insightcrime.org\/wp-content\/uploads\/2026\/08\/dsccjiecxmq.jpg?fit=1280%2C720&quality=100&ssl=1"},"articleSection":"Noticias","author":[{"@type":"Person","name":"InSight Crime"}],"creator":["InSight Crime"],"publisher":{"@type":"Organization","name":"InSight Crime","logo":"https:\/\/insightcrime.org\/wp-content\/uploads\/2023\/08\/logo.png"},"keywords":["coca\u00edna","colombia","farc","homicidios","insight crime podcast-es","podcast"],"dateCreated":"2026-08-06T20:46:14Z","datePublished":"2026-08-06T20:46:14Z","dateModified":"2026-08-07T21:14:50Z"},"rendered":"<meta name=\"parsely-title\" content=\"P\u00f3dcast | Tres maneras de perder a un hijo\" \/>\n<meta name=\"parsely-link\" content=\"http:\/\/insightcrime.org\/es\/noticias\/podcast-tres-maneras-perder-hijo\/\" \/>\n<meta name=\"parsely-type\" content=\"post\" \/>\n<meta name=\"parsely-image-url\" content=\"https:\/\/i0.wp.com\/insightcrime.org\/wp-content\/uploads\/2026\/08\/dsccjiecxmq.jpg?resize=150%2C150&amp;quality=100&amp;ssl=1\" \/>\n<meta name=\"parsely-pub-date\" content=\"2026-08-06T20:46:14Z\" \/>\n<meta name=\"parsely-section\" content=\"Noticias\" \/>\n<meta name=\"parsely-tags\" content=\"coca\u00edna,colombia,farc,homicidios,insight crime podcast-es,podcast\" \/>\n<meta name=\"parsely-author\" content=\"InSight Crime\" \/>","tracker_url":"https:\/\/cdn.parsely.com\/keys\/insightcrime.org\/p.js"},"jetpack_sharing_enabled":true,"jetpack-related-posts":[{"id":210755,"url":"https:\/\/insightcrime.org\/es\/la-organizacion\/insight-crime-en-el-podcast-de-el-pais\/","url_meta":{"origin":348524,"position":0},"title":"InSight Crime en el podcast de El Pa\u00eds","author":"InSight Crime","date":"10 de febrero de 2023","format":false,"excerpt":"Esta semana, Jeremy McDermott, cofundador de InSight Crime, fue uno de los expertos invitados a\u00a0un podcast de El Pa\u00eds\u00a0sobre los avances del naciente proceso de paz en Colombia. Lea nuestro an\u00e1lisis del proceso de paz en Colombia > El director editorial de InSight Crime, Chris Dalby, intervino en\u00a0el podcast Shaun\u2026","rel":"","context":"En \u00abLa Organizaci\u00f3n\u00bb","block_context":{"text":"La Organizaci\u00f3n","link":"https:\/\/insightcrime.org\/es\/category\/la-organizacion\/"},"img":{"alt_text":"","src":"https:\/\/i0.wp.com\/insightcrime.org\/wp-content\/uploads\/2023\/02\/Impacto-9-Feb.jpg?fit=1200%2C690&quality=100&ssl=1&resize=350%2C200","width":350,"height":200,"srcset":"https:\/\/i0.wp.com\/insightcrime.org\/wp-content\/uploads\/2023\/02\/Impacto-9-Feb.jpg?fit=1200%2C690&quality=100&ssl=1&resize=350%2C200 1x, https:\/\/i0.wp.com\/insightcrime.org\/wp-content\/uploads\/2023\/02\/Impacto-9-Feb.jpg?fit=1200%2C690&quality=100&ssl=1&resize=525%2C300 1.5x, https:\/\/i0.wp.com\/insightcrime.org\/wp-content\/uploads\/2023\/02\/Impacto-9-Feb.jpg?fit=1200%2C690&quality=100&ssl=1&resize=700%2C400 2x, https:\/\/i0.wp.com\/insightcrime.org\/wp-content\/uploads\/2023\/02\/Impacto-9-Feb.jpg?fit=1200%2C690&quality=100&ssl=1&resize=1050%2C600 3x"},"classes":[]},{"id":302336,"url":"https:\/\/insightcrime.org\/es\/la-organizacion\/insight-crime-nominado-premios-ondas-globales-del-podcast\/","url_meta":{"origin":348524,"position":1},"title":"InSight Crime es nominado a los Premios Ondas Globales del P\u00f3dcast","author":"InSight Crime","date":"16 de febrero de 2025","format":false,"excerpt":"El pasado 12 de febrero, InSight Crime fue nominado en la IV edici\u00f3n de los Premios Ondas Globales del P\u00f3dcast, organizados por PRISA Audio, la Cadena SER y El Pa\u00eds, en la categor\u00eda Mejor Podcast en Lengua Extranjera.","rel":"","context":"En \u00abLa Organizaci\u00f3n\u00bb","block_context":{"text":"La Organizaci\u00f3n","link":"https:\/\/insightcrime.org\/es\/category\/la-organizacion\/"},"img":{"alt_text":"","src":"https:\/\/i0.wp.com\/insightcrime.org\/wp-content\/uploads\/2025\/02\/Impacto-Image-InSight-Crime-Feb-14-2025.jpg?fit=1200%2C687&quality=100&ssl=1&resize=350%2C200","width":350,"height":200,"srcset":"https:\/\/i0.wp.com\/insightcrime.org\/wp-content\/uploads\/2025\/02\/Impacto-Image-InSight-Crime-Feb-14-2025.jpg?fit=1200%2C687&quality=100&ssl=1&resize=350%2C200 1x, https:\/\/i0.wp.com\/insightcrime.org\/wp-content\/uploads\/2025\/02\/Impacto-Image-InSight-Crime-Feb-14-2025.jpg?fit=1200%2C687&quality=100&ssl=1&resize=525%2C300 1.5x, https:\/\/i0.wp.com\/insightcrime.org\/wp-content\/uploads\/2025\/02\/Impacto-Image-InSight-Crime-Feb-14-2025.jpg?fit=1200%2C687&quality=100&ssl=1&resize=700%2C400 2x, https:\/\/i0.wp.com\/insightcrime.org\/wp-content\/uploads\/2025\/02\/Impacto-Image-InSight-Crime-Feb-14-2025.jpg?fit=1200%2C687&quality=100&ssl=1&resize=1050%2C600 3x"},"classes":[]},{"id":349371,"url":"https:\/\/insightcrime.org\/es\/audio-es\/insight-crime-espanol\/podcast-monstruo-desapariciones-forzadas-mexico\/","url_meta":{"origin":348524,"position":2},"title":"Podcast | El Monstruo: Desapariciones forzadas en M\u00e9xico","author":"Paula Rojas Rinc\u00f3n","date":"20 de agosto de 2026","format":false,"excerpt":"El hijo de H\u00e9ctor desapareci\u00f3 en Guadalajara, M\u00e9xico. \u00c9l sospecha que quienes deber\u00edan estar busc\u00e1ndolo podr\u00edan estar involucrados en su desaparici\u00f3n.","rel":"","context":"En \u00abNoticias\u00bb","block_context":{"text":"Noticias","link":"https:\/\/insightcrime.org\/es\/category\/noticias\/"},"img":{"alt_text":"","src":"https:\/\/i0.wp.com\/insightcrime.org\/wp-content\/uploads\/2026\/08\/Play-Ingles.png?fit=1200%2C676&quality=100&ssl=1&resize=350%2C200","width":350,"height":200,"srcset":"https:\/\/i0.wp.com\/insightcrime.org\/wp-content\/uploads\/2026\/08\/Play-Ingles.png?fit=1200%2C676&quality=100&ssl=1&resize=350%2C200 1x, https:\/\/i0.wp.com\/insightcrime.org\/wp-content\/uploads\/2026\/08\/Play-Ingles.png?fit=1200%2C676&quality=100&ssl=1&resize=525%2C300 1.5x, https:\/\/i0.wp.com\/insightcrime.org\/wp-content\/uploads\/2026\/08\/Play-Ingles.png?fit=1200%2C676&quality=100&ssl=1&resize=700%2C400 2x, https:\/\/i0.wp.com\/insightcrime.org\/wp-content\/uploads\/2026\/08\/Play-Ingles.png?fit=1200%2C676&quality=100&ssl=1&resize=1050%2C600 3x"},"classes":[]},{"id":210751,"url":"https:\/\/insightcrime.org\/the-organization\/insight-crime-on-el-pais-podcast\/","url_meta":{"origin":348524,"position":3},"title":"InSight Crime on El Pa\u00eds Podcast","author":"InSight Crime","date":"10 de febrero de 2023","format":false,"excerpt":"This week, InSight Crime co-founder, Jeremy McDermott, was among experts featured in an\u00a0El Pa\u00eds podcast\u00a0on the progress of Colombia\u2019s nascent peace process. Read our analysis of Colombia\u2019s peace process > InSight Crime\u2019s managing editor, Chris Dalby, appeared on the\u00a0Shaun Attwood podcast\u00a0alongside author Toby Muse. Dalby discussed criminal dynamics in Latin\u2026","rel":"","context":"En \u00abThe Organization\u00bb","block_context":{"text":"The Organization","link":"https:\/\/insightcrime.org\/category\/the-organization\/"},"img":{"alt_text":"","src":"https:\/\/i0.wp.com\/insightcrime.org\/wp-content\/uploads\/2023\/02\/Impacto-9-Feb.jpg?fit=1200%2C690&quality=100&ssl=1&resize=350%2C200","width":350,"height":200,"srcset":"https:\/\/i0.wp.com\/insightcrime.org\/wp-content\/uploads\/2023\/02\/Impacto-9-Feb.jpg?fit=1200%2C690&quality=100&ssl=1&resize=350%2C200 1x, https:\/\/i0.wp.com\/insightcrime.org\/wp-content\/uploads\/2023\/02\/Impacto-9-Feb.jpg?fit=1200%2C690&quality=100&ssl=1&resize=525%2C300 1.5x, https:\/\/i0.wp.com\/insightcrime.org\/wp-content\/uploads\/2023\/02\/Impacto-9-Feb.jpg?fit=1200%2C690&quality=100&ssl=1&resize=700%2C400 2x, https:\/\/i0.wp.com\/insightcrime.org\/wp-content\/uploads\/2023\/02\/Impacto-9-Feb.jpg?fit=1200%2C690&quality=100&ssl=1&resize=1050%2C600 3x"},"classes":[]},{"id":273179,"url":"https:\/\/insightcrime.org\/es\/la-organizacion\/tendencias-del-crimen-organizado-con-insight-crime-y-americas-quarterly\/","url_meta":{"origin":348524,"position":4},"title":"Tendencias del crimen organizado con InSight Crime y Americas Quarterly","author":"InSight Crime","date":"5 de abril de 2024","format":false,"excerpt":"La semana pasada, el cofundador de InSight Crime, Jeremy McDermott, se sent\u00f3 con Brian Winter, editor en jefe de Americas Quarterly, para analizar las tendencias que est\u00e1n moldeando el crimen organizado en Am\u00e9rica Latina en el Podcast de Americas Quarterly. La conversaci\u00f3n gir\u00f3 alrededor de las causas del crecimiento de\u2026","rel":"","context":"En \u00abLa Organizaci\u00f3n\u00bb","block_context":{"text":"La Organizaci\u00f3n","link":"https:\/\/insightcrime.org\/es\/category\/la-organizacion\/"},"img":{"alt_text":"","src":"https:\/\/i0.wp.com\/insightcrime.org\/wp-content\/uploads\/2024\/04\/Impacto-Image-InSight-Crime-5-Abr-2024.jpg?fit=1000%2C373&quality=100&ssl=1&resize=350%2C200","width":350,"height":200,"srcset":"https:\/\/i0.wp.com\/insightcrime.org\/wp-content\/uploads\/2024\/04\/Impacto-Image-InSight-Crime-5-Abr-2024.jpg?fit=1000%2C373&quality=100&ssl=1&resize=350%2C200 1x, https:\/\/i0.wp.com\/insightcrime.org\/wp-content\/uploads\/2024\/04\/Impacto-Image-InSight-Crime-5-Abr-2024.jpg?fit=1000%2C373&quality=100&ssl=1&resize=525%2C300 1.5x, https:\/\/i0.wp.com\/insightcrime.org\/wp-content\/uploads\/2024\/04\/Impacto-Image-InSight-Crime-5-Abr-2024.jpg?fit=1000%2C373&quality=100&ssl=1&resize=700%2C400 2x"},"classes":[]},{"id":274685,"url":"https:\/\/insightcrime.org\/es\/la-organizacion\/investigacion-de-insight-crime-impulsa-el-periodismo-de-datos\/","url_meta":{"origin":348524,"position":5},"title":"Investigaci\u00f3n de InSight Crime impulsa el periodismo de datos","author":"InSight Crime","date":"29 de abril de 2024","format":false,"excerpt":"Esta semana, los datos de uno de los productos insignia de InSight Crime, el Balance de incautaciones de coca\u00edna de 2023, fueron mencionados en un art\u00edculo sobre datos publicado por The Washington Post. El art\u00edculo del Post analizaba el alarmante aumento de las bandas de narcotr\u00e1fico en Ecuador utilizando datos\u2026","rel":"","context":"En \u00abLa Organizaci\u00f3n\u00bb","block_context":{"text":"La Organizaci\u00f3n","link":"https:\/\/insightcrime.org\/es\/category\/la-organizacion\/"},"img":{"alt_text":"","src":"https:\/\/i0.wp.com\/insightcrime.org\/wp-content\/uploads\/2024\/04\/Screenshot-2024-04-29-at-14.52.01.png?fit=1200%2C515&quality=100&ssl=1&resize=350%2C200","width":350,"height":200,"srcset":"https:\/\/i0.wp.com\/insightcrime.org\/wp-content\/uploads\/2024\/04\/Screenshot-2024-04-29-at-14.52.01.png?fit=1200%2C515&quality=100&ssl=1&resize=350%2C200 1x, https:\/\/i0.wp.com\/insightcrime.org\/wp-content\/uploads\/2024\/04\/Screenshot-2024-04-29-at-14.52.01.png?fit=1200%2C515&quality=100&ssl=1&resize=525%2C300 1.5x, https:\/\/i0.wp.com\/insightcrime.org\/wp-content\/uploads\/2024\/04\/Screenshot-2024-04-29-at-14.52.01.png?fit=1200%2C515&quality=100&ssl=1&resize=700%2C400 2x, https:\/\/i0.wp.com\/insightcrime.org\/wp-content\/uploads\/2024\/04\/Screenshot-2024-04-29-at-14.52.01.png?fit=1200%2C515&quality=100&ssl=1&resize=1050%2C600 3x"},"classes":[]}],"jetpack_featured_media_url":"https:\/\/i0.wp.com\/insightcrime.org\/wp-content\/uploads\/2026\/08\/dsccjiecxmq.jpg?fit=1280%2C720&quality=100&ssl=1","_links":{"self":[{"href":"https:\/\/insightcrime.org\/es\/wp-json\/wp\/v2\/posts\/348524","targetHints":{"allow":["GET"]}}],"collection":[{"href":"https:\/\/insightcrime.org\/es\/wp-json\/wp\/v2\/posts"}],"about":[{"href":"https:\/\/insightcrime.org\/es\/wp-json\/wp\/v2\/types\/post"}],"author":[{"embeddable":true,"href":"https:\/\/insightcrime.org\/es\/wp-json\/wp\/v2\/users\/188"}],"replies":[{"embeddable":true,"href":"https:\/\/insightcrime.org\/es\/wp-json\/wp\/v2\/comments?post=348524"}],"version-history":[{"count":6,"href":"https:\/\/insightcrime.org\/es\/wp-json\/wp\/v2\/posts\/348524\/revisions"}],"predecessor-version":[{"id":348722,"href":"https:\/\/insightcrime.org\/es\/wp-json\/wp\/v2\/posts\/348524\/revisions\/348722"}],"wp:featuredmedia":[{"embeddable":true,"href":"https:\/\/insightcrime.org\/es\/wp-json\/wp\/v2\/media\/348519"}],"wp:attachment":[{"href":"https:\/\/insightcrime.org\/es\/wp-json\/wp\/v2\/media?parent=348524"}],"wp:term":[{"taxonomy":"category","embeddable":true,"href":"https:\/\/insightcrime.org\/es\/wp-json\/wp\/v2\/categories?post=348524"},{"taxonomy":"post_tag","embeddable":true,"href":"https:\/\/insightcrime.org\/es\/wp-json\/wp\/v2\/tags?post=348524"},{"taxonomy":"newspack_spnsrs_tax","embeddable":true,"href":"https:\/\/insightcrime.org\/es\/wp-json\/wp\/v2\/newspack_spnsrs_tax?post=348524"},{"taxonomy":"author","embeddable":true,"href":"https:\/\/insightcrime.org\/es\/wp-json\/wp\/v2\/coauthors?post=348524"}],"curies":[{"name":"wp","href":"https:\/\/api.w.org\/{rel}","templated":true}]}}