{"id":4848,"date":"2017-03-10T00:00:00","date_gmt":"2017-03-10T05:00:00","guid":{"rendered":"http:\/\/newwp.insightcrime.org?p=4848"},"modified":"2026-08-31T12:55:25","modified_gmt":"2026-08-31T17:55:25","slug":"guillermo-leon-saenz-vargas-alfonso-cano","status":"publish","type":"post","link":"https:\/\/insightcrime.org\/es\/noticias-crimen-organizado-colombia\/guillermo-leon-saenz-vargas-alfonso-cano\/","title":{"rendered":"Guillermo Le\u00f3n S\u00e1enz Vargas, alias &#8216;Alfonso Cano&#8217;"},"content":{"rendered":"\n<p class=\"wp-block-paragraph\">Guillermo Le\u00f3n S\u00e1enz Vargas, alias \u201cAlfonso Cano\u201d, era el comandante m\u00e1ximo de las FARC, la&nbsp; guerrilla m\u00e1s antigua y mortal del hemisferio. Fue abatido el 4 de noviembre de 2011.<\/p>\n\n\n\n<h3 class=\"wp-block-heading\">Historia<\/h3>\n\n\n\n<p class=\"wp-block-paragraph\">Alfonso Cano se convirti\u00f3 en comandante de las Fuerzas Armadas Revolucionarias de Colombia (FARC) luego de que el antiguo l\u00edder guerrillero, \u201cManuel Marulanda\u201d, muriera por causas naturales en 2008. Cano ingres\u00f3 las FARC en 1982, donde pas\u00f3 la mayor parte de su tiempo como l\u00edder pol\u00edtico del Bloque Occidental. Era bien conocido en la organizaci\u00f3n por sus ideales comunistas y su marcada l\u00ednea revolucionaria, aunque muchos de sus compa\u00f1eros le reprochaban su escasa experiencia militar. Desde que asumi\u00f3 el liderazgo de las FARC, gast\u00f3 millones de d\u00f3lares en armas y busc\u00f3 cambiar las t\u00e1cticas guerrilleras, en respuesta a la ofensiva militar del gobierno colombiano que empuj\u00f3 a las FARC a los confines del pa\u00eds y hacia otros Estados vecinos. Esto result\u00f3 en un mayor uso de minas antipersonales y en el uso de carros bomba para mantener a los militares a raya.<\/p>\n\n\n\n<p class=\"wp-block-paragraph\">Cano era m\u00e1s un ide\u00f3logo pol\u00edtico que un estratega militar. Antrop\u00f3logo de la Universidad Nacional de Colombia en Bogot\u00e1, Le\u00f3n S\u00e1enz inici\u00f3 su carrera guerrillera a principios de los a\u00f1os ochenta en las FARC, como emisario del Partido Comunista. Desde el principio tuvo una relaci\u00f3n muy cercana con el comandante pol\u00edtico de la guerrilla, Luis Morantes alias \u201cJacobo Arenas\u201d, quien lo ascendi\u00f3 r\u00e1pidamente al comando central de la guerrilla: el Secretariado. Luego de la muerte de Morantes en 1990, se convirti\u00f3 en el emisario pol\u00edtico m\u00e1s importante de las FARC. En 2000 lanz\u00f3 el Movimiento Bolivariano por la Nueva Colombia, un partido pol\u00edtico clandestino.Tambi\u00e9n estuvo a cargo del Partido Comunista Clandestino Colombiano (PC3).<\/p>\n\n\n\n<p class=\"wp-block-paragraph\">La aparici\u00f3n de S\u00e1enz como el m\u00e1ximo comandante de las FARC ayudo a dar credibilidad a la idea de que la guerrilla estaba m\u00e1s abierta a la idea de un acuerdo negociado. Particip\u00f3 como representante pol\u00edtico de las FARC en las negociaciones de paz de Caracas en 1991 y en los di\u00e1logos de paz de Tlaxcala en 1992. No obstante, durante los di\u00e1logos de paz en el Cagu\u00e1n con el gobierno de Andr\u00e9s Pastrana entre 1999 y 2002 mantuvo un perfil bajo, pero en cuanto las negociaciones fracasaron en 2002, busc\u00f3 activamente nuevos miembros para el Movimiento Bolivariano por la Nueva Colombia, y condujo la operaci\u00f3n en la que 12 pol\u00edticos del departamento del Valle del Cauca fueron secuestrados. Los pol\u00edticos fueron ejecutados por la guerrilla m\u00e1s adelante.<\/p>\n\n\n\n<p class=\"wp-block-paragraph\">S\u00e1enz Vargas era tambi\u00e9n conocido en la guerrilla por su disciplina de mano dura. Fue acusado de ejecutar a 40 guerrilleros por insubordinaci\u00f3n. Tambi\u00e9n fue acusado de los asesinatos de Guillermo Gaviria, entonces gobernador del departamento de Antioquia, del exministro Gilberto Echeverri y de ocho miembros de las fuerzas militares en el a\u00f1o 2003 cuando el ej\u00e9rcito intent\u00f3 un fallido plan de rescate para los dos pol\u00edticos que se encontraban secuestrados por la guerrilla.<\/p>\n\n\n\n<p class=\"wp-block-paragraph\">A pesar de su falta de credenciales militares, el l\u00edder de las FARC implement\u00f3 de manera exitosa una agresiva estrategia que se especializaba en emboscadas rel\u00e1mpago, conocida como \u201cPlan Renacer\u201d, y en la focalizaci\u00f3n exclusiva en las fuerzas militares, conocida como \u201cPlan Pistola\u201d. En 2009 y 2010, esto permiti\u00f3 a las FARC causar tantas bajas militares como las vistas en el c\u00e9nit de su poder. Bajo el mando de S\u00e1enz, las FARC aumentaron la cantidad de ataques y acciones a una sorprendente cifra de 1.600 ataques en el a\u00f1o 2010, seg\u00fan la Fundaci\u00f3n Nuevo Arco Iris. Al inicio del 2011, S\u00e1enz se comprometi\u00f3 a duplicar los ataques de las FARC <a href=\"https:\/\/insightcrime.org\/news\/analysis\/alfonso-cano-farc-to-double-actions-in-2011\/\" target=\"_blank\">en un video de 13 minutos que entreg\u00f3 a los medios<\/a>.<\/p>\n\n\n\n<h3 class=\"wp-block-heading\">Actividades criminales<\/h3>\n\n\n\n<p class=\"wp-block-paragraph\">Cano era buscado por Estados Unidos por cargos de narcotr\u00e1fico, el Departamento de Estado de Estados Unidos ofreci\u00f3 US$5 millones por su captura. Tambi\u00e9n estuvo involucrado en casos de secuestro de alto perfil y fue el presunto responsable de la ejecuci\u00f3n de algunas de las victimas.<\/p>\n\n\n\n<h3 class=\"wp-block-heading\">Geograf\u00eda<\/h3>\n\n\n\n<p class=\"wp-block-paragraph\">Cano se desempe\u00f1\u00f3 como el l\u00edder pol\u00edtico del Bloque Occidental de las FARC y oper\u00f3 principalmente en los departamentos de Tolima, Cauca y Huila.<\/p>\n\n\n\n<h3 class=\"wp-block-heading\">Aliados y enemigos<\/h3>\n\n\n\n<p class=\"wp-block-paragraph\">Las FARC tienen alianzas tanto con el Ej\u00e9rcito de Liberaci\u00f3n Nacional (ELN) como con los grupos criminales conocidos como Bacrim (acr\u00f3nimo de \u201cbandas criminales\u201d). Las FARC han participado en operaciones conjuntas con el ELN y algunos de sus frentes colaboran con las Bacrim en el tr\u00e1fico de drogas.<\/p>\n\n\n\n<h3 class=\"wp-block-heading\">Perspectivas<\/h3>\n\n\n\n<p class=\"wp-block-paragraph\">Las FARC realizaron un aparente gesto de buena fe pol\u00edtica cuando en 2011 liberaron a cinco rehenes pol\u00edticos, pero simult\u00e1neamente iniciaron una ola de bombardeos y emboscadas como lo hab\u00edan prometido. A ra\u00edz de esto, el presidente Juan Manuel Santos dej\u00f3 claro que su prioridad y la de su gobierno era abatir al comandante de las FARC cuando en 2011anunci\u00f3 que las fuerzas armadas \u201cestaban respir\u00e1ndole en la nuca\u201d. El ej\u00e9rcito cre\u00f3 una fuerza de tarea conjunta para acorralar a S\u00e1enz en la zona monta\u00f1osa de Tolima, Huila y Cauca. La estrategia dio lugar a una intensificaci\u00f3n del conflicto en estas regiones, espec\u00edficamente en el Cauca. Algunos frentes de la guerrilla lanzaron en\u00e9rgicos ataques en contra de las fuerzas de seguridad, en parte para distraer la atenci\u00f3n del ej\u00e9rcito de los movimientos de S\u00e1enz.<\/p>\n\n\n\n<p class=\"wp-block-paragraph\">Luego de la muerte de dos de <a href=\"https:\/\/insightcrime.org\/news\/brief\/farc-leaders-security-chief-killed\/\" target=\"_blank\">sus m\u00e1s importantes oficiales de seguridad<\/a>, se hizo cada vez m\u00e1s claro que el cerco se estaba cerrando alrededor de S\u00e1enz. En julio evit\u00f3 por poco su captura y empez\u00f3 a viajar con un peque\u00f1o grupo de s\u00f3lo 12 guardaespaldas. <a href=\"https:\/\/insightcrime.org\/news\/analysis\/colombian-media-report-farc-leader-alfonso-cano-killed\/\" target=\"_blank\">Fue abatido por las autoridades<\/a> el 4 de noviembre 4 de 2011.<\/p>\n","protected":false},"excerpt":{"rendered":"<p>Guillermo Le\u00f3n S\u00e1enz Vargas, alias \u0093Alfonso Cano\u0094, era el comandante m\u00e1ximo de las FARC, la&nbsp; guerrilla m\u00e1s antigua y mortal del hemisferio. Fue abatido el 4 de noviembre de 2011.<\/p>\n","protected":false},"author":96,"featured_media":350419,"comment_status":"closed","ping_status":"closed","sticky":false,"template":"","format":"standard","meta":{"newspack_ads_suppress_ads":false,"newspack_popups_has_disabled_popups":false,"newspack_sponsor_sponsorship_scope":"","newspack_sponsor_native_byline_display":"inherit","newspack_sponsor_native_category_display":"inherit","newspack_sponsor_underwriter_style":"inherit","newspack_sponsor_underwriter_placement":"inherit","_EventAllDay":false,"_EventTimezone":"","_EventStartDate":"","_EventEndDate":"","_EventStartDateUTC":"","_EventEndDateUTC":"","_EventShowMap":false,"_EventShowMapLink":false,"_EventURL":"","_EventCost":"","_EventCostDescription":"","_EventCurrencySymbol":"","_EventCurrencyCode":"","_EventCurrencyPosition":"","_EventDateTimeSeparator":"","_EventTimeRangeSeparator":"","_EventOrganizerID":[],"_EventVenueID":[],"_OrganizerEmail":"","_OrganizerPhone":"","_OrganizerWebsite":"","_VenueAddress":"","_VenueCity":"","_VenueCountry":"","_VenueProvince":"","_VenueState":"","_VenueZip":"","_VenuePhone":"","_VenueURL":"","_VenueStateProvince":"","_VenueLat":"","_VenueLng":"","_VenueShowMap":false,"_VenueShowMapLink":false,"_newspack_byline_active":false,"_newspack_byline":"","newspack_hide_updated_date":false,"newspack_show_updated_date":false,"newspack_featured_image_position":"","newspack_post_subtitle":"","newspack_article_summary_title":"Overview:","newspack_article_summary":"","_jetpack_memberships_contains_paid_content":false,"footnotes":""},"categories":[331],"tags":[1529,1542,388],"newspack_spnsrs_tax":[],"coauthors":[4427],"class_list":["post-4848","post","type-post","status-publish","format-standard","has-post-thumbnail","hentry","category-noticias-crimen-organizado-colombia","tag-alfonso-cano-es","tag-farc-ep","tag-personajes-de-colombia","entry"],"parsely":{"version":"1.1.0","canonical_url":"https:\/\/insightcrime.org\/es\/noticias-crimen-organizado-colombia\/guillermo-leon-saenz-vargas-alfonso-cano\/","smart_links":{"inbound":0,"outbound":0},"traffic_boost_suggestions_count":0,"meta":{"@context":"https:\/\/schema.org","@type":"NewsArticle","headline":"Guillermo Le\u00f3n S\u00e1enz Vargas, alias &#8216;Alfonso Cano&#8217;","url":"http:\/\/insightcrime.org\/es\/noticias-crimen-organizado-colombia\/guillermo-leon-saenz-vargas-alfonso-cano\/","mainEntityOfPage":{"@type":"WebPage","@id":"http:\/\/insightcrime.org\/es\/noticias-crimen-organizado-colombia\/guillermo-leon-saenz-vargas-alfonso-cano\/"},"thumbnailUrl":"https:\/\/i0.wp.com\/insightcrime.org\/wp-content\/uploads\/2026\/08\/Perfil-Criminal-Alias-Alfonso-Cano-Colombia.jpg?resize=150%2C150&quality=100&ssl=1","image":{"@type":"ImageObject","url":"https:\/\/i0.wp.com\/insightcrime.org\/wp-content\/uploads\/2026\/08\/Perfil-Criminal-Alias-Alfonso-Cano-Colombia.jpg?fit=1200%2C900&quality=100&ssl=1"},"articleSection":"Colombia","author":[{"@type":"Person","name":"InSight Crime"}],"creator":["InSight Crime"],"publisher":{"@type":"Organization","name":"InSight Crime","logo":"https:\/\/insightcrime.org\/wp-content\/uploads\/2023\/08\/logo.png"},"keywords":["alfonso cano","farc","personajes de colombia"],"dateCreated":"2017-03-10T05:00:00Z","datePublished":"2017-03-10T05:00:00Z","dateModified":"2026-08-31T17:55:25Z"},"rendered":"<meta name=\"parsely-title\" content=\"Guillermo Le\u00f3n S\u00e1enz Vargas, alias &#8216;Alfonso Cano&#8217;\" \/>\n<meta name=\"parsely-link\" content=\"http:\/\/insightcrime.org\/es\/noticias-crimen-organizado-colombia\/guillermo-leon-saenz-vargas-alfonso-cano\/\" \/>\n<meta name=\"parsely-type\" content=\"post\" \/>\n<meta name=\"parsely-image-url\" content=\"https:\/\/i0.wp.com\/insightcrime.org\/wp-content\/uploads\/2026\/08\/Perfil-Criminal-Alias-Alfonso-Cano-Colombia.jpg?resize=150%2C150&amp;quality=100&amp;ssl=1\" \/>\n<meta name=\"parsely-pub-date\" content=\"2017-03-10T05:00:00Z\" \/>\n<meta name=\"parsely-section\" content=\"Colombia\" \/>\n<meta name=\"parsely-tags\" content=\"alfonso cano,farc,personajes de colombia\" \/>\n<meta name=\"parsely-author\" content=\"InSight Crime\" \/>","tracker_url":"https:\/\/cdn.parsely.com\/keys\/insightcrime.org\/p.js"},"jetpack_sharing_enabled":true,"jetpack-related-posts":[{"id":4901,"url":"https:\/\/insightcrime.org\/es\/noticias-crimen-organizado-colombia\/rodrigo-londono-echeverri-timochenko\/","url_meta":{"origin":4848,"position":0},"title":"Rodrigo Londo\u00f1o Echeverri, alias &#8216;Timochenko&#8217;","author":"InSight Crime","date":"28 de enero de 2020","format":false,"excerpt":"\u00bfQui\u00e9n es Rodrigo Londo\u00f1o, alias Timochenko? Conozca su trayectoria como \u00faltimo comandante de las FARC, sus actividades criminales, d\u00f3nde operaba y el panorama actual.","rel":"","context":"En \u00abColombia\u00bb","block_context":{"text":"Colombia","link":"https:\/\/insightcrime.org\/es\/category\/noticias-crimen-organizado-colombia\/"},"img":{"alt_text":"Perfil Criminal de Rodrigo Londo\u00f1o, alias Timochenko, FARC, Colombia","src":"https:\/\/i0.wp.com\/insightcrime.org\/wp-content\/uploads\/2026\/07\/Perfil-Criminal-RodrigoLondono-aliasTimochenko-FARC-Colombia.jpg?fit=1200%2C900&quality=100&ssl=1&resize=350%2C200","width":350,"height":200,"srcset":"https:\/\/i0.wp.com\/insightcrime.org\/wp-content\/uploads\/2026\/07\/Perfil-Criminal-RodrigoLondono-aliasTimochenko-FARC-Colombia.jpg?fit=1200%2C900&quality=100&ssl=1&resize=350%2C200 1x, https:\/\/i0.wp.com\/insightcrime.org\/wp-content\/uploads\/2026\/07\/Perfil-Criminal-RodrigoLondono-aliasTimochenko-FARC-Colombia.jpg?fit=1200%2C900&quality=100&ssl=1&resize=525%2C300 1.5x, https:\/\/i0.wp.com\/insightcrime.org\/wp-content\/uploads\/2026\/07\/Perfil-Criminal-RodrigoLondono-aliasTimochenko-FARC-Colombia.jpg?fit=1200%2C900&quality=100&ssl=1&resize=700%2C400 2x, https:\/\/i0.wp.com\/insightcrime.org\/wp-content\/uploads\/2026\/07\/Perfil-Criminal-RodrigoLondono-aliasTimochenko-FARC-Colombia.jpg?fit=1200%2C900&quality=100&ssl=1&resize=1050%2C600 3x"},"classes":[]},{"id":100342,"url":"https:\/\/insightcrime.org\/es\/colombia-organized-crime-news\/hernan-dario-velasquez-saldarriaga-alias-el-paisa\/","url_meta":{"origin":4848,"position":1},"title":"Hern\u00e1n Dar\u00edo Vel\u00e1squez Saldarriaga, alias \u2018El Paisa\u2019","author":"InSight Crime","date":"6 de diciembre de 2021","format":false,"excerpt":"Hern\u00e1n Dar\u00edo Vel\u00e1squez, m\u00e1s conocido como El Pa\u00eds, era un importante l\u00edder guerrillero de las FARC en Colombia.","rel":"","context":"En \u00abColombia\u00bb","block_context":{"text":"Colombia","link":"https:\/\/insightcrime.org\/category\/colombia-organized-crime-news\/"},"img":{"alt_text":"Perfil criminal - Hern\u00e1n Dar\u00edo Vel\u00e1squez Saldarriaga, alias \u2018El Paisa\u2019 - Colombia.","src":"https:\/\/i0.wp.com\/insightcrime.org\/wp-content\/uploads\/2026\/08\/Perfil-Criminal-Alias-El-Paisa-Colombia.jpg?fit=1200%2C900&quality=100&ssl=1&resize=350%2C200","width":350,"height":200,"srcset":"https:\/\/i0.wp.com\/insightcrime.org\/wp-content\/uploads\/2026\/08\/Perfil-Criminal-Alias-El-Paisa-Colombia.jpg?fit=1200%2C900&quality=100&ssl=1&resize=350%2C200 1x, https:\/\/i0.wp.com\/insightcrime.org\/wp-content\/uploads\/2026\/08\/Perfil-Criminal-Alias-El-Paisa-Colombia.jpg?fit=1200%2C900&quality=100&ssl=1&resize=525%2C300 1.5x, https:\/\/i0.wp.com\/insightcrime.org\/wp-content\/uploads\/2026\/08\/Perfil-Criminal-Alias-El-Paisa-Colombia.jpg?fit=1200%2C900&quality=100&ssl=1&resize=700%2C400 2x, https:\/\/i0.wp.com\/insightcrime.org\/wp-content\/uploads\/2026\/08\/Perfil-Criminal-Alias-El-Paisa-Colombia.jpg?fit=1200%2C900&quality=100&ssl=1&resize=1050%2C600 3x"},"classes":[]},{"id":79836,"url":"https:\/\/insightcrime.org\/es\/noticias-crimen-organizado-colombia\/miguel-botache-santillana-alias-gentil-duarte\/","url_meta":{"origin":4848,"position":2},"title":"Miguel Botache Santillana, alias \u2018Gentil Duarte\u2019","author":"InSight Crime","date":"27 de mayo de 2022","format":false,"excerpt":"Miguel Botache Santillana, ma\u0301s conocido como \u2018Gentil Duarte\u2019, es en la actualidad el delincuente ma\u0301s buscado por las autoridades en Colombia. Hasta 2016 fue un importante li\u0301der dentro de las FARC-EP, pero a finales de ese an\u0303o se convirtio\u0301 en uno de los disidentes del proceso de paz que mantuvo\u2026","rel":"","context":"En \u00abColombia\u00bb","block_context":{"text":"Colombia","link":"https:\/\/insightcrime.org\/es\/category\/noticias-crimen-organizado-colombia\/"},"img":{"alt_text":"Perfil criminal - Miguel Botache Santillana, alias \u2018Gentil Duarte\u2019 - Colombia","src":"https:\/\/i0.wp.com\/insightcrime.org\/wp-content\/uploads\/2026\/08\/Perfil-Criminal-Gentil-Duarte-Colombia-1.jpg?fit=1200%2C900&quality=100&ssl=1&resize=350%2C200","width":350,"height":200,"srcset":"https:\/\/i0.wp.com\/insightcrime.org\/wp-content\/uploads\/2026\/08\/Perfil-Criminal-Gentil-Duarte-Colombia-1.jpg?fit=1200%2C900&quality=100&ssl=1&resize=350%2C200 1x, https:\/\/i0.wp.com\/insightcrime.org\/wp-content\/uploads\/2026\/08\/Perfil-Criminal-Gentil-Duarte-Colombia-1.jpg?fit=1200%2C900&quality=100&ssl=1&resize=525%2C300 1.5x, https:\/\/i0.wp.com\/insightcrime.org\/wp-content\/uploads\/2026\/08\/Perfil-Criminal-Gentil-Duarte-Colombia-1.jpg?fit=1200%2C900&quality=100&ssl=1&resize=700%2C400 2x, https:\/\/i0.wp.com\/insightcrime.org\/wp-content\/uploads\/2026\/08\/Perfil-Criminal-Gentil-Duarte-Colombia-1.jpg?fit=1200%2C900&quality=100&ssl=1&resize=1050%2C600 3x"},"classes":[]},{"id":7015,"url":"https:\/\/insightcrime.org\/es\/noticias-crimen-organizado-colombia\/farc-perfil\/","url_meta":{"origin":4848,"position":3},"title":"FARC","author":"InSight Crime","date":"23 de noviembre de 2023","format":false,"excerpt":"Las Fuerzas Armadas Revolucionarias de Colombia (FARC) fueron el mayor ej\u00e9rcito irregular de Colombia. Operaron en varias regiones del pa\u00eds en busca de recursos para financiar su guerra de casi 50 a\u00f1os contra el Estado. Las FARC fueron el grupo guerrillero m\u00e1s antiguo e importante del hemisferio occidental y durante\u2026","rel":"","context":"En \u00abColombia\u00bb","block_context":{"text":"Colombia","link":"https:\/\/insightcrime.org\/es\/category\/noticias-crimen-organizado-colombia\/"},"img":{"alt_text":"","src":"","width":0,"height":0},"classes":[]},{"id":210669,"url":"https:\/\/insightcrime.org\/es\/noticias-crimen-organizado-colombia\/ex-farc-mafia-estado-mayor-central\/","url_meta":{"origin":4848,"position":4},"title":"Estado Mayor Central &#8211; Disidencias de las FARC","author":"InSight Crime","date":"14 de junio de 2024","format":false,"excerpt":"El Estado Mayor Central (EMC) es una federaci\u00f3n de frentes disidentes de las Fuerzas Armadas Revolucionarias de Colombia (FARC) que decidieron no acogerse al proceso de paz firmado en 2016 entre esa guerrilla y el gobierno de Colombia.\u00a0\u00a0","rel":"","context":"En \u00abColombia\u00bb","block_context":{"text":"Colombia","link":"https:\/\/insightcrime.org\/es\/category\/noticias-crimen-organizado-colombia\/"},"img":{"alt_text":"Estado Mayor Central - Disidencias de las FARC, Colombia.","src":"https:\/\/i0.wp.com\/insightcrime.org\/wp-content\/uploads\/2026\/08\/Grupo-Criminal-Estado-Mayor-Central-Colombia.jpg?fit=1200%2C900&quality=100&ssl=1&resize=350%2C200","width":350,"height":200,"srcset":"https:\/\/i0.wp.com\/insightcrime.org\/wp-content\/uploads\/2026\/08\/Grupo-Criminal-Estado-Mayor-Central-Colombia.jpg?fit=1200%2C900&quality=100&ssl=1&resize=350%2C200 1x, https:\/\/i0.wp.com\/insightcrime.org\/wp-content\/uploads\/2026\/08\/Grupo-Criminal-Estado-Mayor-Central-Colombia.jpg?fit=1200%2C900&quality=100&ssl=1&resize=525%2C300 1.5x, https:\/\/i0.wp.com\/insightcrime.org\/wp-content\/uploads\/2026\/08\/Grupo-Criminal-Estado-Mayor-Central-Colombia.jpg?fit=1200%2C900&quality=100&ssl=1&resize=700%2C400 2x, https:\/\/i0.wp.com\/insightcrime.org\/wp-content\/uploads\/2026\/08\/Grupo-Criminal-Estado-Mayor-Central-Colombia.jpg?fit=1200%2C900&quality=100&ssl=1&resize=1050%2C600 3x"},"classes":[]},{"id":106516,"url":"https:\/\/insightcrime.org\/es\/noticias-crimen-organizado-colombia\/ex-farc-mafia\/","url_meta":{"origin":4848,"position":5},"title":"Disidencias de las FARC","author":"InSight Crime","date":"11 de marzo de 2024","format":false,"excerpt":"Las disidencias de las FARC son una serie de estructuras criminales que surgieron durante y despu\u00e9s de las negociaciones de paz entre el Gobierno colombiano y la guerrilla de las Fuerzas Armadas Revolucionarias de Colombia (FARC) en 2016. Se han establecido como importantes actores criminales tanto en Colombia como en\u2026","rel":"","context":"En \u00abColombia\u00bb","block_context":{"text":"Colombia","link":"https:\/\/insightcrime.org\/es\/category\/noticias-crimen-organizado-colombia\/"},"img":{"alt_text":"","src":"https:\/\/i0.wp.com\/insightcrime.org\/wp-content\/uploads\/2026\/06\/Grupo-Criminal-FARC.jpg?fit=1200%2C900&quality=100&ssl=1&resize=350%2C200","width":350,"height":200,"srcset":"https:\/\/i0.wp.com\/insightcrime.org\/wp-content\/uploads\/2026\/06\/Grupo-Criminal-FARC.jpg?fit=1200%2C900&quality=100&ssl=1&resize=350%2C200 1x, https:\/\/i0.wp.com\/insightcrime.org\/wp-content\/uploads\/2026\/06\/Grupo-Criminal-FARC.jpg?fit=1200%2C900&quality=100&ssl=1&resize=525%2C300 1.5x, https:\/\/i0.wp.com\/insightcrime.org\/wp-content\/uploads\/2026\/06\/Grupo-Criminal-FARC.jpg?fit=1200%2C900&quality=100&ssl=1&resize=700%2C400 2x, https:\/\/i0.wp.com\/insightcrime.org\/wp-content\/uploads\/2026\/06\/Grupo-Criminal-FARC.jpg?fit=1200%2C900&quality=100&ssl=1&resize=1050%2C600 3x"},"classes":[]}],"jetpack_featured_media_url":"https:\/\/i0.wp.com\/insightcrime.org\/wp-content\/uploads\/2026\/08\/Perfil-Criminal-Alias-Alfonso-Cano-Colombia.jpg?fit=1200%2C900&quality=100&ssl=1","_links":{"self":[{"href":"https:\/\/insightcrime.org\/es\/wp-json\/wp\/v2\/posts\/4848","targetHints":{"allow":["GET"]}}],"collection":[{"href":"https:\/\/insightcrime.org\/es\/wp-json\/wp\/v2\/posts"}],"about":[{"href":"https:\/\/insightcrime.org\/es\/wp-json\/wp\/v2\/types\/post"}],"author":[{"embeddable":true,"href":"https:\/\/insightcrime.org\/es\/wp-json\/wp\/v2\/users\/96"}],"replies":[{"embeddable":true,"href":"https:\/\/insightcrime.org\/es\/wp-json\/wp\/v2\/comments?post=4848"}],"version-history":[{"count":5,"href":"https:\/\/insightcrime.org\/es\/wp-json\/wp\/v2\/posts\/4848\/revisions"}],"predecessor-version":[{"id":336409,"href":"https:\/\/insightcrime.org\/es\/wp-json\/wp\/v2\/posts\/4848\/revisions\/336409"}],"wp:featuredmedia":[{"embeddable":true,"href":"https:\/\/insightcrime.org\/es\/wp-json\/wp\/v2\/media\/350419"}],"wp:attachment":[{"href":"https:\/\/insightcrime.org\/es\/wp-json\/wp\/v2\/media?parent=4848"}],"wp:term":[{"taxonomy":"category","embeddable":true,"href":"https:\/\/insightcrime.org\/es\/wp-json\/wp\/v2\/categories?post=4848"},{"taxonomy":"post_tag","embeddable":true,"href":"https:\/\/insightcrime.org\/es\/wp-json\/wp\/v2\/tags?post=4848"},{"taxonomy":"newspack_spnsrs_tax","embeddable":true,"href":"https:\/\/insightcrime.org\/es\/wp-json\/wp\/v2\/newspack_spnsrs_tax?post=4848"},{"taxonomy":"author","embeddable":true,"href":"https:\/\/insightcrime.org\/es\/wp-json\/wp\/v2\/coauthors?post=4848"}],"curies":[{"name":"wp","href":"https:\/\/api.w.org\/{rel}","templated":true}]}}