{"id":4876,"date":"2017-03-10T00:00:00","date_gmt":"2017-03-10T05:00:00","guid":{"rendered":"http:\/\/newwp.insightcrime.org?p=4876"},"modified":"2026-09-02T13:09:50","modified_gmt":"2026-09-02T18:09:50","slug":"jorge-briceno-suarez-mono-jojoy","status":"publish","type":"post","link":"https:\/\/insightcrime.org\/es\/noticias-crimen-organizado-colombia\/jorge-briceno-suarez-mono-jojoy\/","title":{"rendered":"V\u00edctor Julio Suarez Rojas, alias &#8216;Mono Jojoy&#8217;"},"content":{"rendered":"\n<p class=\"wp-block-paragraph\">Hasta su muerte en septiembre de 2010, V\u00edctor Julio Suarez Rojas, alias \u201cMono Jojoy,\u201d fue el m\u00e1ximo comandante militar del grupo guerrillero colombiano de las FARC, jefe del temido Bloque Oriental, y un miembro del mando m\u00e1s alto del grupo, el Secretariado.<\/p>\n\n\n\n<p class=\"wp-block-paragraph\">En muchos c\u00edrculos era considerado el segundo al mando de la guerrilla y era respetado dentro de la organizaci\u00f3n por sus estrategias y destrezas militares. Como comandante del Bloque Oriental, el Mono Jojoy fue responsable de las actividades de cuatro bloques de las Fuerzas Armadas Revolucionarias de Colombia (FARC) que operan en los Llanos Orientales de Colombia. Su muerte dej\u00f3 un vac\u00edo muy grande en el grupo.<\/p>\n\n\n\n<h3 class=\"wp-block-heading\">Historia<\/h3>\n\n\n\n<p class=\"wp-block-paragraph\">El Mono Jojoy se uni\u00f3 a las FARC&nbsp;a los 12 a\u00f1os. Se abri\u00f3 camino hasta convertirse en jefe de escuadr\u00f3n y luego comandante de compa\u00f1\u00eda. Su valiente enfoque llam\u00f3 la atenci\u00f3n del comandante m\u00e1ximo de la guerrilla, Pedro Mar\u00edn, alias \u201cManuel Marulanda\u201d o \u201cTirofijo,\u201d quien se convirti\u00f3 en su mentor y fue el responsable de su mete\u00f3rico ascenso a trav\u00e9s de las filas.<\/p>\n\n\n\n<p class=\"wp-block-paragraph\">M\u00e1s tarde cre\u00f3 una escuela para entrenar unidades especiales que utilizaban t\u00e1cticas al estilo de Vietnam. Tambi\u00e9n es reconocido por haber participado en varios ataques importantes a bases militares en el sur y el oriente de Colombia a mediados de los a\u00f1os noventa, lo cual cambi\u00f3 la cara de la guerra colombiana. Durante un tiempo, incluso trat\u00f3 de \u201cliberar\u201d zonas, una t\u00e1ctica muy utilizada por los rebeldes del FMLN en El Salvador, aunque sin \u00e9xito.<\/p>\n\n\n\n<h3 class=\"wp-block-heading\">Actividades criminales<\/h3>\n\n\n\n<p class=\"wp-block-paragraph\">El Mono Jojoy tambi\u00e9n estuvo en el centro de las actividades de narcotr\u00e1fico de las FARC. Adem\u00e1s de adue\u00f1arse de gran parte de la producci\u00f3n de coca del pa\u00eds, muchos frentes de las FARC bajo el mando del Mono Jojoy crearon sus propias redes de distribuci\u00f3n de droga en Venezuela&nbsp;y Brasil. Las autoridades colombianas creen que \u00e9l tambi\u00e9n estuvo a cargo de los rehenes del grupo y de los negocios de secuestro, y fue acusado de ordenar el secuestro de la entonces candidata presidencial Ingrid Betancourt y tres contratistas estadounidenses en 2002 y 2003, respectivamente.&nbsp;<\/p>\n\n\n\n<p class=\"wp-block-paragraph\">Al momento de su muerte, en Colombia hab\u00eda 62 \u00f3rdenes de arresto contra el l\u00edder guerrillero. Entre los cargos estaban narcotr\u00e1fico, secuestro, extorsi\u00f3n, rebeli\u00f3n y terrorismo, y reclutamiento forzado de ni\u00f1os. Tambi\u00e9n estuvo implicado en el atentado de 2003 de El Nogal, un lujoso club deportivo y social en Bogot\u00e1, que dej\u00f3 36 personas muertas y otras 100 heridas. El gobierno de Estados Unidos solicit\u00f3 su extradici\u00f3n para enfrentar cargos de tr\u00e1fico de drogas y homicidio.<\/p>\n\n\n\n<h3 class=\"wp-block-heading\">Geograf\u00eda<\/h3>\n\n\n\n<p class=\"wp-block-paragraph\">El Mono Jojoy comandaba el Bloque Oriental de las FARC, el cual opera en la regi\u00f3n de los Llanos Orientales de Colombia, cerca de la frontera con Venezuela.<\/p>\n\n\n\n<h3 class=\"wp-block-heading\">Aliados y enemigos<\/h3>\n\n\n\n<p class=\"wp-block-paragraph\">Las FARC tienen alianzas tanto con el Ej\u00e9rcito de Liberaci\u00f3n Nacional (ELN) como con los grupos criminales conocidos como Bacrim (acr\u00f3nimo de \u201cbandas criminales\u201d). Las FARC han participado en operaciones conjuntas con el ELN y algunos de sus frentes colaboran con las Bacrim en el tr\u00e1fico de drogas.<\/p>\n\n\n\n<h3 class=\"wp-block-heading\">Perspectivas<\/h3>\n\n\n\n<p class=\"wp-block-paragraph\">Mono Jojoy sufr\u00eda de diabetes, llevandolo a la b\u00fasqueda constante de insulina, un factor que ayud\u00f3 a las autoridades a <a href=\"https:\/\/insightcrime.org\/news\/analysis\/top-farc-leader-mono-jojoy-dead\/\" target=\"_blank\">localizar y bombardear su campamento en septiembre de 2010<\/a>.&nbsp;<\/p>\n","protected":false},"excerpt":{"rendered":"<p>Hasta su muerte en septiembre de 2010, V\u00edctor Julio Suarez Rojas, alias \u00abMono Jojoy,\u00bb fue el m\u00e1ximo comandante militar del grupo guerrillero colombiano de las FARC, jefe del temido Bloque Oriental, y un miembro del mando m\u00e1s alto del grupo, el Secretariado.<\/p>\n","protected":false},"author":96,"featured_media":350804,"comment_status":"closed","ping_status":"closed","sticky":false,"template":"","format":"standard","meta":{"newspack_ads_suppress_ads":false,"newspack_popups_has_disabled_popups":false,"newspack_sponsor_sponsorship_scope":"","newspack_sponsor_native_byline_display":"inherit","newspack_sponsor_native_category_display":"inherit","newspack_sponsor_underwriter_style":"inherit","newspack_sponsor_underwriter_placement":"inherit","_EventAllDay":false,"_EventTimezone":"","_EventStartDate":"","_EventEndDate":"","_EventStartDateUTC":"","_EventEndDateUTC":"","_EventShowMap":false,"_EventShowMapLink":false,"_EventURL":"","_EventCost":"","_EventCostDescription":"","_EventCurrencySymbol":"","_EventCurrencyCode":"","_EventCurrencyPosition":"","_EventDateTimeSeparator":"","_EventTimeRangeSeparator":"","_EventOrganizerID":[],"_EventVenueID":[],"_OrganizerEmail":"","_OrganizerPhone":"","_OrganizerWebsite":"","_VenueAddress":"","_VenueCity":"","_VenueCountry":"","_VenueProvince":"","_VenueState":"","_VenueZip":"","_VenuePhone":"","_VenueURL":"","_VenueStateProvince":"","_VenueLat":"","_VenueLng":"","_VenueShowMap":false,"_VenueShowMapLink":false,"_newspack_byline_active":false,"_newspack_byline":"","newspack_hide_updated_date":false,"newspack_show_updated_date":false,"newspack_featured_image_position":"","newspack_post_subtitle":"","newspack_article_summary_title":"Overview:","newspack_article_summary":"","_jetpack_memberships_contains_paid_content":false,"footnotes":""},"categories":[331],"tags":[1542,1499,388],"newspack_spnsrs_tax":[],"coauthors":[4427],"class_list":["post-4876","post","type-post","status-publish","format-standard","has-post-thumbnail","hentry","category-noticias-crimen-organizado-colombia","tag-farc-ep","tag-mono-jojoy-es","tag-personajes-de-colombia","entry"],"parsely":{"version":"1.1.0","canonical_url":"https:\/\/insightcrime.org\/es\/noticias-crimen-organizado-colombia\/jorge-briceno-suarez-mono-jojoy\/","smart_links":{"inbound":0,"outbound":0},"traffic_boost_suggestions_count":0,"meta":{"@context":"https:\/\/schema.org","@type":"NewsArticle","headline":"V\u00edctor Julio Suarez Rojas, alias &#8216;Mono Jojoy&#8217;","url":"http:\/\/insightcrime.org\/es\/noticias-crimen-organizado-colombia\/jorge-briceno-suarez-mono-jojoy\/","mainEntityOfPage":{"@type":"WebPage","@id":"http:\/\/insightcrime.org\/es\/noticias-crimen-organizado-colombia\/jorge-briceno-suarez-mono-jojoy\/"},"thumbnailUrl":"https:\/\/i0.wp.com\/insightcrime.org\/wp-content\/uploads\/2026\/09\/Perfil-Criminal-Alias-Mono-Jojoy-Colombia.jpg?resize=150%2C150&quality=100&ssl=1","image":{"@type":"ImageObject","url":"https:\/\/i0.wp.com\/insightcrime.org\/wp-content\/uploads\/2026\/09\/Perfil-Criminal-Alias-Mono-Jojoy-Colombia.jpg?fit=1200%2C900&quality=100&ssl=1"},"articleSection":"Colombia","author":[{"@type":"Person","name":"InSight Crime"}],"creator":["InSight Crime"],"publisher":{"@type":"Organization","name":"InSight Crime","logo":"https:\/\/insightcrime.org\/wp-content\/uploads\/2023\/08\/logo.png"},"keywords":["farc","mono jojoy","personajes de colombia"],"dateCreated":"2017-03-10T05:00:00Z","datePublished":"2017-03-10T05:00:00Z","dateModified":"2026-09-02T18:09:50Z"},"rendered":"<meta name=\"parsely-title\" content=\"V\u00edctor Julio Suarez Rojas, alias &#8216;Mono Jojoy&#8217;\" \/>\n<meta name=\"parsely-link\" content=\"http:\/\/insightcrime.org\/es\/noticias-crimen-organizado-colombia\/jorge-briceno-suarez-mono-jojoy\/\" \/>\n<meta name=\"parsely-type\" content=\"post\" \/>\n<meta name=\"parsely-image-url\" content=\"https:\/\/i0.wp.com\/insightcrime.org\/wp-content\/uploads\/2026\/09\/Perfil-Criminal-Alias-Mono-Jojoy-Colombia.jpg?resize=150%2C150&amp;quality=100&amp;ssl=1\" \/>\n<meta name=\"parsely-pub-date\" content=\"2017-03-10T05:00:00Z\" \/>\n<meta name=\"parsely-section\" content=\"Colombia\" \/>\n<meta name=\"parsely-tags\" content=\"farc,mono jojoy,personajes de colombia\" \/>\n<meta name=\"parsely-author\" content=\"InSight Crime\" \/>","tracker_url":"https:\/\/cdn.parsely.com\/keys\/insightcrime.org\/p.js"},"jetpack_sharing_enabled":true,"jetpack-related-posts":[{"id":112176,"url":"https:\/\/insightcrime.org\/es\/noticias-crimen-organizado-colombia\/jose-manuel-sierra-sabogal-alias-zarco-aldinever\/","url_meta":{"origin":4876,"position":0},"title":"Jos\u00e9 Manuel Sierra Sabogal, alias &#8216;Zarco Aldinever&#8217;","author":"InSight Crime","date":"14 de julio de 2026","format":false,"excerpt":"Jos\u00e9 Manuel Sierra Sabogal, alias \"Zarco Aldinever,\" milit\u00f3 en los frentes 51, 52 y 26, en los departamentos de Meta, Cundinamarca y Boyac\u00e1 y fue uno de los m\u00e1ximos comandantes del Bloque Oriental de las FARC.","rel":"","context":"En \u00abColombia\u00bb","block_context":{"text":"Colombia","link":"https:\/\/insightcrime.org\/es\/category\/noticias-crimen-organizado-colombia\/"},"img":{"alt_text":"Perfil criminal de Jos\u00e9 Manuel Sierra Sabogal, alias \u2018Zarco Aldinever\u2019, Colombia.","src":"https:\/\/i0.wp.com\/insightcrime.org\/wp-content\/uploads\/2026\/07\/Perfil-Criminal-Zarco-Aldinever-Colombia.jpg?fit=1200%2C900&quality=100&ssl=1&resize=350%2C200","width":350,"height":200,"srcset":"https:\/\/i0.wp.com\/insightcrime.org\/wp-content\/uploads\/2026\/07\/Perfil-Criminal-Zarco-Aldinever-Colombia.jpg?fit=1200%2C900&quality=100&ssl=1&resize=350%2C200 1x, https:\/\/i0.wp.com\/insightcrime.org\/wp-content\/uploads\/2026\/07\/Perfil-Criminal-Zarco-Aldinever-Colombia.jpg?fit=1200%2C900&quality=100&ssl=1&resize=525%2C300 1.5x, https:\/\/i0.wp.com\/insightcrime.org\/wp-content\/uploads\/2026\/07\/Perfil-Criminal-Zarco-Aldinever-Colombia.jpg?fit=1200%2C900&quality=100&ssl=1&resize=700%2C400 2x, https:\/\/i0.wp.com\/insightcrime.org\/wp-content\/uploads\/2026\/07\/Perfil-Criminal-Zarco-Aldinever-Colombia.jpg?fit=1200%2C900&quality=100&ssl=1&resize=1050%2C600 3x"},"classes":[]},{"id":100342,"url":"https:\/\/insightcrime.org\/es\/colombia-organized-crime-news\/hernan-dario-velasquez-saldarriaga-alias-el-paisa\/","url_meta":{"origin":4876,"position":1},"title":"Hern\u00e1n Dar\u00edo Vel\u00e1squez Saldarriaga, alias \u2018El Paisa\u2019","author":"InSight Crime","date":"6 de diciembre de 2021","format":false,"excerpt":"Hern\u00e1n Dar\u00edo Vel\u00e1squez, m\u00e1s conocido como El Pa\u00eds, era un importante l\u00edder guerrillero de las FARC en Colombia.","rel":"","context":"En \u00abColombia\u00bb","block_context":{"text":"Colombia","link":"https:\/\/insightcrime.org\/category\/colombia-organized-crime-news\/"},"img":{"alt_text":"Perfil criminal - Hern\u00e1n Dar\u00edo Vel\u00e1squez Saldarriaga, alias \u2018El Paisa\u2019 - Colombia.","src":"https:\/\/i0.wp.com\/insightcrime.org\/wp-content\/uploads\/2026\/08\/Perfil-Criminal-Alias-El-Paisa-Colombia.jpg?fit=1200%2C900&quality=100&ssl=1&resize=350%2C200","width":350,"height":200,"srcset":"https:\/\/i0.wp.com\/insightcrime.org\/wp-content\/uploads\/2026\/08\/Perfil-Criminal-Alias-El-Paisa-Colombia.jpg?fit=1200%2C900&quality=100&ssl=1&resize=350%2C200 1x, https:\/\/i0.wp.com\/insightcrime.org\/wp-content\/uploads\/2026\/08\/Perfil-Criminal-Alias-El-Paisa-Colombia.jpg?fit=1200%2C900&quality=100&ssl=1&resize=525%2C300 1.5x, https:\/\/i0.wp.com\/insightcrime.org\/wp-content\/uploads\/2026\/08\/Perfil-Criminal-Alias-El-Paisa-Colombia.jpg?fit=1200%2C900&quality=100&ssl=1&resize=700%2C400 2x, https:\/\/i0.wp.com\/insightcrime.org\/wp-content\/uploads\/2026\/08\/Perfil-Criminal-Alias-El-Paisa-Colombia.jpg?fit=1200%2C900&quality=100&ssl=1&resize=1050%2C600 3x"},"classes":[]},{"id":4901,"url":"https:\/\/insightcrime.org\/es\/noticias-crimen-organizado-colombia\/rodrigo-londono-echeverri-timochenko\/","url_meta":{"origin":4876,"position":2},"title":"Rodrigo Londo\u00f1o Echeverri, alias &#8216;Timochenko&#8217;","author":"InSight Crime","date":"28 de enero de 2020","format":false,"excerpt":"\u00bfQui\u00e9n es Rodrigo Londo\u00f1o, alias Timochenko? Conozca su trayectoria como \u00faltimo comandante de las FARC, sus actividades criminales, d\u00f3nde operaba y el panorama actual.","rel":"","context":"En \u00abColombia\u00bb","block_context":{"text":"Colombia","link":"https:\/\/insightcrime.org\/es\/category\/noticias-crimen-organizado-colombia\/"},"img":{"alt_text":"Perfil Criminal de Rodrigo Londo\u00f1o, alias Timochenko, FARC, Colombia","src":"https:\/\/i0.wp.com\/insightcrime.org\/wp-content\/uploads\/2026\/07\/Perfil-Criminal-RodrigoLondono-aliasTimochenko-FARC-Colombia.jpg?fit=1200%2C900&quality=100&ssl=1&resize=350%2C200","width":350,"height":200,"srcset":"https:\/\/i0.wp.com\/insightcrime.org\/wp-content\/uploads\/2026\/07\/Perfil-Criminal-RodrigoLondono-aliasTimochenko-FARC-Colombia.jpg?fit=1200%2C900&quality=100&ssl=1&resize=350%2C200 1x, https:\/\/i0.wp.com\/insightcrime.org\/wp-content\/uploads\/2026\/07\/Perfil-Criminal-RodrigoLondono-aliasTimochenko-FARC-Colombia.jpg?fit=1200%2C900&quality=100&ssl=1&resize=525%2C300 1.5x, https:\/\/i0.wp.com\/insightcrime.org\/wp-content\/uploads\/2026\/07\/Perfil-Criminal-RodrigoLondono-aliasTimochenko-FARC-Colombia.jpg?fit=1200%2C900&quality=100&ssl=1&resize=700%2C400 2x, https:\/\/i0.wp.com\/insightcrime.org\/wp-content\/uploads\/2026\/07\/Perfil-Criminal-RodrigoLondono-aliasTimochenko-FARC-Colombia.jpg?fit=1200%2C900&quality=100&ssl=1&resize=1050%2C600 3x"},"classes":[]},{"id":79836,"url":"https:\/\/insightcrime.org\/es\/noticias-crimen-organizado-colombia\/miguel-botache-santillana-alias-gentil-duarte\/","url_meta":{"origin":4876,"position":3},"title":"Miguel Botache Santillana, alias \u2018Gentil Duarte\u2019","author":"InSight Crime","date":"27 de mayo de 2022","format":false,"excerpt":"Miguel Botache Santillana, ma\u0301s conocido como \u2018Gentil Duarte\u2019, es en la actualidad el delincuente ma\u0301s buscado por las autoridades en Colombia. Hasta 2016 fue un importante li\u0301der dentro de las FARC-EP, pero a finales de ese an\u0303o se convirtio\u0301 en uno de los disidentes del proceso de paz que mantuvo\u2026","rel":"","context":"En \u00abColombia\u00bb","block_context":{"text":"Colombia","link":"https:\/\/insightcrime.org\/es\/category\/noticias-crimen-organizado-colombia\/"},"img":{"alt_text":"Perfil criminal - Miguel Botache Santillana, alias \u2018Gentil Duarte\u2019 - Colombia","src":"https:\/\/i0.wp.com\/insightcrime.org\/wp-content\/uploads\/2026\/08\/Perfil-Criminal-Gentil-Duarte-Colombia-1.jpg?fit=1200%2C900&quality=100&ssl=1&resize=350%2C200","width":350,"height":200,"srcset":"https:\/\/i0.wp.com\/insightcrime.org\/wp-content\/uploads\/2026\/08\/Perfil-Criminal-Gentil-Duarte-Colombia-1.jpg?fit=1200%2C900&quality=100&ssl=1&resize=350%2C200 1x, https:\/\/i0.wp.com\/insightcrime.org\/wp-content\/uploads\/2026\/08\/Perfil-Criminal-Gentil-Duarte-Colombia-1.jpg?fit=1200%2C900&quality=100&ssl=1&resize=525%2C300 1.5x, https:\/\/i0.wp.com\/insightcrime.org\/wp-content\/uploads\/2026\/08\/Perfil-Criminal-Gentil-Duarte-Colombia-1.jpg?fit=1200%2C900&quality=100&ssl=1&resize=700%2C400 2x, https:\/\/i0.wp.com\/insightcrime.org\/wp-content\/uploads\/2026\/08\/Perfil-Criminal-Gentil-Duarte-Colombia-1.jpg?fit=1200%2C900&quality=100&ssl=1&resize=1050%2C600 3x"},"classes":[]},{"id":188839,"url":"https:\/\/insightcrime.org\/es\/noticias\/quienes-son-los-lideres-de-las-exfarc-mafia-asesinados-en-el-ultimo-ano\/","url_meta":{"origin":4876,"position":4},"title":"Exterminio de mandos de las ex-FARC Mafia podr\u00eda continuar tras muerte de Iv\u00e1n M\u00e1rquez","author":"Juliana Manjarr\u00e9s","date":"5 de julio de 2022","format":false,"excerpt":"Seis comandantes de las disidencias de las antiguas Fuerzas Armadas Revolucionarias de Colombia (FARC) han muerto en los \u00faltimos 13 meses, y su ca\u00edda ha derramado sangre en territorio colombiano y venezolano.","rel":"","context":"En \u00abNews\u00bb","block_context":{"text":"News","link":"https:\/\/insightcrime.org\/category\/news\/"},"img":{"alt_text":"Ivan Marquez, El Paisa and Jesus Santrich stand next to each other in the video declaring the creation of the Second Marquetalia in August 2019","src":"https:\/\/i0.wp.com\/insightcrime.org\/wp-content\/uploads\/2021\/12\/Segunda-Marquetalia-350x250-c-default.jpg?fit=350%2C250&quality=100&ssl=1&resize=350%2C200","width":350,"height":200},"classes":[]},{"id":315871,"url":"https:\/\/insightcrime.org\/es\/noticias-crimen-organizado-colombia\/alexander-diaz-alias-calarca-cordoba\/","url_meta":{"origin":4876,"position":5},"title":"Alexander D\u00edaz, alias &#8216;Calarc\u00e1 C\u00f3rdoba&#8217;","author":"InSight Crime","date":"5 de agosto de 2026","format":false,"excerpt":"\u00bfQui\u00e9n es Alexander Calarc\u00e1 C\u00f3rdoba y cu\u00e1l es su trayectoria profesional? Su historia, liderazgo del EMBF y actividades criminales. Perfil completo actualizado de 2026.","rel":"","context":"En \u00abColombia\u00bb","block_context":{"text":"Colombia","link":"https:\/\/insightcrime.org\/es\/category\/noticias-crimen-organizado-colombia\/"},"img":{"alt_text":"Perfil criminal de Alexander Calarc\u00e1 C\u00f3rdoba, Colombia.","src":"https:\/\/i0.wp.com\/insightcrime.org\/wp-content\/uploads\/2026\/08\/Perfil-Criminal-Calarca-Cordoba-Colombia.jpg?fit=1200%2C900&quality=100&ssl=1&resize=350%2C200","width":350,"height":200,"srcset":"https:\/\/i0.wp.com\/insightcrime.org\/wp-content\/uploads\/2026\/08\/Perfil-Criminal-Calarca-Cordoba-Colombia.jpg?fit=1200%2C900&quality=100&ssl=1&resize=350%2C200 1x, https:\/\/i0.wp.com\/insightcrime.org\/wp-content\/uploads\/2026\/08\/Perfil-Criminal-Calarca-Cordoba-Colombia.jpg?fit=1200%2C900&quality=100&ssl=1&resize=525%2C300 1.5x, https:\/\/i0.wp.com\/insightcrime.org\/wp-content\/uploads\/2026\/08\/Perfil-Criminal-Calarca-Cordoba-Colombia.jpg?fit=1200%2C900&quality=100&ssl=1&resize=700%2C400 2x, https:\/\/i0.wp.com\/insightcrime.org\/wp-content\/uploads\/2026\/08\/Perfil-Criminal-Calarca-Cordoba-Colombia.jpg?fit=1200%2C900&quality=100&ssl=1&resize=1050%2C600 3x"},"classes":[]}],"jetpack_featured_media_url":"https:\/\/i0.wp.com\/insightcrime.org\/wp-content\/uploads\/2026\/09\/Perfil-Criminal-Alias-Mono-Jojoy-Colombia.jpg?fit=1200%2C900&quality=100&ssl=1","_links":{"self":[{"href":"https:\/\/insightcrime.org\/es\/wp-json\/wp\/v2\/posts\/4876","targetHints":{"allow":["GET"]}}],"collection":[{"href":"https:\/\/insightcrime.org\/es\/wp-json\/wp\/v2\/posts"}],"about":[{"href":"https:\/\/insightcrime.org\/es\/wp-json\/wp\/v2\/types\/post"}],"author":[{"embeddable":true,"href":"https:\/\/insightcrime.org\/es\/wp-json\/wp\/v2\/users\/96"}],"replies":[{"embeddable":true,"href":"https:\/\/insightcrime.org\/es\/wp-json\/wp\/v2\/comments?post=4876"}],"version-history":[{"count":5,"href":"https:\/\/insightcrime.org\/es\/wp-json\/wp\/v2\/posts\/4876\/revisions"}],"predecessor-version":[{"id":336440,"href":"https:\/\/insightcrime.org\/es\/wp-json\/wp\/v2\/posts\/4876\/revisions\/336440"}],"wp:featuredmedia":[{"embeddable":true,"href":"https:\/\/insightcrime.org\/es\/wp-json\/wp\/v2\/media\/350804"}],"wp:attachment":[{"href":"https:\/\/insightcrime.org\/es\/wp-json\/wp\/v2\/media?parent=4876"}],"wp:term":[{"taxonomy":"category","embeddable":true,"href":"https:\/\/insightcrime.org\/es\/wp-json\/wp\/v2\/categories?post=4876"},{"taxonomy":"post_tag","embeddable":true,"href":"https:\/\/insightcrime.org\/es\/wp-json\/wp\/v2\/tags?post=4876"},{"taxonomy":"newspack_spnsrs_tax","embeddable":true,"href":"https:\/\/insightcrime.org\/es\/wp-json\/wp\/v2\/newspack_spnsrs_tax?post=4876"},{"taxonomy":"author","embeddable":true,"href":"https:\/\/insightcrime.org\/es\/wp-json\/wp\/v2\/coauthors?post=4876"}],"curies":[{"name":"wp","href":"https:\/\/api.w.org\/{rel}","templated":true}]}}