{"id":4911,"date":"2012-09-04T06:16:10","date_gmt":"2017-03-27T23:51:23","guid":{"rendered":"http:\/\/newwp.insightcrime.org?p=4911"},"modified":"2023-04-24T15:27:35","modified_gmt":"2023-04-24T20:27:35","slug":"obama-in-latin-america-intro","status":"publish","type":"post","link":"https:\/\/insightcrime.org\/es\/sin-categorizar\/obama-in-latin-america-intro\/","title":{"rendered":"Obama in Latin America Intro"},"content":{"rendered":"\n<p class=\"wp-block-paragraph\">This joint project shows how gunrunners buy and move the weapons across the US \u2013 Mexico border, and the impact this is having on Mexico.<\/p>\n\n\n\n<p class=\"wp-block-paragraph\"><a href=\"\/special-series\/obama-in-latin-america\">See entire series \u00bb<\/a><\/p>\n","protected":false},"excerpt":{"rendered":"<p>This joint project shows how gunrunners buy and move the weapons across the US &#8211; Mexico border, and the impact this is having on Mexico.<\/p>\n<p><a href=\"special-series\/obama-in-latin-america\">See entire series \u00bb<\/a><\/p>\n","protected":false},"author":96,"featured_media":36696,"comment_status":"closed","ping_status":"closed","sticky":false,"template":"","format":"standard","meta":{"newspack_ads_suppress_ads":false,"newspack_popups_has_disabled_popups":false,"newspack_sponsor_sponsorship_scope":"","newspack_sponsor_native_byline_display":"inherit","newspack_sponsor_native_category_display":"inherit","newspack_sponsor_underwriter_style":"inherit","newspack_sponsor_underwriter_placement":"inherit","_EventAllDay":false,"_EventTimezone":"","_EventStartDate":"","_EventEndDate":"","_EventStartDateUTC":"","_EventEndDateUTC":"","_EventShowMap":false,"_EventShowMapLink":false,"_EventURL":"","_EventCost":"","_EventCostDescription":"","_EventCurrencySymbol":"","_EventCurrencyCode":"","_EventCurrencyPosition":"","_EventDateTimeSeparator":"","_EventTimeRangeSeparator":"","_EventOrganizerID":[],"_EventVenueID":[],"_OrganizerEmail":"","_OrganizerPhone":"","_OrganizerWebsite":"","_VenueAddress":"","_VenueCity":"","_VenueCountry":"","_VenueProvince":"","_VenueState":"","_VenueZip":"","_VenuePhone":"","_VenueURL":"","_VenueStateProvince":"","_VenueLat":"","_VenueLng":"","_VenueShowMap":false,"_VenueShowMapLink":false,"_newspack_byline_active":false,"_newspack_byline":"","newspack_hide_updated_date":false,"newspack_show_updated_date":false,"newspack_featured_image_position":"","newspack_post_subtitle":"","newspack_article_summary_title":"Overview:","newspack_article_summary":"","_jetpack_memberships_contains_paid_content":false,"footnotes":""},"categories":[],"tags":[],"newspack_spnsrs_tax":[],"coauthors":[4427],"class_list":["post-4911","post","type-post","status-publish","format-standard","has-post-thumbnail","hentry","entry"],"parsely":{"version":"1.1.0","canonical_url":"https:\/\/insightcrime.org\/es\/sin-categorizar\/obama-in-latin-america-intro\/","smart_links":{"inbound":0,"outbound":0},"traffic_boost_suggestions_count":0,"meta":{"@context":"https:\/\/schema.org","@type":"NewsArticle","headline":"Obama in Latin America Intro","url":"http:\/\/insightcrime.org\/es\/sin-categorizar\/obama-in-latin-america-intro\/","mainEntityOfPage":{"@type":"WebPage","@id":"http:\/\/insightcrime.org\/es\/sin-categorizar\/obama-in-latin-america-intro\/"},"thumbnailUrl":"https:\/\/i0.wp.com\/insightcrime.org\/wp-content\/uploads\/2012\/09\/es-e6dd310fab9ad41ff1426c538cc12aa7.jpg?resize=150%2C150&quality=100&ssl=1","image":{"@type":"ImageObject","url":"https:\/\/i0.wp.com\/insightcrime.org\/wp-content\/uploads\/2012\/09\/es-e6dd310fab9ad41ff1426c538cc12aa7.jpg?fit=280%2C175&quality=100&ssl=1"},"articleSection":"Sin categorizar","author":[{"@type":"Person","name":"InSight Crime"}],"creator":["InSight Crime"],"publisher":{"@type":"Organization","name":"InSight Crime","logo":"https:\/\/insightcrime.org\/wp-content\/uploads\/2023\/08\/logo.png"},"keywords":[],"dateCreated":"2017-03-27T23:51:23Z","datePublished":"2017-03-27T23:51:23Z","dateModified":"2023-04-24T20:27:35Z"},"rendered":"<meta name=\"parsely-title\" content=\"Obama in Latin America Intro\" \/>\n<meta name=\"parsely-link\" content=\"http:\/\/insightcrime.org\/es\/sin-categorizar\/obama-in-latin-america-intro\/\" \/>\n<meta name=\"parsely-type\" content=\"post\" \/>\n<meta name=\"parsely-image-url\" content=\"https:\/\/i0.wp.com\/insightcrime.org\/wp-content\/uploads\/2012\/09\/es-e6dd310fab9ad41ff1426c538cc12aa7.jpg?resize=150%2C150&amp;quality=100&amp;ssl=1\" \/>\n<meta name=\"parsely-pub-date\" content=\"2017-03-27T23:51:23Z\" \/>\n<meta name=\"parsely-section\" content=\"Sin categorizar\" \/>\n<meta name=\"parsely-author\" content=\"InSight Crime\" \/>","tracker_url":"https:\/\/cdn.parsely.com\/keys\/insightcrime.org\/p.js"},"jetpack_sharing_enabled":true,"jetpack-related-posts":[{"id":351087,"url":"https:\/\/insightcrime.org\/mexico-organized-crime-news\/ismael-zambada-sicairos-alias-mayito-flaco\/","url_meta":{"origin":4911,"position":0},"title":"Ismael Zambada Sicairos, alias \u201cMayito Flaco\u201d","author":"InSight Crime","date":"3 de septiembre de 2026","format":false,"excerpt":"Ismael Zambada Sicairos, alias \u201cMayito Flaco\u201d is one of the sons of Mexican drug trafficker Ismael Zambada Garc\u00eda, alias \u201cEl Mayo.\u201d He is regarded as one of the leading figures of the Mayiza, the faction of the Sinaloa Cartel that remained loyal to the Zambada family following the arrest of\u2026","rel":"","context":"En \u00abMexico\u00bb","block_context":{"text":"Mexico","link":"https:\/\/insightcrime.org\/category\/mexico-organized-crime-news\/"},"img":{"alt_text":"","src":"https:\/\/i0.wp.com\/insightcrime.org\/wp-content\/uploads\/2026\/09\/Perfil-Criminal-Alias-Mayito-Flaco.jpg?fit=1200%2C900&quality=100&ssl=1&resize=350%2C200","width":350,"height":200,"srcset":"https:\/\/i0.wp.com\/insightcrime.org\/wp-content\/uploads\/2026\/09\/Perfil-Criminal-Alias-Mayito-Flaco.jpg?fit=1200%2C900&quality=100&ssl=1&resize=350%2C200 1x, https:\/\/i0.wp.com\/insightcrime.org\/wp-content\/uploads\/2026\/09\/Perfil-Criminal-Alias-Mayito-Flaco.jpg?fit=1200%2C900&quality=100&ssl=1&resize=525%2C300 1.5x, https:\/\/i0.wp.com\/insightcrime.org\/wp-content\/uploads\/2026\/09\/Perfil-Criminal-Alias-Mayito-Flaco.jpg?fit=1200%2C900&quality=100&ssl=1&resize=700%2C400 2x, https:\/\/i0.wp.com\/insightcrime.org\/wp-content\/uploads\/2026\/09\/Perfil-Criminal-Alias-Mayito-Flaco.jpg?fit=1200%2C900&quality=100&ssl=1&resize=1050%2C600 3x"},"classes":[]},{"id":286302,"url":"https:\/\/insightcrime.org\/es\/noticias\/series-especiales\/insights-verano-2024\/","url_meta":{"origin":4911,"position":1},"title":"InSights de verano 2024","author":"InSight Crime","date":"26 de agosto de 2024","format":false,"excerpt":"Bienvenidas y bienvenidos a Summer InSights, nuestro especial de temporada en el que compartimos una selecci\u00f3n de nuestras publicaciones m\u00e1s llamativas para mantenerle informado sobre el mundo criminal latinoamericano. Estos art\u00edculos han sido especialmente seleccionados por nuestro equipo editorial por su alta calidad, su reportaje desde el terreno y su\u2026","rel":"","context":"En \u00abSeries\u00bb","block_context":{"text":"Series","link":"https:\/\/insightcrime.org\/es\/category\/noticias\/series-especiales\/"},"img":{"alt_text":"","src":"https:\/\/i0.wp.com\/insightcrime.org\/wp-content\/uploads\/2024\/08\/Summer-Reads-InSight-Crime-July-2024-2.jpg?fit=1200%2C881&quality=100&ssl=1&resize=350%2C200","width":350,"height":200,"srcset":"https:\/\/i0.wp.com\/insightcrime.org\/wp-content\/uploads\/2024\/08\/Summer-Reads-InSight-Crime-July-2024-2.jpg?fit=1200%2C881&quality=100&ssl=1&resize=350%2C200 1x, https:\/\/i0.wp.com\/insightcrime.org\/wp-content\/uploads\/2024\/08\/Summer-Reads-InSight-Crime-July-2024-2.jpg?fit=1200%2C881&quality=100&ssl=1&resize=525%2C300 1.5x, https:\/\/i0.wp.com\/insightcrime.org\/wp-content\/uploads\/2024\/08\/Summer-Reads-InSight-Crime-July-2024-2.jpg?fit=1200%2C881&quality=100&ssl=1&resize=700%2C400 2x, https:\/\/i0.wp.com\/insightcrime.org\/wp-content\/uploads\/2024\/08\/Summer-Reads-InSight-Crime-July-2024-2.jpg?fit=1200%2C881&quality=100&ssl=1&resize=1050%2C600 3x"},"classes":[]},{"id":179896,"url":"https:\/\/insightcrime.org\/es\/la-organizacion\/insight-crime-y-american-university-estudian-como-operan-las-redes-criminales-en-america-latina\/","url_meta":{"origin":4911,"position":2},"title":"InSight Crime y American University estudian c\u00f3mo operan las redes criminales en Am\u00e9rica Latina","author":"InSight Crime","date":"21 de enero de 2022","format":false,"excerpt":"InSight Crime, en asocio con el Centro de Estudios Latinoamericanos y Latinos (Center for Latin American and Latino Studies,\u00a0CLALS) de American University, en Washington, ha llevado a cabo un revelador\u00a0estudio\u00a0sobre la evoluci\u00f3n del crimen organizado transnacional en el continente americano, en el que analiza la naturaleza de las redes criminales\u2026","rel":"","context":"En \u00abLa Organizaci\u00f3n\u00bb","block_context":{"text":"La Organizaci\u00f3n","link":"https:\/\/insightcrime.org\/es\/category\/la-organizacion\/"},"img":{"alt_text":"","src":"https:\/\/i0.wp.com\/insightcrime.org\/wp-content\/uploads\/2022\/03\/Jan-21.jpg?fit=1200%2C690&quality=100&ssl=1&resize=350%2C200","width":350,"height":200,"srcset":"https:\/\/i0.wp.com\/insightcrime.org\/wp-content\/uploads\/2022\/03\/Jan-21.jpg?fit=1200%2C690&quality=100&ssl=1&resize=350%2C200 1x, https:\/\/i0.wp.com\/insightcrime.org\/wp-content\/uploads\/2022\/03\/Jan-21.jpg?fit=1200%2C690&quality=100&ssl=1&resize=525%2C300 1.5x, https:\/\/i0.wp.com\/insightcrime.org\/wp-content\/uploads\/2022\/03\/Jan-21.jpg?fit=1200%2C690&quality=100&ssl=1&resize=700%2C400 2x, https:\/\/i0.wp.com\/insightcrime.org\/wp-content\/uploads\/2022\/03\/Jan-21.jpg?fit=1200%2C690&quality=100&ssl=1&resize=1050%2C600 3x"},"classes":[]},{"id":335224,"url":"https:\/\/insightcrime.org\/es\/noticias\/on-the-radar-captura-de-el-mencho-cambio-profundo-o-lo-mismo-siempre\/","url_meta":{"origin":4911,"position":3},"title":"On the Radar: La captura de El Mencho: \u00bfUn cambio profundo o lo mismo de siempre?","author":"InSight Crime","date":"26 de febrero de 2026","format":false,"excerpt":"La muerte de Nemesio Oseguera Cervantes, alias \u201cEl Mencho\u201d, l\u00edder del Cartel de Jalisco Nueva Generaci\u00f3n, sacudi\u00f3 el panorama criminal de M\u00e9xico. En On the Radar, analizamos el impacto de su ca\u00edda y los distintos escenarios que enfrenta el Cartel de Jalisco Nueva Generaci\u00f3n.","rel":"","context":"En \u00abNoticias\u00bb","block_context":{"text":"Noticias","link":"https:\/\/insightcrime.org\/es\/category\/noticias\/"},"img":{"alt_text":"","src":"https:\/\/i0.wp.com\/insightcrime.org\/wp-content\/uploads\/2026\/03\/Febrero-OTR-template-featured-image-website-2026.jpg?fit=1200%2C675&quality=100&ssl=1&resize=350%2C200","width":350,"height":200,"srcset":"https:\/\/i0.wp.com\/insightcrime.org\/wp-content\/uploads\/2026\/03\/Febrero-OTR-template-featured-image-website-2026.jpg?fit=1200%2C675&quality=100&ssl=1&resize=350%2C200 1x, https:\/\/i0.wp.com\/insightcrime.org\/wp-content\/uploads\/2026\/03\/Febrero-OTR-template-featured-image-website-2026.jpg?fit=1200%2C675&quality=100&ssl=1&resize=525%2C300 1.5x, https:\/\/i0.wp.com\/insightcrime.org\/wp-content\/uploads\/2026\/03\/Febrero-OTR-template-featured-image-website-2026.jpg?fit=1200%2C675&quality=100&ssl=1&resize=700%2C400 2x, https:\/\/i0.wp.com\/insightcrime.org\/wp-content\/uploads\/2026\/03\/Febrero-OTR-template-featured-image-website-2026.jpg?fit=1200%2C675&quality=100&ssl=1&resize=1050%2C600 3x"},"classes":[]},{"id":189060,"url":"https:\/\/insightcrime.org\/es\/la-organizacion\/elogios-a-nuestro-trabajo-ambiental-y-academico\/","url_meta":{"origin":4911,"position":4},"title":"Elogios a nuestro trabajo ambiental y acad\u00e9mico","author":"InSight Crime","date":"17 de junio de 2022","format":false,"excerpt":"La serie de seis partes de InSight Crime sobre el saqueo de la Amazon\u00eda peruana contin\u00faa orientando el debate en torno a la seguridad ambiental en la regi\u00f3n. Nuestra gerente de proyectos de Delitos Ambientales, Mar\u00eda Fernanda Ram\u00edrez, ofreci\u00f3 una extensa entrevista a\u00a0Mongabay, en la que se refiri\u00f3 a los\u2026","rel":"","context":"En \u00abLa Organizaci\u00f3n\u00bb","block_context":{"text":"La Organizaci\u00f3n","link":"https:\/\/insightcrime.org\/es\/category\/la-organizacion\/"},"img":{"alt_text":"","src":"https:\/\/i0.wp.com\/insightcrime.org\/wp-content\/uploads\/2022\/06\/Impact-17-de-junio.jpg?fit=1200%2C690&quality=100&ssl=1&resize=350%2C200","width":350,"height":200,"srcset":"https:\/\/i0.wp.com\/insightcrime.org\/wp-content\/uploads\/2022\/06\/Impact-17-de-junio.jpg?fit=1200%2C690&quality=100&ssl=1&resize=350%2C200 1x, https:\/\/i0.wp.com\/insightcrime.org\/wp-content\/uploads\/2022\/06\/Impact-17-de-junio.jpg?fit=1200%2C690&quality=100&ssl=1&resize=525%2C300 1.5x, https:\/\/i0.wp.com\/insightcrime.org\/wp-content\/uploads\/2022\/06\/Impact-17-de-junio.jpg?fit=1200%2C690&quality=100&ssl=1&resize=700%2C400 2x, https:\/\/i0.wp.com\/insightcrime.org\/wp-content\/uploads\/2022\/06\/Impact-17-de-junio.jpg?fit=1200%2C690&quality=100&ssl=1&resize=1050%2C600 3x"},"classes":[]},{"id":319466,"url":"https:\/\/insightcrime.org\/es\/news\/on-the-radar-tren-de-aragua-no-es-grupo-trafico-internacional-drogas\/","url_meta":{"origin":4911,"position":5},"title":"On the Radar: Los mitos de EE. UU. sobre el Tren de Aragua","author":"Deborah Bonello","date":"5 de septiembre de 2025","format":false,"excerpt":"En esta edici\u00f3n semanal, analizamos el preocupante ataque a\u00e9reo de EE. UU. a una \u201cpresunta\u201d embarcaci\u00f3n de drogas en el Caribe sur, el significado de la asunci\u00f3n de la exabogada de \u201cEl Chapo\u201d como jueza en M\u00e9xico, y las perspectivas sobre el futuro del conflicto criminal entre Guyana y Venezuela.","rel":"","context":"En \u00abNews\u00bb","block_context":{"text":"News","link":"https:\/\/insightcrime.org\/category\/news\/"},"img":{"alt_text":"","src":"https:\/\/i0.wp.com\/insightcrime.org\/wp-content\/uploads\/2025\/08\/25-09-04.png?fit=1200%2C675&quality=100&ssl=1&resize=350%2C200","width":350,"height":200,"srcset":"https:\/\/i0.wp.com\/insightcrime.org\/wp-content\/uploads\/2025\/08\/25-09-04.png?fit=1200%2C675&quality=100&ssl=1&resize=350%2C200 1x, https:\/\/i0.wp.com\/insightcrime.org\/wp-content\/uploads\/2025\/08\/25-09-04.png?fit=1200%2C675&quality=100&ssl=1&resize=525%2C300 1.5x, https:\/\/i0.wp.com\/insightcrime.org\/wp-content\/uploads\/2025\/08\/25-09-04.png?fit=1200%2C675&quality=100&ssl=1&resize=700%2C400 2x, https:\/\/i0.wp.com\/insightcrime.org\/wp-content\/uploads\/2025\/08\/25-09-04.png?fit=1200%2C675&quality=100&ssl=1&resize=1050%2C600 3x"},"classes":[]}],"jetpack_featured_media_url":"https:\/\/i0.wp.com\/insightcrime.org\/wp-content\/uploads\/2012\/09\/es-e6dd310fab9ad41ff1426c538cc12aa7.jpg?fit=280%2C175&quality=100&ssl=1","_links":{"self":[{"href":"https:\/\/insightcrime.org\/es\/wp-json\/wp\/v2\/posts\/4911","targetHints":{"allow":["GET"]}}],"collection":[{"href":"https:\/\/insightcrime.org\/es\/wp-json\/wp\/v2\/posts"}],"about":[{"href":"https:\/\/insightcrime.org\/es\/wp-json\/wp\/v2\/types\/post"}],"author":[{"embeddable":true,"href":"https:\/\/insightcrime.org\/es\/wp-json\/wp\/v2\/users\/96"}],"replies":[{"embeddable":true,"href":"https:\/\/insightcrime.org\/es\/wp-json\/wp\/v2\/comments?post=4911"}],"version-history":[{"count":1,"href":"https:\/\/insightcrime.org\/es\/wp-json\/wp\/v2\/posts\/4911\/revisions"}],"predecessor-version":[{"id":18909,"href":"https:\/\/insightcrime.org\/es\/wp-json\/wp\/v2\/posts\/4911\/revisions\/18909"}],"wp:featuredmedia":[{"embeddable":true,"href":"https:\/\/insightcrime.org\/es\/wp-json\/wp\/v2\/media\/36696"}],"wp:attachment":[{"href":"https:\/\/insightcrime.org\/es\/wp-json\/wp\/v2\/media?parent=4911"}],"wp:term":[{"taxonomy":"category","embeddable":true,"href":"https:\/\/insightcrime.org\/es\/wp-json\/wp\/v2\/categories?post=4911"},{"taxonomy":"post_tag","embeddable":true,"href":"https:\/\/insightcrime.org\/es\/wp-json\/wp\/v2\/tags?post=4911"},{"taxonomy":"newspack_spnsrs_tax","embeddable":true,"href":"https:\/\/insightcrime.org\/es\/wp-json\/wp\/v2\/newspack_spnsrs_tax?post=4911"},{"taxonomy":"author","embeddable":true,"href":"https:\/\/insightcrime.org\/es\/wp-json\/wp\/v2\/coauthors?post=4911"}],"curies":[{"name":"wp","href":"https:\/\/api.w.org\/{rel}","templated":true}]}}