{"id":4941,"date":"2012-08-08T20:58:18","date_gmt":"2017-03-27T23:51:30","guid":{"rendered":"http:\/\/newwp.insightcrime.org?p=4941"},"modified":"2023-04-24T15:27:47","modified_gmt":"2023-04-24T20:27:47","slug":"capturado-alias-sebastian-cabecilla-de-la-mafia-en-medellin","status":"publish","type":"post","link":"https:\/\/insightcrime.org\/es\/noticias\/analisis\/capturado-alias-sebastian-cabecilla-de-la-mafia-en-medellin\/","title":{"rendered":"Capturado Alias \u201cSebasti\u00e1n\u201d: Cabecilla de la Mafia en Medell\u00edn"},"content":{"rendered":"\n<p class=\"wp-block-paragraph\">La polic\u00eda colombiana captura a uno de los jefes criminales m\u00e1s grandes del pa\u00eds, Erickson&nbsp;Vargas C\u00e1rdenas alias \u201cSebasti\u00e1n\u201d, jefe de la <a href=\"\/groups-colombia\/oficina-de-envigado\">Oficina de Envigado<\/a>.<\/p>\n\n\n\n<p class=\"wp-block-paragraph\">El diario El Tiempo <a href=\"https:\/\/www.eltiempo.com\/justicia\/cayo-alias-sebas-el-jefe-de-oficina-de-envigado_12107502-4\">report\u00f3<\/a> que el jefe de la Oficina de Envigado fue capturado a las 6:00 a.m. del 8 de agosto, en una operaci\u00f3n en el municipio de Copacabana a las afueras de la ciudad de Medell\u00edn. Uno de sus guardaespaldas fue asesinado en la confrontaci\u00f3n con la polic\u00eda.<\/p>\n\n\n\n<p class=\"wp-block-paragraph\">El arresto fue confirmado por el Presidente Juan Manuel Santos, quien a trav\u00e9s de <a href=\"https:\/\/twitter.com\/JuanManSantos\/status\/233195019413110785\">Twitter<\/a> describi\u00f3 el arresto como un \u201csupergolpe\u201d contra la mafia de Medell\u00edn. En un comunicado posterior, el presidente dijo que \u201cSebasti\u00e1n\u201d ser\u00e1 <a href=\"https:\/\/www.radionacionaldecolombia.gov.co\/index.php?option=com_topcontent&amp;view=article&amp;id=29245:alias-sebastian-sera-extraditado-a-estados-unidos-santos&amp;catid=1:noticias\">extraditado a Estados Unidos<\/a>.<\/p>\n\n\n\n<p class=\"wp-block-paragraph\">Sin duda, el arresto de Sebasti\u00e1n pone en duda el futuro de la Oficina de Envigado, y puede anunciar un importante cambio para el crimen organizado en Medell\u00edn. Maximiliano Bonilla Orozco, alias <a href=\"\/personalities-colombia\/maximiliano-bonilla-orozco-valenciano\">\u201cValenciano\u201d<\/a>, quien fuese el rival de <a href=\"\/personalities-colombia\/ericson-vargas-cardona-sebastian\">Sebasti\u00e1n<\/a>&nbsp;para quedar en el mando de la Oficina, fue arrestado en Venezuela en noviembre de 2011. Con Valenciano fuera del espectro, Sebasti\u00e1n se convirti\u00f3 en el l\u00edder \u00fanico de la Oficina de Envigado, y trat\u00f3 de consolidar el control del grupo en la ciudad.<\/p>\n\n\n\n<p class=\"wp-block-paragraph\">Sin embargo, esto se ha visto obstaculizado, por la creciente influencia de otra de las organizaciones delictivas en la ciudad: el grupo de neo-paramilitares los <a href=\"\/groups-colombia\/urabenos\">Urabe\u00f1os<\/a>. Dirigida por Henry de Jes\u00fas L\u00f3pez, alias <a href=\"\/personalities-colombia\/henry-de-jesus-lopez-mi-sangre\">\u201cMi Sangre\u201d<\/a>, y apoyado por algunos ex miembros de la facci\u00f3n de Valenciano que se unieron despu\u00e9s del arresto de Valenciano, la banda criminal de los Urabe\u00f1os ha estado desplazando el control de la Oficina de la actividad criminal en Medell\u00edn.<\/p>\n\n\n\n<p class=\"wp-block-paragraph\">Con Sebasti\u00e1n fuera del panorama y sin un sucesor claro a la vista, los Urabe\u00f1os podr\u00edan estar a punto de convertirse en la organizaci\u00f3n criminal dominante en la ciudad. El epicentro de gran parte del conflicto entre los dos ha sido turbulenta <a href=\"\/insight-latest-news\/item\/2834-urban-battle-in-medellin-as-outsider-drug-cartel-moves-in\">Comuna 8 de Medell\u00edn<\/a>. Los combos rivales (pandillas), cada uno de ellos trabajando para alguna de las dos bandas criminales grandes, han convertido el barrio oriental en un campo de batalla. Aunque se pensaba que la Oficina ten\u00eda la ventaja en esta batalla, la detenci\u00f3n de Sebasti\u00e1n puede costar a esta organizaci\u00f3n la lealtad de los combos rivales.<\/p>\n\n\n\n<p class=\"wp-block-paragraph\">Si los Urabe\u00f1os le arrebatan el control a la Oficina, esto significar\u00e1 el final de una era para el mundo criminal de la ciudad. La Oficina se cre\u00f3 en la d\u00e9cada de 1980 como parte del imperio de Pablo Escobar, y ha dominado el crimen en Medell\u00edn desde entonces.<\/p>\n\n\n\n<p class=\"wp-block-paragraph\">El ascenso de los Urabe\u00f1os tambi\u00e9n podr\u00eda tener un impacto en la naturaleza de la delincuencia en la ciudad. Como una fuente de inteligencia de la polic\u00eda dijo InSight Crime a <a href=\"\/news\/analysis\/my-blood-may-unite-two-of-colombias-most-powerful-gangs\">principios de este a\u00f1o<\/a>, Mi Sangre tiene muchas m\u00e1s contactos con el narcotr\u00e1fico internacional que Sebasti\u00e1n, lo que significa que tiene m\u00e1s recursos. Sebasti\u00e1n bas\u00f3 su actividad en el mercado interno de drogas de Medell\u00edn, la extorsi\u00f3n y el control de las loter\u00edas locales para obtener los recursos de la organizaci\u00f3n, muchos de los cuales tuvo que compartirlos con los combos locales encargados de recoger aquellos recursos.<\/p>\n\n\n\n<p class=\"wp-block-paragraph\">Por su parte Mi Sangre, tiene acceso a las redes de tr\u00e1fico controladas por los Urabe\u00f1os en la costa del Caribe y a las redes de drogas en Am\u00e9rica Central y M\u00e9xico, lo que genera much\u00edsimos ingresos. Desde luego, un mayor ingreso significa una mayor influencia, as\u00ed Mi Sangre puede darse el lujo de incluir a muchas m\u00e1s personas en su organizaci\u00f3n criminal.<\/p>\n\n\n\n<p class=\"wp-block-paragraph\">Aunque que la Oficina de Envigado todav\u00eda no est\u00e1 completamente fuera de la ecuaci\u00f3n y Mi Sangre est\u00e1 lejos de ser el l\u00edder indiscutible de Medell\u00edn, si \u00e9l logra llegar hasta la cima, sus contactos internacionales podr\u00edan ver el regreso de Medell\u00edn como el centro del tr\u00e1fico de drogas en el pa\u00eds, tal como lo era hace 20 a\u00f1os.<\/p>\n","protected":false},"excerpt":{"rendered":"<p>La polic\u00eda colombiana captura a uno de los jefes criminales m\u00e1s grandes del pa\u00eds, Erickson\u00a0Vargas C\u00e1rdenas alias \u00abSebasti\u00e1n\u00bb, jefe de la <a href=\"\/groups-colombia\/oficina-de-envigado\">Oficina de Envigado<\/a>.<\/p>\n","protected":false},"author":6,"featured_media":36670,"comment_status":"closed","ping_status":"closed","sticky":false,"template":"","format":"standard","meta":{"newspack_ads_suppress_ads":false,"newspack_popups_has_disabled_popups":false,"newspack_sponsor_sponsorship_scope":"","newspack_sponsor_native_byline_display":"inherit","newspack_sponsor_native_category_display":"inherit","newspack_sponsor_underwriter_style":"inherit","newspack_sponsor_underwriter_placement":"inherit","_EventAllDay":false,"_EventTimezone":"","_EventStartDate":"","_EventEndDate":"","_EventStartDateUTC":"","_EventEndDateUTC":"","_EventShowMap":false,"_EventShowMapLink":false,"_EventURL":"","_EventCost":"","_EventCostDescription":"","_EventCurrencySymbol":"","_EventCurrencyCode":"","_EventCurrencyPosition":"","_EventDateTimeSeparator":"","_EventTimeRangeSeparator":"","_EventOrganizerID":[],"_EventVenueID":[],"_OrganizerEmail":"","_OrganizerPhone":"","_OrganizerWebsite":"","_VenueAddress":"","_VenueCity":"","_VenueCountry":"","_VenueProvince":"","_VenueState":"","_VenueZip":"","_VenuePhone":"","_VenueURL":"","_VenueStateProvince":"","_VenueLat":"","_VenueLng":"","_VenueShowMap":false,"_VenueShowMapLink":false,"_newspack_byline_active":false,"_newspack_byline":"","newspack_hide_updated_date":false,"newspack_show_updated_date":false,"newspack_featured_image_position":"","newspack_post_subtitle":"","newspack_article_summary_title":"Overview:","newspack_article_summary":"","_jetpack_memberships_contains_paid_content":false,"footnotes":""},"categories":[340],"tags":[368,490,1512],"newspack_spnsrs_tax":[],"coauthors":[3659],"class_list":["post-4941","post","type-post","status-publish","format-standard","has-post-thumbnail","hentry","category-analisis","tag-colombia-pais","tag-oficina-de-envigado-es","tag-sebastian-es","entry"],"parsely":{"version":"1.1.0","canonical_url":"https:\/\/insightcrime.org\/es\/noticias\/analisis\/capturado-alias-sebastian-cabecilla-de-la-mafia-en-medellin\/","smart_links":{"inbound":0,"outbound":0},"traffic_boost_suggestions_count":0,"meta":{"@context":"https:\/\/schema.org","@type":"NewsArticle","headline":"Capturado Alias \u201cSebasti\u00e1n\u201d: Cabecilla de la Mafia en Medell\u00edn","url":"http:\/\/insightcrime.org\/es\/noticias\/analisis\/capturado-alias-sebastian-cabecilla-de-la-mafia-en-medellin\/","mainEntityOfPage":{"@type":"WebPage","@id":"http:\/\/insightcrime.org\/es\/noticias\/analisis\/capturado-alias-sebastian-cabecilla-de-la-mafia-en-medellin\/"},"thumbnailUrl":"https:\/\/i0.wp.com\/insightcrime.org\/wp-content\/uploads\/2012\/08\/es-a357c74e5dcf52fdc7e3c938e19974cd.jpg?resize=150%2C150&quality=100&ssl=1","image":{"@type":"ImageObject","url":"https:\/\/i0.wp.com\/insightcrime.org\/wp-content\/uploads\/2012\/08\/es-a357c74e5dcf52fdc7e3c938e19974cd.jpg?fit=280%2C170&quality=100&ssl=1"},"articleSection":"An\u00e1lisis","author":[{"@type":"Person","name":"Geoffrey Ramsey"}],"creator":["Geoffrey Ramsey"],"publisher":{"@type":"Organization","name":"InSight Crime","logo":"https:\/\/insightcrime.org\/wp-content\/uploads\/2023\/08\/logo.png"},"keywords":["colombia","oficina de envigado","sebasti\u00e1n (oficina)"],"dateCreated":"2017-03-27T23:51:30Z","datePublished":"2017-03-27T23:51:30Z","dateModified":"2023-04-24T20:27:47Z"},"rendered":"<meta name=\"parsely-title\" content=\"Capturado Alias \u201cSebasti\u00e1n\u201d: Cabecilla de la Mafia en Medell\u00edn\" \/>\n<meta name=\"parsely-link\" content=\"http:\/\/insightcrime.org\/es\/noticias\/analisis\/capturado-alias-sebastian-cabecilla-de-la-mafia-en-medellin\/\" \/>\n<meta name=\"parsely-type\" content=\"post\" \/>\n<meta name=\"parsely-image-url\" content=\"https:\/\/i0.wp.com\/insightcrime.org\/wp-content\/uploads\/2012\/08\/es-a357c74e5dcf52fdc7e3c938e19974cd.jpg?resize=150%2C150&amp;quality=100&amp;ssl=1\" \/>\n<meta name=\"parsely-pub-date\" content=\"2017-03-27T23:51:30Z\" \/>\n<meta name=\"parsely-section\" content=\"An\u00e1lisis\" \/>\n<meta name=\"parsely-tags\" content=\"colombia,oficina de envigado,sebasti\u00e1n (oficina)\" \/>\n<meta name=\"parsely-author\" content=\"Geoffrey Ramsey\" \/>","tracker_url":"https:\/\/cdn.parsely.com\/keys\/insightcrime.org\/p.js"},"jetpack_sharing_enabled":true,"jetpack-related-posts":[{"id":4845,"url":"https:\/\/insightcrime.org\/es\/noticias-crimen-organizado-colombia\/oficina-de-envigado-perfil\/","url_meta":{"origin":4941,"position":0},"title":"Oficina de Envigado","author":"InSight Crime","date":"4 de octubre de 2023","format":false,"excerpt":"Los herederos del imperio del narcotr\u00e1fico de Pablo Escobar, La Oficina de Envigado, es ahora una mezcla de organizaciones m\u00e1s peque\u00f1as, que busca alianzas con las pandillas callejeras para mantener el control de su territorio y de sus negocios. Est\u00e1 en constante flujo. La Oficina de Envigado surgi\u00f3 como una\u2026","rel":"","context":"En \u00abColombia\u00bb","block_context":{"text":"Colombia","link":"https:\/\/insightcrime.org\/es\/category\/noticias-crimen-organizado-colombia\/"},"img":{"alt_text":"Grupo Criminal Oficina de Envigado, Colombia.","src":"https:\/\/i0.wp.com\/insightcrime.org\/wp-content\/uploads\/2026\/07\/Grupo-Criminal-Oficina-de-Envigado-Colombia.jpg?fit=1200%2C900&quality=100&ssl=1&resize=350%2C200","width":350,"height":200,"srcset":"https:\/\/i0.wp.com\/insightcrime.org\/wp-content\/uploads\/2026\/07\/Grupo-Criminal-Oficina-de-Envigado-Colombia.jpg?fit=1200%2C900&quality=100&ssl=1&resize=350%2C200 1x, https:\/\/i0.wp.com\/insightcrime.org\/wp-content\/uploads\/2026\/07\/Grupo-Criminal-Oficina-de-Envigado-Colombia.jpg?fit=1200%2C900&quality=100&ssl=1&resize=525%2C300 1.5x, https:\/\/i0.wp.com\/insightcrime.org\/wp-content\/uploads\/2026\/07\/Grupo-Criminal-Oficina-de-Envigado-Colombia.jpg?fit=1200%2C900&quality=100&ssl=1&resize=700%2C400 2x, https:\/\/i0.wp.com\/insightcrime.org\/wp-content\/uploads\/2026\/07\/Grupo-Criminal-Oficina-de-Envigado-Colombia.jpg?fit=1200%2C900&quality=100&ssl=1&resize=1050%2C600 3x"},"classes":[]},{"id":66349,"url":"https:\/\/insightcrime.org\/es\/noticias-crimen-organizado-colombia\/don-berna\/","url_meta":{"origin":4941,"position":1},"title":"Diego Fernando Murillo, alias &#8216;Don Berna&#8217;","author":"InSight Crime","date":"3 de julio de 2024","format":false,"excerpt":"Hasta su extradici\u00f3n a Estados Unidos en 2008, Diego Fernando Murillo, alias \u201cDon Berna\u201d, fue el l\u00edder del grupo mafioso de la Oficina de Envigado, el cual creci\u00f3 de las cenizas del Cartel de Medell\u00edn de Pablo Escobar.","rel":"","context":"En \u00abColombia\u00bb","block_context":{"text":"Colombia","link":"https:\/\/insightcrime.org\/es\/category\/noticias-crimen-organizado-colombia\/"},"img":{"alt_text":"Perfil criminal - Diego Fernando Murillo, alias 'Don Berna' - Colombia.","src":"https:\/\/i0.wp.com\/insightcrime.org\/wp-content\/uploads\/2026\/08\/Perfil-Criminal-Alias-Don-Berna-Colombia.jpg?fit=1200%2C900&quality=100&ssl=1&resize=350%2C200","width":350,"height":200,"srcset":"https:\/\/i0.wp.com\/insightcrime.org\/wp-content\/uploads\/2026\/08\/Perfil-Criminal-Alias-Don-Berna-Colombia.jpg?fit=1200%2C900&quality=100&ssl=1&resize=350%2C200 1x, https:\/\/i0.wp.com\/insightcrime.org\/wp-content\/uploads\/2026\/08\/Perfil-Criminal-Alias-Don-Berna-Colombia.jpg?fit=1200%2C900&quality=100&ssl=1&resize=525%2C300 1.5x, https:\/\/i0.wp.com\/insightcrime.org\/wp-content\/uploads\/2026\/08\/Perfil-Criminal-Alias-Don-Berna-Colombia.jpg?fit=1200%2C900&quality=100&ssl=1&resize=700%2C400 2x, https:\/\/i0.wp.com\/insightcrime.org\/wp-content\/uploads\/2026\/08\/Perfil-Criminal-Alias-Don-Berna-Colombia.jpg?fit=1200%2C900&quality=100&ssl=1&resize=1050%2C600 3x"},"classes":[]},{"id":233231,"url":"https:\/\/insightcrime.org\/es\/investigaciones\/espana-base-crimen-organizado-latinoamericano-europa\/","url_meta":{"origin":4941,"position":2},"title":"Espa\u00f1a: La base del crimen organizado latinoamericano en Europa","author":"Douwe den Held","date":"9 de febrero de 2021","format":false,"excerpt":"El 30 de abril de 1984, el Mercedes en que el ministro de Justicia de Colombia, Rodrigo Lara Bonilla, se dirig\u00eda a casa despu\u00e9s del trabajo, fue ametrallado por los temidos sicarios del narcotraficante Pablo Escobar.","rel":"","context":"En \u00abInvestigaciones\u00bb","block_context":{"text":"Investigaciones","link":"https:\/\/insightcrime.org\/es\/category\/investigaciones\/"},"img":{"alt_text":"","src":"https:\/\/i0.wp.com\/insightcrime.org\/wp-content\/uploads\/2021\/02\/Cocaine-pipeline-drug-smuggling-europe-Chapter-4.jpg?fit=1200%2C450&quality=100&ssl=1&resize=350%2C200","width":350,"height":200,"srcset":"https:\/\/i0.wp.com\/insightcrime.org\/wp-content\/uploads\/2021\/02\/Cocaine-pipeline-drug-smuggling-europe-Chapter-4.jpg?fit=1200%2C450&quality=100&ssl=1&resize=350%2C200 1x, https:\/\/i0.wp.com\/insightcrime.org\/wp-content\/uploads\/2021\/02\/Cocaine-pipeline-drug-smuggling-europe-Chapter-4.jpg?fit=1200%2C450&quality=100&ssl=1&resize=525%2C300 1.5x, https:\/\/i0.wp.com\/insightcrime.org\/wp-content\/uploads\/2021\/02\/Cocaine-pipeline-drug-smuggling-europe-Chapter-4.jpg?fit=1200%2C450&quality=100&ssl=1&resize=700%2C400 2x, https:\/\/i0.wp.com\/insightcrime.org\/wp-content\/uploads\/2021\/02\/Cocaine-pipeline-drug-smuggling-europe-Chapter-4.jpg?fit=1200%2C450&quality=100&ssl=1&resize=1050%2C600 3x"},"classes":[]},{"id":5276,"url":"https:\/\/insightcrime.org\/es\/noticias-crimen-organizado-brasil\/antonio-francisco-bonfim-lopes-alias-nem\/","url_meta":{"origin":4941,"position":3},"title":"Antonio Francisco Bonfim Lopes, alias &#8216;Nem&#8217;","author":"InSight Crime","date":"18 de julio de 2022","format":false,"excerpt":"Antonio Francisco Bonfim Lopes, alias \"Nem\", dirige a la pandilla de Amigos dos Amigos en Rocinha, una favela de unos 150.000 habitantes en el sur de R\u00edo de Janeiro. Fue capturado en noviembre de 2011 mientras intentaba huir de la favela, antes de que se presentara una invasi\u00f3n planeada por\u2026","rel":"","context":"En \u00abBrasil\u00bb","block_context":{"text":"Brasil","link":"https:\/\/insightcrime.org\/es\/category\/noticias-crimen-organizado-brasil\/"},"img":{"alt_text":"Perfil Criminal - Antonio Francisco Bonfim Lopes, Alias 'Nem' - Brasil.","src":"https:\/\/i0.wp.com\/insightcrime.org\/wp-content\/uploads\/2026\/08\/Perfil-Criminal-Alias-Nem-Brasil.jpg?fit=1200%2C900&quality=100&ssl=1&resize=350%2C200","width":350,"height":200,"srcset":"https:\/\/i0.wp.com\/insightcrime.org\/wp-content\/uploads\/2026\/08\/Perfil-Criminal-Alias-Nem-Brasil.jpg?fit=1200%2C900&quality=100&ssl=1&resize=350%2C200 1x, https:\/\/i0.wp.com\/insightcrime.org\/wp-content\/uploads\/2026\/08\/Perfil-Criminal-Alias-Nem-Brasil.jpg?fit=1200%2C900&quality=100&ssl=1&resize=525%2C300 1.5x, https:\/\/i0.wp.com\/insightcrime.org\/wp-content\/uploads\/2026\/08\/Perfil-Criminal-Alias-Nem-Brasil.jpg?fit=1200%2C900&quality=100&ssl=1&resize=700%2C400 2x, https:\/\/i0.wp.com\/insightcrime.org\/wp-content\/uploads\/2026\/08\/Perfil-Criminal-Alias-Nem-Brasil.jpg?fit=1200%2C900&quality=100&ssl=1&resize=1050%2C600 3x"},"classes":[]},{"id":4882,"url":"https:\/\/insightcrime.org\/es\/colombia-organized-crime-news\/dairo-antonio-usuga-alias-otoniel\/","url_meta":{"origin":4941,"position":4},"title":"Dairo Antonio \u00dasuga, alias &#8216;Otoniel&#8217;","author":"InSight Crime","date":"30 de enero de 2023","format":false,"excerpt":"Dairo Antonio \u00dasuga, alias \u201cOtoniel\u201d, fue el comandante en jefe de la organizaci\u00f3n criminal m\u00e1s poderosa de Colombia, y el hombre m\u00e1s buscado del pa\u00eds.","rel":"","context":"En \u00abColombia\u00bb","block_context":{"text":"Colombia","link":"https:\/\/insightcrime.org\/category\/colombia-organized-crime-news\/"},"img":{"alt_text":"Alias \"Otoniel\"","src":"https:\/\/i0.wp.com\/insightcrime.org\/wp-content\/uploads\/2026\/06\/Perfil-Criminal-Alias-Otoniel-1.jpg?fit=1200%2C900&quality=100&ssl=1&resize=350%2C200","width":350,"height":200,"srcset":"https:\/\/i0.wp.com\/insightcrime.org\/wp-content\/uploads\/2026\/06\/Perfil-Criminal-Alias-Otoniel-1.jpg?fit=1200%2C900&quality=100&ssl=1&resize=350%2C200 1x, https:\/\/i0.wp.com\/insightcrime.org\/wp-content\/uploads\/2026\/06\/Perfil-Criminal-Alias-Otoniel-1.jpg?fit=1200%2C900&quality=100&ssl=1&resize=525%2C300 1.5x, https:\/\/i0.wp.com\/insightcrime.org\/wp-content\/uploads\/2026\/06\/Perfil-Criminal-Alias-Otoniel-1.jpg?fit=1200%2C900&quality=100&ssl=1&resize=700%2C400 2x, https:\/\/i0.wp.com\/insightcrime.org\/wp-content\/uploads\/2026\/06\/Perfil-Criminal-Alias-Otoniel-1.jpg?fit=1200%2C900&quality=100&ssl=1&resize=1050%2C600 3x"},"classes":[]},{"id":200292,"url":"https:\/\/insightcrime.org\/es\/noticias\/escandalo-pasaportes-uruguay-preguntas-corrupcion-gobierno\/","url_meta":{"origin":4941,"position":5},"title":"Esc\u00e1ndalo de pasaportes en Uruguay suscita preguntas sobre corrupci\u00f3n en el gobierno","author":"Chris Dalby","date":"30 de septiembre de 2022","format":false,"excerpt":"La captura del jefe de custodia del presidente uruguayo en un presunto fraude con pasaportes es el segundo esc\u00e1ndalo de esas proporciones en el pa\u00eds y plantea interrogantes de si la corrupci\u00f3n en el gobierno ha pasado inadvertida por demasiado tiempo.","rel":"","context":"En \u00abNoticias\u00bb","block_context":{"text":"Noticias","link":"https:\/\/insightcrime.org\/es\/category\/noticias\/"},"img":{"alt_text":"Alejandro Astesiano (izq.) y presidente de Uruguay Luis Lacalle Pou","src":"https:\/\/i0.wp.com\/insightcrime.org\/wp-content\/uploads\/2022\/09\/foco-1-1.jpeg?fit=350%2C250&quality=100&ssl=1&resize=350%2C200","width":350,"height":200},"classes":[]}],"jetpack_featured_media_url":"https:\/\/i0.wp.com\/insightcrime.org\/wp-content\/uploads\/2012\/08\/es-a357c74e5dcf52fdc7e3c938e19974cd.jpg?fit=280%2C170&quality=100&ssl=1","_links":{"self":[{"href":"https:\/\/insightcrime.org\/es\/wp-json\/wp\/v2\/posts\/4941","targetHints":{"allow":["GET"]}}],"collection":[{"href":"https:\/\/insightcrime.org\/es\/wp-json\/wp\/v2\/posts"}],"about":[{"href":"https:\/\/insightcrime.org\/es\/wp-json\/wp\/v2\/types\/post"}],"author":[{"embeddable":true,"href":"https:\/\/insightcrime.org\/es\/wp-json\/wp\/v2\/users\/6"}],"replies":[{"embeddable":true,"href":"https:\/\/insightcrime.org\/es\/wp-json\/wp\/v2\/comments?post=4941"}],"version-history":[{"count":2,"href":"https:\/\/insightcrime.org\/es\/wp-json\/wp\/v2\/posts\/4941\/revisions"}],"predecessor-version":[{"id":71679,"href":"https:\/\/insightcrime.org\/es\/wp-json\/wp\/v2\/posts\/4941\/revisions\/71679"}],"wp:featuredmedia":[{"embeddable":true,"href":"https:\/\/insightcrime.org\/es\/wp-json\/wp\/v2\/media\/36670"}],"wp:attachment":[{"href":"https:\/\/insightcrime.org\/es\/wp-json\/wp\/v2\/media?parent=4941"}],"wp:term":[{"taxonomy":"category","embeddable":true,"href":"https:\/\/insightcrime.org\/es\/wp-json\/wp\/v2\/categories?post=4941"},{"taxonomy":"post_tag","embeddable":true,"href":"https:\/\/insightcrime.org\/es\/wp-json\/wp\/v2\/tags?post=4941"},{"taxonomy":"newspack_spnsrs_tax","embeddable":true,"href":"https:\/\/insightcrime.org\/es\/wp-json\/wp\/v2\/newspack_spnsrs_tax?post=4941"},{"taxonomy":"author","embeddable":true,"href":"https:\/\/insightcrime.org\/es\/wp-json\/wp\/v2\/coauthors?post=4941"}],"curies":[{"name":"wp","href":"https:\/\/api.w.org\/{rel}","templated":true}]}}