{"id":4957,"date":"2012-09-25T21:11:46","date_gmt":"2012-09-26T02:11:46","guid":{"rendered":"http:\/\/newwp.insightcrime.org?p=4957"},"modified":"2023-10-20T19:09:56","modified_gmt":"2023-10-21T00:09:56","slug":"la-estampida-del-miedo-en-la-frontera-colombo-venezolana","status":"publish","type":"post","link":"https:\/\/insightcrime.org\/es\/investigaciones\/la-estampida-del-miedo-en-la-frontera-colombo-venezolana\/","title":{"rendered":"La estampida del miedo en la frontera colombo-venezolana"},"content":{"rendered":"\n<p class=\"wp-block-paragraph\">Aunque ya no son las masas de hace una d\u00e9cada, a\u00fan demasiados colombianos que habitan en los l\u00edmites entre Colombia y Venezuela se est\u00e1n viendo forzados a huir de sus hogares para escapar de la violencia del viejo conflicto armado y de nuevas mafias criminales.<\/p>\n\n\n\n<blockquote class=\"wp-block-quote has-text-align-left is-layout-flow wp-block-quote-is-layout-flow\">\n<p class=\"has-text-align-left wp-block-paragraph\"><em><strong>Vea el reportaje especial completo de VerdadAbierta.com, con elementos multimedia, <a href=\"https:\/\/www.verdadabierta.com\/victimas-seccion\/desplazados\/4227-la-estampida-del-miedo-en-la-frontera-colombo-venezolana\" target=\"_blank\" rel=\"noopener\"><span style=\"text-decoration: underline;\">aqu\u00ed<\/span><\/a>.\u00a0<\/strong> <\/em><\/p>\n<\/blockquote>\n\n\n\n<p class=\"wp-block-paragraph\">Entre 2008 y 2011 se desplazaron en Norte de Santander m\u00e1s de 27.000 personas, y en el primer semestre de este a\u00f1o ya iban casi 1.000 personas que se han tenido que ir de sus hogares de af\u00e1n en grupos grandes, y muchas decenas m\u00e1s en forma individual.<\/p>\n\n\n\n<p class=\"wp-block-paragraph\">VerdadAbierta.com convers\u00f3 con algunas personas en plena hu\u00edda, constat\u00f3 como el conflicto entre el Estado y las guerrillas sigue forzando a la gente a desplazarse y cuenta qu\u00e9 tiene que ver el narcotr\u00e1fico en todo esto.<\/p>\n\n\n\n<div class=\"wp-block-media-text is-stacked-on-mobile is-vertically-aligned-center has-background\" style=\"background-color:#f4f6f3;grid-template-columns:22% auto\"><figure class=\"wp-block-media-text__media\"><a href=\"https:\/\/insightcrime.org\/wp-content\/uploads\/2023\/08\/Sombra_mafia_desplazamiento.pdf\" target=\"_blank\" rel=\"noreferrer noopener\"><img data-recalc-dims=\"1\" loading=\"lazy\" decoding=\"async\" width=\"793\" height=\"1024\" src=\"https:\/\/i0.wp.com\/insightcrime.org\/wp-content\/uploads\/2023\/10\/Screenshot-2023-10-20-at-4.59.22-PM.png?resize=793%2C1024&#038;quality=100&#038;ssl=1\" alt=\"\" class=\"wp-image-243853 size-thumbnail\" srcset=\"https:\/\/i0.wp.com\/insightcrime.org\/wp-content\/uploads\/2023\/10\/Screenshot-2023-10-20-at-4.59.22-PM.png?resize=793%2C1024&amp;quality=100&amp;ssl=1 793w, https:\/\/i0.wp.com\/insightcrime.org\/wp-content\/uploads\/2023\/10\/Screenshot-2023-10-20-at-4.59.22-PM.png?resize=232%2C300&amp;quality=100&amp;ssl=1 232w, https:\/\/i0.wp.com\/insightcrime.org\/wp-content\/uploads\/2023\/10\/Screenshot-2023-10-20-at-4.59.22-PM.png?resize=768%2C992&amp;quality=100&amp;ssl=1 768w, https:\/\/i0.wp.com\/insightcrime.org\/wp-content\/uploads\/2023\/10\/Screenshot-2023-10-20-at-4.59.22-PM.png?resize=400%2C517&amp;quality=100&amp;ssl=1 400w, https:\/\/i0.wp.com\/insightcrime.org\/wp-content\/uploads\/2023\/10\/Screenshot-2023-10-20-at-4.59.22-PM.png?resize=706%2C912&amp;quality=100&amp;ssl=1 706w, https:\/\/i0.wp.com\/insightcrime.org\/wp-content\/uploads\/2023\/10\/Screenshot-2023-10-20-at-4.59.22-PM.png?w=1042&amp;quality=100&amp;ssl=1 1042w, https:\/\/i0.wp.com\/insightcrime.org\/wp-content\/uploads\/2023\/10\/Screenshot-2023-10-20-at-4.59.22-PM-793x1024.png?w=370&amp;quality=100&amp;ssl=1 370w\" sizes=\"auto, (max-width: 793px) 100vw, 793px\" \/><\/a><\/figure><div class=\"wp-block-media-text__content\">\n<p class=\"has-text-color has-small-font-size wp-block-paragraph\" style=\"color:#161616ad;font-style:normal;font-weight:400;letter-spacing:0px\">*Este art\u00edculo hace parte de una investigaci\u00f3n de InSight Crime sobre la relaci\u00f3n entre el crimen organizado y el desplazamiento en la regi\u00f3n. Si desea leer la investigaci\u00f3n completa puede hacerlo <a href=\"https:\/\/insightcrime.org\/es\/investigaciones\/desplazados-en-latinoamerica\/\" target=\"_blank\" rel=\"noreferrer noopener\">aqu\u00ed<\/a>. Tambi\u00e9n puede descargar el PDF completo <a href=\"https:\/\/insightcrime.org\/wp-content\/uploads\/2023\/08\/Sombra_mafia_desplazamiento.pdf\" target=\"_blank\" rel=\"noreferrer noopener\">aqu\u00ed<\/a>. <\/p>\n<\/div><\/div>\n\n\n\n<p class=\"wp-block-paragraph\">\u00bfPor qu\u00e9 no par\u00f3 el desplazamiento?<\/p>\n\n\n\n<p class=\"wp-block-paragraph\">Entre 1998 y 2005, en Norte de Santander, el m\u00e1s poblado departamento al oriente colombiano, pegado a Venezuela, una brutal ofensiva las Autodefensas Unidas de Colombia (AUC), que se defin\u00edan como una fuerza ilegal contrainsurgente, invadi\u00f3 pueblos y veredas, asesin\u00f3, quem\u00f3, aterroriz\u00f3, y oblig\u00f3 a 114.000 hombres, mujeres y ni\u00f1os a salir despavoridos para salvar sus vidas. Estos paramilitares quer\u00edan, sobre todo, arrebatarle a las guerrillas las ganancias de la exportaci\u00f3n ilegal de coca\u00edna por la lucrativa ruta venezolana. Este negocio es m\u00e1s atractivo en esa parte del pa\u00eds. All\u00ed, en la selva del Catatumbo, crece frondosa la coca y se recogen seis cosechas y medio al a\u00f1o. Adem\u00e1s, como son subsidiados por el gobierno de Venezuela, la gasolina y otros insumos qu\u00edmicos, como el cemento y la acetona, que se usan para extraer la coca\u00edna de la hoja de esa planta, resultan particularmente baratos. En esta frontera porosa de 376 kil\u00f3metros, adem\u00e1s, son f\u00e1ciles todos los contrabandos, desde carb\u00f3n hasta ganado y es sencillo esconder cargas il\u00edcitas y escabullirse cuando el brazo de la ley act\u00faa. Los paramilitares buscaron tambi\u00e9n suplantar a las guerrillas de las Fuerzas Armadas Revolucionarias de Colombia, (FARC), y del Ej\u00e9rcito de Liberaci\u00f3n Nacional (ELN) en un territorio a donde hab\u00edan sido fuertes por m\u00e1s de dos d\u00e9cadas. Y al igual que en el resto del pa\u00eds, eso inclu\u00eda capturar a los gobiernos locales para conseguir rentas f\u00e1ciles y robar tierra para montar sus agroindustrias y haciendas ganaderas. Debido a una negociaci\u00f3n entre el gobierno nacional y las AUC, \u00e9ste grupo dej\u00f3 las armas desde 2004. En noviembre 25, los 1.425 integrantes del Bloque Catatumbo se desmovilizaron oficialmente.<\/p>\n\n\n\n<blockquote class=\"wp-block-quote is-layout-flow wp-block-quote-is-layout-flow\">\n<p class=\"wp-block-paragraph\"><span style=\"color: #800000\"><strong>VEA TAMBI\u00c9N:<\/strong><\/span>&nbsp;<a target=\"_blank\" href=\"\/perfil-del-crimen-organizado\/colombia\" rel=\"noopener\">Noticias y perfiles de Colombia<\/a><\/p>\n<\/blockquote>\n\n\n\n<p class=\"wp-block-paragraph\">Los nortesantandereanos creyeron que eso marcaba el fin de su tragedia; que hab\u00eda llegado el tiempo de reconstruir. El gobierno, acatando una en\u00e9rgica sentencia de la Corte Suprema de Justicia en defensa de la poblaci\u00f3n v\u00edctima del conflicto armado tambi\u00e9n de 2004, comenz\u00f3 a mejorar sus sistemas de atenci\u00f3n y de ayuda a los desplazados. Eran insuficientes, pero en las comunas 6, 7 y 8 al norte y al occidente de C\u00facuta, la capital del departamento, a donde hab\u00edan llegado miles a levantar sus improvisados ranchos, el Estado y las organizaciones civiles, como los sacerdotes cat\u00f3licos Scalabrini y otros voluntarios italianos, alemanes y venezolanos, ven\u00edan construyendo barrios, ampliando cupos escolares, montando centros de salud. Si la avalancha de desplazados hubiera terminado ah\u00ed, seguramente hoy ya habr\u00eda tranquilidad, pero no fue as\u00ed.<\/p>\n\n\n\n<p class=\"wp-block-paragraph\">Pronto mandos medios de las antiguas autodefensas que no dejaron las armas reorganizaron sus bandas criminales al servicio de los negocios ilegales de la frontera que nunca dejaron de fluir. Grupos de otras partes del pa\u00eds llegaron a la lucrativa zona. Para 2007, entre locales y for\u00e1neos, ya hab\u00eda en la frontera varios grupos aterrorizando a la gente: Urabe\u00f1os, Rastrojos, y \u00faltimamente, una banda que quiere tener apellido pseudo-pol\u00edtico y se hace llamar las Autodefensas de Norte de Santander. Hoy estas bandas est\u00e1n desplazando familias trabajadoras que viven al l\u00edmite entre los dos pa\u00edses, desde Puerto Santander al norte de C\u00facuta, hasta Ragonvalia en el sur. Tambi\u00e9n est\u00e1 desplazando a la poblaci\u00f3n civil al norte del departamento la vieja guerra colombiana, por la cual la fuerza p\u00fablica intenta sacar a las guerrillas del norte selv\u00e1tico del territorio. En El Tarra, norte de Tib\u00fa, San Calixto, Teorama y Oca\u00f1a, a cada envi\u00f3n del Ej\u00e9rcito, la guerrilla siembra m\u00e1s minas en el campo, y dinamita m\u00e1s estaciones de polic\u00eda y bases militares, muchas de las cuales est\u00e1n en medio de las casas de la gente. Evitando quedar entre fuegos cruzados, las familias huyen, se mudan de zona, van y vuelven, y pasan hambre y a sus hijos les queda marcado el miedo.<\/p>\n\n\n\n<h3 class=\"wp-block-heading\" id=\"h-la-gente-sigue-huyendo\">La gente sigue huyendo:<\/h3>\n\n\n\n<p class=\"wp-block-paragraph\">Cuentan que en los peores tiempos, por all\u00e1 entre 1999 y 2002, cuando la arremetida violenta de los paramilitares de las AUC en el Catatumbo, esa selva entre Colombia y Venezuela al norte del departamento de Norte de Santander, expulsaba diariamente a cinco familias por d\u00eda de Tib\u00fa y a dos de El Tarra, los ni\u00f1os, apostados sobre las pilas de hoja de coca, pon\u00edan en la mira imaginaria de sus palos al transe\u00fante, mientras gritaban el traqueteo de las metralletas.<\/p>\n\n\n\n<p class=\"wp-block-paragraph\">Una d\u00e9cada despu\u00e9s, esos paramilitares ya no existen pues dejaron las armas a fines de 2004, pero a esos ni\u00f1os que jugaban a imitar a los guerreros no les mejor\u00f3 mucho la vida. Menos de la mitad de los que viven en el pueblo El Tarra completan la primaria, y apenas el 14 por ciento terminan el bachillerato. All\u00ed y en Tib\u00fa, la mayor\u00eda de los j\u00f3venes no saben hacer mucho y tienen poco para hacer. Pueden meterse a raspachines \u2013como se le dice en Colombia al oficio cosechar la hoja de coca \u2013 porque hay coca sembrada en m\u00e1s de 3.000 hect\u00e1reas; los ej\u00e9rcitos legales e ilegales se los pelean. Faltan las v\u00edas, beben agua mala y los esfuerzos oficiales por brindar salud y educaci\u00f3n son como remiendos que no alcanzan a cubrir los agujeros de la pobreza.<\/p>\n\n\n\n<p class=\"wp-block-paragraph\">El nuevo gobierno ha reforzado batallones y bases militares que intentan mantener a raya a la guerrilla que acecha, intentando recuperar el territorio perdido en Catatumbo. En El Tarra abundan los uniformados, hay una estaci\u00f3n de polic\u00eda y una base militar. Tambi\u00e9n hay otra a cuatro minutos en autom\u00f3vil, en una aldea llamada Motilonia (los colonos de la regi\u00f3n llamaron motilones a los ind\u00edgenas Bari por la forma en que se cortaban el pelo). Desde El Tarra, el ej\u00e9rcito intenta con dificultad avanzar selva adentro, pues la guerrilla bloquea rutas, siembra minas, lanza explosivos y protege sus cultivos il\u00edcitos a muerte.<\/p>\n\n\n\n<p class=\"wp-block-paragraph\">En diciembre de 2011 las FARC lanzaron una granada contra la estaci\u00f3n de polic\u00eda; en enero y febrero de 2012 hubo 13 combates en la zona rural y seg\u00fan actores humanitarios de la regi\u00f3n, unas 800 personas salieron de sus casas buscando refugio. Algunos se desplazan por unos d\u00edas, se refugian incluso en la casa del personero o del alcalde, y despu\u00e9s regresan a sus casas.<img data-recalc-dims=\"1\" decoding=\"async\" loading=\"lazy\" style=\"border: 1px solid #000000;margin: 10px auto\" src=\"https:\/\/i0.wp.com\/es.insightcrime.org\/images\/1.jpg?resize=620%2C413&#038;quality=100&#038;ssl=1\" alt=\"1\" height=\"413\" width=\"620\"><\/p>\n\n\n\n<p class=\"wp-block-paragraph\">\u201cHuir es una estrategia de protecci\u00f3n de la gente\u201d, dijo una persona que atiende la cat\u00e1strofe humanitaria en la regi\u00f3n. En marzo pasado, en San Pablo, Teorama, otro municipio de Catatumbo, iba entrando la fuerza p\u00fablica este a\u00f1o y la guerrilla la atac\u00f3. Hubo varios muertos y heridos, entre ellos una mujer y un beb\u00e9. La poblaci\u00f3n huy\u00f3, pero para cuando lleg\u00f3 la ayuda de emergencia, ya la gente hab\u00eda vuelto a sus casas. En esos d\u00edas de terror, sin embargo, cuando m\u00e1s necesitaron atenci\u00f3n m\u00e9dica y sicol\u00f3gica, alimentos y abrigo, no hubo nadie que los auxiliara.<\/p>\n\n\n\n<p class=\"wp-block-paragraph\">El 14 de mayo, como a las 11 de la ma\u00f1ana, se arm\u00f3 la balacera en Filo El Gringo, otro pueblito de El Tarra. Las FARC tiraron un cilindro explosivo contra el puesto m\u00f3vil del Ej\u00e9rcito que queda enfrente a la escuela primaria. Los militares abrieron fuego y la escuela llena de ni\u00f1os qued\u00f3 en medio del tiroteo. Por a\u00f1os la escuela hab\u00eda estado vac\u00eda, despu\u00e9s de que en 2001 las autodefensas sacaran corriendo a las familias de este corregimiento ejemplarmente organizado y bonito, quemando sus casas y amedrentando a todos. La gente progresista de Filo El Gringo comenz\u00f3 a retornar en 2008, pero ahora la guerra ha vuelto a aterrorizarlos y los ni\u00f1os no quieren volver a estudiar.<\/p>\n\n\n\n<p class=\"wp-block-paragraph\">El pasado 11 de junio, luego de un ataque a la base militar de Motilonia que destruy\u00f3 varias casas de la gente, 33 familias salieron corriendo hacia el pueblo. Al poco tiempo todas las familias de esa vereda, unas 86 en total, huyeron \u201cpor f\u00edsico y mero miedo\u201d, como dijo el personero Alexander Collantes al diario local, La Opini\u00f3n, y se refugiaron en una finca que tiene la Alcald\u00eda pegada al pueblo. Diecinueve ni\u00f1os no quieren volver al colegio, dice un funcionario que los atiende, tienen pesadillas cargadas de olor a p\u00f3lvora y algunos se orinan en la cama.<\/p>\n\n\n\n<p class=\"wp-block-paragraph\">La iron\u00eda de Motilonia, como dijo un entrevistado con sonrisa agria, es que es casi la \u00fanica vereda del Catatumbo donde la gente no vive de la coca. All\u00ed las familias aprendieron a cultivar el pescado cachama en estanques. Durante el d\u00eda la gente ha seguido yendo a ver sus cachamas, pero \u00e9stas no reciben el cuidado que requieren y adem\u00e1s el zumbido de las balas y estruendo de las explosiones las aturde y no engordan como deber\u00edan.<\/p>\n\n\n\n<p class=\"wp-block-paragraph\">V\u00edctor Ram\u00f3n Navarro, conocido como Megateo, jefe de frente del Ej\u00e9rcito Popular de Liberaci\u00f3n, una guerrilla desmovilizada en su mayor\u00eda en 1991, sobrevivi\u00f3 la invasi\u00f3n paramilitar y ha construido un poder considerable sobre la base de un narco-emporio y la ejecuci\u00f3n de obras p\u00fablicas y sociales en beneficio de la comunidad. En el territorio bajo su dominio, el n\u00famero de personas forzadas a desplazarse ha sido constantemente alto en los \u00faltimos a\u00f1os.<\/p>\n\n\n\n<p class=\"wp-block-paragraph\">De Tib\u00fa, por decirlo as\u00ed la capital del Catatumbo, tambi\u00e9n est\u00e1n huyendo, de a diez personas por mes, seg\u00fan report\u00f3 a fin de junio La Opini\u00f3n. Pero all\u00ed no es la guerra la que desarraiga y desplaza, sino son las bandas de criminales que extorsionan y matonean para conseguir dinero r\u00e1pido de quienes lo han conseguido con a\u00f1os de trabajo. En Tib\u00fa un grupo de delincuentes que dice ser de los Rastrojos, el ej\u00e9rcito privado creado por un narcotraficante del departamento del Valle al sur del pa\u00eds hacia 2004, es el que extorsiona. La gente no los denuncia porque desconf\u00eda, sabe que siempre hay infiltrados en la fuerza p\u00fablica. De vez en cuando la polic\u00eda da un golpe, y captura a unos cuantos criminales, pero la fila de j\u00f3venes dispuestos a reemplazarlos es larga, pues hay mucho dinero en juego, y salvo su desdichada vida, tienen poco qu\u00e9 perder.<\/p>\n\n\n\n<p class=\"wp-block-paragraph\">Dijo un especialista en desarrollo rural que conoce bien la zona, que el narcotr\u00e1fico se ha ido comiendo al Estado y a las mismas guerrillas como el comej\u00e9n devora la madera en estas tierras tropicales, y cuando hay debilidad en la jefatura, cualquiera hace lo que le d\u00e9 la gana. As\u00ed, cada petardo aparece como hecho terrorista, cuando detr\u00e1s hay pleitos de negocios por el tr\u00e1fico ilegal de gasolina, qu\u00edmicos para preparar la coca\u00edna, fertilizantes, lavado de dineros, en los que tambi\u00e9n est\u00e1n involucrados agentes estatales.<\/p>\n\n\n\n<h3 class=\"wp-block-heading\" id=\"h-el-desplazamiento-forzado-por-el-crimen\">El desplazamiento forzado por el crimen<\/h3>\n\n\n\n<p class=\"wp-block-paragraph\">Puerto Santander, un municipio al norte de la zona metropolitana de C\u00facuta es algo as\u00ed como la puerta de entrada del comercio ilegal a Venezuela. All\u00ed el ambiente es aparentemente tranquilo y las cifras oficiales de desplazamiento son bajitas. No es porque haya paz, como dice un oficial de la polic\u00eda, m\u00e1s bien es porque all\u00ed el dominio de Los Rastrojos es casi absoluto.<\/p>\n\n\n\n<p class=\"wp-block-paragraph\">Sin embargo, de sus veredas, como hormigas van saliendo personas que se van volviendo inc\u00f3modas para los hombres armados. Es lo que sucedi\u00f3 con Adolfo y Rosita [los nombres han sido cambiados por razones de seguridad]. \u00c9l un modest\u00edsimo tejedor de mimbre y fabricante artesanal de zapatos y ella una l\u00edder innata que no sab\u00eda que lo era, se instalaron en esa aldea y poco a poco fueron haci\u00e9ndose a un peque\u00f1o capital. Primero ten\u00eda Adolfo ten\u00eda que caminar para vender los zapatos y las sillas por todas esas veredas. Despu\u00e9s ya pudo comprar su bicicleta y ah\u00ed empez\u00f3 a rendirle m\u00e1s el dinero y mejor\u00f3 su rancho. Vinieron los hijos y por una docena de a\u00f1os vivieron tranquilos, prosperando. Los vecinos les propusieron que se metieran a la junta comunal y despu\u00e9s, cuando \u00e9l result\u00f3 elegido edil, su mujer entr\u00f3 tambi\u00e9n a la liderar la comunidad.<\/p>\n\n\n\n<p class=\"wp-block-paragraph\">\u201cLos paramilitares se desmovilizaron en el 2004, pero ellos dejaron otra gente, como haga de cuenta yo irme y dejar a los hijos que sigan trabajando aqu\u00ed este tallercito, porque eso fue lo que pas\u00f3\u201d, dijo el zapatero a VerdadAbierta.com. (vea el <a href=\"https:\/\/www.verdadabierta.com\/index.php?option=com_content&amp;id=4227\">video<\/a> donde cuenta su historia).<\/p>\n\n\n\n<p class=\"wp-block-paragraph\">Esa gente que dej\u00f3 los \u2018paras\u2019 puso a uno de los suyos de presidente de la junta de acci\u00f3n comunal, y los vecinos de la vereda no volvieron a las reuniones. Los pistoleros entonces culparon a Rosita de haberlos instigado en contra de ellos. La tensi\u00f3n subi\u00f3 a medida que motociclistas armados ven\u00edan a preguntar por ella cada vez m\u00e1s seguido. Al final, Adolfo y Rosita salieron y dejaron todo tirado. Se instalaron en otro municipio de Norte de Santander, a empezar de cero. Lograron malvender la casita despu\u00e9s de unos meses, y el gobierno le dio a Adolfo el equivalente a unos 700 d\u00f3lares para que montara su taller. Apenas si le alcanz\u00f3 para comprarse un calentador que derrite la goma con que le pega la suela a los zapatos y algunos instrumentos b\u00e1sicos. Paga arriendo y se arriesga a viajar a Catatumbo porque por all\u00e1 puede vender mejor sus zapatos: sus sandalias a 12.000 pesos (US$6.60), botas de jean, a 15.000 pesos (US$8). Si tuviera un cliente fijo, quiz\u00e1s podr\u00eda salir de la pobreza en que lo dejaron. Pero Adolfo no se queja, al menos no le mataron a ning\u00fan hijo.<\/p>\n\n\n\n<p class=\"wp-block-paragraph\">\u201cEl gobierno cree que uno con un mill\u00f3n de pesos (US$555) va a montar empresa, tiene que estar muy de buenas y ganarse la loter\u00eda\u201d, dijo Adolfo con pesar. Todas las ferias y capacitaciones que le han dado no le devuelven su taller bien montado, ni la buena vida que hab\u00edan construido con su esposa y que tuvieron que abandonar. Los muchachos criminales que los forzaron a salir siguen all\u00ed en su vereda como si nada.<\/p>\n\n\n\n<p class=\"has-text-align-center wp-block-paragraph\">***<\/p>\n\n\n\n<p class=\"wp-block-paragraph\">En un corregimiento a menos de dos horas de C\u00facuta, la capital de Norte de Santander, un departamento de mill\u00f3n y medio de habitantes, la extensa familia de Chepe ven\u00eda prosperando en paz, hasta que lleg\u00f3 el d\u00eda de la madre. [Su nombre ha sido cambiado para proteger su identidad.] \u00c9l hab\u00eda comenzado con un lote que le dio la reforma agraria hace 39 a\u00f1os, y despu\u00e9s con esfuerzo fue comprando lotes vecinos para sus siete hijos. En lugar de estudiar, ellos prefirieron el campo, aprendieron a cultivar el arroz, y entre todos, tomaron cr\u00e9ditos y compraron maquinaria, una combinada que sirve para arar y cosechar, y varios tractores. La modesta y amplia casa de los padres serv\u00eda para los encuentros de la extensa familia que se multiplic\u00f3 hasta sumar 33 personas, entre ellos, 16 ni\u00f1os.<\/p>\n\n\n\n<p class=\"wp-block-paragraph\">Las bendiciones, Chepe las supo repartir entre los vecinos. Formaron juntos una cooperativa productora de arroz para sumar fuerzas. Seis mujeres dieron a luz en su carro, que serv\u00eda de improvisada ambulancia veredal. Quien quisiera ten\u00eda siempre un viaje gratis cuando Chepe, sal\u00eda en su camioneta, y no son pocos los parceleros a quienes este campesino sonriente les prest\u00f3 sin cobrarles su combinada para darles una mano con sus cultivos. \u201cSon de lo mejor entre la gente de esa regi\u00f3n, trabajadores y honrados\u201d, nos dijo a los reporteros de VerdadAbierta.com, un vecino del lugar que alguna vez le hizo un trabajo.<img data-recalc-dims=\"1\" decoding=\"async\" loading=\"lazy\" style=\"margin-left: auto;margin-right: auto\" src=\"https:\/\/i0.wp.com\/es.insightcrime.org\/images\/15-20-08_desplazados.jpg?resize=668%2C501&#038;quality=100&#038;ssl=1\" alt=\"15-20-08 desplazados\" height=\"501\" width=\"668\"><\/p>\n\n\n\n<p class=\"wp-block-paragraph\">Todav\u00eda se les asoman las l\u00e1grimas a los ojos, no sabe uno si de rabia o de tristeza, cuando cuentan el d\u00eda del ataque en mayo pasado. El almuerzo para celebrar el d\u00eda de la madre ya hab\u00eda pasado, y s\u00f3lo quedaba parte de la familia y algunos ni\u00f1os en la casa paterna. De pronto sintieron ruidos y empez\u00f3 la balacera. La se\u00f1ora de Chepe sali\u00f3 corriendo a cerrar la puerta, y cruz\u00e1ndose por entre las balas que perforaban el metal y las paredes, levant\u00f3 un colch\u00f3n y se lo arroj\u00f3 encima a los ni\u00f1os para protegerlos.<\/p>\n\n\n\n<p class=\"wp-block-paragraph\">Despu\u00e9s se escuch\u00f3 el estallido de la granada. Los ni\u00f1os lloraban bajito, aterrorizados. A los atacantes \u2013dicen ellos que quiz\u00e1s eran como 15, una jovencita incluida\u2013 se les debi\u00f3 estrellar la granada contra una reja alta que proteg\u00eda la casa y se les devolvi\u00f3 y debi\u00f3 herir a algunos, porque despu\u00e9s de lanzarla, salieron corriendo y unos iban cojeando. Los hijos que escucharon los tiros y las explosiones desde las casas vecinas corrieron a socorrerlos, pero ya se hab\u00edan ido los maleantes. Aterrorizados partieron todos, con mujeres, ni\u00f1os, con algunas cobijas y lo que pudieron meter en la camioneta que tambi\u00e9n hab\u00eda salido averiada por la granada. Esa noche durmieron en la sede de la alcald\u00eda y al d\u00eda siguiente se instalaron en una escuela, mientras pensaban qu\u00e9 hacer.<\/p>\n\n\n\n<p class=\"wp-block-paragraph\">El asalto fue sorpresivo pero los perpetradores no. En las semanas anteriores, en tres ocasiones, un par de muchachos en motocicleta y armados, hab\u00edan venido a advertirles a Chepe y a sus hijos que deb\u00edan darles cinco millones de pesos mensuales o si no que se atuvieran a las consecuencias. A \u00e9l le hubiera gustado poder pagar por su tranquilidad, pero no pod\u00eda. Con los precios del arroz por el piso, apenas si le queda para cumplir sus pagos a los bancos que financian sus cultivos. Hac\u00eda unos a\u00f1os ya le hab\u00eda pasado algo similar, y entonces acudi\u00f3 al Gaula (polic\u00eda especializada en secuestro y extorsi\u00f3n) y cogieron a los bandidos. Ahora da m\u00e1s miedo. Seis familias cercanas de El Zulia tuvieron que huir a Venezuela cuando fueron extorsionadas por la misma banda. Un jovencito de 14 a\u00f1os que intent\u00f3 proteger a un familiar lo asesinaron.<\/p>\n\n\n\n<p class=\"wp-block-paragraph\">Es desesperante ver a este campesino exitoso, trabajador, aut\u00f3nomo, pasando penurias con sus hijos y nietos, arrinconados en una escuela hace casi dos meses. Para comer tienen lo que les regala la Alcald\u00eda, mientras su maquinaria agr\u00edcola por la que est\u00e1n pagando a cr\u00e9dito est\u00e1 ociosa. La polic\u00eda les dijo que se devolvieran a su casa, que ya hab\u00edan capturado al jefe de la banda, pero Chepe intent\u00f3 regresar y vio pasar de cerca a dos de los motociclistas sospechosos. Al contrario de los j\u00f3venes sinverg\u00fcenza que les quer\u00edan robar el producido de su trabajo, Chepe y sus hijos s\u00ed tienen una vida buena qu\u00e9 perder, y por eso no se arriesgan a volver. Sue\u00f1an con irse lejos, a donde no tengan que aguzar el o\u00eddo para adivinar si el ruido de la moto que se acerca significa que han vuelto para matarlos. (ver entrevista con Chepe en video).<\/p>\n\n\n\n<p class=\"wp-block-paragraph\">\u201cNo es coincidencia que saquen a la familia de Chepe de la regi\u00f3n, es una manera de mandarle a todos los dem\u00e1s un mensaje de intimidaci\u00f3n. \u2018\u00bfSi la m\u00e1s prestigiosa y fuerte familia de la vereda la atacaron as\u00ed, qu\u00e9 nos pasar\u00e1 a nosotros si no pagamos?\u2019, se preguntar\u00e1n los vecinos\u201d, dijo una funcionaria de C\u00facuta con una larga experiencia en la atenci\u00f3n a desplazados.<\/p>\n\n\n\n<p class=\"wp-block-paragraph\">El coronel \u00c1lvaro Pico, experto en inteligencia que hoy comanda la Polic\u00eda de C\u00facuta y de su \u00e1rea metropolitana le asegur\u00f3 a VerdadAbierta.com que ya ha puesto tras las rejas a 180 maleantes de los grupos que sucesivamente han ido apareciendo desde la desmovilizaci\u00f3n de las AUC. Primero hubo \u00c1guilas Negras, despu\u00e9s los Rastrojos se hicieron due\u00f1os del bajo mundo de las ciudades y cuando \u00e9stos fueron golpeados, los Urabe\u00f1os, otro grupo fundado por un jefe de las AUC que tuvo poder en el golfo de Urab\u00e1, en la costa Caribe colombiana, llegaron a ocupar el lugar.<\/p>\n\n\n\n<p class=\"wp-block-paragraph\">Las utilidades del negocio del tr\u00e1fico de estupefacientes alcanzan para financiar varias generaciones de j\u00f3venes ambiciosos o confundidos o mis\u00e9rrimos para que sean la carne de ca\u00f1\u00f3n del fabuloso negocio. Las 3.490 hect\u00e1reas de coca que, calcul\u00f3 la <a href=\"https:\/\/www.unodc.org\/colombia\/index.html\" target=\"_blank\" rel=\"noopener\">Oficina de Naciones Unidas contra la Droga y el Delito<\/a>, hab\u00eda en el Catatumbo en 2011 produjeron poco m\u00e1s de 17 toneladas de coca\u00edna pura, que en Colombia tuvieron un precio de mercado de 42 millones de d\u00f3lares, los que se volvieron unos dos mil millones de d\u00f3lares en la calles de las ciudades estadounidenses.<\/p>\n\n\n\n<p class=\"wp-block-paragraph\">La provisi\u00f3n de precursores qu\u00edmicos tambi\u00e9n deja ganancias gordas. Seg\u00fan los c\u00e1lculos de la Polic\u00eda, los Rastrojos le sacaron en 2010 un promedio de 1.000 millones de pesos mensuales \u2013 US$unos 580.000 \u2013 a la venta de gasolina. La diferencia del precio entre Colombia y Venezuela hace que este insumo com\u00fan para el procesamiento de la hoja de coca sea otro negocio. Del lado colombiano la gasolina cuesta 16 veces m\u00e1s que del otro lado de la frontera.<\/p>\n\n\n\n<p class=\"wp-block-paragraph\">Por momentos, las ganancias de la coca\u00edna han mermado. Por ejemplo, en 2006, despu\u00e9s del retiro de los paramilitares quienes hab\u00edan extendido el cultivo de coca hasta cubrir casi 10 mil hect\u00e1reas, el \u00e1rea sembrada disminuy\u00f3 veinte veces, y las ventas quedaron reducidas a menos del 10 por ciento de los a\u00f1os de la bonanza de las AUC. En los siguientes a\u00f1os, para compensar, los cultivadores casi en su totalidad auspiciados por las FARC, consiguieron sacarle m\u00e1s cosechas al a\u00f1o a cada cultivo \u2013en promedio 6,2\u2013 y mejorar la eficiencia, seg\u00fan explic\u00f3 un funcionario del programa gubernamental de erradicaci\u00f3n de cultivos a VerdadAbierta.com. Pero para 2009, el \u00e1rea cultivada se volvi\u00f3 a extender y el mercado floreci\u00f3 de nuevo.<\/p>\n\n\n\n<p class=\"wp-block-paragraph\">Cuando el mercado baja, los pistoleros de las bandas criminales buscan dinero f\u00e1cil en los barrios; empujan la droga, roban y extorsionan a qui\u00e9nes ven como presa f\u00e1cil. Eso est\u00e1 forzando a mucha gente que no puede o no quiere pagar a salir huyendo hacia Venezuela, hacia otros pueblos del mismo departamento o a otros barrios de la misma capital. Con el \u00e9xodo de la gente buena, los malos se hacen m\u00e1s fuertes, y el poder los va llevando a abusar m\u00e1s: a sacar a alguien que no quiso entregarles un hijo para su grupo o a otro que vive justo donde quieren abrirle paso a una ruta clandestina de contrabando.<\/p>\n\n\n\n<p class=\"wp-block-paragraph\">\u201cDespu\u00e9s de 2004 s\u00ed disminuy\u00f3 la violencia, pero hacia 2007, empez\u00f3 otro fen\u00f3meno muy claro que tiene que ver con el tema de droga, liderazgo y venta\u201d, dijo a VerdadAbierta.com un educador de la Ciudadela Juan Atalaya, integrada por barrios donde la tercera parte de la poblaci\u00f3n son personas que llegaron huyendo por sus vidas. Es su forma de decir que ahora hay pugnas barriales por el control del micro-tr\u00e1fico de bazuco y coca\u00edna, un crimen que ech\u00f3 ra\u00edces en C\u00facuta en los tiempos en que el negocio internacional hab\u00eda deca\u00eddo.<\/p>\n\n\n\n<p class=\"wp-block-paragraph\">Las cifras demuestran que C\u00facuta, una ciudad luminosa donde se aguanta mejor el calor por la brisa constante, es el gran receptor de los desplazados del departamento, pero tambi\u00e9n el gran expulsor. La extorsi\u00f3n, la amenaza, el ambiente s\u00f3rdido que se teje alrededor de los negocios ilegales, empujaron en 2010 a 500 cucute\u00f1os a dejar sus hogares, o por lo menos esos son los casos registrados por el gobierno. Ese mismo a\u00f1o llegaron a la ciudad otras 724 personas huyendo de otra parte. Desde 2005 hasta el 31 de marzo de 2011, el gobierno registr\u00f3 22.669 personas que llegaron desplazadas a la ciudad capital, y cuatro de cada diez de estas eran j\u00f3venes y ni\u00f1os.<\/p>\n\n\n\n<p class=\"wp-block-paragraph\">El padre Francesco Bortignon de la comunidad misionera de los scalabrinianos lleva doce a\u00f1os sirviendo a estas comunidades de los barrios de C\u00facuta y explica que hay desplazamiento local porque ya la gente se siente amenazada con una mala mirada y prefiere irse a arriesgarse; o porque le cobran \u2018vacuna\u2019 y no la puede pagar. Y desde hace un a\u00f1o y medio volvieron a llegar a C\u00facuta los desplazados provenientes del Catatumbo, de la guerra del Estado contra la guerrilla. En una semana les est\u00e1n llegando de repente la petici\u00f3n de de diez cupos en el colegio de ni\u00f1os que vienen desplazados de otras zonas.<\/p>\n\n\n\n<p class=\"wp-block-paragraph\">\u201cLos desplazados que recibo cada d\u00eda son descripciones que dan pena, y le puedo asegurar que el 60 por ciento son l\u00e1grimas de miseria\u201d, dice el padre. \u201c\u00bfC\u00f3mo puedo estar desplazado desde hace cuatro o cinco meses y un pedazo de papel me dice que me atienden si me enfermo pero soy tan pobre que no tengo ni plata para ir por all\u00e1?\u201d<\/p>\n\n\n\n<p class=\"wp-block-paragraph\">Son varias las entidades que atienden a los desplazados en Norte de Santander. La principal es la antigua Acci\u00f3n Social, que ahora pas\u00f3 a llamarse Unidad de V\u00edctimas y hace parte de una nueva entidad m\u00e1s grande que se llama Departamento de la Prosperidad Social. El cambio burocr\u00e1tico ha complicado la atenci\u00f3n de los desplazados, m\u00e1s cuando en Filo El Gringo, en Motilonia, en Villa del Rosario o en C\u00facuta, los que hoy piden ayuda de emergencia ya la hab\u00edan recibido en a\u00f1os anteriores cuando hab\u00edan sido desplazados la primera vez. As\u00ed por ejemplo, desplazados de El Tarra de enero reci\u00e9n fueron aceptados en el sistema para quedar oficialmente registrados como desplazados en junio. Sin ese registro oficial no tienen acceso a cupos en los colegios, ni dineros de auxilios, ni atenci\u00f3n prioritaria en salud.<\/p>\n\n\n\n<p class=\"wp-block-paragraph\">El gobierno de Juan Manuel Santos anunci\u00f3 a comienzos del a\u00f1o una inversi\u00f3n multimillonaria (el equivalente a unos US$450 millones) en protecci\u00f3n social y mejoramiento de servicios para Norte de Santander. Pero la gente en terreno es esc\u00e9ptica.<\/p>\n\n\n\n<p class=\"wp-block-paragraph\">Seg\u00fan un informe de gesti\u00f3n de la gerencia para la regi\u00f3n del Catatumbo durante el per\u00edodo 2004-2011 se invirtieron 175.000 millones de pesos (US$97.000) en atenci\u00f3n humanitaria, desarrollo econ\u00f3mico, desarrollo social, gobernabilidad, justicia y seguridad y ordenamiento de la propiedad. El gobierno nacional no consult\u00f3 ni con la comunidad ni con los gobiernos locales, c\u00f3mo invertir esos dineros. Seg\u00fan una fuente conocedora, los oficiales militares estaban muy molestos porque, sabiendo que la consolidaci\u00f3n del territorio depend\u00eda de la eficacia de la inversi\u00f3n social, la plata se embolataba en manos de contratistas amigos de pol\u00edticos locales con el visto bueno de funcionarios nacionales. Varios alcaldes y l\u00edderes comunitarios hoy se preguntan d\u00f3nde qued\u00f3 ese dinero porque la mayor\u00eda de la obras no se ven.<\/p>\n\n\n\n<p class=\"wp-block-paragraph\">Al Estado, que a\u00fan no consigue atender y resarcir a las v\u00edctimas de antes como debiera, se le siguen presentando nuevas v\u00edctimas o las mismas de antes, vueltas a victimizar. En este rinc\u00f3n de Colombia, adem\u00e1s, la tragedia es doble, pues al desplazamiento masivo de la vieja guerra que contin\u00faa, se le suma otro desplazamiento forzado igualmente cruel, el de las bandas criminales. Y el aumento de los cultivos de la coca en 2011, el crecimiento del desplazamiento forzado en El Tarra en Catatumbo en 2012 y bandas criminales que r\u00e1pidamente reemplazan a los que han golpeado las autoridades, son malos augurios de que el \u00e9xodo forzado de esta frontera caliente va a continuar por muchos a\u00f1os.<\/p>\n\n\n\n<p class=\"wp-block-paragraph\"><em>*Vea el reportaje completo de VerdadAbierta.com, con elementos multimedia <a href=\"https:\/\/www.verdadabierta.com\/index.php?option=com_content&amp;id=4227\" target=\"_blank\" rel=\"noopener\">aqu\u00ed.<\/a>\u00a0<\/em><\/p>\n","protected":false},"excerpt":{"rendered":"<p>Aunque ya no son las masas de hace una d\u00e9cada, a\u00fan demasiados colombianos que habitan en los l\u00edmites entre Colombia y Venezuela se est\u00e1n viendo forzados a huir de sus hogares para escapar de la violencia del viejo conflicto armado y de nuevas mafias criminales.<\/p>\n","protected":false},"author":97,"featured_media":36739,"comment_status":"closed","ping_status":"closed","sticky":false,"template":"single-feature.php","format":"standard","meta":{"newspack_ads_suppress_ads":false,"newspack_popups_has_disabled_popups":false,"newspack_sponsor_sponsorship_scope":"","newspack_sponsor_native_byline_display":"inherit","newspack_sponsor_native_category_display":"inherit","newspack_sponsor_underwriter_style":"inherit","newspack_sponsor_underwriter_placement":"inherit","_EventAllDay":false,"_EventTimezone":"","_EventStartDate":"","_EventEndDate":"","_EventStartDateUTC":"","_EventEndDateUTC":"","_EventShowMap":false,"_EventShowMapLink":false,"_EventURL":"","_EventCost":"","_EventCostDescription":"","_EventCurrencySymbol":"","_EventCurrencyCode":"","_EventCurrencyPosition":"","_EventDateTimeSeparator":"","_EventTimeRangeSeparator":"","_EventOrganizerID":[],"_EventVenueID":[],"_OrganizerEmail":"","_OrganizerPhone":"","_OrganizerWebsite":"","_VenueAddress":"","_VenueCity":"","_VenueCountry":"","_VenueProvince":"","_VenueState":"","_VenueZip":"","_VenuePhone":"","_VenueURL":"","_VenueStateProvince":"","_VenueLat":"","_VenueLng":"","_VenueShowMap":false,"_VenueShowMapLink":false,"_newspack_byline_active":false,"_newspack_byline":"","newspack_hide_updated_date":false,"newspack_show_updated_date":false,"newspack_featured_image_position":"above","newspack_post_subtitle":"","newspack_article_summary_title":"Overview:","newspack_article_summary":"","_jetpack_memberships_contains_paid_content":false,"footnotes":""},"categories":[342],"tags":[368,466,1542,2857],"newspack_spnsrs_tax":[],"coauthors":[3741],"class_list":["post-4957","post","type-post","status-publish","format-standard","has-post-thumbnail","hentry","category-investigaciones","tag-colombia-pais","tag-desplazados","tag-farc-ep","tag-los-rastrojos-es","entry"],"parsely":{"version":"1.1.0","canonical_url":"https:\/\/insightcrime.org\/es\/investigaciones\/la-estampida-del-miedo-en-la-frontera-colombo-venezolana\/","smart_links":{"inbound":0,"outbound":0},"traffic_boost_suggestions_count":0,"meta":{"@context":"https:\/\/schema.org","@type":"NewsArticle","headline":"La estampida del miedo en la frontera colombo-venezolana","url":"http:\/\/insightcrime.org\/es\/investigaciones\/la-estampida-del-miedo-en-la-frontera-colombo-venezolana\/","mainEntityOfPage":{"@type":"WebPage","@id":"http:\/\/insightcrime.org\/es\/investigaciones\/la-estampida-del-miedo-en-la-frontera-colombo-venezolana\/"},"thumbnailUrl":"https:\/\/i0.wp.com\/insightcrime.org\/wp-content\/uploads\/2012\/09\/en-f6eb4e07ae4e91398796ac5a7ad27b55.jpg?resize=150%2C150&quality=100&ssl=1","image":{"@type":"ImageObject","url":"https:\/\/i0.wp.com\/insightcrime.org\/wp-content\/uploads\/2012\/09\/en-f6eb4e07ae4e91398796ac5a7ad27b55.jpg?fit=1654%2C1176&quality=100&ssl=1"},"articleSection":"Investigaciones","author":[{"@type":"Person","name":"Verdadabierta.com"}],"creator":["Verdadabierta.com"],"publisher":{"@type":"Organization","name":"InSight Crime","logo":"https:\/\/insightcrime.org\/wp-content\/uploads\/2023\/08\/logo.png"},"keywords":["colombia","desplazados","farc","rastrojos"],"dateCreated":"2012-09-26T02:11:46Z","datePublished":"2012-09-26T02:11:46Z","dateModified":"2023-10-21T00:09:56Z"},"rendered":"<meta name=\"parsely-title\" content=\"La estampida del miedo en la frontera colombo-venezolana\" \/>\n<meta name=\"parsely-link\" content=\"http:\/\/insightcrime.org\/es\/investigaciones\/la-estampida-del-miedo-en-la-frontera-colombo-venezolana\/\" \/>\n<meta name=\"parsely-type\" content=\"post\" \/>\n<meta name=\"parsely-image-url\" content=\"https:\/\/i0.wp.com\/insightcrime.org\/wp-content\/uploads\/2012\/09\/en-f6eb4e07ae4e91398796ac5a7ad27b55.jpg?resize=150%2C150&amp;quality=100&amp;ssl=1\" \/>\n<meta name=\"parsely-pub-date\" content=\"2012-09-26T02:11:46Z\" \/>\n<meta name=\"parsely-section\" content=\"Investigaciones\" \/>\n<meta name=\"parsely-tags\" content=\"colombia,desplazados,farc,rastrojos\" \/>\n<meta name=\"parsely-author\" content=\"Verdadabierta.com\" \/>","tracker_url":"https:\/\/cdn.parsely.com\/keys\/insightcrime.org\/p.js"},"jetpack_sharing_enabled":true,"jetpack-related-posts":[{"id":150190,"url":"https:\/\/insightcrime.org\/es\/noticias\/pandemia-no-detuvo-desplazamientos-colombia\/","url_meta":{"origin":4957,"position":0},"title":"La pandemia no detuvo los desplazamientos en Colombia","author":"Juan Diego Posada","date":"12 de julio de 2021","format":false,"excerpt":"La pandemia no ha hecho nada para reducir los enfrentamientos entre actores criminales en Colombia, con un aumento de la violencia a principios de 2021, lo que ha disparado el n\u00famero de personas que huyen de sus hogares.","rel":"","context":"En \u00abNoticias\u00bb","block_context":{"text":"Noticias","link":"https:\/\/insightcrime.org\/es\/category\/noticias\/"},"img":{"alt_text":"","src":"https:\/\/i0.wp.com\/insightcrime.org\/wp-content\/uploads\/2019\/03\/Colombia-Displacement.jpg?fit=350%2C250&quality=100&ssl=1&resize=350%2C200","width":350,"height":200},"classes":[]},{"id":179422,"url":"https:\/\/insightcrime.org\/es\/noticias\/violencia-extrema-desplazando-poblacion-michoacan-mexico\/","url_meta":{"origin":4957,"position":1},"title":"Violencia extrema sigue desplazando la poblaci\u00f3n de Michoac\u00e1n, M\u00e9xico","author":"Scott Mistler-Ferguson","date":"3 de marzo de 2022","format":false,"excerpt":"A\u00fan sin esclarecerse las circunstancias que rodearon la ejecuci\u00f3n de 17 personas a plena luz del d\u00eda en un funeral en el estado de Michoac\u00e1n, M\u00e9xico, es indudable que esos episodios de volencia extrema son los responsables del desplazamiento forzado masivo en la regi\u00f3n.\u00a0","rel":"","context":"En \u00abNoticias\u00bb","block_context":{"text":"Noticias","link":"https:\/\/insightcrime.org\/es\/category\/noticias\/"},"img":{"alt_text":"Funcionarios inspeccionan la zona donde se produjo el tiroteo","src":"https:\/\/i0.wp.com\/insightcrime.org\/wp-content\/uploads\/2022\/03\/San-Jose-de-Gracia.jpeg?fit=350%2C250&quality=100&ssl=1&resize=350%2C200","width":350,"height":200},"classes":[]},{"id":247041,"url":"https:\/\/insightcrime.org\/es\/noticias\/3-tendencias-marcaron-reclutamiento-infantil-conflicto-colombiano\/","url_meta":{"origin":4957,"position":2},"title":"3 tendencias que marcaron el reclutamiento infantil en el conflicto colombiano","author":"Juliana Manjarr\u00e9s","date":"20 de noviembre de 2023","format":false,"excerpt":"Colombia sigue encontrando obst\u00e1culos para proteger los derechos de ni\u00f1os y ni\u00f1as que son reclutados forzosamente por grupos armados y criminales a pesar de que el gobierno negocia la paz con unos de los actores armados m\u00e1s grandes del pa\u00eds.\u00a0","rel":"","context":"En \u00abNoticias\u00bb","block_context":{"text":"Noticias","link":"https:\/\/insightcrime.org\/es\/category\/noticias\/"},"img":{"alt_text":"The ELN is one of the groups with the highest numbers of child recruitment in Colombia.","src":"https:\/\/i0.wp.com\/insightcrime.org\/wp-content\/uploads\/2023\/11\/WZCIWIXQUFDDBGQ2LPOPEXXEZY-1.jpg?fit=350%2C250&quality=100&ssl=1&resize=350%2C200","width":350,"height":200},"classes":[]},{"id":232659,"url":"https:\/\/insightcrime.org\/es\/noticias\/nuevas-dinamicas-reclutamiento-forzado-colombia\/","url_meta":{"origin":4957,"position":3},"title":"3 conclusiones del informe de UNICEF sobre el reclutamiento de ni\u00f1os y ni\u00f1as en Colombia","author":"Lara Loaiza","date":"6 de junio de 2023","format":false,"excerpt":"Un reciente estudio pone en evidencia los cambios en los patrones de reclutamiento de menores de edad por parte de los grupos armados y criminales colombianos en los \u00faltimos a\u00f1os.\u00a0\u00a0 El estudio, realizado por UNICEF y el Instituto Colombiano de Bienestar Familiar (ICBF), analiz\u00f3 los registros de los 2.181 ni\u00f1os,\u2026","rel":"","context":"En \u00abNoticias\u00bb","block_context":{"text":"Noticias","link":"https:\/\/insightcrime.org\/es\/category\/noticias\/"},"img":{"alt_text":"A child recruit Ni\u00f1o reclutado por el ELN cargando un arma","src":"https:\/\/i0.wp.com\/insightcrime.org\/wp-content\/uploads\/2023\/09\/Colombia-ChildRecruitment-Lockdown-Coronavirus.jpg?fit=350%2C249&quality=100&ssl=1&resize=350%2C200","width":350,"height":200},"classes":[]},{"id":232495,"url":"https:\/\/insightcrime.org\/es\/noticias\/ano-paz-total-colombia-menos-violencia-criminales-fuertes\/","url_meta":{"origin":4957,"position":4},"title":"Un a\u00f1o de Paz Total en Colombia: menos violencia, grupos criminales m\u00e1s fuertes","author":"Yago Rosado","date":"24 de agosto de 2023","format":false,"excerpt":"Tras un a\u00f1o del inicio del proyecto de Paz Total del presidente colombiano Gustavo Petro, un informe describe el fortalecimiento de los grupos criminales, aunque haya disminuido la violencia contra el Estado colombiano.","rel":"","context":"En \u00abNoticias\u00bb","block_context":{"text":"Noticias","link":"https:\/\/insightcrime.org\/es\/category\/noticias\/"},"img":{"alt_text":"El presidente Gustavo Petro el d\u00eda de su posesi\u00f3n presidencial","src":"https:\/\/i0.wp.com\/insightcrime.org\/wp-content\/uploads\/2023\/09\/Petro-1.jpg?fit=350%2C250&quality=100&ssl=1&resize=350%2C200","width":350,"height":200},"classes":[]},{"id":183197,"url":"https:\/\/insightcrime.org\/es\/noticias\/quibdo-foco-violencia-colombia\/","url_meta":{"origin":4957,"position":5},"title":"Quibd\u00f3: el nuevo foco de violencia del noroccidente colombiano","author":"Sara Garcia","date":"22 de abril de 2022","format":false,"excerpt":"ompimiento de una alianza entre bandas locales tiene en vilo a los habitantes de Quibd\u00f3, en el departamento de Choc\u00f3. La vinculaci\u00f3n de grupos criminales m\u00e1s grandes en las din\u00e1micas de la disputa, podr\u00eda llevar a un escenario de seguridad a\u00fan m\u00e1s complejo.","rel":"","context":"En \u00abNoticias\u00bb","block_context":{"text":"Noticias","link":"https:\/\/insightcrime.org\/es\/category\/noticias\/"},"img":{"alt_text":"","src":"https:\/\/i0.wp.com\/insightcrime.org\/wp-content\/uploads\/2022\/04\/Cerosetenta-Quibdo%CC%81.jpeg?fit=350%2C247&quality=100&ssl=1&resize=350%2C200","width":350,"height":200},"classes":[]}],"jetpack_featured_media_url":"https:\/\/i0.wp.com\/insightcrime.org\/wp-content\/uploads\/2012\/09\/en-f6eb4e07ae4e91398796ac5a7ad27b55.jpg?fit=1654%2C1176&quality=100&ssl=1","_links":{"self":[{"href":"https:\/\/insightcrime.org\/es\/wp-json\/wp\/v2\/posts\/4957","targetHints":{"allow":["GET"]}}],"collection":[{"href":"https:\/\/insightcrime.org\/es\/wp-json\/wp\/v2\/posts"}],"about":[{"href":"https:\/\/insightcrime.org\/es\/wp-json\/wp\/v2\/types\/post"}],"author":[{"embeddable":true,"href":"https:\/\/insightcrime.org\/es\/wp-json\/wp\/v2\/users\/97"}],"replies":[{"embeddable":true,"href":"https:\/\/insightcrime.org\/es\/wp-json\/wp\/v2\/comments?post=4957"}],"version-history":[{"count":6,"href":"https:\/\/insightcrime.org\/es\/wp-json\/wp\/v2\/posts\/4957\/revisions"}],"predecessor-version":[{"id":243921,"href":"https:\/\/insightcrime.org\/es\/wp-json\/wp\/v2\/posts\/4957\/revisions\/243921"}],"wp:featuredmedia":[{"embeddable":true,"href":"https:\/\/insightcrime.org\/es\/wp-json\/wp\/v2\/media\/36739"}],"wp:attachment":[{"href":"https:\/\/insightcrime.org\/es\/wp-json\/wp\/v2\/media?parent=4957"}],"wp:term":[{"taxonomy":"category","embeddable":true,"href":"https:\/\/insightcrime.org\/es\/wp-json\/wp\/v2\/categories?post=4957"},{"taxonomy":"post_tag","embeddable":true,"href":"https:\/\/insightcrime.org\/es\/wp-json\/wp\/v2\/tags?post=4957"},{"taxonomy":"newspack_spnsrs_tax","embeddable":true,"href":"https:\/\/insightcrime.org\/es\/wp-json\/wp\/v2\/newspack_spnsrs_tax?post=4957"},{"taxonomy":"author","embeddable":true,"href":"https:\/\/insightcrime.org\/es\/wp-json\/wp\/v2\/coauthors?post=4957"}],"curies":[{"name":"wp","href":"https:\/\/api.w.org\/{rel}","templated":true}]}}