{"id":5014,"date":"2012-10-31T17:05:13","date_gmt":"2017-03-27T23:51:44","guid":{"rendered":"http:\/\/newwp.insightcrime.org?p=5014"},"modified":"2023-04-24T15:28:13","modified_gmt":"2023-04-24T20:28:13","slug":"mi-sangre-capo-colombiano-es-capturado-en-argentina","status":"publish","type":"post","link":"https:\/\/insightcrime.org\/es\/noticias\/analisis\/mi-sangre-capo-colombiano-es-capturado-en-argentina\/","title":{"rendered":"&#8216;Mi Sangre&#8217;, Capo Colombiano, es Capturado en Argentina"},"content":{"rendered":"\n<p class=\"wp-block-paragraph\">La captura en Buenos Aires de uno de los m\u00e1ximos l\u00edderes del grupo <a href=\"\/perfil-del-crimen-organizado\/colombia\" target=\"_blank\">colombiano<\/a> de los <a href=\"\/groups-colombia\/urabenos\" target=\"_blank\">Urabe\u00f1os<\/a> resalta el estatus de Argentina como santuario para los grandes capos colombianos y al mismo tiempo genera dudas sobre c\u00f3mo afectar\u00e1 su arresto a la expansi\u00f3n del grupo.<\/p>\n\n\n\n<p class=\"wp-block-paragraph\">Henry de Jes\u00fas L\u00f3pez, alias <a href=\"\/noticias\/analisis\/mi-sangre\" target=\"_blank\">\u201cMi Sangre\u201d<\/a>, fue arrestado en un supermercado de Buenos Aires el 30 de octubre mientras se encontraba en la compa\u00f1\u00eda de su esposa y 10 guardaespaldas, <a href=\"https:\/\/www.eltiempo.com\/justicia\/ARTICULO-WEB-NEW_NOTA_INTERIOR-12346161.html\" target=\"_blank\">seg\u00fan report\u00f3 El Tiempo<\/a>. \u00c9l era uno de los principales l\u00edderes de los Urabe\u00f1os, una organizaci\u00f3n narcotraficante cuyo poder se encuentra concentrado a lo largo de la costa caribe\u00f1a de Colombia. Mi Sangre habr\u00eda estado a cargo de liderar la incursi\u00f3n de los Urabe\u00f1os en Medell\u00edn, la segunda ciudad m\u00e1s grande de Colombia, donde el grupo criminal ya controla parte de los barrios perif\u00e9ricos.<\/p>\n\n\n\n<p class=\"wp-block-paragraph\">Seg\u00fan El Tiempo, Mi Sangre lleg\u00f3 a Argentina en 2010 y viaj\u00f3 frecuentemente entre Colombia, Ecuador, Venezuela y Uruguay. \u00c9l se encontraba en Buenos Aires posando como un empresario venezolano y estaba presuntamente solicitando una visa para vivir en Ecuador.<\/p>\n\n\n\n<p class=\"wp-block-paragraph\">[<a href=\"\/noticias\/analisis\/mi-sangre\" target=\"_blank\">Vea el perfil completo de InSight Crime aqu\u00ed<\/a>]<\/p>\n\n\n\n<p class=\"wp-block-paragraph\">El Tiempo se\u00f1ala que este l\u00edder urabe\u00f1o fue finalmente arrestado gracias a informaci\u00f3n de inteligencia de un informante, qui\u00e9n seguramente recibir\u00e1 una recompensa de USD$ 1.2 millones. El diario tambi\u00e9n describe la sofisticada operaci\u00f3n de inteligencia que se llev\u00f3 a cabo para rastrear los movimientos de Mi Sangre en Buenos Aires, incluyendo un artefacto satelital que fue escondido en uno de sus carros.<\/p>\n\n\n\n<p class=\"wp-block-paragraph\">Mi Sangre cuenta con un largo prontuario criminal. Fue parte del grupo paramilitar Autodefensas Unidas de Colombia (<a href=\"\/groups-colombia\/auc\" target=\"_blank\">AUC<\/a>), desmoviliz\u00e1ndose formalmente de ese grupo en 2005. Pero, como muchos otros combatientes desmovilizados, volvi\u00f3 a entrar al mundo criminal, para hacer parte de las operaciones de los Urabe\u00f1os en la regi\u00f3n del Urab\u00e1 en el norte de Antioquia. Su importancia en la jerarqu\u00eda de los Urabe\u00f1os fue aumentando luego de que el l\u00edder del ala militar del grupo, Juan de Dios \u00dasuga, alias <a href=\"\/personalities-colombia\/juan-de-dios-usuga-giovanni\" target=\"_blank\">\u201cGiovanni\u201d<\/a>, fue muerto en enero de 2012.<\/p>\n\n\n\n<h3 class=\"wp-block-heading\">An\u00e1lisis de InSight Crime<\/h3>\n\n\n\n<p class=\"wp-block-paragraph\">Mi Sangre, de 41 a\u00f1os, era conocido en Colombia por su habilidad de evadir las capturas y de sobrevivir en el mundo del hampa, a\u00fan cuando muchos de sus compa\u00f1eros eran dados de baja o capturados. El hecho de que finalmente haya sido arrestado en el extranjero (no ten\u00eda una orden formal de captura en Colombia hasta marzo de 2012) es un testimonio del tipo de cooperaci\u00f3n transnacional e interinstitucional que se necesita para capturar a capos narcotraficantes escurridizos. Seg\u00fan El Tiempo, la polic\u00eda judicial colombiana, la inteligencia argentina, la DEA y la Interpol participaron en las operaciones de inteligencia que llevaron al arresto de Mi Sangre.<\/p>\n\n\n\n<p class=\"wp-block-paragraph\">La captura llama la atenci\u00f3n al n\u00famero de criminales de alto perfil colombianos que han buscado refugio en la capital argentina. Un sicario que trabajaba para Daniel <a href=\"\/personalities-colombia\/daniel-barrera-barrera-el-loco-barrera\" target=\"_blank\">\u201cEl Loco\u201d<\/a> Barrera fue <a href=\"\/news\/analysis\/hitmans-death-higlights-argentina-as-rr-site-for-drug-traffickers\" target=\"_blank\">asesinado en Buenos Aires en abril<\/a>. La esposa de Barrera tambi\u00e9n fue arrestada ese mes en la misma ciudad. Seg\u00fan El Tiempo, el l\u00edder de los Urabe\u00f1os, Dar\u00edo Antonio \u00dasuga, alias <a href=\"\/personalities-colombia\/dario-antonio-usuga-otoniel\" target=\"_blank\">\u201cOtoniel\u201d<\/a>, le orden\u00f3 expl\u00edcitamente a Mi Sangre que se fuera de Colombia por razones de seguridad, y que usara Argentina como su nuevo escondite. Todo esto apunta al estatus de Argentina como un \u00e1rea para descanso y recuperaci\u00f3n de narcotraficantes colombianos que buscan guardar un bajo perfil.<\/p>\n\n\n\n<p class=\"wp-block-paragraph\">La cuesti\u00f3n es ahora si el arresto de Mi Sangre va a frenar la expansi\u00f3n proyectada de los Urabe\u00f1os. Virtualmente, todos los grandes grupos narcotraficantes de Colombia han perdido a sus l\u00edderes en operaciones llevadas a cabo en los \u00faltimos dos a\u00f1os: Barrera fue arrestado en septiembre, los <a href=\"\/groups-colombia\/rastrojos\" target=\"_blank\">Rastrojos<\/a> perdieron <a href=\"\/personalities-colombia\/diego-perez-henao-diego-rastrojo\">su l\u00edder militar<\/a> y <a href=\"\/personalities-colombia\/javier-antonio-calle-serna-comba\" target=\"_blank\">su m\u00e1ximo l\u00edder<\/a>, el grupo de Medell\u00edn conocido como la Oficina de Envigado vio caer a <a href=\"\/personalities-colombia\/maximiliano-bonilla-orozco-valenciano\" target=\"_blank\">su comandante<\/a> (y de paso a <a href=\"\/personalities-colombia\/ericson-vargas-cardona-sebastian\" target=\"_blank\">su rival<\/a>). La captura de Mi Sangre es prueba de que los Urabe\u00f1os no son inmunes.<\/p>\n\n\n\n<p class=\"wp-block-paragraph\">Todos estos casos reflejan la habilidad de las autoridades colombianas de rastrear y arrestar las cabezas de las organizaciones criminales. Pero, mientras es claro que las autoridades policiales colombianas han probado que pueden \u201cdecapitar\u201d las organizaciones, el reto que queda es desmantelar las redes criminales que quedan atr\u00e1s.<\/p>\n","protected":false},"excerpt":{"rendered":"<p>La captura en Buenos Aires de uno de los m\u00e1ximos l\u00edderes del grupo <a href=\"perfil-del-crimen-organizado\/colombia\" target=\"_blank\">colombiano<\/a> de los <a href=\"\/groups-colombia\/urabenos\" target=\"_blank\">Urabe\u00f1os<\/a> resalta el estatus de Argentina como santuario para los grandes capos colombianos y al mismo tiempo genera dudas sobre c\u00f3mo afectar\u00e1 su arresto a la expansi\u00f3n del grupo.<\/p>\n","protected":false},"author":4,"featured_media":36835,"comment_status":"closed","ping_status":"closed","sticky":false,"template":"","format":"standard","meta":{"newspack_ads_suppress_ads":false,"newspack_popups_has_disabled_popups":false,"newspack_sponsor_sponsorship_scope":"","newspack_sponsor_native_byline_display":"inherit","newspack_sponsor_native_category_display":"inherit","newspack_sponsor_underwriter_style":"inherit","newspack_sponsor_underwriter_placement":"inherit","_EventAllDay":false,"_EventTimezone":"","_EventStartDate":"","_EventEndDate":"","_EventStartDateUTC":"","_EventEndDateUTC":"","_EventShowMap":false,"_EventShowMapLink":false,"_EventURL":"","_EventCost":"","_EventCostDescription":"","_EventCurrencySymbol":"","_EventCurrencyCode":"","_EventCurrencyPosition":"","_EventDateTimeSeparator":"","_EventTimeRangeSeparator":"","_EventOrganizerID":[],"_EventVenueID":[],"_OrganizerEmail":"","_OrganizerPhone":"","_OrganizerWebsite":"","_VenueAddress":"","_VenueCity":"","_VenueCountry":"","_VenueProvince":"","_VenueState":"","_VenueZip":"","_VenuePhone":"","_VenueURL":"","_VenueStateProvince":"","_VenueLat":"","_VenueLng":"","_VenueShowMap":false,"_VenueShowMapLink":false,"_newspack_byline_active":false,"_newspack_byline":"","newspack_hide_updated_date":false,"newspack_show_updated_date":false,"newspack_featured_image_position":"","newspack_post_subtitle":"","newspack_article_summary_title":"Overview:","newspack_article_summary":"","_jetpack_memberships_contains_paid_content":false,"footnotes":""},"categories":[340],"tags":[368,2927,1498,490],"newspack_spnsrs_tax":[],"coauthors":[3660],"class_list":["post-5014","post","type-post","status-publish","format-standard","has-post-thumbnail","hentry","category-analisis","tag-colombia-pais","tag-gaitanistas","tag-mi-sangre-es","tag-oficina-de-envigado-es","entry"],"parsely":{"version":"1.1.0","canonical_url":"https:\/\/insightcrime.org\/es\/noticias\/analisis\/mi-sangre-capo-colombiano-es-capturado-en-argentina\/","smart_links":{"inbound":0,"outbound":0},"traffic_boost_suggestions_count":0,"meta":{"@context":"https:\/\/schema.org","@type":"NewsArticle","headline":"&#8216;Mi Sangre&#8217;, Capo Colombiano, es Capturado en Argentina","url":"http:\/\/insightcrime.org\/es\/noticias\/analisis\/mi-sangre-capo-colombiano-es-capturado-en-argentina\/","mainEntityOfPage":{"@type":"WebPage","@id":"http:\/\/insightcrime.org\/es\/noticias\/analisis\/mi-sangre-capo-colombiano-es-capturado-en-argentina\/"},"thumbnailUrl":"https:\/\/i0.wp.com\/insightcrime.org\/wp-content\/uploads\/2012\/10\/es-98fd104a10357987e6f8d1058a37d056.jpg?resize=150%2C150&quality=100&ssl=1","image":{"@type":"ImageObject","url":"https:\/\/i0.wp.com\/insightcrime.org\/wp-content\/uploads\/2012\/10\/es-98fd104a10357987e6f8d1058a37d056.jpg?fit=323%2C195&quality=100&ssl=1"},"articleSection":"An\u00e1lisis","author":[{"@type":"Person","name":"Elyssa Pachico"}],"creator":["Elyssa Pachico"],"publisher":{"@type":"Organization","name":"InSight Crime","logo":"https:\/\/insightcrime.org\/wp-content\/uploads\/2023\/08\/logo.png"},"keywords":["colombia","gaitanistas","mi sangre","oficina de envigado"],"dateCreated":"2017-03-27T23:51:44Z","datePublished":"2017-03-27T23:51:44Z","dateModified":"2023-04-24T20:28:13Z"},"rendered":"<meta name=\"parsely-title\" content=\"&#8216;Mi Sangre&#8217;, Capo Colombiano, es Capturado en Argentina\" \/>\n<meta name=\"parsely-link\" content=\"http:\/\/insightcrime.org\/es\/noticias\/analisis\/mi-sangre-capo-colombiano-es-capturado-en-argentina\/\" \/>\n<meta name=\"parsely-type\" content=\"post\" \/>\n<meta name=\"parsely-image-url\" content=\"https:\/\/i0.wp.com\/insightcrime.org\/wp-content\/uploads\/2012\/10\/es-98fd104a10357987e6f8d1058a37d056.jpg?resize=150%2C150&amp;quality=100&amp;ssl=1\" \/>\n<meta name=\"parsely-pub-date\" content=\"2017-03-27T23:51:44Z\" \/>\n<meta name=\"parsely-section\" content=\"An\u00e1lisis\" \/>\n<meta name=\"parsely-tags\" content=\"colombia,gaitanistas,mi sangre,oficina de envigado\" \/>\n<meta name=\"parsely-author\" content=\"Elyssa Pachico\" \/>","tracker_url":"https:\/\/cdn.parsely.com\/keys\/insightcrime.org\/p.js"},"jetpack_sharing_enabled":true,"jetpack-related-posts":[{"id":209122,"url":"https:\/\/insightcrime.org\/es\/noticias\/otoniel-se-declara-culpable-adios-al-ultimo-capo-de-colombia\/","url_meta":{"origin":5014,"position":0},"title":"Otoniel se declara culpable: adi\u00f3s a la vieja guardia de capos de Colombia","author":"Juan Diego Posada","date":"26 de enero de 2023","format":false,"excerpt":"Otoniel, el antiguo jefe de los Urabe\u00f1os, se declar\u00f3 culpable de varios delitos ante una jueza en Estados Unidos. Su declaraci\u00f3n pone fin a una era dominada por los capos de Colombia en el narcotr\u00e1fico mundial. El bajo mundo criminal de Colombia ya no est\u00e1 dominado por poderosos capos de\u2026","rel":"","context":"En \u00abNoticias\u00bb","block_context":{"text":"Noticias","link":"https:\/\/insightcrime.org\/es\/category\/noticias\/"},"img":{"alt_text":"","src":"https:\/\/i0.wp.com\/insightcrime.org\/wp-content\/uploads\/2023\/01\/Colombia-police-escort-Dairo-Antonio-Usuga-Otoniel-May-2022-AP23025714047594-A2.jpg?fit=1200%2C690&quality=100&ssl=1&resize=350%2C200","width":350,"height":200,"srcset":"https:\/\/i0.wp.com\/insightcrime.org\/wp-content\/uploads\/2023\/01\/Colombia-police-escort-Dairo-Antonio-Usuga-Otoniel-May-2022-AP23025714047594-A2.jpg?fit=1200%2C690&quality=100&ssl=1&resize=350%2C200 1x, https:\/\/i0.wp.com\/insightcrime.org\/wp-content\/uploads\/2023\/01\/Colombia-police-escort-Dairo-Antonio-Usuga-Otoniel-May-2022-AP23025714047594-A2.jpg?fit=1200%2C690&quality=100&ssl=1&resize=525%2C300 1.5x, https:\/\/i0.wp.com\/insightcrime.org\/wp-content\/uploads\/2023\/01\/Colombia-police-escort-Dairo-Antonio-Usuga-Otoniel-May-2022-AP23025714047594-A2.jpg?fit=1200%2C690&quality=100&ssl=1&resize=700%2C400 2x, https:\/\/i0.wp.com\/insightcrime.org\/wp-content\/uploads\/2023\/01\/Colombia-police-escort-Dairo-Antonio-Usuga-Otoniel-May-2022-AP23025714047594-A2.jpg?fit=1200%2C690&quality=100&ssl=1&resize=1050%2C600 3x"},"classes":[]},{"id":170193,"url":"https:\/\/insightcrime.org\/es\/noticias\/significa-realmente-arresto-otoniel-colombia\/","url_meta":{"origin":5014,"position":1},"title":"\u00bfQu\u00e9 significa realmente el arresto de Otoniel para Colombia?","author":"Chris Dalby","date":"25 de octubre de 2021","format":false,"excerpt":"Dairo Antonio \u00dasuga, alias \u201cOtoniel\u201d, era el hombre m\u00e1s buscado en Colombia. Su arresto se consideraba tan importante, que\u00a0se ofreci\u00f3\u00a0una recompensa de US$5 millones por su cabeza. En poco tiempo ser\u00e1 extraditado a Estados Unidos para enfrentar una larga lista de cargos federales.","rel":"","context":"En \u00abNews\u00bb","block_context":{"text":"News","link":"https:\/\/insightcrime.org\/category\/news\/"},"img":{"alt_text":"Dario Antonio \u00dasuga, alias \u201cOtoniel,\" after his arrest in Colombia","src":"https:\/\/i0.wp.com\/insightcrime.org\/wp-content\/uploads\/2021\/10\/Colombia-pone-jaque-al-Clan-del-Golfo-con-captura-de.jpg?fit=350%2C250&quality=100&ssl=1&resize=350%2C200","width":350,"height":200},"classes":[]},{"id":343761,"url":"https:\/\/insightcrime.org\/es\/noticias\/colombia-condena-30-anos-mas-prision-otoniel-lider-urabenos\/","url_meta":{"origin":5014,"position":2},"title":"Colombia condena a alias &#8216;Otoniel&#8217; mientras el Clan del Golfo afianza su poder","author":"Creusa Mu\u00f1oz","date":"8 de junio de 2026","format":false,"excerpt":"Alias \u201cOtoniel\u201d, exl\u00edder del Clan del Golfo, fue condenado a 30 a\u00f1os de prisi\u00f3n en Colombia, sumando una nueva sentencia a la pena de 45 a\u00f1os que cumple en Estados Unidos por narcotr\u00e1fico.","rel":"","context":"En \u00abNoticias\u00bb","block_context":{"text":"Noticias","link":"https:\/\/insightcrime.org\/es\/category\/noticias\/"},"img":{"alt_text":"","src":"https:\/\/i0.wp.com\/insightcrime.org\/wp-content\/uploads\/2026\/06\/InSight-Crime-1200x675-Colombia-Drug-Lord-Dairo-Antonio-Usuga-alias-Otoniel-leader-of-the-violent-Clan-del-Golfo-cartel-Oct-2023-AP_21296849102944.jpg?fit=1200%2C675&quality=100&ssl=1&resize=350%2C200","width":350,"height":200,"srcset":"https:\/\/i0.wp.com\/insightcrime.org\/wp-content\/uploads\/2026\/06\/InSight-Crime-1200x675-Colombia-Drug-Lord-Dairo-Antonio-Usuga-alias-Otoniel-leader-of-the-violent-Clan-del-Golfo-cartel-Oct-2023-AP_21296849102944.jpg?fit=1200%2C675&quality=100&ssl=1&resize=350%2C200 1x, https:\/\/i0.wp.com\/insightcrime.org\/wp-content\/uploads\/2026\/06\/InSight-Crime-1200x675-Colombia-Drug-Lord-Dairo-Antonio-Usuga-alias-Otoniel-leader-of-the-violent-Clan-del-Golfo-cartel-Oct-2023-AP_21296849102944.jpg?fit=1200%2C675&quality=100&ssl=1&resize=525%2C300 1.5x, https:\/\/i0.wp.com\/insightcrime.org\/wp-content\/uploads\/2026\/06\/InSight-Crime-1200x675-Colombia-Drug-Lord-Dairo-Antonio-Usuga-alias-Otoniel-leader-of-the-violent-Clan-del-Golfo-cartel-Oct-2023-AP_21296849102944.jpg?fit=1200%2C675&quality=100&ssl=1&resize=700%2C400 2x, https:\/\/i0.wp.com\/insightcrime.org\/wp-content\/uploads\/2026\/06\/InSight-Crime-1200x675-Colombia-Drug-Lord-Dairo-Antonio-Usuga-alias-Otoniel-leader-of-the-violent-Clan-del-Golfo-cartel-Oct-2023-AP_21296849102944.jpg?fit=1200%2C675&quality=100&ssl=1&resize=1050%2C600 3x"},"classes":[]},{"id":147255,"url":"https:\/\/insightcrime.org\/es\/noticias\/colombia-presencia-velorio-caparros\/","url_meta":{"origin":5014,"position":3},"title":"Colombia a\u00fan no presencia el velorio de Los Caparros","author":"Juan Camilo Jaramillo","date":"2 de junio de 2021","format":false,"excerpt":"El gobierno colombiano ha anunciado, con bastante optimismo, la desaparici\u00f3n de uno de los grupos criminales m\u00e1s agresivos del pa\u00eds, en una regi\u00f3n que ha visto el reciclaje constante de actores criminales desde los d\u00edas del Cartel de Medell\u00edn.","rel":"","context":"En \u00abNews\u00bb","block_context":{"text":"News","link":"https:\/\/insightcrime.org\/category\/news\/"},"img":{"alt_text":"Colombia Defense Minister Diego Molano","src":"https:\/\/i0.wp.com\/insightcrime.org\/wp-content\/uploads\/2021\/06\/E2z_PMtXEAYn8xu.jpg?fit=350%2C250&quality=100&ssl=1&resize=350%2C200","width":350,"height":200},"classes":[]},{"id":187813,"url":"https:\/\/insightcrime.org\/es\/noticias\/operativo-internacional-reafirma-nexos-ndrangheta-urabenos\/","url_meta":{"origin":5014,"position":4},"title":"Primos en la coca\u00edna: operativo internacional reafirma nexos entre \u2018Ndrangheta y Gaitanistas","author":"Alessandro Ford","date":"9 de junio de 2022","format":false,"excerpt":"Un ingenioso operativo encubierto italocolombiano termin\u00f3 con la captura de docenas de personas en ambos continentes y el decomiso de una ingente cantidad de coca\u00edna, que revela c\u00f3mo a pesar de los recientes reveses, Los Urabe\u00f1os en Colombia siguen jugando en las grandes ligas del tr\u00e1fico de narc\u00f3ticos en Latinoam\u00e9rica.","rel":"","context":"En \u00abNoticias\u00bb","block_context":{"text":"Noticias","link":"https:\/\/insightcrime.org\/es\/category\/noticias\/"},"img":{"alt_text":"Decomiso de coca\u00edna a la 'Ndrangheta y Los Urabe\u00f1os","src":"https:\/\/i0.wp.com\/insightcrime.org\/wp-content\/uploads\/2022\/06\/Screenshot-2022-06-07-at-20.52.44-1.png?fit=350%2C250&quality=100&ssl=1&resize=350%2C200","width":350,"height":200},"classes":[]},{"id":4985,"url":"https:\/\/insightcrime.org\/es\/venezuela-organized-crime-news\/bacrim-venezuela\/","url_meta":{"origin":5014,"position":5},"title":"BACRIM en Venezuela","author":"InSight Crime","date":"15 de febrero de 2023","format":false,"excerpt":"Varios remanentes de las Autodefensas Unidas de Colombia (AUC), conocidos en conjunto como bandas criminales (BACRIM), expandieron su presencia a Venezuela.","rel":"","context":"En \u00abVenezuela\u00bb","block_context":{"text":"Venezuela","link":"https:\/\/insightcrime.org\/category\/venezuela-organized-crime-news\/"},"img":{"alt_text":"Grupo criminal BACRIM, Venezuela.","src":"https:\/\/i0.wp.com\/insightcrime.org\/wp-content\/uploads\/2026\/08\/Grupo-Criminal-BACRIM-en-Venezuela.jpg?fit=1200%2C900&quality=100&ssl=1&resize=350%2C200","width":350,"height":200,"srcset":"https:\/\/i0.wp.com\/insightcrime.org\/wp-content\/uploads\/2026\/08\/Grupo-Criminal-BACRIM-en-Venezuela.jpg?fit=1200%2C900&quality=100&ssl=1&resize=350%2C200 1x, https:\/\/i0.wp.com\/insightcrime.org\/wp-content\/uploads\/2026\/08\/Grupo-Criminal-BACRIM-en-Venezuela.jpg?fit=1200%2C900&quality=100&ssl=1&resize=525%2C300 1.5x, https:\/\/i0.wp.com\/insightcrime.org\/wp-content\/uploads\/2026\/08\/Grupo-Criminal-BACRIM-en-Venezuela.jpg?fit=1200%2C900&quality=100&ssl=1&resize=700%2C400 2x, https:\/\/i0.wp.com\/insightcrime.org\/wp-content\/uploads\/2026\/08\/Grupo-Criminal-BACRIM-en-Venezuela.jpg?fit=1200%2C900&quality=100&ssl=1&resize=1050%2C600 3x"},"classes":[]}],"jetpack_featured_media_url":"https:\/\/i0.wp.com\/insightcrime.org\/wp-content\/uploads\/2012\/10\/es-98fd104a10357987e6f8d1058a37d056.jpg?fit=323%2C195&quality=100&ssl=1","_links":{"self":[{"href":"https:\/\/insightcrime.org\/es\/wp-json\/wp\/v2\/posts\/5014","targetHints":{"allow":["GET"]}}],"collection":[{"href":"https:\/\/insightcrime.org\/es\/wp-json\/wp\/v2\/posts"}],"about":[{"href":"https:\/\/insightcrime.org\/es\/wp-json\/wp\/v2\/types\/post"}],"author":[{"embeddable":true,"href":"https:\/\/insightcrime.org\/es\/wp-json\/wp\/v2\/users\/4"}],"replies":[{"embeddable":true,"href":"https:\/\/insightcrime.org\/es\/wp-json\/wp\/v2\/comments?post=5014"}],"version-history":[{"count":1,"href":"https:\/\/insightcrime.org\/es\/wp-json\/wp\/v2\/posts\/5014\/revisions"}],"predecessor-version":[{"id":19006,"href":"https:\/\/insightcrime.org\/es\/wp-json\/wp\/v2\/posts\/5014\/revisions\/19006"}],"wp:featuredmedia":[{"embeddable":true,"href":"https:\/\/insightcrime.org\/es\/wp-json\/wp\/v2\/media\/36835"}],"wp:attachment":[{"href":"https:\/\/insightcrime.org\/es\/wp-json\/wp\/v2\/media?parent=5014"}],"wp:term":[{"taxonomy":"category","embeddable":true,"href":"https:\/\/insightcrime.org\/es\/wp-json\/wp\/v2\/categories?post=5014"},{"taxonomy":"post_tag","embeddable":true,"href":"https:\/\/insightcrime.org\/es\/wp-json\/wp\/v2\/tags?post=5014"},{"taxonomy":"newspack_spnsrs_tax","embeddable":true,"href":"https:\/\/insightcrime.org\/es\/wp-json\/wp\/v2\/newspack_spnsrs_tax?post=5014"},{"taxonomy":"author","embeddable":true,"href":"https:\/\/insightcrime.org\/es\/wp-json\/wp\/v2\/coauthors?post=5014"}],"curies":[{"name":"wp","href":"https:\/\/api.w.org\/{rel}","templated":true}]}}