{"id":5038,"date":"2012-11-21T14:12:05","date_gmt":"2017-03-27T23:51:50","guid":{"rendered":"http:\/\/newwp.insightcrime.org?p=5038"},"modified":"2023-04-24T15:28:22","modified_gmt":"2023-04-24T20:28:22","slug":"el-tiempo-ejercito-dice-que-las-farc-violaron-anuncio-de-tregua-en-cauca","status":"publish","type":"post","link":"https:\/\/insightcrime.org\/es\/noticias\/noticias-del-dia\/el-tiempo-ejercito-dice-que-las-farc-violaron-anuncio-de-tregua-en-cauca\/","title":{"rendered":"El Tiempo (Colombia): Ej\u00e9rcito Dice que las Farc Violaron Anuncio de Tregua en Cauca"},"content":{"rendered":"\n<p class=\"wp-block-paragraph\">El general Jorge Humberto Jerez, comandante de la Fuerza de Tarea Apolo, que opera en el Cauca, asegur\u00f3 que dos guerrilleros de las <a href=\"\/grupos-colombia\/farc\" target=\"_blank\">Farc<\/a>, vestidos de civiles, alzaron este martes pa\u00f1uelos y banderas blancas a la tropa de esa fuerza en el corregimiento de Huasan\u00f3. Sin embargo, cuando los uniformados se acercaban, a 800 metros, los guerrilleros hicieron explotar un campo minado. Lea m\u00e1s en <a href=\"https:\/\/www.eltiempo.com\/justicia\/ejercito-dice-que-las-farc-violaron-anuncio-de-tregua-en-cauca_12392156-4\" target=\"_blank\">El Tiempo<\/a>.&nbsp;<\/p>\n","protected":false},"excerpt":{"rendered":"<p>El general Jorge Humberto Jerez, comandante de la Fuerza de Tarea Apolo, que opera en el Cauca, asegur\u00f3 que dos guerrilleros de las <a href=\"grupos-colombia\/farc\" target=\"_blank\">Farc<\/a>, vestidos de civiles, alzaron este martes pa\u00f1uelos y banderas blancas a la tropa de esa fuerza en el corregimiento de Huasan\u00f3. Sin embargo, cuando los uniformados se acercaban, a 800 metros, los guerrilleros hicieron explotar un campo minado. Lea m\u00e1s en <a href=\"https:\/\/www.eltiempo.com\/justicia\/ejercito-dice-que-las-farc-violaron-anuncio-de-tregua-en-cauca_12392156-4\" target=\"_blank\">El Tiempo<\/a>.\u00a0<\/p>\n","protected":false},"author":97,"featured_media":71002,"comment_status":"closed","ping_status":"closed","sticky":false,"template":"","format":"standard","meta":{"newspack_ads_suppress_ads":false,"newspack_popups_has_disabled_popups":false,"newspack_sponsor_sponsorship_scope":"","newspack_sponsor_native_byline_display":"inherit","newspack_sponsor_native_category_display":"inherit","newspack_sponsor_underwriter_style":"inherit","newspack_sponsor_underwriter_placement":"inherit","_EventAllDay":false,"_EventTimezone":"","_EventStartDate":"","_EventEndDate":"","_EventStartDateUTC":"","_EventEndDateUTC":"","_EventShowMap":false,"_EventShowMapLink":false,"_EventURL":"","_EventCost":"","_EventCostDescription":"","_EventCurrencySymbol":"","_EventCurrencyCode":"","_EventCurrencyPosition":"","_EventDateTimeSeparator":"","_EventTimeRangeSeparator":"","_EventOrganizerID":[],"_EventVenueID":[],"_OrganizerEmail":"","_OrganizerPhone":"","_OrganizerWebsite":"","_VenueAddress":"","_VenueCity":"","_VenueCountry":"","_VenueProvince":"","_VenueState":"","_VenueZip":"","_VenuePhone":"","_VenueURL":"","_VenueStateProvince":"","_VenueLat":"","_VenueLng":"","_VenueShowMap":false,"_VenueShowMapLink":false,"_newspack_byline_active":false,"_newspack_byline":"","newspack_hide_updated_date":false,"newspack_show_updated_date":false,"newspack_featured_image_position":"","newspack_post_subtitle":"","newspack_article_summary_title":"Overview:","newspack_article_summary":"","_jetpack_memberships_contains_paid_content":false,"footnotes":""},"categories":[334],"tags":[368,1542],"newspack_spnsrs_tax":[],"coauthors":[3756],"class_list":["post-5038","post","type-post","status-publish","format-standard","has-post-thumbnail","hentry","category-noticias-del-dia","tag-colombia-pais","tag-farc-ep","entry"],"parsely":{"version":"1.1.0","canonical_url":"https:\/\/insightcrime.org\/es\/noticias\/noticias-del-dia\/el-tiempo-ejercito-dice-que-las-farc-violaron-anuncio-de-tregua-en-cauca\/","smart_links":{"inbound":0,"outbound":0},"traffic_boost_suggestions_count":0,"meta":{"@context":"https:\/\/schema.org","@type":"NewsArticle","headline":"El Tiempo (Colombia): Ej\u00e9rcito Dice que las Farc Violaron Anuncio de Tregua en Cauca","url":"http:\/\/insightcrime.org\/es\/noticias\/noticias-del-dia\/el-tiempo-ejercito-dice-que-las-farc-violaron-anuncio-de-tregua-en-cauca\/","mainEntityOfPage":{"@type":"WebPage","@id":"http:\/\/insightcrime.org\/es\/noticias\/noticias-del-dia\/el-tiempo-ejercito-dice-que-las-farc-violaron-anuncio-de-tregua-en-cauca\/"},"thumbnailUrl":"https:\/\/i0.wp.com\/insightcrime.org\/wp-content\/uploads\/2012\/11\/d32f39e6421886abfda6502d48443eb2.jpg?resize=150%2C150&quality=100&ssl=1","image":{"@type":"ImageObject","url":"https:\/\/i0.wp.com\/insightcrime.org\/wp-content\/uploads\/2012\/11\/d32f39e6421886abfda6502d48443eb2.jpg?fit=275%2C183&quality=100&ssl=1"},"articleSection":"Noticias del d\u00eda","author":[{"@type":"Person","name":"El Tiempo"}],"creator":["El Tiempo"],"publisher":{"@type":"Organization","name":"InSight Crime","logo":"https:\/\/insightcrime.org\/wp-content\/uploads\/2023\/08\/logo.png"},"keywords":["colombia","farc"],"dateCreated":"2017-03-27T23:51:50Z","datePublished":"2017-03-27T23:51:50Z","dateModified":"2023-04-24T20:28:22Z"},"rendered":"<meta name=\"parsely-title\" content=\"El Tiempo (Colombia): Ej\u00e9rcito Dice que las Farc Violaron Anuncio de Tregua en Cauca\" \/>\n<meta name=\"parsely-link\" content=\"http:\/\/insightcrime.org\/es\/noticias\/noticias-del-dia\/el-tiempo-ejercito-dice-que-las-farc-violaron-anuncio-de-tregua-en-cauca\/\" \/>\n<meta name=\"parsely-type\" content=\"post\" \/>\n<meta name=\"parsely-image-url\" content=\"https:\/\/i0.wp.com\/insightcrime.org\/wp-content\/uploads\/2012\/11\/d32f39e6421886abfda6502d48443eb2.jpg?resize=150%2C150&amp;quality=100&amp;ssl=1\" \/>\n<meta name=\"parsely-pub-date\" content=\"2017-03-27T23:51:50Z\" \/>\n<meta name=\"parsely-section\" content=\"Noticias del d\u00eda\" \/>\n<meta name=\"parsely-tags\" content=\"colombia,farc\" \/>\n<meta name=\"parsely-author\" content=\"El Tiempo\" \/>","tracker_url":"https:\/\/cdn.parsely.com\/keys\/insightcrime.org\/p.js"},"jetpack_sharing_enabled":true,"jetpack-related-posts":[{"id":112360,"url":"https:\/\/insightcrime.org\/es\/colombia-organized-crime-news\/jose-vicente-lesmes-alias-walter-mendoza\/","url_meta":{"origin":5038,"position":0},"title":"Jos\u00e9 Vicente Lesmes, alias &#8216;Walter Mendoza&#8217;","author":"Colombian Organized Crime Observatory","date":"5 de julio de 2022","format":false,"excerpt":"Jos\u00e9 Vicente Lesmes, alias 'Walter Mendoza', fue un hist\u00f3rico comandante de las FARC y actualmente un alto dirigente dentro de la Segunda Marquetalia.","rel":"","context":"En \u00abColombia\u00bb","block_context":{"text":"Colombia","link":"https:\/\/insightcrime.org\/category\/colombia-organized-crime-news\/"},"img":{"alt_text":"Perfil criminal - Jos\u00e9 Vicente Lesmes, alias \u2018Walter Mendoza\u2019 - Colombia.","src":"https:\/\/i0.wp.com\/insightcrime.org\/wp-content\/uploads\/2026\/08\/Perfil-Criminal-Alias-Walter-Mendoza-Colombia.jpg?fit=1200%2C900&quality=100&ssl=1&resize=350%2C200","width":350,"height":200,"srcset":"https:\/\/i0.wp.com\/insightcrime.org\/wp-content\/uploads\/2026\/08\/Perfil-Criminal-Alias-Walter-Mendoza-Colombia.jpg?fit=1200%2C900&quality=100&ssl=1&resize=350%2C200 1x, https:\/\/i0.wp.com\/insightcrime.org\/wp-content\/uploads\/2026\/08\/Perfil-Criminal-Alias-Walter-Mendoza-Colombia.jpg?fit=1200%2C900&quality=100&ssl=1&resize=525%2C300 1.5x, https:\/\/i0.wp.com\/insightcrime.org\/wp-content\/uploads\/2026\/08\/Perfil-Criminal-Alias-Walter-Mendoza-Colombia.jpg?fit=1200%2C900&quality=100&ssl=1&resize=700%2C400 2x, https:\/\/i0.wp.com\/insightcrime.org\/wp-content\/uploads\/2026\/08\/Perfil-Criminal-Alias-Walter-Mendoza-Colombia.jpg?fit=1200%2C900&quality=100&ssl=1&resize=1050%2C600 3x"},"classes":[]},{"id":188839,"url":"https:\/\/insightcrime.org\/es\/noticias\/quienes-son-los-lideres-de-las-exfarc-mafia-asesinados-en-el-ultimo-ano\/","url_meta":{"origin":5038,"position":1},"title":"Exterminio de mandos de las ex-FARC Mafia podr\u00eda continuar tras muerte de Iv\u00e1n M\u00e1rquez","author":"Juliana Manjarr\u00e9s","date":"5 de julio de 2022","format":false,"excerpt":"Seis comandantes de las disidencias de las antiguas Fuerzas Armadas Revolucionarias de Colombia (FARC) han muerto en los \u00faltimos 13 meses, y su ca\u00edda ha derramado sangre en territorio colombiano y venezolano.","rel":"","context":"En \u00abNews\u00bb","block_context":{"text":"News","link":"https:\/\/insightcrime.org\/category\/news\/"},"img":{"alt_text":"Ivan Marquez, El Paisa and Jesus Santrich stand next to each other in the video declaring the creation of the Second Marquetalia in August 2019","src":"https:\/\/i0.wp.com\/insightcrime.org\/wp-content\/uploads\/2021\/12\/Segunda-Marquetalia-350x250-c-default.jpg?fit=350%2C250&quality=100&ssl=1&resize=350%2C200","width":350,"height":200},"classes":[]},{"id":7015,"url":"https:\/\/insightcrime.org\/es\/noticias-crimen-organizado-colombia\/farc-perfil\/","url_meta":{"origin":5038,"position":2},"title":"FARC","author":"InSight Crime","date":"23 de noviembre de 2023","format":false,"excerpt":"Las Fuerzas Armadas Revolucionarias de Colombia (FARC) fueron el mayor ej\u00e9rcito irregular de Colombia. Operaron en varias regiones del pa\u00eds en busca de recursos para financiar su guerra de casi 50 a\u00f1os contra el Estado. Las FARC fueron el grupo guerrillero m\u00e1s antiguo e importante del hemisferio occidental y durante\u2026","rel":"","context":"En \u00abColombia\u00bb","block_context":{"text":"Colombia","link":"https:\/\/insightcrime.org\/es\/category\/noticias-crimen-organizado-colombia\/"},"img":{"alt_text":"","src":"","width":0,"height":0},"classes":[]},{"id":100342,"url":"https:\/\/insightcrime.org\/es\/colombia-organized-crime-news\/hernan-dario-velasquez-saldarriaga-alias-el-paisa\/","url_meta":{"origin":5038,"position":3},"title":"Hern\u00e1n Dar\u00edo Vel\u00e1squez Saldarriaga, alias \u2018El Paisa\u2019","author":"InSight Crime","date":"6 de diciembre de 2021","format":false,"excerpt":"Hern\u00e1n Dar\u00edo Vel\u00e1squez, m\u00e1s conocido como El Pa\u00eds, era un importante l\u00edder guerrillero de las FARC en Colombia.","rel":"","context":"En \u00abColombia\u00bb","block_context":{"text":"Colombia","link":"https:\/\/insightcrime.org\/category\/colombia-organized-crime-news\/"},"img":{"alt_text":"Perfil criminal - Hern\u00e1n Dar\u00edo Vel\u00e1squez Saldarriaga, alias \u2018El Paisa\u2019 - Colombia.","src":"https:\/\/i0.wp.com\/insightcrime.org\/wp-content\/uploads\/2026\/08\/Perfil-Criminal-Alias-El-Paisa-Colombia.jpg?fit=1200%2C900&quality=100&ssl=1&resize=350%2C200","width":350,"height":200,"srcset":"https:\/\/i0.wp.com\/insightcrime.org\/wp-content\/uploads\/2026\/08\/Perfil-Criminal-Alias-El-Paisa-Colombia.jpg?fit=1200%2C900&quality=100&ssl=1&resize=350%2C200 1x, https:\/\/i0.wp.com\/insightcrime.org\/wp-content\/uploads\/2026\/08\/Perfil-Criminal-Alias-El-Paisa-Colombia.jpg?fit=1200%2C900&quality=100&ssl=1&resize=525%2C300 1.5x, https:\/\/i0.wp.com\/insightcrime.org\/wp-content\/uploads\/2026\/08\/Perfil-Criminal-Alias-El-Paisa-Colombia.jpg?fit=1200%2C900&quality=100&ssl=1&resize=700%2C400 2x, https:\/\/i0.wp.com\/insightcrime.org\/wp-content\/uploads\/2026\/08\/Perfil-Criminal-Alias-El-Paisa-Colombia.jpg?fit=1200%2C900&quality=100&ssl=1&resize=1050%2C600 3x"},"classes":[]},{"id":168308,"url":"https:\/\/insightcrime.org\/es\/investigaciones\/invitacion-guerra-venezuela\/","url_meta":{"origin":5038,"position":4},"title":"La invitaci\u00f3n a la guerra en Venezuela","author":"Unidad Investigativa de Venezuela","date":"13 de octubre de 2021","format":false,"excerpt":"En las fotos se ve\u00edan cinco cad\u00e1veres tendidos en el suelo, cada uno con una mano extendida, cerca de la cual hab\u00eda una pistola o una granada. El informe oficial indicaba que se trataba de guerrilleros que murieron en combate con las fuerzas de seguridad.","rel":"","context":"En \u00abInvestigaciones\u00bb","block_context":{"text":"Investigaciones","link":"https:\/\/insightcrime.org\/es\/category\/investigaciones\/"},"img":{"alt_text":"","src":"https:\/\/i0.wp.com\/insightcrime.org\/wp-content\/uploads\/2021\/10\/1-Inviting-War-into-Venezuela.jpg?fit=1200%2C450&quality=100&ssl=1&resize=350%2C200","width":350,"height":200,"srcset":"https:\/\/i0.wp.com\/insightcrime.org\/wp-content\/uploads\/2021\/10\/1-Inviting-War-into-Venezuela.jpg?fit=1200%2C450&quality=100&ssl=1&resize=350%2C200 1x, https:\/\/i0.wp.com\/insightcrime.org\/wp-content\/uploads\/2021\/10\/1-Inviting-War-into-Venezuela.jpg?fit=1200%2C450&quality=100&ssl=1&resize=525%2C300 1.5x, https:\/\/i0.wp.com\/insightcrime.org\/wp-content\/uploads\/2021\/10\/1-Inviting-War-into-Venezuela.jpg?fit=1200%2C450&quality=100&ssl=1&resize=700%2C400 2x, https:\/\/i0.wp.com\/insightcrime.org\/wp-content\/uploads\/2021\/10\/1-Inviting-War-into-Venezuela.jpg?fit=1200%2C450&quality=100&ssl=1&resize=1050%2C600 3x"},"classes":[]},{"id":332610,"url":"https:\/\/insightcrime.org\/es\/news\/emc-mantiene-como-rehen-paz-total-cauca-colombia\/","url_meta":{"origin":5038,"position":5},"title":"Estado Mayor Central retiene la &#8216;Paz Total&#8217; en Cauca, Colombia","author":"Mar\u00eda Fernanda Ram\u00edrez","date":"11 de febrero de 2026","format":false,"excerpt":"Hay una larga lista de ataques del EMC dirigidos a las fuerzas de seguridad en el Cauca durante los \u00faltimos dos a\u00f1os. Lo que est\u00e1 en juego es un territorio plagado de minas ilegales de oro, cultivos de coca y marihuana, y que sirve como un puente que conecta el\u2026","rel":"","context":"En \u00abAudio\u00bb","block_context":{"text":"Audio","link":"https:\/\/insightcrime.org\/category\/audio\/"},"img":{"alt_text":"emc- Estado Mayor Central retiene la \u201cPaz Total\u201d en Cauca, Colombia","src":"https:\/\/i0.wp.com\/insightcrime.org\/wp-content\/uploads\/2026\/02\/IMG_9262.jpg?fit=1200%2C661&quality=100&ssl=1&resize=350%2C200","width":350,"height":200,"srcset":"https:\/\/i0.wp.com\/insightcrime.org\/wp-content\/uploads\/2026\/02\/IMG_9262.jpg?fit=1200%2C661&quality=100&ssl=1&resize=350%2C200 1x, https:\/\/i0.wp.com\/insightcrime.org\/wp-content\/uploads\/2026\/02\/IMG_9262.jpg?fit=1200%2C661&quality=100&ssl=1&resize=525%2C300 1.5x, https:\/\/i0.wp.com\/insightcrime.org\/wp-content\/uploads\/2026\/02\/IMG_9262.jpg?fit=1200%2C661&quality=100&ssl=1&resize=700%2C400 2x, https:\/\/i0.wp.com\/insightcrime.org\/wp-content\/uploads\/2026\/02\/IMG_9262.jpg?fit=1200%2C661&quality=100&ssl=1&resize=1050%2C600 3x"},"classes":[]}],"jetpack_featured_media_url":"https:\/\/i0.wp.com\/insightcrime.org\/wp-content\/uploads\/2012\/11\/d32f39e6421886abfda6502d48443eb2.jpg?fit=275%2C183&quality=100&ssl=1","_links":{"self":[{"href":"https:\/\/insightcrime.org\/es\/wp-json\/wp\/v2\/posts\/5038","targetHints":{"allow":["GET"]}}],"collection":[{"href":"https:\/\/insightcrime.org\/es\/wp-json\/wp\/v2\/posts"}],"about":[{"href":"https:\/\/insightcrime.org\/es\/wp-json\/wp\/v2\/types\/post"}],"author":[{"embeddable":true,"href":"https:\/\/insightcrime.org\/es\/wp-json\/wp\/v2\/users\/97"}],"replies":[{"embeddable":true,"href":"https:\/\/insightcrime.org\/es\/wp-json\/wp\/v2\/comments?post=5038"}],"version-history":[{"count":1,"href":"https:\/\/insightcrime.org\/es\/wp-json\/wp\/v2\/posts\/5038\/revisions"}],"predecessor-version":[{"id":19039,"href":"https:\/\/insightcrime.org\/es\/wp-json\/wp\/v2\/posts\/5038\/revisions\/19039"}],"wp:featuredmedia":[{"embeddable":true,"href":"https:\/\/insightcrime.org\/es\/wp-json\/wp\/v2\/media\/71002"}],"wp:attachment":[{"href":"https:\/\/insightcrime.org\/es\/wp-json\/wp\/v2\/media?parent=5038"}],"wp:term":[{"taxonomy":"category","embeddable":true,"href":"https:\/\/insightcrime.org\/es\/wp-json\/wp\/v2\/categories?post=5038"},{"taxonomy":"post_tag","embeddable":true,"href":"https:\/\/insightcrime.org\/es\/wp-json\/wp\/v2\/tags?post=5038"},{"taxonomy":"newspack_spnsrs_tax","embeddable":true,"href":"https:\/\/insightcrime.org\/es\/wp-json\/wp\/v2\/newspack_spnsrs_tax?post=5038"},{"taxonomy":"author","embeddable":true,"href":"https:\/\/insightcrime.org\/es\/wp-json\/wp\/v2\/coauthors?post=5038"}],"curies":[{"name":"wp","href":"https:\/\/api.w.org\/{rel}","templated":true}]}}