{"id":5040,"date":"2012-11-22T13:41:49","date_gmt":"2017-03-27T23:51:50","guid":{"rendered":"http:\/\/newwp.insightcrime.org?p=5040"},"modified":"2023-04-24T15:28:23","modified_gmt":"2023-04-24T20:28:23","slug":"el-tiempo-colombia-las-farc-liberan-a-cuatro-ciudadanos-chinos-secuestrados-en-2011","status":"publish","type":"post","link":"https:\/\/insightcrime.org\/es\/noticias\/noticias-del-dia\/el-tiempo-colombia-las-farc-liberan-a-cuatro-ciudadanos-chinos-secuestrados-en-2011\/","title":{"rendered":"El Tiempo (Colombia): Las Farc Liberan a Cuatro Ciudadanos Chinos Secuestrados en 2011"},"content":{"rendered":"\n<p class=\"wp-block-paragraph\">Los ciudadanos chinos, que fueron secuestrados el 8 de junio del a\u00f1o pasado, pasaron la noche en un hotel de San Vicente del Cagu\u00e1n, y este jueves ser\u00e1n trasladados a Bogot\u00e1.? Lea mas en <a href=\"https:\/\/www.eltiempo.com\/justicia\/ARTICULO-WEB-NEW_NOTA_INTERIOR-12395343.html\" target=\"_blank\">El Tiempo<\/a>.<\/p>\n","protected":false},"excerpt":{"rendered":"<p>Los ciudadanos chinos, que fueron secuestrados el 8 de junio del a\u00f1o pasado, pasaron la noche en un hotel de San Vicente del Cagu\u00e1n, y este jueves ser\u00e1n trasladados a Bogot\u00e1.? Lea mas en <a href=\"https:\/\/www.eltiempo.com\/justicia\/ARTICULO-WEB-NEW_NOTA_INTERIOR-12395343.html\" target=\"_blank\">El Tiempo<\/a>.<\/p>\n","protected":false},"author":14,"featured_media":71003,"comment_status":"closed","ping_status":"closed","sticky":false,"template":"","format":"standard","meta":{"newspack_ads_suppress_ads":false,"newspack_popups_has_disabled_popups":false,"newspack_sponsor_sponsorship_scope":"","newspack_sponsor_native_byline_display":"inherit","newspack_sponsor_native_category_display":"inherit","newspack_sponsor_underwriter_style":"inherit","newspack_sponsor_underwriter_placement":"inherit","_EventAllDay":false,"_EventTimezone":"","_EventStartDate":"","_EventEndDate":"","_EventStartDateUTC":"","_EventEndDateUTC":"","_EventShowMap":false,"_EventShowMapLink":false,"_EventURL":"","_EventCost":"","_EventCostDescription":"","_EventCurrencySymbol":"","_EventCurrencyCode":"","_EventCurrencyPosition":"","_EventDateTimeSeparator":"","_EventTimeRangeSeparator":"","_EventOrganizerID":[],"_EventVenueID":[],"_OrganizerEmail":"","_OrganizerPhone":"","_OrganizerWebsite":"","_VenueAddress":"","_VenueCity":"","_VenueCountry":"","_VenueProvince":"","_VenueState":"","_VenueZip":"","_VenuePhone":"","_VenueURL":"","_VenueStateProvince":"","_VenueLat":"","_VenueLng":"","_VenueShowMap":false,"_VenueShowMapLink":false,"_newspack_byline_active":false,"_newspack_byline":"","newspack_hide_updated_date":false,"newspack_show_updated_date":false,"newspack_featured_image_position":"","newspack_post_subtitle":"","newspack_article_summary_title":"Overview:","newspack_article_summary":"","_jetpack_memberships_contains_paid_content":false,"footnotes":""},"categories":[334],"tags":[547,556,548],"newspack_spnsrs_tax":[],"coauthors":[3756],"class_list":["post-5040","post","type-post","status-publish","format-standard","has-post-thumbnail","hentry","category-noticias-del-dia","tag-colombia","tag-farc","tag-kidnapping","entry"],"parsely":{"version":"1.1.0","canonical_url":"https:\/\/insightcrime.org\/es\/noticias\/noticias-del-dia\/el-tiempo-colombia-las-farc-liberan-a-cuatro-ciudadanos-chinos-secuestrados-en-2011\/","smart_links":{"inbound":0,"outbound":0},"traffic_boost_suggestions_count":0,"meta":{"@context":"https:\/\/schema.org","@type":"NewsArticle","headline":"El Tiempo (Colombia): Las Farc Liberan a Cuatro Ciudadanos Chinos Secuestrados en 2011","url":"http:\/\/insightcrime.org\/es\/noticias\/noticias-del-dia\/el-tiempo-colombia-las-farc-liberan-a-cuatro-ciudadanos-chinos-secuestrados-en-2011\/","mainEntityOfPage":{"@type":"WebPage","@id":"http:\/\/insightcrime.org\/es\/noticias\/noticias-del-dia\/el-tiempo-colombia-las-farc-liberan-a-cuatro-ciudadanos-chinos-secuestrados-en-2011\/"},"thumbnailUrl":"https:\/\/i0.wp.com\/insightcrime.org\/wp-content\/uploads\/2012\/11\/bc2c0f3f5e4ddf46ae772b9d87ab9caf.jpg?resize=150%2C150&quality=100&ssl=1","image":{"@type":"ImageObject","url":"https:\/\/i0.wp.com\/insightcrime.org\/wp-content\/uploads\/2012\/11\/bc2c0f3f5e4ddf46ae772b9d87ab9caf.jpg?fit=560%2C373&quality=100&ssl=1"},"articleSection":"Noticias del d\u00eda","author":[{"@type":"Person","name":"El Tiempo"}],"creator":["El Tiempo"],"publisher":{"@type":"Organization","name":"InSight Crime","logo":"https:\/\/insightcrime.org\/wp-content\/uploads\/2023\/08\/logo.png"},"keywords":["colombia","farc","secuestro"],"dateCreated":"2017-03-27T23:51:50Z","datePublished":"2017-03-27T23:51:50Z","dateModified":"2023-04-24T20:28:23Z"},"rendered":"<meta name=\"parsely-title\" content=\"El Tiempo (Colombia): Las Farc Liberan a Cuatro Ciudadanos Chinos Secuestrados en 2011\" \/>\n<meta name=\"parsely-link\" content=\"http:\/\/insightcrime.org\/es\/noticias\/noticias-del-dia\/el-tiempo-colombia-las-farc-liberan-a-cuatro-ciudadanos-chinos-secuestrados-en-2011\/\" \/>\n<meta name=\"parsely-type\" content=\"post\" \/>\n<meta name=\"parsely-image-url\" content=\"https:\/\/i0.wp.com\/insightcrime.org\/wp-content\/uploads\/2012\/11\/bc2c0f3f5e4ddf46ae772b9d87ab9caf.jpg?resize=150%2C150&amp;quality=100&amp;ssl=1\" \/>\n<meta name=\"parsely-pub-date\" content=\"2017-03-27T23:51:50Z\" \/>\n<meta name=\"parsely-section\" content=\"Noticias del d\u00eda\" \/>\n<meta name=\"parsely-tags\" content=\"colombia,farc,secuestro\" \/>\n<meta name=\"parsely-author\" content=\"El Tiempo\" \/>","tracker_url":"https:\/\/cdn.parsely.com\/keys\/insightcrime.org\/p.js"},"jetpack_sharing_enabled":true,"jetpack-related-posts":[{"id":7015,"url":"https:\/\/insightcrime.org\/es\/noticias-crimen-organizado-colombia\/farc-perfil\/","url_meta":{"origin":5040,"position":0},"title":"FARC","author":"InSight Crime","date":"23 de noviembre de 2023","format":false,"excerpt":"Las Fuerzas Armadas Revolucionarias de Colombia (FARC) fueron el mayor ej\u00e9rcito irregular de Colombia. Operaron en varias regiones del pa\u00eds en busca de recursos para financiar su guerra de casi 50 a\u00f1os contra el Estado. Las FARC fueron el grupo guerrillero m\u00e1s antiguo e importante del hemisferio occidental y durante\u2026","rel":"","context":"En \u00abColombia\u00bb","block_context":{"text":"Colombia","link":"https:\/\/insightcrime.org\/es\/category\/noticias-crimen-organizado-colombia\/"},"img":{"alt_text":"","src":"","width":0,"height":0},"classes":[]},{"id":245047,"url":"https:\/\/insightcrime.org\/es\/noticias\/retos-seguridad-nuevo-alcalde-bogota-colombia\/","url_meta":{"origin":5040,"position":1},"title":"Los retos de seguridad para el nuevo alcalde de Bogot\u00e1, Colombia","author":"Juan Diego C\u00e1rdenas","date":"31 de octubre de 2023","format":false,"excerpt":"Tras una amplia victoria en primera vuelta, Carlos Fernando Gal\u00e1n, el nuevo alcalde electo de Bogot\u00e1, Colombia, se enfrenta a una de las mayores crisis de seguridad de los \u00faltimos a\u00f1os.","rel":"","context":"En \u00abNoticias\u00bb","block_context":{"text":"Noticias","link":"https:\/\/insightcrime.org\/es\/category\/noticias\/"},"img":{"alt_text":"Gal\u00e1n celebra su victoria en las elecciones a la alcald\u00eda de Bogot\u00e1 en 2023.","src":"https:\/\/i0.wp.com\/insightcrime.org\/wp-content\/uploads\/2023\/10\/COLP_294619-1.jpeg?fit=350%2C250&quality=100&ssl=1&resize=350%2C200","width":350,"height":200},"classes":[]},{"id":294829,"url":"https:\/\/insightcrime.org\/es\/news\/mexico-provocando-guerra-criminal-migrantes-tabasco\/","url_meta":{"origin":5040,"position":2},"title":"\u00bfEst\u00e1 M\u00e9xico provocando una guerra criminal al enviar migrantes a Tabasco?","author":"Peter Appleby","date":"18 de octubre de 2024","format":false,"excerpt":"Mientras el estado de Tabasco, en el sur de M\u00e9xico, se enfrenta a las secuelas de una ola de violencia, una pol\u00edtica no oficial est\u00e1 canalizando hacia all\u00ed a migrantes vulnerables, lo que proporciona a los grupos de crimen organizado m\u00e1s oportunidades criminales de obtener beneficios.","rel":"","context":"En \u00abNews\u00bb","block_context":{"text":"News","link":"https:\/\/insightcrime.org\/category\/news\/"},"img":{"alt_text":"Mexico's Guardia Nacional respond to violence in Tabasco.","src":"https:\/\/i0.wp.com\/insightcrime.org\/wp-content\/uploads\/2024\/10\/tabasco-police-violence.jpg?fit=350%2C250&quality=100&ssl=1&resize=350%2C200","width":350,"height":200},"classes":[]},{"id":233207,"url":"https:\/\/insightcrime.org\/es\/investigations\/bajo-cauca-vaupes-ejes-reclutamiento-menores-colombia\/","url_meta":{"origin":5040,"position":3},"title":"Bajo Cauca y Vaup\u00e9s, ejes del reclutamiento de menores en Colombia","author":"InSight Crime","date":"1 de abril de 2021","format":false,"excerpt":"Esta es una investigaci\u00f3n de tres partes que InSight Crime realiz\u00f3 en torno al reclutamiento de menores en Colombia por parte de grupos criminales e insurgentes. La investigaci\u00f3n involucr\u00f3 docenas de entrevistas con menores reclutados, l\u00edderes comunitarios, activistas y funcionarios del gobierno local. Algunos nombres han sido modificados con el\u2026","rel":"","context":"En \u00abInvestigations\u00bb","block_context":{"text":"Investigations","link":"https:\/\/insightcrime.org\/category\/investigations\/"},"img":{"alt_text":"Children sit in a park in colombia","src":"https:\/\/i0.wp.com\/insightcrime.org\/wp-content\/uploads\/2021\/04\/Child-Recruitment-Investigation-Style-6.jpg?fit=1200%2C450&quality=100&ssl=1&resize=350%2C200","width":350,"height":200,"srcset":"https:\/\/i0.wp.com\/insightcrime.org\/wp-content\/uploads\/2021\/04\/Child-Recruitment-Investigation-Style-6.jpg?fit=1200%2C450&quality=100&ssl=1&resize=350%2C200 1x, https:\/\/i0.wp.com\/insightcrime.org\/wp-content\/uploads\/2021\/04\/Child-Recruitment-Investigation-Style-6.jpg?fit=1200%2C450&quality=100&ssl=1&resize=525%2C300 1.5x, https:\/\/i0.wp.com\/insightcrime.org\/wp-content\/uploads\/2021\/04\/Child-Recruitment-Investigation-Style-6.jpg?fit=1200%2C450&quality=100&ssl=1&resize=700%2C400 2x, https:\/\/i0.wp.com\/insightcrime.org\/wp-content\/uploads\/2021\/04\/Child-Recruitment-Investigation-Style-6.jpg?fit=1200%2C450&quality=100&ssl=1&resize=1050%2C600 3x"},"classes":[]},{"id":172094,"url":"https:\/\/insightcrime.org\/es\/noticias\/cinco-anos-proceso-paz-colombia-excombatientes-farc-desplazados\/","url_meta":{"origin":5040,"position":4},"title":"Cinco a\u00f1os despu\u00e9s del proceso de paz en Colombia, excombatientes FARC siguen siendo desplazados","author":"Sara Garcia","date":"26 de noviembre de 2021","format":false,"excerpt":"Mientras Colombia celebraba cinco a\u00f1os desde la firma de los acuerdos de paz de las FARC, los exguerrilleros y sus familias fueron desplazados de sus hogares en Meta debido a graves riesgos de seguridad.","rel":"","context":"En \u00abNoticias\u00bb","block_context":{"text":"Noticias","link":"https:\/\/insightcrime.org\/es\/category\/noticias\/"},"img":{"alt_text":"Ex-FARC fighters leave a reintegration camp in Uribe, Meta, due to regular violence against them","src":"https:\/\/i0.wp.com\/insightcrime.org\/wp-content\/uploads\/2021\/11\/whatsapp_image_2020-06-16_at_8.27.20_am_1.jpeg?fit=350%2C250&quality=100&ssl=1&resize=350%2C200","width":350,"height":200},"classes":[]},{"id":233205,"url":"https:\/\/insightcrime.org\/es\/investigations\/maestros-colombianos-ultima-linea-defensa-reclutamiento-forzado\/","url_meta":{"origin":5040,"position":5},"title":"Maestros colombianos, \u00faltima l\u00ednea de defensa contra el reclutamiento forzado","author":"Diego Garcia","date":"15 de abril de 2021","format":false,"excerpt":"En la tercera y \u00faltima parte de la investigaci\u00f3n de InSight Crime, el periodista Mathew Charles analiza c\u00f3mo los maestros de escuela est\u00e1n tratando, infructuosamente, de impedir el reclutamiento. Al igual que la primera y la segunda partes, esta se basa en decenas de entrevistas con menores reclutados, l\u00edderes comunitarios,\u2026","rel":"","context":"En \u00abInvestigations\u00bb","block_context":{"text":"Investigations","link":"https:\/\/insightcrime.org\/category\/investigations\/"},"img":{"alt_text":"School Bus","src":"https:\/\/i0.wp.com\/insightcrime.org\/wp-content\/uploads\/2021\/04\/Bus-Style-6-2.jpg?fit=1200%2C450&quality=100&ssl=1&resize=350%2C200","width":350,"height":200,"srcset":"https:\/\/i0.wp.com\/insightcrime.org\/wp-content\/uploads\/2021\/04\/Bus-Style-6-2.jpg?fit=1200%2C450&quality=100&ssl=1&resize=350%2C200 1x, https:\/\/i0.wp.com\/insightcrime.org\/wp-content\/uploads\/2021\/04\/Bus-Style-6-2.jpg?fit=1200%2C450&quality=100&ssl=1&resize=525%2C300 1.5x, https:\/\/i0.wp.com\/insightcrime.org\/wp-content\/uploads\/2021\/04\/Bus-Style-6-2.jpg?fit=1200%2C450&quality=100&ssl=1&resize=700%2C400 2x, https:\/\/i0.wp.com\/insightcrime.org\/wp-content\/uploads\/2021\/04\/Bus-Style-6-2.jpg?fit=1200%2C450&quality=100&ssl=1&resize=1050%2C600 3x"},"classes":[]}],"jetpack_featured_media_url":"https:\/\/i0.wp.com\/insightcrime.org\/wp-content\/uploads\/2012\/11\/bc2c0f3f5e4ddf46ae772b9d87ab9caf.jpg?fit=560%2C373&quality=100&ssl=1","_links":{"self":[{"href":"https:\/\/insightcrime.org\/es\/wp-json\/wp\/v2\/posts\/5040","targetHints":{"allow":["GET"]}}],"collection":[{"href":"https:\/\/insightcrime.org\/es\/wp-json\/wp\/v2\/posts"}],"about":[{"href":"https:\/\/insightcrime.org\/es\/wp-json\/wp\/v2\/types\/post"}],"author":[{"embeddable":true,"href":"https:\/\/insightcrime.org\/es\/wp-json\/wp\/v2\/users\/14"}],"replies":[{"embeddable":true,"href":"https:\/\/insightcrime.org\/es\/wp-json\/wp\/v2\/comments?post=5040"}],"version-history":[{"count":1,"href":"https:\/\/insightcrime.org\/es\/wp-json\/wp\/v2\/posts\/5040\/revisions"}],"predecessor-version":[{"id":19041,"href":"https:\/\/insightcrime.org\/es\/wp-json\/wp\/v2\/posts\/5040\/revisions\/19041"}],"wp:featuredmedia":[{"embeddable":true,"href":"https:\/\/insightcrime.org\/es\/wp-json\/wp\/v2\/media\/71003"}],"wp:attachment":[{"href":"https:\/\/insightcrime.org\/es\/wp-json\/wp\/v2\/media?parent=5040"}],"wp:term":[{"taxonomy":"category","embeddable":true,"href":"https:\/\/insightcrime.org\/es\/wp-json\/wp\/v2\/categories?post=5040"},{"taxonomy":"post_tag","embeddable":true,"href":"https:\/\/insightcrime.org\/es\/wp-json\/wp\/v2\/tags?post=5040"},{"taxonomy":"newspack_spnsrs_tax","embeddable":true,"href":"https:\/\/insightcrime.org\/es\/wp-json\/wp\/v2\/newspack_spnsrs_tax?post=5040"},{"taxonomy":"author","embeddable":true,"href":"https:\/\/insightcrime.org\/es\/wp-json\/wp\/v2\/coauthors?post=5040"}],"curies":[{"name":"wp","href":"https:\/\/api.w.org\/{rel}","templated":true}]}}