{"id":5056,"date":"2012-12-06T13:52:23","date_gmt":"2017-03-27T23:51:54","guid":{"rendered":"http:\/\/newwp.insightcrime.org?p=5056"},"modified":"2023-04-24T15:28:28","modified_gmt":"2023-04-24T20:28:28","slug":"afp-ortega-invita-a-colombia-a-luchar-juntos-contra-narcotrafico-en-el-caribe","status":"publish","type":"post","link":"https:\/\/insightcrime.org\/es\/noticias\/noticias-del-dia\/afp-ortega-invita-a-colombia-a-luchar-juntos-contra-narcotrafico-en-el-caribe\/","title":{"rendered":"AFP: Ortega Invita a Colombia a Luchar Juntos Contra Narcotr\u00e1fico en el Caribe"},"content":{"rendered":"\n<p class=\"wp-block-paragraph\">El presidente de Nicaragua, Daniel Ortega, propuso a Colombia a participar en los operativos antidrogas que su pa\u00eds realizar\u00e1 el pr\u00f3ximo a\u00f1o con Estados Unidos en los espacios mar\u00edtimos que la Corte Internacional de Justicia (CIJ) asign\u00f3 a la naci\u00f3n centroamericana en el Caribe.&nbsp;Existe la voluntad por parte de Nicaragua \u201cde trabajar e ir acordando protocolos con Colombia para juntos librar la batalla contra el narcotr\u00e1fico\u201d en esa zona del mar Caribe, afirm\u00f3 Ortega durante un acto militar en Managua. Lea m\u00e1s en <a href=\"https:\/\/feeds.univision.com\/feeds\/article\/2012-12-05\/ortega-invita-a-colombia-a?refPath=\/noticias\/america-latina\/colombia\/\" target=\"_blank\">Univisi\u00f3n<\/a>.&nbsp;<\/p>\n","protected":false},"excerpt":{"rendered":"<p>El presidente de Nicaragua, Daniel Ortega, propuso a Colombia a participar en los operativos antidrogas que su pa\u00eds realizar\u00e1 el pr\u00f3ximo a\u00f1o con Estados Unidos en los espacios mar\u00edtimos que la Corte Internacional de Justicia (CIJ) asign\u00f3 a la naci\u00f3n centroamericana en el Caribe.\u00a0Existe la voluntad por parte de Nicaragua \u00abde trabajar e ir acordando protocolos con Colombia para juntos librar la batalla contra el narcotr\u00e1fico\u00bb en esa zona del mar Caribe, afirm\u00f3 Ortega durante un acto militar en Managua. Lea m\u00e1s en <a href=\"https:\/\/feeds.univision.com\/feeds\/article\/2012-12-05\/ortega-invita-a-colombia-a?refPath=\/noticias\/america-latina\/colombia\/\" target=\"_blank\">Univisi\u00f3n<\/a>.\u00a0<\/p>\n","protected":false},"author":97,"featured_media":36914,"comment_status":"closed","ping_status":"closed","sticky":false,"template":"","format":"standard","meta":{"newspack_ads_suppress_ads":false,"newspack_popups_has_disabled_popups":false,"newspack_sponsor_sponsorship_scope":"","newspack_sponsor_native_byline_display":"inherit","newspack_sponsor_native_category_display":"inherit","newspack_sponsor_underwriter_style":"inherit","newspack_sponsor_underwriter_placement":"inherit","_EventAllDay":false,"_EventTimezone":"","_EventStartDate":"","_EventEndDate":"","_EventStartDateUTC":"","_EventEndDateUTC":"","_EventShowMap":false,"_EventShowMapLink":false,"_EventURL":"","_EventCost":"","_EventCostDescription":"","_EventCurrencySymbol":"","_EventCurrencyCode":"","_EventCurrencyPosition":"","_EventDateTimeSeparator":"","_EventTimeRangeSeparator":"","_EventOrganizerID":[],"_EventVenueID":[],"_OrganizerEmail":"","_OrganizerPhone":"","_OrganizerWebsite":"","_VenueAddress":"","_VenueCity":"","_VenueCountry":"","_VenueProvince":"","_VenueState":"","_VenueZip":"","_VenuePhone":"","_VenueURL":"","_VenueStateProvince":"","_VenueLat":"","_VenueLng":"","_VenueShowMap":false,"_VenueShowMapLink":false,"_newspack_byline_active":false,"_newspack_byline":"","newspack_hide_updated_date":false,"newspack_show_updated_date":false,"newspack_featured_image_position":"","newspack_post_subtitle":"","newspack_article_summary_title":"Overview:","newspack_article_summary":"","_jetpack_memberships_contains_paid_content":false,"footnotes":""},"categories":[334],"tags":[368,391],"newspack_spnsrs_tax":[],"coauthors":[3750],"class_list":["post-5056","post","type-post","status-publish","format-standard","has-post-thumbnail","hentry","category-noticias-del-dia","tag-colombia-pais","tag-nicaragua-pais","entry"],"parsely":{"version":"1.1.0","canonical_url":"https:\/\/insightcrime.org\/es\/noticias\/noticias-del-dia\/afp-ortega-invita-a-colombia-a-luchar-juntos-contra-narcotrafico-en-el-caribe\/","smart_links":{"inbound":0,"outbound":0},"traffic_boost_suggestions_count":0,"meta":{"@context":"https:\/\/schema.org","@type":"NewsArticle","headline":"AFP: Ortega Invita a Colombia a Luchar Juntos Contra Narcotr\u00e1fico en el Caribe","url":"http:\/\/insightcrime.org\/es\/noticias\/noticias-del-dia\/afp-ortega-invita-a-colombia-a-luchar-juntos-contra-narcotrafico-en-el-caribe\/","mainEntityOfPage":{"@type":"WebPage","@id":"http:\/\/insightcrime.org\/es\/noticias\/noticias-del-dia\/afp-ortega-invita-a-colombia-a-luchar-juntos-contra-narcotrafico-en-el-caribe\/"},"thumbnailUrl":"https:\/\/i0.wp.com\/insightcrime.org\/wp-content\/uploads\/2012\/12\/es-f690acfc4b6d6833ddc60956175f9044.jpg?resize=150%2C150&quality=100&ssl=1","image":{"@type":"ImageObject","url":"https:\/\/i0.wp.com\/insightcrime.org\/wp-content\/uploads\/2012\/12\/es-f690acfc4b6d6833ddc60956175f9044.jpg?fit=264%2C191&quality=100&ssl=1"},"articleSection":"Noticias del d\u00eda","author":[{"@type":"Person","name":"Afp"}],"creator":["Afp"],"publisher":{"@type":"Organization","name":"InSight Crime","logo":"https:\/\/insightcrime.org\/wp-content\/uploads\/2023\/08\/logo.png"},"keywords":["colombia","nicaragua"],"dateCreated":"2017-03-27T23:51:54Z","datePublished":"2017-03-27T23:51:54Z","dateModified":"2023-04-24T20:28:28Z"},"rendered":"<meta name=\"parsely-title\" content=\"AFP: Ortega Invita a Colombia a Luchar Juntos Contra Narcotr\u00e1fico en el Caribe\" \/>\n<meta name=\"parsely-link\" content=\"http:\/\/insightcrime.org\/es\/noticias\/noticias-del-dia\/afp-ortega-invita-a-colombia-a-luchar-juntos-contra-narcotrafico-en-el-caribe\/\" \/>\n<meta name=\"parsely-type\" content=\"post\" \/>\n<meta name=\"parsely-image-url\" content=\"https:\/\/i0.wp.com\/insightcrime.org\/wp-content\/uploads\/2012\/12\/es-f690acfc4b6d6833ddc60956175f9044.jpg?resize=150%2C150&amp;quality=100&amp;ssl=1\" \/>\n<meta name=\"parsely-pub-date\" content=\"2017-03-27T23:51:54Z\" \/>\n<meta name=\"parsely-section\" content=\"Noticias del d\u00eda\" \/>\n<meta name=\"parsely-tags\" content=\"colombia,nicaragua\" \/>\n<meta name=\"parsely-author\" content=\"Afp\" \/>","tracker_url":"https:\/\/cdn.parsely.com\/keys\/insightcrime.org\/p.js"},"jetpack_sharing_enabled":true,"jetpack-related-posts":[{"id":126219,"url":"https:\/\/insightcrime.org\/es\/noticias\/nicaragua-cocaina-centroamerica\/","url_meta":{"origin":5056,"position":0},"title":"Nicaragua no se libra de paso de coca\u00edna por Centroam\u00e9rica","author":"Katie Jones","date":"29 de octubre de 2020","format":false,"excerpt":"Una serie reciente de decomisos de narc\u00f3ticos que involucra a Nicaragua sugiere que los traficantes est\u00e1n moviendo coca\u00edna por ese pa\u00eds, pese a la ret\u00f3rica oficial que niega que su territorio sea un centro de tr\u00e1nsito","rel":"","context":"En \u00abNoticias\u00bb","block_context":{"text":"Noticias","link":"https:\/\/insightcrime.org\/es\/category\/noticias\/"},"img":{"alt_text":"","src":"https:\/\/i0.wp.com\/insightcrime.org\/wp-content\/uploads\/2020\/10\/El-Salvador-Drugs.jpg?fit=1200%2C900&quality=100&ssl=1&resize=350%2C200","width":350,"height":200,"srcset":"https:\/\/i0.wp.com\/insightcrime.org\/wp-content\/uploads\/2020\/10\/El-Salvador-Drugs.jpg?fit=1200%2C900&quality=100&ssl=1&resize=350%2C200 1x, https:\/\/i0.wp.com\/insightcrime.org\/wp-content\/uploads\/2020\/10\/El-Salvador-Drugs.jpg?fit=1200%2C900&quality=100&ssl=1&resize=525%2C300 1.5x, https:\/\/i0.wp.com\/insightcrime.org\/wp-content\/uploads\/2020\/10\/El-Salvador-Drugs.jpg?fit=1200%2C900&quality=100&ssl=1&resize=700%2C400 2x, https:\/\/i0.wp.com\/insightcrime.org\/wp-content\/uploads\/2020\/10\/El-Salvador-Drugs.jpg?fit=1200%2C900&quality=100&ssl=1&resize=1050%2C600 3x"},"classes":[]},{"id":146198,"url":"https:\/\/insightcrime.org\/es\/investigaciones\/elites-crimen-organizado-nicaragua-caso-henry-farinas\/","url_meta":{"origin":5056,"position":1},"title":"\u00c9lites y crimen organizado en Nicaragua: El caso de Henry Fari\u00f1as","author":"InSight Crime","date":"15 de julio de 2021","format":false,"excerpt":"El asesinato de un prominente cantante de m\u00fasica folcl\u00f3rica en territorio guatemalteco puso al propietario de una discoteca nicarag\u00fcense en el centro de la atenci\u00f3n p\u00fablica y permiti\u00f3 conocer una red de tr\u00e1fico de drogas il\u00edcitas que se extend\u00eda desde Colombia hasta M\u00e9xico. Esta red era facilitada por la polic\u00eda\u2026","rel":"","context":"En \u00abInvestigaciones\u00bb","block_context":{"text":"Investigaciones","link":"https:\/\/insightcrime.org\/es\/category\/investigaciones\/"},"img":{"alt_text":"","src":"https:\/\/i0.wp.com\/insightcrime.org\/wp-content\/uploads\/2021\/06\/Landing-Farinas-investigacion-InSight-Crime-Jun-2021-copia.jpg?fit=1200%2C450&quality=100&ssl=1&resize=350%2C200","width":350,"height":200,"srcset":"https:\/\/i0.wp.com\/insightcrime.org\/wp-content\/uploads\/2021\/06\/Landing-Farinas-investigacion-InSight-Crime-Jun-2021-copia.jpg?fit=1200%2C450&quality=100&ssl=1&resize=350%2C200 1x, https:\/\/i0.wp.com\/insightcrime.org\/wp-content\/uploads\/2021\/06\/Landing-Farinas-investigacion-InSight-Crime-Jun-2021-copia.jpg?fit=1200%2C450&quality=100&ssl=1&resize=525%2C300 1.5x, https:\/\/i0.wp.com\/insightcrime.org\/wp-content\/uploads\/2021\/06\/Landing-Farinas-investigacion-InSight-Crime-Jun-2021-copia.jpg?fit=1200%2C450&quality=100&ssl=1&resize=700%2C400 2x, https:\/\/i0.wp.com\/insightcrime.org\/wp-content\/uploads\/2021\/06\/Landing-Farinas-investigacion-InSight-Crime-Jun-2021-copia.jpg?fit=1200%2C450&quality=100&ssl=1&resize=1050%2C600 3x"},"classes":[]},{"id":147474,"url":"https:\/\/insightcrime.org\/es\/noticias\/gobierno-nicaragua-usa-hostigamiento-judicial-bloquear-oposicion\/","url_meta":{"origin":5056,"position":2},"title":"Gobierno de Nicaragua usa hostigamiento judicial para bloquear oposici\u00f3n","author":"Parker Asmann","date":"4 de junio de 2021","format":false,"excerpt":"Con su principal opositora en detenci\u00f3n domiciliaria acusada de lavado de dinero, el presidente de Nicaragua Daniel Ortega parece usar el sistema judicial para neutralizar a sus rivales antes de las pr\u00f3ximas elecciones presidenciales.","rel":"","context":"En \u00abNoticias\u00bb","block_context":{"text":"Noticias","link":"https:\/\/insightcrime.org\/es\/category\/noticias\/"},"img":{"alt_text":"","src":"https:\/\/i0.wp.com\/insightcrime.org\/wp-content\/uploads\/2021\/06\/2021-06-02-Cristiana-Chamorro-Nicaragua.jpg?fit=350%2C250&quality=100&ssl=1&resize=350%2C200","width":350,"height":200},"classes":[]},{"id":181003,"url":"https:\/\/insightcrime.org\/es\/noticias\/ruta-droga-caribe-colombiano-continua-activa-archipielago-san-andres\/","url_meta":{"origin":5056,"position":3},"title":"Ruta de la droga en el Caribe colombiano contin\u00faa activa por el archipi\u00e9lago de San Andr\u00e9s","author":"Gabrielle Gorder","date":"29 de marzo de 2022","format":false,"excerpt":"Una incautaci\u00f3n de cantidades r\u00e9cord de coca\u00edna frente a las costas de San Andr\u00e9s, Colombia, representa el caso m\u00e1s reciente de una serie de interceptaciones de lanchas r\u00e1pidas que transportan alijos de drogas avaluados en millones de d\u00f3lares cerca del archipi\u00e9lago caribe\u00f1o, lo que indica que esta vieja ruta de\u2026","rel":"","context":"En \u00abNoticias\u00bb","block_context":{"text":"Noticias","link":"https:\/\/insightcrime.org\/es\/category\/noticias\/"},"img":{"alt_text":"Incautaci\u00f3n en San Andres Marzo 2022","src":"https:\/\/i0.wp.com\/insightcrime.org\/wp-content\/uploads\/2022\/03\/San-Andres-Armada-Colombiana-20-marzo-2022.jpg?fit=802%2C683&quality=100&ssl=1&resize=350%2C200","width":350,"height":200,"srcset":"https:\/\/i0.wp.com\/insightcrime.org\/wp-content\/uploads\/2022\/03\/San-Andres-Armada-Colombiana-20-marzo-2022.jpg?fit=802%2C683&quality=100&ssl=1&resize=350%2C200 1x, https:\/\/i0.wp.com\/insightcrime.org\/wp-content\/uploads\/2022\/03\/San-Andres-Armada-Colombiana-20-marzo-2022.jpg?fit=802%2C683&quality=100&ssl=1&resize=525%2C300 1.5x, https:\/\/i0.wp.com\/insightcrime.org\/wp-content\/uploads\/2022\/03\/San-Andres-Armada-Colombiana-20-marzo-2022.jpg?fit=802%2C683&quality=100&ssl=1&resize=700%2C400 2x"},"classes":[]},{"id":171773,"url":"https:\/\/insightcrime.org\/es\/noticias\/archipielago-san-andres-colombia-perdiendo-batalla-contra-pesca-ilegal\/","url_meta":{"origin":5056,"position":4},"title":"Archipi\u00e9lago de San Andr\u00e9s en Colombia va perdiendo la batalla contra la pesca ilegal","author":"Scott Mistler-Ferguson","date":"17 de noviembre de 2021","format":false,"excerpt":"Mientras Colombia y Nicaragua siguen disput\u00e1ndose los derechos de pesca y de vigilancia alrededor del archipi\u00e9lago de San Andr\u00e9s en el Caribe, sus aguas est\u00e1n a merced de la pesca ilegal de barcos de toda la regi\u00f3n.","rel":"","context":"En \u00abNoticias\u00bb","block_context":{"text":"Noticias","link":"https:\/\/insightcrime.org\/es\/category\/noticias\/"},"img":{"alt_text":"Grandes barcos pesqueros en archipi\u00e9lago de San Andr\u00e9s","src":"https:\/\/i0.wp.com\/insightcrime.org\/wp-content\/uploads\/2021\/11\/ezgif-4-d678441b322d.jpg?fit=350%2C250&quality=100&ssl=1&resize=350%2C200","width":350,"height":200},"classes":[]},{"id":178054,"url":"https:\/\/insightcrime.org\/es\/noticias\/cuales-paises-corruptos-america-latina\/","url_meta":{"origin":5056,"position":5},"title":"\u00bfCu\u00e1les son los pa\u00edses m\u00e1s corruptos de Am\u00e9rica Latina?","author":"Gabrielle Gorder","date":"11 de febrero de 2022","format":false,"excerpt":"Los pa\u00edses latinoamericanos obtuvieron una puntuaci\u00f3n baja en el m\u00e1s reciente \u00edndice de corrupci\u00f3n de Transparencia Internacional, y aquellos que tuvieron los peores puntajes alcanzaron a los pa\u00edses devastados por la guerra y a las dictaduras","rel":"","context":"En \u00abNoticias\u00bb","block_context":{"text":"Noticias","link":"https:\/\/insightcrime.org\/es\/category\/noticias\/"},"img":{"alt_text":"Manifestante de El Salvador se\u00f1ala a funcionarios que considera corruptos, incluido el presidente","src":"https:\/\/i0.wp.com\/insightcrime.org\/wp-content\/uploads\/2022\/02\/Corruption-Index-2021-El-Salvador.png?fit=350%2C250&quality=100&ssl=1&resize=350%2C200","width":350,"height":200},"classes":[]}],"jetpack_featured_media_url":"https:\/\/i0.wp.com\/insightcrime.org\/wp-content\/uploads\/2012\/12\/es-f690acfc4b6d6833ddc60956175f9044.jpg?fit=264%2C191&quality=100&ssl=1","_links":{"self":[{"href":"https:\/\/insightcrime.org\/es\/wp-json\/wp\/v2\/posts\/5056","targetHints":{"allow":["GET"]}}],"collection":[{"href":"https:\/\/insightcrime.org\/es\/wp-json\/wp\/v2\/posts"}],"about":[{"href":"https:\/\/insightcrime.org\/es\/wp-json\/wp\/v2\/types\/post"}],"author":[{"embeddable":true,"href":"https:\/\/insightcrime.org\/es\/wp-json\/wp\/v2\/users\/97"}],"replies":[{"embeddable":true,"href":"https:\/\/insightcrime.org\/es\/wp-json\/wp\/v2\/comments?post=5056"}],"version-history":[{"count":1,"href":"https:\/\/insightcrime.org\/es\/wp-json\/wp\/v2\/posts\/5056\/revisions"}],"predecessor-version":[{"id":19058,"href":"https:\/\/insightcrime.org\/es\/wp-json\/wp\/v2\/posts\/5056\/revisions\/19058"}],"wp:featuredmedia":[{"embeddable":true,"href":"https:\/\/insightcrime.org\/es\/wp-json\/wp\/v2\/media\/36914"}],"wp:attachment":[{"href":"https:\/\/insightcrime.org\/es\/wp-json\/wp\/v2\/media?parent=5056"}],"wp:term":[{"taxonomy":"category","embeddable":true,"href":"https:\/\/insightcrime.org\/es\/wp-json\/wp\/v2\/categories?post=5056"},{"taxonomy":"post_tag","embeddable":true,"href":"https:\/\/insightcrime.org\/es\/wp-json\/wp\/v2\/tags?post=5056"},{"taxonomy":"newspack_spnsrs_tax","embeddable":true,"href":"https:\/\/insightcrime.org\/es\/wp-json\/wp\/v2\/newspack_spnsrs_tax?post=5056"},{"taxonomy":"author","embeddable":true,"href":"https:\/\/insightcrime.org\/es\/wp-json\/wp\/v2\/coauthors?post=5056"}],"curies":[{"name":"wp","href":"https:\/\/api.w.org\/{rel}","templated":true}]}}