{"id":5092,"date":"2013-01-08T19:24:26","date_gmt":"2017-03-27T23:52:04","guid":{"rendered":"http:\/\/newwp.insightcrime.org?p=5092"},"modified":"2023-04-24T15:28:40","modified_gmt":"2023-04-24T20:28:40","slug":"incertidumbre-politica-en-venezuela-alimenta-el-crimen-y-la-violencia","status":"publish","type":"post","link":"https:\/\/insightcrime.org\/es\/noticias\/analisis\/incertidumbre-politica-en-venezuela-alimenta-el-crimen-y-la-violencia\/","title":{"rendered":"Incertidumbre Politica en Venezuela Alimenta el Crimen y la Violencia"},"content":{"rendered":"\n<p class=\"wp-block-paragraph\">Los rumores de la inminente muerte del presidente Hugo Ch\u00e1vez, y la b\u00fasqueda de espacios entre sus posibles sucesores, est\u00e1n creando las condiciones para que la delincuencia y la violencia sigan floreciendo y mantengan este ritmo a lo largo de 2013.<\/p>\n\n\n\n<p class=\"wp-block-paragraph\">Mientras que el presidente venezolano se encuentra, al parecer en estado terminal, en una cama de un hospital cubano, es probable que la tasa de homicidios en <a href=\"\/noticias-sobre-crimen-organizado-en-venezuela\" target=\"_blank\">Venezuela<\/a> supere los 70 por cada 100.000 habitantes. Esto hace de la naci\u00f3n andina la m\u00e1s peligrosa de Suram\u00e9rica, y una de las m\u00e1s peligrosas del mundo, superada s\u00f3lo por Honduras.<\/p>\n\n\n\n<p class=\"wp-block-paragraph\">La violencia no muestra signos de disminuir en 2013. <a href=\"https:\/\/www.eluniversal.com\/sucesos\/130107\/acribillan-a-un-policaracas-tras-robarle-su-arma%20\" target=\"_blank\">Ya un polic\u00eda ha sido asesinado a tiros<\/a> para robarle su arma, una tendencia presente a lo largo de 2012. En los primeros seis d\u00edas del a\u00f1o m\u00e1s de <a href=\"https:\/\/www.caracol.com.co\/noticias\/internacional\/caracas-inicia-el-ano-con-75-muertes-violentes-en-6-dias\/20130106\/nota\/1820173.aspx\" target=\"_blank\">75 asesinatos se registraron en Caracas<\/a>. Las <a href=\"\/news\/briefs\/over-500-inmates-died-in-venezuela-in-last-year-report%20\" target=\"_blank\">c\u00e1rceles venezolanas<\/a> son las m\u00e1s peligrosas del mundo. Est\u00e1n formando una nueva generaci\u00f3n de criminales para un mundo del crimen organizado nacional cada vez m\u00e1s sofisticado.<\/p>\n\n\n\n<h3 class=\"wp-block-heading\">An\u00e1lisis de InSight Crime<\/h3>\n\n\n\n<p class=\"wp-block-paragraph\">Sin importar quien suceda a Ch\u00e1vez, las perspectivas en materia de seguridad no son alentadoras. Ch\u00e1vez ha ungido Nicol\u00e1s Maduro como su vicepresidente y presunto heredero. Una continuidad de la pol\u00edtica desastrosa actual de seguridad se espera bajo el mandato de Maduro; una pol\u00edtica que ha experimentado c\u00f3mo la tasa de homicidios casi se ha cuadruplicado.<\/p>\n\n\n\n<p class=\"wp-block-paragraph\">Las prioridades distorsionados de la administraci\u00f3n Ch\u00e1vez se reforzaron una vez m\u00e1s, cuando el vicepresidente Maduro envi\u00f3 miembros de la Guardia Nacional esta semana a las fabricas de embalaje de az\u00facar para garantizar que no hubiera acaparamiento por las empresas, en lugar de distribuir la fuerza p\u00fablica en los sectores m\u00e1s sensibles de Caracas, donde se cree que la tasa de homicidios supera los 120 por cada 100.000 habitantes.<\/p>\n\n\n\n<p class=\"wp-block-paragraph\">Tambi\u00e9n en la l\u00ednea de sucesi\u00f3n se encuentra el presidente de la Asamblea Nacional, Diosdado Cabello, un ex oficial del ej\u00e9rcito, conocido por tener fuertes v\u00ednculos con las Fuerzas Armadas venezolanas, al igual que posibles v\u00ednculos con el crimen organizado al interior de las mismas fuerzas armadas; la llamada facci\u00f3n del \u201c<a href=\"\/grupos-venezuela\/cartel-de-los-soles\" target=\"_blank\">Cartel de los Soles<\/a>\u201c.<\/p>\n\n\n\n<p class=\"wp-block-paragraph\">En caso de nuevas elecciones presidenciales, y que un candidato de la oposici\u00f3n gane, las consecuencias para la seguridad, al menos en el corto plazo, podr\u00edan ser a\u00fan m\u00e1s graves. El ej\u00e9rcito, la Guardia Nacional, la Polic\u00eda Nacional y el Poder Judicial han sido fuertemente politizados durante 13 a\u00f1os de gobierno de Ch\u00e1vez. Un presidente de oposici\u00f3n puede encontrarse con que sus \u00f3rdenes no vayan mucho m\u00e1s all\u00e1 del palacio presidencial de Miraflores.<br>Un presidente proveniente de la oposici\u00f3n tambi\u00e9n tendr\u00eda que hacer frente a las milicias pro-Ch\u00e1vez que est\u00e1n fuertemente armadas; no s\u00f3lo en Caracas, sino en el campo, donde la guerrilla izquierdista de las Fuerzas Bolivarianas de Liberaci\u00f3n (<a href=\"\/grupos-venezuela\/fbl\" target=\"_blank\">FBL<\/a>) cuentan con hasta 4.000 miembros, repartidos en nueve de los 23 estados del pa\u00eds.<\/p>\n\n\n\n<p class=\"wp-block-paragraph\">El posible caos no s\u00f3lo tendr\u00e1 repercusiones en Venezuela, sino tambi\u00e9n de la vecina <a href=\"\/noticias-sobre-crimen-organizado-en-colombia\" target=\"_blank\">Colombia<\/a>. Se estima que los grupos guerrilleros colombianos tienen hasta 1.000 combatientes en Venezuela, as\u00ed como muchos de sus l\u00edderes y un gran porcentaje de su apoyo log\u00edstico. Si bien la cooperaci\u00f3n entre Venezuela y Colombia ha mejorado desde que el presidente Juan Manuel Santos asumi\u00f3 el cargo en agosto de 2010; la actual falta de liderazgo y de \u00f3rdenes claras a las fuerzas armadas, ha puesto a las Fuerzas Armadas de Venezuela en un comp\u00e1s de espera a lo largo de la frontera, donde los elementos corruptos siguen alimentando a los guerrilleros marxistas de las Fuerzas Armadas Revolucionarias de Colombia (<a href=\"\/grupos-venezuela\/farc-en-venezuela\" target=\"_blank\">FARC<\/a>) y del Ej\u00e9rcito de Liberaci\u00f3n Nacional (<a href=\"\/grupos-venezuela\/eln-en-venezuela\" target=\"_blank\">ELN<\/a>), con armas, municiones y suministros m\u00e9dicos. Tambi\u00e9n hay fuertes indicios de que elementos de las fuerzas armadas est\u00e1n facilitando, si no participando activamente, en el tr\u00e1fico de drogas en la frontera.<\/p>\n\n\n\n<p class=\"wp-block-paragraph\">Las <a href=\"\/grupos-colombia\/farc\" target=\"_blank\">FARC<\/a> se encuentran actualmente en conversaciones de paz con el gobierno colombiano y el <a href=\"\/grupos-colombia\/eln\" target=\"_blank\">ELN<\/a> espera un asiento en la mesa. El caos en Venezuela fortalece su posici\u00f3n, asegur\u00e1ndoles la disposici\u00f3n de una zona de retaguardia donde los l\u00edderes pueden reunirse, las campa\u00f1as pueden ser planeadas, las nuevas unidades pueden ser entrenadas y equipadas, y los ataques iniciados.<\/p>\n\n\n\n<p class=\"wp-block-paragraph\">La situaci\u00f3n pol\u00edtica y de seguridad en Venezuela es probable que se deteriore a\u00fan m\u00e1s durante 2013, con consecuencias potencialmente graves para la violencia y el desarrollo del crimen organizado tanto en Colombia como en Venezuela.<\/p>\n","protected":false},"excerpt":{"rendered":"<p>Los rumores de la inminente muerte del presidente Hugo Ch\u00e1vez, y la b\u00fasqueda de espacios entre sus posibles sucesores, est\u00e1n creando las condiciones para que la delincuencia y la violencia sigan floreciendo y mantengan este ritmo a lo largo de 2013.<\/p>\n","protected":false},"author":5,"featured_media":36973,"comment_status":"closed","ping_status":"closed","sticky":false,"template":"","format":"standard","meta":{"newspack_ads_suppress_ads":false,"newspack_popups_has_disabled_popups":false,"newspack_sponsor_sponsorship_scope":"","newspack_sponsor_native_byline_display":"inherit","newspack_sponsor_native_category_display":"inherit","newspack_sponsor_underwriter_style":"inherit","newspack_sponsor_underwriter_placement":"inherit","_EventAllDay":false,"_EventTimezone":"","_EventStartDate":"","_EventEndDate":"","_EventStartDateUTC":"","_EventEndDateUTC":"","_EventShowMap":false,"_EventShowMapLink":false,"_EventURL":"","_EventCost":"","_EventCostDescription":"","_EventCurrencySymbol":"","_EventCurrencyCode":"","_EventCurrencyPosition":"","_EventDateTimeSeparator":"","_EventTimeRangeSeparator":"","_EventOrganizerID":[],"_EventVenueID":[],"_OrganizerEmail":"","_OrganizerPhone":"","_OrganizerWebsite":"","_VenueAddress":"","_VenueCity":"","_VenueCountry":"","_VenueProvince":"","_VenueState":"","_VenueZip":"","_VenuePhone":"","_VenueURL":"","_VenueStateProvince":"","_VenueLat":"","_VenueLng":"","_VenueShowMap":false,"_VenueShowMapLink":false,"_newspack_byline_active":false,"_newspack_byline":"","newspack_hide_updated_date":false,"newspack_show_updated_date":false,"newspack_featured_image_position":"","newspack_post_subtitle":"","newspack_article_summary_title":"Overview:","newspack_article_summary":"","_jetpack_memberships_contains_paid_content":false,"footnotes":""},"categories":[340],"tags":[486,452,400],"newspack_spnsrs_tax":[],"coauthors":[3654],"class_list":["post-5092","post","type-post","status-publish","format-standard","has-post-thumbnail","hentry","category-analisis","tag-cartel-de-los-soles-grupo","tag-homicidios","tag-venezuela-pais","entry"],"parsely":{"version":"1.1.0","canonical_url":"https:\/\/insightcrime.org\/es\/noticias\/analisis\/incertidumbre-politica-en-venezuela-alimenta-el-crimen-y-la-violencia\/","smart_links":{"inbound":0,"outbound":0},"traffic_boost_suggestions_count":0,"meta":{"@context":"https:\/\/schema.org","@type":"NewsArticle","headline":"Incertidumbre Politica en Venezuela Alimenta el Crimen y la Violencia","url":"http:\/\/insightcrime.org\/es\/noticias\/analisis\/incertidumbre-politica-en-venezuela-alimenta-el-crimen-y-la-violencia\/","mainEntityOfPage":{"@type":"WebPage","@id":"http:\/\/insightcrime.org\/es\/noticias\/analisis\/incertidumbre-politica-en-venezuela-alimenta-el-crimen-y-la-violencia\/"},"thumbnailUrl":"https:\/\/i0.wp.com\/insightcrime.org\/wp-content\/uploads\/2013\/01\/en-7becad0513fa168344c9f1efebd84e3f.jpg?resize=150%2C150&quality=100&ssl=1","image":{"@type":"ImageObject","url":"https:\/\/i0.wp.com\/insightcrime.org\/wp-content\/uploads\/2013\/01\/en-7becad0513fa168344c9f1efebd84e3f.jpg?fit=480%2C240&quality=100&ssl=1"},"articleSection":"An\u00e1lisis","author":[{"@type":"Person","name":"Jeremy McDermott"}],"creator":["Jeremy McDermott"],"publisher":{"@type":"Organization","name":"InSight Crime","logo":"https:\/\/insightcrime.org\/wp-content\/uploads\/2023\/08\/logo.png"},"keywords":["cartel de los soles","homicidios","venezuela"],"dateCreated":"2017-03-27T23:52:04Z","datePublished":"2017-03-27T23:52:04Z","dateModified":"2023-04-24T20:28:40Z"},"rendered":"<meta name=\"parsely-title\" content=\"Incertidumbre Politica en Venezuela Alimenta el Crimen y la Violencia\" \/>\n<meta name=\"parsely-link\" content=\"http:\/\/insightcrime.org\/es\/noticias\/analisis\/incertidumbre-politica-en-venezuela-alimenta-el-crimen-y-la-violencia\/\" \/>\n<meta name=\"parsely-type\" content=\"post\" \/>\n<meta name=\"parsely-image-url\" content=\"https:\/\/i0.wp.com\/insightcrime.org\/wp-content\/uploads\/2013\/01\/en-7becad0513fa168344c9f1efebd84e3f.jpg?resize=150%2C150&amp;quality=100&amp;ssl=1\" \/>\n<meta name=\"parsely-pub-date\" content=\"2017-03-27T23:52:04Z\" \/>\n<meta name=\"parsely-section\" content=\"An\u00e1lisis\" \/>\n<meta name=\"parsely-tags\" content=\"cartel de los soles,homicidios,venezuela\" \/>\n<meta name=\"parsely-author\" content=\"Jeremy McDermott\" \/>","tracker_url":"https:\/\/cdn.parsely.com\/keys\/insightcrime.org\/p.js"},"jetpack_sharing_enabled":true,"jetpack-related-posts":[{"id":232644,"url":"https:\/\/insightcrime.org\/es\/noticias\/zonas-criticas-homicidios-america-latina\/","url_meta":{"origin":5092,"position":0},"title":"Epicentros de los homicidios en Am\u00e9rica Latina","author":"Christopher Newton","date":"15 de junio de 2023","format":false,"excerpt":"En zonas espec\u00edficas de Am\u00e9rica Latina, la violencia registra niveles permanentemente altos, y supera los promedios nacionales.","rel":"","context":"En \u00abNoticias\u00bb","block_context":{"text":"Noticias","link":"https:\/\/insightcrime.org\/es\/category\/noticias\/"},"img":{"alt_text":"","src":"https:\/\/i0.wp.com\/insightcrime.org\/wp-content\/uploads\/2023\/06\/Cover-DataInSights-Latin-Americas-Homicide-Hotspots-InSightCrime.jpg?fit=1200%2C690&quality=100&ssl=1&resize=350%2C200","width":350,"height":200,"srcset":"https:\/\/i0.wp.com\/insightcrime.org\/wp-content\/uploads\/2023\/06\/Cover-DataInSights-Latin-Americas-Homicide-Hotspots-InSightCrime.jpg?fit=1200%2C690&quality=100&ssl=1&resize=350%2C200 1x, https:\/\/i0.wp.com\/insightcrime.org\/wp-content\/uploads\/2023\/06\/Cover-DataInSights-Latin-Americas-Homicide-Hotspots-InSightCrime.jpg?fit=1200%2C690&quality=100&ssl=1&resize=525%2C300 1.5x, https:\/\/i0.wp.com\/insightcrime.org\/wp-content\/uploads\/2023\/06\/Cover-DataInSights-Latin-Americas-Homicide-Hotspots-InSightCrime.jpg?fit=1200%2C690&quality=100&ssl=1&resize=700%2C400 2x, https:\/\/i0.wp.com\/insightcrime.org\/wp-content\/uploads\/2023\/06\/Cover-DataInSights-Latin-Americas-Homicide-Hotspots-InSightCrime.jpg?fit=1200%2C690&quality=100&ssl=1&resize=1050%2C600 3x"},"classes":[]},{"id":209631,"url":"https:\/\/insightcrime.org\/es\/noticias\/violencia-mujeres-tactica-crimen-venezuela\/","url_meta":{"origin":5092,"position":1},"title":"Violencia contra las mujeres, t\u00e1ctica del crimen organizado en Venezuela","author":"Unidad Investigativa de Venezuela","date":"6 de febrero de 2023","format":false,"excerpt":"Las nuevas cifras sobre feminicidios en Venezuela muestran que el crimen organizado es uno de los principales motores de violencia contra las mujeres, y de estas las m\u00e1s vulnerables son las lideresas comunitarias, las parientes de delincuentes y quienes trabajan en econom\u00edas il\u00edcitas.","rel":"","context":"En \u00abNoticias\u00bb","block_context":{"text":"Noticias","link":"https:\/\/insightcrime.org\/es\/category\/noticias\/"},"img":{"alt_text":"Violence against women is increasingly deployed by criminal groups in Venezuela.","src":"https:\/\/i0.wp.com\/insightcrime.org\/wp-content\/uploads\/2023\/02\/b7aea634-fb99-4359-9024-328af29346cf_w1200_r1-1-1.jpg?fit=350%2C250&quality=100&ssl=1&resize=350%2C200","width":350,"height":200},"classes":[]},{"id":276681,"url":"https:\/\/insightcrime.org\/es\/noticias\/por-que-hay-disminucion-indices-criminales-venezuela\/","url_meta":{"origin":5092,"position":2},"title":"\u00bfPor qu\u00e9 hay una disminuci\u00f3n de \u00edndices criminales en Venezuela?","author":"Unidad Investigativa de Venezuela","date":"28 de mayo de 2024","format":false,"excerpt":"Un reciente anuncio sobre el descenso en los \u00edndices criminales por parte de las autoridades de Venezuela podr\u00eda parecer, a primera vista, un avance en materia de seguridad. Sin embargo, esta reducci\u00f3n se debe m\u00e1s a un reacomodo criminal en el pa\u00eds que a la respuesta efectiva del Estado.","rel":"","context":"En \u00abNoticias\u00bb","block_context":{"text":"Noticias","link":"https:\/\/insightcrime.org\/es\/category\/noticias\/"},"img":{"alt_text":"Maduro greets officers of the Bolivarian National Police in the middle of an official event. Maduro saluda a oficiales de la Polic\u00eda Nacional Bolivariana en medio de un evento oficial.","src":"https:\/\/i0.wp.com\/insightcrime.org\/wp-content\/uploads\/2024\/05\/24-05-27-indices-criminales-Vene.jpg?fit=350%2C250&quality=100&ssl=1&resize=350%2C200","width":350,"height":200},"classes":[]},{"id":209348,"url":"https:\/\/insightcrime.org\/es\/noticias\/balance-insight-crime-dhomicidios-en-2022\/","url_meta":{"origin":5092,"position":3},"title":"Balance de InSight Crime de los homicidios en 2022","author":"Peter Appleby","date":"8 de febrero de 2023","format":false,"excerpt":"El Balance de InSight Crime sobre los homicidios en 2022 incluye m\u00e1s pa\u00edses que nunca y abarca varios pa\u00edses del Caribe.","rel":"","context":"En \u00abNoticias\u00bb","block_context":{"text":"Noticias","link":"https:\/\/insightcrime.org\/es\/category\/noticias\/"},"img":{"alt_text":"","src":"https:\/\/i0.wp.com\/insightcrime.org\/wp-content\/uploads\/2023\/02\/Flagship-Cover-ES-Tasa-de-homicidios-en-las-capitales-de-Latinoamerica-y-el-Caribe-2022_InSight-Crime_Map_Jan-2022.jpg?fit=1200%2C683&quality=100&ssl=1&resize=350%2C200","width":350,"height":200,"srcset":"https:\/\/i0.wp.com\/insightcrime.org\/wp-content\/uploads\/2023\/02\/Flagship-Cover-ES-Tasa-de-homicidios-en-las-capitales-de-Latinoamerica-y-el-Caribe-2022_InSight-Crime_Map_Jan-2022.jpg?fit=1200%2C683&quality=100&ssl=1&resize=350%2C200 1x, https:\/\/i0.wp.com\/insightcrime.org\/wp-content\/uploads\/2023\/02\/Flagship-Cover-ES-Tasa-de-homicidios-en-las-capitales-de-Latinoamerica-y-el-Caribe-2022_InSight-Crime_Map_Jan-2022.jpg?fit=1200%2C683&quality=100&ssl=1&resize=525%2C300 1.5x, https:\/\/i0.wp.com\/insightcrime.org\/wp-content\/uploads\/2023\/02\/Flagship-Cover-ES-Tasa-de-homicidios-en-las-capitales-de-Latinoamerica-y-el-Caribe-2022_InSight-Crime_Map_Jan-2022.jpg?fit=1200%2C683&quality=100&ssl=1&resize=700%2C400 2x, https:\/\/i0.wp.com\/insightcrime.org\/wp-content\/uploads\/2023\/02\/Flagship-Cover-ES-Tasa-de-homicidios-en-las-capitales-de-Latinoamerica-y-el-Caribe-2022_InSight-Crime_Map_Jan-2022.jpg?fit=1200%2C683&quality=100&ssl=1&resize=1050%2C600 3x"},"classes":[]},{"id":210245,"url":"https:\/\/insightcrime.org\/es\/venezuela-organized-crime-news\/yeico-masacre\/","url_meta":{"origin":5092,"position":4},"title":"Yeico Masacre","author":"Unidad Investigativa de Venezuela","date":"13 de febrero de 2023","format":false,"excerpt":"Erick Alberto Parra Mendoza, alias \u201cYeico Masacre\u201d (en ocasiones escrito como Yeiko), es un desertor del ej\u00e9rcito que pas\u00f3 de sicario raso a cabeza de una de las bandas extorsionistas m\u00e1s violentas y peligrosas del estado de Zulia y uno de los delincuentes m\u00e1s buscados de Venezuela.","rel":"","context":"En \u00abVenezuela\u00bb","block_context":{"text":"Venezuela","link":"https:\/\/insightcrime.org\/category\/venezuela-organized-crime-news\/"},"img":{"alt_text":"Perfil criminal de Yeico Masacre, Venezuela","src":"https:\/\/i0.wp.com\/insightcrime.org\/wp-content\/uploads\/2026\/08\/Perfil-Criminal-Yeico-Masacre-Venezuela.jpg?fit=1200%2C900&quality=100&ssl=1&resize=350%2C200","width":350,"height":200,"srcset":"https:\/\/i0.wp.com\/insightcrime.org\/wp-content\/uploads\/2026\/08\/Perfil-Criminal-Yeico-Masacre-Venezuela.jpg?fit=1200%2C900&quality=100&ssl=1&resize=350%2C200 1x, https:\/\/i0.wp.com\/insightcrime.org\/wp-content\/uploads\/2026\/08\/Perfil-Criminal-Yeico-Masacre-Venezuela.jpg?fit=1200%2C900&quality=100&ssl=1&resize=525%2C300 1.5x, https:\/\/i0.wp.com\/insightcrime.org\/wp-content\/uploads\/2026\/08\/Perfil-Criminal-Yeico-Masacre-Venezuela.jpg?fit=1200%2C900&quality=100&ssl=1&resize=700%2C400 2x, https:\/\/i0.wp.com\/insightcrime.org\/wp-content\/uploads\/2026\/08\/Perfil-Criminal-Yeico-Masacre-Venezuela.jpg?fit=1200%2C900&quality=100&ssl=1&resize=1050%2C600 3x"},"classes":[]},{"id":247885,"url":"https:\/\/insightcrime.org\/es\/noticias\/conclusiones-indice-gallup-seguridad-publica-2022\/","url_meta":{"origin":5092,"position":5},"title":"3 conclusiones del informe Gallup sobre seguridad p\u00fablica 2023","author":"Liza Schmidt","date":"28 de noviembre de 2023","format":false,"excerpt":"Despu\u00e9s de a\u00f1os como la regi\u00f3n peor clasificada del mundo, finalmente la percepci\u00f3n p\u00fablica sobre seguridad en Latinoam\u00e9rica y el Caribe ha mostrado mejor\u00edas, seg\u00fan una encuesta global que se realiza anualmente.","rel":"","context":"En \u00abNoticias\u00bb","block_context":{"text":"Noticias","link":"https:\/\/insightcrime.org\/es\/category\/noticias\/"},"img":{"alt_text":"Ecuadorian police in full gear. ","src":"https:\/\/i0.wp.com\/insightcrime.org\/wp-content\/uploads\/2023\/11\/ecuador-police-action-security-policy-ecuador-times.jpeg?fit=350%2C250&quality=100&ssl=1&resize=350%2C200","width":350,"height":200},"classes":[]}],"jetpack_featured_media_url":"https:\/\/i0.wp.com\/insightcrime.org\/wp-content\/uploads\/2013\/01\/en-7becad0513fa168344c9f1efebd84e3f.jpg?fit=480%2C240&quality=100&ssl=1","_links":{"self":[{"href":"https:\/\/insightcrime.org\/es\/wp-json\/wp\/v2\/posts\/5092","targetHints":{"allow":["GET"]}}],"collection":[{"href":"https:\/\/insightcrime.org\/es\/wp-json\/wp\/v2\/posts"}],"about":[{"href":"https:\/\/insightcrime.org\/es\/wp-json\/wp\/v2\/types\/post"}],"author":[{"embeddable":true,"href":"https:\/\/insightcrime.org\/es\/wp-json\/wp\/v2\/users\/5"}],"replies":[{"embeddable":true,"href":"https:\/\/insightcrime.org\/es\/wp-json\/wp\/v2\/comments?post=5092"}],"version-history":[{"count":1,"href":"https:\/\/insightcrime.org\/es\/wp-json\/wp\/v2\/posts\/5092\/revisions"}],"predecessor-version":[{"id":19103,"href":"https:\/\/insightcrime.org\/es\/wp-json\/wp\/v2\/posts\/5092\/revisions\/19103"}],"wp:featuredmedia":[{"embeddable":true,"href":"https:\/\/insightcrime.org\/es\/wp-json\/wp\/v2\/media\/36973"}],"wp:attachment":[{"href":"https:\/\/insightcrime.org\/es\/wp-json\/wp\/v2\/media?parent=5092"}],"wp:term":[{"taxonomy":"category","embeddable":true,"href":"https:\/\/insightcrime.org\/es\/wp-json\/wp\/v2\/categories?post=5092"},{"taxonomy":"post_tag","embeddable":true,"href":"https:\/\/insightcrime.org\/es\/wp-json\/wp\/v2\/tags?post=5092"},{"taxonomy":"newspack_spnsrs_tax","embeddable":true,"href":"https:\/\/insightcrime.org\/es\/wp-json\/wp\/v2\/newspack_spnsrs_tax?post=5092"},{"taxonomy":"author","embeddable":true,"href":"https:\/\/insightcrime.org\/es\/wp-json\/wp\/v2\/coauthors?post=5092"}],"curies":[{"name":"wp","href":"https:\/\/api.w.org\/{rel}","templated":true}]}}