{"id":5116,"date":"2017-09-01T00:00:00","date_gmt":"2017-09-01T05:00:00","guid":{"rendered":"http:\/\/newwp.insightcrime.org?p=5116"},"modified":"2026-03-12T17:40:09","modified_gmt":"2026-03-12T22:40:09","slug":"gavilan","status":"publish","type":"post","link":"https:\/\/insightcrime.org\/es\/noticias-crimen-organizado-colombia\/gavilan\/","title":{"rendered":"Roberto Vargas Guti\u00e9rrez, alias &#8216;Gavil\u00e1n&#8217;"},"content":{"rendered":"\n<p class=\"wp-block-paragraph\">Roberto Vargas Guti\u00e9rrez, alias \u201cGavil\u00e1n\u201d, pas\u00f3 de ser guerrillero mao\u00edsta, a soldado paramilitar, a uno de los cabecillas de Los Urabe\u00f1os. Vargas se ha entregado a las autoridades en dos oportunidades, s\u00f3lo para regresar r\u00e1pidamente a la vida criminal, cada vez a un rango m\u00e1s alto.Gavil\u00e1n fue abatido el 31 de Agosto, 2017 durante una operaci\u00f3n militar llamada Agamemnon II.<\/p>\n\n\n\n<h3 class=\"wp-block-heading\">Historia<\/h3>\n\n\n\n<p class=\"wp-block-paragraph\">Gavil\u00e1n comenz\u00f3 su carrera criminal con el grupo guerrillero de izquierda Ej\u00e9rcito Popular de Liberaci\u00f3n (EPL). Se desmoviliz\u00f3 en 1991, pero hacia mediados de la misma d\u00e9cada retom\u00f3 las armas, esta vez uni\u00e9ndose a los reci\u00e9n formados grupos paramilitares en la regi\u00f3n de Urab\u00e1, en el departamento de Antioquia. En 1995 llam\u00f3 por primera vez la atenci\u00f3n de las autoridades cuando se le identific\u00f3 liderando un grupo de 100 combatientes, pertenecientes al ej\u00e9rcito de Salvatore Mancuso, en San Pedro de Urab\u00e1.<\/p>\n\n\n\n<p class=\"wp-block-paragraph\">Posteriormente, Gavil\u00e1n procedi\u00f3 a unirse al Bloque Mineros de las Autodefensas Unidas de Colombia (AUC), una fuerza que comprend\u00eda unos 2.800 combatientes liderados por Ramiro \u201cCuco\u201d Vanoy. Este grupo operaba principalmente en el Bajo Cauca, tambi\u00e9n en el departamento de Antioquia, en los l\u00edmites con el departamento de C\u00f3rdoba.<\/p>\n\n\n\n<p class=\"wp-block-paragraph\">Gavil\u00e1n se desmoviliz\u00f3 en 2005, durante las negociaciones de Santa Fe de Ralito en C\u00f3rdoba. Sin embargo, seis meses despu\u00e9s, los hermanos \u00dasuga \u2013Juan de Dios, alias \u201cGiovanni\u201d, y Dar\u00edo, alias \u201cOtoniel\u201d\u2013 antiguos compa\u00f1eros de Gavil\u00e1n, tanto en el EPL como en las AUC, lo invitaron a unirse a Los Urabe\u00f1os.<\/p>\n\n\n\n<p class=\"wp-block-paragraph\">Desde entonces Gavil\u00e1n ha ascendido hasta el m\u00e1ximo escal\u00f3n de la jerarqu\u00eda en Los Urabe\u00f1os, dirigiendo las operaciones en el estrat\u00e9gico departamento de C\u00f3rdoba. Se considera que Gavil\u00e1n ha sido crucial en el reclutamiento de combatientes del grupo rival de Los Paisas, incluyendo a Rafael \u00c1lvarez Pi\u00f1eda, alias \u201cChepe\u201d, y Germ\u00e1n Bustos Alarc\u00f3n, alias \u201cEl Puma\u201d; los dos antiguos miembros del Bloque Mineros de las AUC.<\/p>\n\n\n\n<p class=\"wp-block-paragraph\">El Departamento del Tesoro de los Estados Unidos agreg\u00f3 a Gavil\u00e1n a su lista de Narcotraficantes Especialmente Designados en marzo de 2010 y el gobierno colombiano actualmente ofrece una recompensa de US$500.000 a cambio de informaci\u00f3n que lleve a su captura.<\/p>\n\n\n\n<h3 class=\"wp-block-heading\">Actividades Criminales<\/h3>\n\n\n\n<p class=\"wp-block-paragraph\">Gavil\u00e1n fue una figura importante para el crimen en Colombia por m\u00e1s de 20 a\u00f1os.&nbsp;Como comandante de los Urabe\u00f1os, Gavil\u00e1n fue responsable principalmente de manejarlas operaciones de tr\u00e1fico de droga en la provincia de C\u00f3rdoba, adem\u00e1s de rutas de tr\u00e1fico en Panam\u00e1. Entre sus cr\u00edmenes, se presume que Gavil\u00e1n fue el cerebro tras el plan de los Urabe\u00f1os llamado Plan Pistola, que ten\u00eda como objetivo abatir a oficiales de polic\u00eda en Antioquia, C\u00f3rdoba y el Choc\u00f3. En el momento de su muerte, ten\u00eda 22 \u00f3rdenes de arresto por homicidio, onspiraci\u00f3n para cometer delincuencia, tr\u00e1fico de drogas y desplazamiento forzado.<\/p>\n\n\n\n<p class=\"wp-block-paragraph\">Tambi\u00e9n es conocido por pagar hasta US$385 por servicios sexuales de adolescentes entre 12 y 17 a\u00f1os.<\/p>\n\n\n\n<h3 class=\"wp-block-heading\">Geograf\u00eda<\/h3>\n\n\n\n<p class=\"wp-block-paragraph\">Gavil\u00e1n es jefe de operaciones de Los Urabe\u00f1os en el departamento de C\u00f3rdoba, al norte de Colombia y que bordea al mar Caribe. Luego de la muerte de dos de sus socios en 2011, Gavil\u00e1n se traslad\u00f3 a la selva de Urab\u00e1.<\/p>\n\n\n\n<h3 class=\"wp-block-heading\">Aliados y enemigos<\/h3>\n\n\n\n<p class=\"wp-block-paragraph\">Como miembro de Los Urabe\u00f1os, Gavil\u00e1n no solamente ha apoyado a sus socios como Daniel Antonio \u00dasuga, alias \u201cOtoniel\u201d, sino tambi\u00e9n a miembros de grupos rivales como Los Rastrojos y Los Paisas.<\/p>\n\n\n\n<h3 class=\"wp-block-heading\">Perspectivas<\/h3>\n\n\n\n<p class=\"wp-block-paragraph\">Gavil\u00e1n fue uno de los hombres m\u00e1s buscados de Colombia, y evit\u00f3 ser capturado en m\u00e1s de una ocasi\u00f3n. En los meses antes de su muerte, su hermano tambi\u00e9n fue abatido durante una operaci\u00f3n militar, y varios familiares fueron arrestados por las autoridades.<\/p>\n","protected":false},"excerpt":{"rendered":"<p>Roberto Vargas Guti\u00e9rrez, alias \u0093Gavil\u00e1n\u0094, pas\u00f3 de ser guerrillero mao\u00edsta, a soldado paramilitar, a uno de los cabecillas de Los Urabe\u00f1os. Vargas se ha entregado a las autoridades en dos oportunidades, s\u00f3lo para regresar r\u00e1pidamente a la vida criminal, cada vez a un rango m\u00e1s alto.Gavil\u00e1n fue abatido el 31 de Agosto, 2017 durante una operaci\u00f3n militar llamada Agamemnon II.<\/p>\n","protected":false},"author":188,"featured_media":221867,"comment_status":"closed","ping_status":"closed","sticky":false,"template":"","format":"standard","meta":{"newspack_ads_suppress_ads":false,"newspack_popups_has_disabled_popups":false,"newspack_sponsor_sponsorship_scope":"","newspack_sponsor_native_byline_display":"inherit","newspack_sponsor_native_category_display":"inherit","newspack_sponsor_underwriter_style":"inherit","newspack_sponsor_underwriter_placement":"inherit","_EventAllDay":false,"_EventTimezone":"","_EventStartDate":"","_EventEndDate":"","_EventStartDateUTC":"","_EventEndDateUTC":"","_EventShowMap":false,"_EventShowMapLink":false,"_EventURL":"","_EventCost":"","_EventCostDescription":"","_EventCurrencySymbol":"","_EventCurrencyCode":"","_EventCurrencyPosition":"","_EventDateTimeSeparator":"","_EventTimeRangeSeparator":"","_EventOrganizerID":[],"_EventVenueID":[],"_OrganizerEmail":"","_OrganizerPhone":"","_OrganizerWebsite":"","_VenueAddress":"","_VenueCity":"","_VenueCountry":"","_VenueProvince":"","_VenueState":"","_VenueZip":"","_VenuePhone":"","_VenueURL":"","_VenueStateProvince":"","_VenueLat":"","_VenueLng":"","_VenueShowMap":false,"_VenueShowMapLink":false,"_newspack_byline_active":false,"_newspack_byline":"","newspack_hide_updated_date":false,"newspack_show_updated_date":false,"newspack_featured_image_position":"hidden","newspack_post_subtitle":"","newspack_article_summary_title":"Overview:","newspack_article_summary":"","_jetpack_memberships_contains_paid_content":false,"footnotes":""},"categories":[331],"tags":[547,573,579],"newspack_spnsrs_tax":[],"coauthors":[4351],"class_list":["post-5116","post","type-post","status-publish","format-standard","has-post-thumbnail","hentry","category-noticias-crimen-organizado-colombia","tag-colombia","tag-gaitanistas","tag-colombia-personalities","entry"],"parsely":{"version":"1.1.0","canonical_url":"https:\/\/insightcrime.org\/es\/noticias-crimen-organizado-colombia\/gavilan\/","smart_links":{"inbound":0,"outbound":0},"traffic_boost_suggestions_count":0,"meta":{"@context":"https:\/\/schema.org","@type":"NewsArticle","headline":"Roberto Vargas Guti\u00e9rrez, alias &#8216;Gavil\u00e1n&#8217;","url":"http:\/\/insightcrime.org\/es\/noticias-crimen-organizado-colombia\/gavilan\/","mainEntityOfPage":{"@type":"WebPage","@id":"http:\/\/insightcrime.org\/es\/noticias-crimen-organizado-colombia\/gavilan\/"},"thumbnailUrl":"https:\/\/i0.wp.com\/insightcrime.org\/wp-content\/uploads\/2012\/10\/Alias-Gavilan-Colombia-English.jpg?resize=150%2C150&quality=100&ssl=1","image":{"@type":"ImageObject","url":"https:\/\/i0.wp.com\/insightcrime.org\/wp-content\/uploads\/2012\/10\/Alias-Gavilan-Colombia-English.jpg?fit=450%2C350&quality=100&ssl=1"},"articleSection":"Colombia","author":[{"@type":"Person","name":"InSight Crime"}],"creator":["InSight Crime"],"publisher":{"@type":"Organization","name":"InSight Crime","logo":"https:\/\/insightcrime.org\/wp-content\/uploads\/2023\/08\/logo.png"},"keywords":["colombia","gaitanistas","personajes de colombia"],"dateCreated":"2017-09-01T05:00:00Z","datePublished":"2017-09-01T05:00:00Z","dateModified":"2026-03-12T22:40:09Z"},"rendered":"<meta name=\"parsely-title\" content=\"Roberto Vargas Guti\u00e9rrez, alias &#8216;Gavil\u00e1n&#8217;\" \/>\n<meta name=\"parsely-link\" content=\"http:\/\/insightcrime.org\/es\/noticias-crimen-organizado-colombia\/gavilan\/\" \/>\n<meta name=\"parsely-type\" content=\"post\" \/>\n<meta name=\"parsely-image-url\" content=\"https:\/\/i0.wp.com\/insightcrime.org\/wp-content\/uploads\/2012\/10\/Alias-Gavilan-Colombia-English.jpg?resize=150%2C150&amp;quality=100&amp;ssl=1\" \/>\n<meta name=\"parsely-pub-date\" content=\"2017-09-01T05:00:00Z\" \/>\n<meta name=\"parsely-section\" content=\"Colombia\" \/>\n<meta name=\"parsely-tags\" content=\"colombia,gaitanistas,personajes de colombia\" \/>\n<meta name=\"parsely-author\" content=\"InSight Crime\" \/>","tracker_url":"https:\/\/cdn.parsely.com\/keys\/insightcrime.org\/p.js"},"jetpack_sharing_enabled":true,"jetpack-related-posts":[{"id":170293,"url":"https:\/\/insightcrime.org\/es\/noticias\/superviviente-imputaciones-eeuu-cuentan-historia-otoniel-colombia\/","url_meta":{"origin":5116,"position":0},"title":"El superviviente: imputaciones de EE. UU. cuentan la historia de Otoniel en Colombia","author":"Seth Robbins","date":"26 de octubre de 2021","format":false,"excerpt":"Poco despu\u00e9s de la captura del se\u00f1alado capo del narcotr\u00e1fico Dairo Antonio \u00dasuga, el presidente de Colombia Iv\u00e1n Duque anunci\u00f3 que el traficante m\u00e1s buscado del pa\u00eds ser\u00eda enviado a Estados Unidos a responder ante la justicia.","rel":"","context":"En \u00abNoticias\u00bb","block_context":{"text":"Noticias","link":"https:\/\/insightcrime.org\/es\/category\/noticias\/"},"img":{"alt_text":"Otoniel-Colombia-Capture-Drug-Capo","src":"https:\/\/i0.wp.com\/insightcrime.org\/wp-content\/uploads\/2021\/10\/Otoniel-Capture-Colombia.jpg?fit=350%2C249&quality=100&ssl=1&resize=350%2C200","width":350,"height":200},"classes":[]},{"id":185026,"url":"https:\/\/insightcrime.org\/es\/news\/paro-armado-ultima-marcha-conjunta-urabenos\/","url_meta":{"origin":5116,"position":1},"title":"Paro armado: \u00bfLa \u00faltima marcha conjunta de Los Gaitanistas?\u00a0","author":"Juan Diego Posada","date":"12 de mayo de 2022","format":false,"excerpt":"Un poderoso paro armado del grupo narcotraficante m\u00e1s importante de Colombia, dej\u00f3 varios departamentos\u00a0afectados. La extradici\u00f3n de su principal l\u00edder ser\u00eda el detonante del accionar violento que dej\u00f3 paralizado una tercera parte del pa\u00eds.\u00a0\u00a0","rel":"","context":"En \u00abNews\u00bb","block_context":{"text":"News","link":"https:\/\/insightcrime.org\/category\/news\/"},"img":{"alt_text":"Casas marcadas con las siglas de las Autodefensas Gaitanistas de Colombia","src":"https:\/\/i0.wp.com\/insightcrime.org\/wp-content\/uploads\/2022\/05\/Paro-Armado.jpg?fit=350%2C250&quality=100&ssl=1&resize=350%2C200","width":350,"height":200},"classes":[]},{"id":170340,"url":"https:\/\/insightcrime.org\/es\/news\/se-puede-hablar-fin-clan-del-golfo-colombia\/","url_meta":{"origin":5116,"position":2},"title":"Tras la ca\u00edda de Otoniel, \u00bfse puede hablar del fin de Los Gaitanistas en Colombia?","author":"Sara Garcia","date":"1 de noviembre de 2021","format":false,"excerpt":"El Clan del Golfo es una de las estructuras criminales m\u00e1s fuertes de Colombia. Durante varios a\u00f1os se han consolidado en territorios claves para econom\u00edas criminales como el narcotr\u00e1fico y la miner\u00eda ilegal. Tras la captura de su principal l\u00edder \u00bfen qu\u00e9 estado queda el grupo?","rel":"","context":"En \u00abNews\u00bb","block_context":{"text":"News","link":"https:\/\/insightcrime.org\/category\/news\/"},"img":{"alt_text":"","src":"https:\/\/i0.wp.com\/insightcrime.org\/wp-content\/uploads\/2021\/10\/Colombia-Drug-Trafficker-Dairo-Antonio-Usuga-alias-Otoniel-captured-Clan-del-Golfo-cartel-AP_21297518359334-Oct-2021-A2-1.jpg?fit=1200%2C690&quality=100&ssl=1&resize=350%2C200","width":350,"height":200,"srcset":"https:\/\/i0.wp.com\/insightcrime.org\/wp-content\/uploads\/2021\/10\/Colombia-Drug-Trafficker-Dairo-Antonio-Usuga-alias-Otoniel-captured-Clan-del-Golfo-cartel-AP_21297518359334-Oct-2021-A2-1.jpg?fit=1200%2C690&quality=100&ssl=1&resize=350%2C200 1x, https:\/\/i0.wp.com\/insightcrime.org\/wp-content\/uploads\/2021\/10\/Colombia-Drug-Trafficker-Dairo-Antonio-Usuga-alias-Otoniel-captured-Clan-del-Golfo-cartel-AP_21297518359334-Oct-2021-A2-1.jpg?fit=1200%2C690&quality=100&ssl=1&resize=525%2C300 1.5x, https:\/\/i0.wp.com\/insightcrime.org\/wp-content\/uploads\/2021\/10\/Colombia-Drug-Trafficker-Dairo-Antonio-Usuga-alias-Otoniel-captured-Clan-del-Golfo-cartel-AP_21297518359334-Oct-2021-A2-1.jpg?fit=1200%2C690&quality=100&ssl=1&resize=700%2C400 2x, https:\/\/i0.wp.com\/insightcrime.org\/wp-content\/uploads\/2021\/10\/Colombia-Drug-Trafficker-Dairo-Antonio-Usuga-alias-Otoniel-captured-Clan-del-Golfo-cartel-AP_21297518359334-Oct-2021-A2-1.jpg?fit=1200%2C690&quality=100&ssl=1&resize=1050%2C600 3x"},"classes":[]},{"id":233349,"url":"https:\/\/insightcrime.org\/es\/noticias-crimen-organizado-colombia\/urabenos-perfil\/","url_meta":{"origin":5116,"position":3},"title":"Clan del Golfo &#8211; Autodefensas Gaitanistas de Colombia","author":"InSight Crime","date":"13 de mayo de 2026","format":false,"excerpt":"El Clan del Golfo, tambi\u00e9n conocido como Autodefensas Gaitanistas de Colombia (AGC) y Urabe\u00f1os, surgi\u00f3 de las cenizas del movimiento paramilitar colombiano y se convirti\u00f3 en una fuerza criminal con alcance nacional.","rel":"","context":"En \u00abColombia\u00bb","block_context":{"text":"Colombia","link":"https:\/\/insightcrime.org\/es\/category\/noticias-crimen-organizado-colombia\/"},"img":{"alt_text":"Imagen InSight Crime Autodefensas Gaitanistas de Colombia (AGC), Clan del Golfo, Urabe\u00f1os","src":"https:\/\/i0.wp.com\/insightcrime.org\/wp-content\/uploads\/2026\/06\/Grupo-Criminal-AGC-Clan-del-Golfo-1.jpg?fit=1200%2C900&quality=100&ssl=1&resize=350%2C200","width":350,"height":200,"srcset":"https:\/\/i0.wp.com\/insightcrime.org\/wp-content\/uploads\/2026\/06\/Grupo-Criminal-AGC-Clan-del-Golfo-1.jpg?fit=1200%2C900&quality=100&ssl=1&resize=350%2C200 1x, https:\/\/i0.wp.com\/insightcrime.org\/wp-content\/uploads\/2026\/06\/Grupo-Criminal-AGC-Clan-del-Golfo-1.jpg?fit=1200%2C900&quality=100&ssl=1&resize=525%2C300 1.5x, https:\/\/i0.wp.com\/insightcrime.org\/wp-content\/uploads\/2026\/06\/Grupo-Criminal-AGC-Clan-del-Golfo-1.jpg?fit=1200%2C900&quality=100&ssl=1&resize=700%2C400 2x, https:\/\/i0.wp.com\/insightcrime.org\/wp-content\/uploads\/2026\/06\/Grupo-Criminal-AGC-Clan-del-Golfo-1.jpg?fit=1200%2C900&quality=100&ssl=1&resize=1050%2C600 3x"},"classes":[]},{"id":184661,"url":"https:\/\/insightcrime.org\/es\/noticias\/urabenos-buscan-paralizar-zonas-enteras-colombia-extradicion-otoniel\/","url_meta":{"origin":5116,"position":4},"title":"Gaitanistas buscan paralizar zonas enteras de Colombia por extradici\u00f3n de Otoniel","author":"Chris Dalby","date":"6 de mayo de 2022","format":false,"excerpt":"Poco despu\u00e9s de la extradici\u00f3n de su excomandante Otoniel a Estados Unidos, Los Urabe\u00f1os ordenaron hacer un despliegue de fuerza en toda Colombia, con la imposici\u00f3n de toques de queda estrictos en las comunidades, quema de camiones y autobusses y bloqueo de carreteras.","rel":"","context":"En \u00abNoticias\u00bb","block_context":{"text":"Noticias","link":"https:\/\/insightcrime.org\/es\/category\/noticias\/"},"img":{"alt_text":"","src":"https:\/\/i0.wp.com\/insightcrime.org\/wp-content\/uploads\/2022\/05\/627452949356d-1.jpeg?fit=350%2C250&quality=100&ssl=1&resize=350%2C200","width":350,"height":200},"classes":[]},{"id":4859,"url":"https:\/\/insightcrime.org\/es\/noticias-crimen-organizado-colombia\/eliecer-erlinto-chamorro-antonio-garcia\/","url_meta":{"origin":5116,"position":5},"title":"Eli\u00e9cer Erlinto Chamorro, alias &#8216;Antonio Garc\u00eda&#8217;","author":"InSight Crime","date":"24 de junio de 2021","format":false,"excerpt":"Eli\u00e9cer Erlinto Chamorro, alias \u201cAntonio Garc\u00eda\u201d, es el primer comandante del grupo guerrillero colombiano ELN.","rel":"","context":"En \u00abColombia\u00bb","block_context":{"text":"Colombia","link":"https:\/\/insightcrime.org\/es\/category\/noticias-crimen-organizado-colombia\/"},"img":{"alt_text":"Perfil criminal - Eliecer Erlinto Chamorro, alias \u2018Antonio Garcia\u2019 - Colombia.","src":"https:\/\/i0.wp.com\/insightcrime.org\/wp-content\/uploads\/2026\/08\/Perfil-Criminal-Alias-Antonio-Garcia-Colombia.jpg?fit=1200%2C900&quality=100&ssl=1&resize=350%2C200","width":350,"height":200,"srcset":"https:\/\/i0.wp.com\/insightcrime.org\/wp-content\/uploads\/2026\/08\/Perfil-Criminal-Alias-Antonio-Garcia-Colombia.jpg?fit=1200%2C900&quality=100&ssl=1&resize=350%2C200 1x, https:\/\/i0.wp.com\/insightcrime.org\/wp-content\/uploads\/2026\/08\/Perfil-Criminal-Alias-Antonio-Garcia-Colombia.jpg?fit=1200%2C900&quality=100&ssl=1&resize=525%2C300 1.5x, https:\/\/i0.wp.com\/insightcrime.org\/wp-content\/uploads\/2026\/08\/Perfil-Criminal-Alias-Antonio-Garcia-Colombia.jpg?fit=1200%2C900&quality=100&ssl=1&resize=700%2C400 2x, https:\/\/i0.wp.com\/insightcrime.org\/wp-content\/uploads\/2026\/08\/Perfil-Criminal-Alias-Antonio-Garcia-Colombia.jpg?fit=1200%2C900&quality=100&ssl=1&resize=1050%2C600 3x"},"classes":[]}],"jetpack_featured_media_url":"https:\/\/i0.wp.com\/insightcrime.org\/wp-content\/uploads\/2012\/10\/Alias-Gavilan-Colombia-English.jpg?fit=450%2C350&quality=100&ssl=1","_links":{"self":[{"href":"https:\/\/insightcrime.org\/es\/wp-json\/wp\/v2\/posts\/5116","targetHints":{"allow":["GET"]}}],"collection":[{"href":"https:\/\/insightcrime.org\/es\/wp-json\/wp\/v2\/posts"}],"about":[{"href":"https:\/\/insightcrime.org\/es\/wp-json\/wp\/v2\/types\/post"}],"author":[{"embeddable":true,"href":"https:\/\/insightcrime.org\/es\/wp-json\/wp\/v2\/users\/188"}],"replies":[{"embeddable":true,"href":"https:\/\/insightcrime.org\/es\/wp-json\/wp\/v2\/comments?post=5116"}],"version-history":[{"count":6,"href":"https:\/\/insightcrime.org\/es\/wp-json\/wp\/v2\/posts\/5116\/revisions"}],"predecessor-version":[{"id":336436,"href":"https:\/\/insightcrime.org\/es\/wp-json\/wp\/v2\/posts\/5116\/revisions\/336436"}],"wp:featuredmedia":[{"embeddable":true,"href":"https:\/\/insightcrime.org\/es\/wp-json\/wp\/v2\/media\/221867"}],"wp:attachment":[{"href":"https:\/\/insightcrime.org\/es\/wp-json\/wp\/v2\/media?parent=5116"}],"wp:term":[{"taxonomy":"category","embeddable":true,"href":"https:\/\/insightcrime.org\/es\/wp-json\/wp\/v2\/categories?post=5116"},{"taxonomy":"post_tag","embeddable":true,"href":"https:\/\/insightcrime.org\/es\/wp-json\/wp\/v2\/tags?post=5116"},{"taxonomy":"newspack_spnsrs_tax","embeddable":true,"href":"https:\/\/insightcrime.org\/es\/wp-json\/wp\/v2\/newspack_spnsrs_tax?post=5116"},{"taxonomy":"author","embeddable":true,"href":"https:\/\/insightcrime.org\/es\/wp-json\/wp\/v2\/coauthors?post=5116"}],"curies":[{"name":"wp","href":"https:\/\/api.w.org\/{rel}","templated":true}]}}