{"id":5160,"date":"2013-02-21T14:14:50","date_gmt":"2017-03-27T23:52:23","guid":{"rendered":"http:\/\/newwp.insightcrime.org?p=5160"},"modified":"2023-04-24T15:29:04","modified_gmt":"2023-04-24T20:29:04","slug":"efe-venganza-entre-pandillas-genera-leve-alza-de-homicidios-en-el-salvador","status":"publish","type":"post","link":"https:\/\/insightcrime.org\/es\/noticias\/noticias-del-dia\/efe-venganza-entre-pandillas-genera-leve-alza-de-homicidios-en-el-salvador\/","title":{"rendered":"EFE: \u00abVenganza\u00bb entre Pandillas Genera \u00abLeve\u00bb Alza de Homicidios en El Salvador"},"content":{"rendered":"\n<p class=\"wp-block-paragraph\">En El Salvador se \u201cha desatado una cadena de venganza\u201d entre los pandilleros pese a la \u201ctregua\u201d que existe entre ellos para no asesinarse, lo que ha generado \u201cun leve\u201d aumento en los homicidios tras meses de descenso en esa estad\u00edstica, afirm\u00f3 este mi\u00e9rcoles el ministro de Justicia y Seguridad, David Mungu\u00eda Pay\u00e9s.??<\/p>\n\n\n\n<p class=\"wp-block-paragraph\">En los \u00faltimos d\u00edas \u201cse nos ha desatado una especie de cadena de venganza\u201d entre los pandilleros \u201cpor los primeros asesinatos\u201d que hubo al inicio del armisticio entre ellos, que inici\u00f3 el 9 de marzo de 2012, dijo Mungu\u00eda Pay\u00e9s.<\/p>\n\n\n\n<p class=\"wp-block-paragraph\">??\u201dEstamos tratando de contener eso\u201d, ya que ha generado \u201cun leve incremento de los homicidios en relaci\u00f3n a los \u00edndices\u201d de los \u00faltimos meses del a\u00f1o pasado, a\u00f1adi\u00f3.<\/p>\n\n\n\n<p class=\"wp-block-paragraph\">??Con la \u201ctregua\u201d entre pandillas el promedio diario de homicidios en El Salvador baj\u00f3 de 14 a 5,3 a finales del a\u00f1o pasado, sin embargo, en estos momentos es de 6,6, indic\u00f3 Mungu\u00eda Pay\u00e9s.<\/p>\n\n\n\n<p class=\"wp-block-paragraph\">Lea m\u00e1s en <a href=\"https:\/\/www.el-nacional.com\/mundo\/Venganza-pandillas-genera-homicidios-Salvador_0_140388624.html\" target=\"_blank\">El Nacional.<\/a>&nbsp;<\/p>\n","protected":false},"excerpt":{"rendered":"<p>En El Salvador se \u00abha desatado una cadena de venganza\u00bb entre los pandilleros pese a la \u00abtregua\u00bb que existe entre ellos para no asesinarse, lo que ha generado \u00abun leve\u00bb aumento en los homicidios tras meses de descenso en esa estad\u00edstica, afirm\u00f3 este mi\u00e9rcoles el ministro de Justicia y Seguridad, David Mungu\u00eda Pay\u00e9s.??<\/p>\n","protected":false},"author":14,"featured_media":37108,"comment_status":"closed","ping_status":"closed","sticky":false,"template":"","format":"standard","meta":{"newspack_ads_suppress_ads":false,"newspack_popups_has_disabled_popups":false,"newspack_sponsor_sponsorship_scope":"","newspack_sponsor_native_byline_display":"inherit","newspack_sponsor_native_category_display":"inherit","newspack_sponsor_underwriter_style":"inherit","newspack_sponsor_underwriter_placement":"inherit","_EventAllDay":false,"_EventTimezone":"","_EventStartDate":"","_EventEndDate":"","_EventStartDateUTC":"","_EventEndDateUTC":"","_EventShowMap":false,"_EventShowMapLink":false,"_EventURL":"","_EventCost":"","_EventCostDescription":"","_EventCurrencySymbol":"","_EventCurrencyCode":"","_EventCurrencyPosition":"","_EventDateTimeSeparator":"","_EventTimeRangeSeparator":"","_EventOrganizerID":[],"_EventVenueID":[],"_OrganizerEmail":"","_OrganizerPhone":"","_OrganizerWebsite":"","_VenueAddress":"","_VenueCity":"","_VenueCountry":"","_VenueProvince":"","_VenueState":"","_VenueZip":"","_VenuePhone":"","_VenueURL":"","_VenueStateProvince":"","_VenueLat":"","_VenueLng":"","_VenueShowMap":false,"_VenueShowMapLink":false,"_newspack_byline_active":false,"_newspack_byline":"","newspack_hide_updated_date":false,"newspack_show_updated_date":false,"newspack_featured_image_position":"","newspack_post_subtitle":"","newspack_article_summary_title":"Overview:","newspack_article_summary":"","_jetpack_memberships_contains_paid_content":false,"footnotes":""},"categories":[334],"tags":[375,1540,452,1500,3155],"newspack_spnsrs_tax":[],"coauthors":[3762],"class_list":["post-5160","post","type-post","status-publish","format-standard","has-post-thumbnail","hentry","category-noticias-del-dia","tag-barrio-18-grupo","tag-el-salvador-pais","tag-homicidios","tag-ms13-es","tag-tregua-entre-pandillas-en-el-salvador-es","entry"],"parsely":{"version":"1.1.0","canonical_url":"https:\/\/insightcrime.org\/es\/noticias\/noticias-del-dia\/efe-venganza-entre-pandillas-genera-leve-alza-de-homicidios-en-el-salvador\/","smart_links":{"inbound":0,"outbound":0},"traffic_boost_suggestions_count":0,"meta":{"@context":"https:\/\/schema.org","@type":"NewsArticle","headline":"EFE: \u00abVenganza\u00bb entre Pandillas Genera \u00abLeve\u00bb Alza de Homicidios en El Salvador","url":"http:\/\/insightcrime.org\/es\/noticias\/noticias-del-dia\/efe-venganza-entre-pandillas-genera-leve-alza-de-homicidios-en-el-salvador\/","mainEntityOfPage":{"@type":"WebPage","@id":"http:\/\/insightcrime.org\/es\/noticias\/noticias-del-dia\/efe-venganza-entre-pandillas-genera-leve-alza-de-homicidios-en-el-salvador\/"},"thumbnailUrl":"https:\/\/i0.wp.com\/insightcrime.org\/wp-content\/uploads\/2013\/02\/es-41b4b772185780c545f480dd3c440a9c.jpg?resize=150%2C150&quality=100&ssl=1","image":{"@type":"ImageObject","url":"https:\/\/i0.wp.com\/insightcrime.org\/wp-content\/uploads\/2013\/02\/es-41b4b772185780c545f480dd3c440a9c.jpg?fit=240%2C177&quality=100&ssl=1"},"articleSection":"Noticias del d\u00eda","author":[{"@type":"Person","name":"Efe"}],"creator":["Efe"],"publisher":{"@type":"Organization","name":"InSight Crime","logo":"https:\/\/insightcrime.org\/wp-content\/uploads\/2023\/08\/logo.png"},"keywords":["barrio 18","el salvador","homicidios","ms13","tregua entre pandillas en el salvador"],"dateCreated":"2017-03-27T23:52:23Z","datePublished":"2017-03-27T23:52:23Z","dateModified":"2023-04-24T20:29:04Z"},"rendered":"<meta name=\"parsely-title\" content=\"EFE: \u00abVenganza\u00bb entre Pandillas Genera \u00abLeve\u00bb Alza de Homicidios en El Salvador\" \/>\n<meta name=\"parsely-link\" content=\"http:\/\/insightcrime.org\/es\/noticias\/noticias-del-dia\/efe-venganza-entre-pandillas-genera-leve-alza-de-homicidios-en-el-salvador\/\" \/>\n<meta name=\"parsely-type\" content=\"post\" \/>\n<meta name=\"parsely-image-url\" content=\"https:\/\/i0.wp.com\/insightcrime.org\/wp-content\/uploads\/2013\/02\/es-41b4b772185780c545f480dd3c440a9c.jpg?resize=150%2C150&amp;quality=100&amp;ssl=1\" \/>\n<meta name=\"parsely-pub-date\" content=\"2017-03-27T23:52:23Z\" \/>\n<meta name=\"parsely-section\" content=\"Noticias del d\u00eda\" \/>\n<meta name=\"parsely-tags\" content=\"barrio 18,el salvador,homicidios,ms13,tregua entre pandillas en el salvador\" \/>\n<meta name=\"parsely-author\" content=\"Efe\" \/>","tracker_url":"https:\/\/cdn.parsely.com\/keys\/insightcrime.org\/p.js"},"jetpack_sharing_enabled":true,"jetpack-related-posts":[{"id":181042,"url":"https:\/\/insightcrime.org\/es\/noticias\/ola-homicida-pandillas-conmociona-gobierno-el-salvador\/","url_meta":{"origin":5160,"position":0},"title":"Ola homicida de pandillas sacude a gobierno de El Salvador","author":"Alex Papadovassilakis","date":"28 de marzo de 2022","format":false,"excerpt":"Una ola de asesinatos in\u00e9dita desde los d\u00edas de la guerra civil en El Salvador fue el mensaje f\u00fanebre de las pandillas del pa\u00eds, en el idioma que usan para pronunciarse, hacia el gobierno.","rel":"","context":"En \u00abNoticias\u00bb","block_context":{"text":"Noticias","link":"https:\/\/insightcrime.org\/es\/category\/noticias\/"},"img":{"alt_text":"Fuerzas de seguridad de El Salvador en guardia","src":"https:\/\/i0.wp.com\/insightcrime.org\/wp-content\/uploads\/2022\/03\/ES-Spree-1.jpeg?fit=350%2C250&quality=100&ssl=1&resize=350%2C200","width":350,"height":200},"classes":[]},{"id":173685,"url":"https:\/\/insightcrime.org\/es\/noticias\/pandillas-elsalvador-envian-mensaje-sangre\/","url_meta":{"origin":5160,"position":1},"title":"Pandillas de El Salvador env\u00edan un mensaje de sangre","author":"Seth Robbins","date":"16 de diciembre de 2021","format":false,"excerpt":"Aunque seg\u00fan todas las evidencias El Salvador registrar\u00e1 otro r\u00e9cord en el descenso de los homicidios este a\u00f1o, hace pocas semanas el pa\u00eds se vio sacudido por una oleada de homicidios que dur\u00f3 tres d\u00edas, un sangriento recordatorio de que la paz reci\u00e9n alcanzada avanza sobre terreno quebradizo.","rel":"","context":"En \u00abNoticias\u00bb","block_context":{"text":"Noticias","link":"https:\/\/insightcrime.org\/es\/category\/noticias\/"},"img":{"alt_text":"El-Salvador-Pandillas-Homicidios","src":"https:\/\/i0.wp.com\/insightcrime.org\/wp-content\/uploads\/2021\/12\/El-Salvador-Homicides-Soldiers-Streets.png?fit=1200%2C675&quality=100&ssl=1&resize=350%2C200","width":350,"height":200,"srcset":"https:\/\/i0.wp.com\/insightcrime.org\/wp-content\/uploads\/2021\/12\/El-Salvador-Homicides-Soldiers-Streets.png?fit=1200%2C675&quality=100&ssl=1&resize=350%2C200 1x, https:\/\/i0.wp.com\/insightcrime.org\/wp-content\/uploads\/2021\/12\/El-Salvador-Homicides-Soldiers-Streets.png?fit=1200%2C675&quality=100&ssl=1&resize=525%2C300 1.5x, https:\/\/i0.wp.com\/insightcrime.org\/wp-content\/uploads\/2021\/12\/El-Salvador-Homicides-Soldiers-Streets.png?fit=1200%2C675&quality=100&ssl=1&resize=700%2C400 2x, https:\/\/i0.wp.com\/insightcrime.org\/wp-content\/uploads\/2021\/12\/El-Salvador-Homicides-Soldiers-Streets.png?fit=1200%2C675&quality=100&ssl=1&resize=1050%2C600 3x"},"classes":[]},{"id":122256,"url":"https:\/\/insightcrime.org\/es\/noticias\/disminucion-homicidios-el-salvador-pandillas\/","url_meta":{"origin":5160,"position":2},"title":"Disminuci\u00f3n de homicidios en El Salvador: \u00bfdecisi\u00f3n de las pandillas o triunfo presidencial?","author":"Seth Robbins","date":"13 de agosto de 2020","format":false,"excerpt":"El presidente de El Salvador, Nayib Bukele, ha atribuido la disminuci\u00f3n del 60 por ciento en los homicidios este a\u00f1o a su plan de lucha contra el crimen. Pero las pandillas callejeras del pa\u00eds tambi\u00e9n merecen cierto cr\u00e9dito \u2014o quiz\u00e1 la mayor parte\u2014.","rel":"","context":"En \u00abNoticias\u00bb","block_context":{"text":"Noticias","link":"https:\/\/insightcrime.org\/es\/category\/noticias\/"},"img":{"alt_text":"","src":"https:\/\/i0.wp.com\/insightcrime.org\/wp-content\/uploads\/2020\/08\/El-Salvador_Cover-of-Number-of-Daily-Homicides_ilus_InSight-Crime_12-08-2020.jpg?fit=1200%2C690&quality=100&ssl=1&resize=350%2C200","width":350,"height":200,"srcset":"https:\/\/i0.wp.com\/insightcrime.org\/wp-content\/uploads\/2020\/08\/El-Salvador_Cover-of-Number-of-Daily-Homicides_ilus_InSight-Crime_12-08-2020.jpg?fit=1200%2C690&quality=100&ssl=1&resize=350%2C200 1x, https:\/\/i0.wp.com\/insightcrime.org\/wp-content\/uploads\/2020\/08\/El-Salvador_Cover-of-Number-of-Daily-Homicides_ilus_InSight-Crime_12-08-2020.jpg?fit=1200%2C690&quality=100&ssl=1&resize=525%2C300 1.5x, https:\/\/i0.wp.com\/insightcrime.org\/wp-content\/uploads\/2020\/08\/El-Salvador_Cover-of-Number-of-Daily-Homicides_ilus_InSight-Crime_12-08-2020.jpg?fit=1200%2C690&quality=100&ssl=1&resize=700%2C400 2x, https:\/\/i0.wp.com\/insightcrime.org\/wp-content\/uploads\/2020\/08\/El-Salvador_Cover-of-Number-of-Daily-Homicides_ilus_InSight-Crime_12-08-2020.jpg?fit=1200%2C690&quality=100&ssl=1&resize=1050%2C600 3x"},"classes":[]},{"id":305119,"url":"https:\/\/insightcrime.org\/es\/noticias\/tregua-entre-pandillas-provoco-violencia-salvador\/","url_meta":{"origin":5160,"position":3},"title":"\u00bfLa tregua entre pandillas provoc\u00f3 m\u00e1s violencia en El Salvador?","author":"Steven Dudley","date":"7 de marzo de 2025","format":false,"excerpt":"En el m\u00e1s reciente de una serie de art\u00edculos acad\u00e9micos, dos investigadores suman m\u00e1s pruebas al creciente cuerpo de evidencia de que las treguas entre pandillas pueden ofrecer una reducci\u00f3n temporal de la violencia, pero, con el tiempo, pueden aumentar el n\u00famero total de homicidios.","rel":"","context":"En \u00abNoticias\u00bb","block_context":{"text":"Noticias","link":"https:\/\/insightcrime.org\/es\/category\/noticias\/"},"img":{"alt_text":"","src":"https:\/\/i0.wp.com\/insightcrime.org\/wp-content\/uploads\/2013\/12\/en-3e1d29b65e89b5e0b3c1385d51031f62.jpg?fit=400%2C242&quality=100&ssl=1&resize=350%2C200","width":350,"height":200},"classes":[]},{"id":247660,"url":"https:\/\/insightcrime.org\/es\/noticias\/las-treguas-previenen-la-violencia-de-pandillas-en-trinidad-y-tobago\/","url_meta":{"origin":5160,"position":4},"title":"\u00bfLas treguas previenen la violencia de pandillas en Trinidad y Tobago?","author":"Juliana Manjarr\u00e9s","date":"24 de noviembre de 2023","format":false,"excerpt":"Dos de las principales pandillas de Trinidad y Tobago acordaron una tregua despu\u00e9s de casi un mes de una guerra sicarial.\u00a0 A diferencia de las iniciativas de prevenci\u00f3n de la violencia, las treguas han demostrado ser moment\u00e1neas y poco efectivas.","rel":"","context":"En \u00abNoticias\u00bb","block_context":{"text":"Noticias","link":"https:\/\/insightcrime.org\/es\/category\/noticias\/"},"img":{"alt_text":"Polic\u00edas realizan ejercicios de fortalecimiento comunitario.","src":"https:\/\/i0.wp.com\/insightcrime.org\/wp-content\/uploads\/2023\/11\/TTO-Gang-Violence-ajustada.jpg?fit=350%2C250&quality=100&ssl=1&resize=350%2C200","width":350,"height":200},"classes":[]},{"id":141258,"url":"https:\/\/insightcrime.org\/es\/noticias\/pactos-pandillas-promueven-desapariciones-forzadas-salvador\/","url_meta":{"origin":5160,"position":5},"title":"Pactos con pandillas promueven desapariciones forzadas en El Salvador","author":"Katie Jones","date":"21 de abril de 2021","format":false,"excerpt":"Un informe publicado recientemente advierte que los pactos hechos entre pandillas y funcionarios p\u00fablicos para reducir los homicidios en El Salvador no hacen m\u00e1s que promover el uso de las desapariciones forzadas entre las pandillas que buscan mantener su capital pol\u00edtico y control territorial.","rel":"","context":"En \u00abNoticias\u00bb","block_context":{"text":"Noticias","link":"https:\/\/insightcrime.org\/es\/category\/noticias\/"},"img":{"alt_text":"","src":"https:\/\/i0.wp.com\/insightcrime.org\/wp-content\/uploads\/2021\/04\/Disappearance-1.jpeg?fit=350%2C250&quality=100&ssl=1&resize=350%2C200","width":350,"height":200},"classes":[]}],"jetpack_featured_media_url":"https:\/\/i0.wp.com\/insightcrime.org\/wp-content\/uploads\/2013\/02\/es-41b4b772185780c545f480dd3c440a9c.jpg?fit=240%2C177&quality=100&ssl=1","_links":{"self":[{"href":"https:\/\/insightcrime.org\/es\/wp-json\/wp\/v2\/posts\/5160","targetHints":{"allow":["GET"]}}],"collection":[{"href":"https:\/\/insightcrime.org\/es\/wp-json\/wp\/v2\/posts"}],"about":[{"href":"https:\/\/insightcrime.org\/es\/wp-json\/wp\/v2\/types\/post"}],"author":[{"embeddable":true,"href":"https:\/\/insightcrime.org\/es\/wp-json\/wp\/v2\/users\/14"}],"replies":[{"embeddable":true,"href":"https:\/\/insightcrime.org\/es\/wp-json\/wp\/v2\/comments?post=5160"}],"version-history":[{"count":1,"href":"https:\/\/insightcrime.org\/es\/wp-json\/wp\/v2\/posts\/5160\/revisions"}],"predecessor-version":[{"id":19237,"href":"https:\/\/insightcrime.org\/es\/wp-json\/wp\/v2\/posts\/5160\/revisions\/19237"}],"wp:featuredmedia":[{"embeddable":true,"href":"https:\/\/insightcrime.org\/es\/wp-json\/wp\/v2\/media\/37108"}],"wp:attachment":[{"href":"https:\/\/insightcrime.org\/es\/wp-json\/wp\/v2\/media?parent=5160"}],"wp:term":[{"taxonomy":"category","embeddable":true,"href":"https:\/\/insightcrime.org\/es\/wp-json\/wp\/v2\/categories?post=5160"},{"taxonomy":"post_tag","embeddable":true,"href":"https:\/\/insightcrime.org\/es\/wp-json\/wp\/v2\/tags?post=5160"},{"taxonomy":"newspack_spnsrs_tax","embeddable":true,"href":"https:\/\/insightcrime.org\/es\/wp-json\/wp\/v2\/newspack_spnsrs_tax?post=5160"},{"taxonomy":"author","embeddable":true,"href":"https:\/\/insightcrime.org\/es\/wp-json\/wp\/v2\/coauthors?post=5160"}],"curies":[{"name":"wp","href":"https:\/\/api.w.org\/{rel}","templated":true}]}}