{"id":5208,"date":"2013-03-14T18:26:44","date_gmt":"2017-03-27T23:52:36","guid":{"rendered":"http:\/\/newwp.insightcrime.org?p=5208"},"modified":"2023-04-24T15:29:19","modified_gmt":"2023-04-24T20:29:19","slug":"el-canciller-guatemalteco-llama-a-un-dialogo-historico-sobre-estrategias-alternativas-en-la-guerra-contra-las-drogas","status":"publish","type":"post","link":"https:\/\/insightcrime.org\/es\/noticias\/analisis\/el-canciller-guatemalteco-llama-a-un-dialogo-historico-sobre-estrategias-alternativas-en-la-guerra-contra-las-drogas\/","title":{"rendered":"El Canciller Guatemalteco Llama a un \u201cDi\u00e1logo Hist\u00f3rico\u201d sobre Estrategias Alternativas en la Guerra Contra las Drogas\u201d"},"content":{"rendered":"\n<p class=\"wp-block-paragraph\">En una entrevista con El Espectador, el Canciller Luis Fernando Carrera explic\u00f3 el plan de <a href=\"\/noticias-sobre-crimen-organizado-en-guatemala\" target=\"_blank\">Guatemala <\/a>para facilitar un \u201cdi\u00e1logo hist\u00f3rico\u201d para nuevas estrategias en la lucha contra el tr\u00e1fico de drogas; en el marco de la reuni\u00f3n de la Asamblea General de la Organizaci\u00f3n de Estados Americanos en julio entrante.<\/p>\n\n\n\n<p class=\"wp-block-paragraph\">Guatemala, uno de los pa\u00edses que est\u00e1 padeciendo de las peores tasas de homicidio del mundo por el narcotr\u00e1fico, se quiere jugar sus cartas para mover la discusi\u00f3n sobre alternativas en la lucha contra las drogas que arranc\u00f3 en Cartagena, durante la Cumbre de las Am\u00e9ricas, auspiciada por el presidente Juan Manuel Santos. En julio Guatemala ser\u00e1 anfitri\u00f3n de la Asamblea General de la OEA, donde acuden los cancilleres del todo el continente, y all\u00e1 espera lograr un \u201cdialogo hist\u00f3rico\u201d que le de un giro a los enfoques con los cuales se combaten las drogas. El Canciller Luis Fernando Carrera, un acad\u00e9mico de Oxford, estuvo en Washington, presentando ante la OEA una agenda de temas espec\u00edficos a discutir, que desde ya, plantea una discusi\u00f3n de temas espinosos para pa\u00edses como Estados Unidos; como la legalizaci\u00f3n de algunos cultivos y la despenalizaci\u00f3n del consumo. Carrera habl\u00f3 con El Espectador de su propuesta, y de qu\u00e9 espera lograr en la cumbre de la OEA.<\/p>\n\n\n\n<p class=\"wp-block-paragraph\"><em>Qu\u00e9 fue lo que vino a presentar de la OEA? <\/em><\/p>\n\n\n\n<p class=\"wp-block-paragraph\">Vamos a tener la asamblea general de la OEA del 6 al 8 de julio en Antigua, Guatemala, y como es costumbre el anfitri\u00f3n presenta el tema principal en el consejo permanente de la OEA que decide si est\u00e1 de acuerdo o no. Nosotros ya hab\u00edamos adelantado desde la cumbre de la CELAC al secretario general que nos interesaba que se discutiera como tema principal el de \u201cestrategias alternativas de combate a las drogas\u201d, y vinimos a presentar ese tema con varios subtemas para precisar m\u00e1s de qu\u00e9 est\u00e1bamos hablando. Y eso fue lo que hicimos en la sesi\u00f3n del consejo permanente y ellos muy amablemente los plantearan.<\/p>\n\n\n\n<p class=\"wp-block-paragraph\"><em>\u00bfCu\u00e1les son los subtemas? <\/em><\/p>\n\n\n\n<p class=\"wp-block-paragraph\">Fortalecimiento del sistema de salud p\u00fablica para la prevenci\u00f3n y el de la adicci\u00f3n. Reducci\u00f3n de violencia homicida y delitos conexos al narcotr\u00e1fico\u2026 Promoci\u00f3n del desarrollo econ\u00f3mico local y legalizaci\u00f3n de los cultivos. Reducci\u00f3n al tr\u00e1fico de armas y al lavado de activos. Y un quinto tema, despenalizaci\u00f3n del consumo o de ciertos aspectos del consumo para reducir la poblaci\u00f3n carcelaria.<\/p>\n\n\n\n<p class=\"wp-block-paragraph\"><em>Llama la atenci\u00f3n que no est\u00e1 plantado expl\u00edcitamente la reducci\u00f3n del tr\u00e1fico.<\/em><\/p>\n\n\n\n<p class=\"wp-block-paragraph\">Pues se suponen que con este enfoque reducimos el consumo y canalizamos parte de la producci\u00f3n hacia la econom\u00eda legal, y a trav\u00e9s de eso logramos menos tr\u00e1fico. Y el tema importante es reducir el da\u00f1o que hace el tr\u00e1fico en t\u00e9rminos de violencia.<\/p>\n\n\n\n<p class=\"wp-block-paragraph\">Es un tema de c\u00f3mo se combinan las estrategias. Tradicionalmente se dice que lo que hay que hacer es \u201claw enforcement\u201d, aplicaci\u00f3n de la ley, y eso es lo que se llamaba la guerra contra las drogas. Que es un enfoque punitivo del tr\u00e1fico, de la producci\u00f3n, y en general un respuesta violenta del estado a los carteles. Esto lo que ha hecho en Am\u00e9rica Latina es aumentar la violencia, y por eso somos un continente con tanta violencia con tantos homicidios. Lo que estamos tratando de buscar es un enfoque diferente, m\u00e1s humano, m\u00e1s preventivo, m\u00e1s de tratamiento de reducci\u00f3n de la violencia; y por este camino logremos reducir el consumo y la producci\u00f3n. Pero sobre todo reducir el da\u00f1o humano que est\u00e1 produciendo el narcotr\u00e1fico que se traduce a una enorme violencia.<\/p>\n\n\n\n<p class=\"wp-block-paragraph\"><em>Una pol\u00edtica efectiva contra las drogas como ustedes la imaginan, podr\u00eda implicar que el tr\u00e1fico se mantiene igual pero se reduce la violencia.<\/em><\/p>\n\n\n\n<p class=\"wp-block-paragraph\">S\u00ed, la violencia y el da\u00f1o a la salud humana que provocan las drogas. Tener un enfoque m\u00e1s de salud p\u00fablica y prevenci\u00f3n de violencia, que de promoci\u00f3n a la violencia para reducir el tr\u00e1fico. En este momento las estrategias est\u00e1n muy centradas a combatir el tr\u00e1fico directo a trav\u00e9s de fuerzas de seguridad y persecuci\u00f3n criminal. Eso no significa abandonar la lucha contra las redes criminales. Porque los estados debemos luchar por tener el control de nuestro territorio. Eso es una cosa irrenunciable para cualquier estado. Pero, lo queremos hacer en un contexto donde haya menos muertes y m\u00e1s prevenci\u00f3n para los adictos.<\/p>\n\n\n\n<p class=\"wp-block-paragraph\"><em>Todo esto est\u00e1 planteado en el marco de una discusi\u00f3n. La iniciativa ha sido tomada por un grupo de pa\u00edses, como <a href=\"\/noticias-sobre-crimen-organizado-en-colombia\" target=\"_blank\">Colombia<\/a>, Guatemala y <a href=\"\/noticias-sobre-crimen-organizado-en-mexico\" target=\"_blank\">M\u00e9xico<\/a>, que han plantado que la estrategia es un fracaso. Pero, Estados Unidos mantiene que es un \u00e9xito\u2026 \u00bfC\u00f3mo ir m\u00e1s all\u00e1 de la discusi\u00f3n?<\/em><\/p>\n\n\n\n<p class=\"wp-block-paragraph\">En Estados Unidos tambi\u00e9n existen varias narrativas, desde el gobierno mismo. El a\u00f1o pasado estuvo en Guatemala Gil Kerlikowske, el zar antidrogas de la Casa Blanca. \u00c9l tiene un enfoque muy parecido al que te acabo de mencionar. De hecho cuando le presentamos estas propuestas al embajador de Estados Unidos en Tegucigalpa, dijo que habr\u00eda que darle m\u00e1s visibilidad a Kerlikowske pues sus enfoque son parecidos.<\/p>\n\n\n\n<p class=\"wp-block-paragraph\"><em>Pero el \u00e9nfasis en la pr\u00e1ctica, en Am\u00e9rica Latina, ha sido de guerra contra el tr\u00e1fico y producci\u00f3n de drogas\u2026 <\/em><\/p>\n\n\n\n<p class=\"wp-block-paragraph\">Efectivamente ese ha sido el \u00e9nfasis. Pero, no ha sido esa toda la narrativa. Y es importante resaltarlo porque hay sectores dentro de la administraci\u00f3n de Obama que dicen que hay que tener una discusi\u00f3n de revisi\u00f3n de estrategias. No para abandonar la lucha frontal, cosa que nosotros podemos respaldar, no nos interesa que los criminales sean los due\u00f1os de los pa\u00edses. Pero, s\u00ed para enfatizar cosas que no se han enfatizado. Se necesita una combinaci\u00f3n de estrategias diferentes\u2026<\/p>\n\n\n\n<p class=\"wp-block-paragraph\"><em>Pero, en la aplicaci\u00f3n real de las pol\u00edticas, como hay recursos limitados, cuando se pone m\u00e1s \u00e9nfasis en un lado, eso le resta a otro. Ustedes proponen quitarle \u00e9nfasis a la interdicci\u00f3n y producci\u00f3n, y moverlo hacia la violencia. Es decir, quitar polic\u00edas y militares de la tarea de interdicci\u00f3n y ponerlos a buscar asesinos.<\/em><\/p>\n\n\n\n<p class=\"wp-block-paragraph\">Ese es un ejemplo. Pero te lo puedo poner en otro ejemplo. Ese esfuerzo fiscal para impedir que lleguen drogas a Estados Unidos le quita recursos al estado para atender el grave problema de la desnutrici\u00f3n infantil. Le quita recursos a la educaci\u00f3n de los guatemaltecos. Le quita recursos a los programas de incentivos productivos. Al sistema de salud p\u00fablica.<\/p>\n\n\n\n<p class=\"wp-block-paragraph\">El tema es que esa estrategia de evitar que no lleguen drogas a Estados Unidos te quita recursos. Hoy me preguntaba un funcionario norteamericano si necesit\u00e1bamos mayores ayudas para interdicci\u00f3n de drogas. Yo le dije que ser\u00eda muy bienvenida porque francamente nos duele quitarle recursos a otras \u00e1reas del estado. Y francamente nosotros no tenemos por qu\u00e9 estar quitando recursos que pod\u00edamos emplear para reducir la desnutrici\u00f3n en Guatemala para que finalmente no llegue un cargamento de droga a Estados Unidos. Que llega porque hay un consumo y una demanda, no porque nosotros estemos estimulando el tr\u00e1fico y la producci\u00f3n.<\/p>\n\n\n\n<p class=\"wp-block-paragraph\"><em>\u00bfEs decir que ustedes quisieran dejar pasar la droga y ocuparse de otros asuntos? <\/em><\/p>\n\n\n\n<p class=\"wp-block-paragraph\">M\u00e1s que dejar pasar la droga, si vamos a controlar el paso de droga, que sea menos droga porque hay menos consumo y por otro lado, que ese control que estamos haciendo tengamos una compensaci\u00f3n para hacerlo. Porque estamos gastando recursos en un problema que no es de Guatemala. Es para resolver un problema que es multilateral, porque estamos geogr\u00e1ficamente localizados en medio de pa\u00edses que son productores masivos y pa\u00edses que son consumidores masivos. Y la idea de que todos somos productores y consumidores; por favor, eso no lo resiste ninguna estad\u00edstica. Hay pa\u00edses m\u00e1s productores y pa\u00edses m\u00e1s consumidores, y nosotros no somos ni lo uno ni lo otro.<\/p>\n\n\n\n<p class=\"wp-block-paragraph\"><em>Usted dice que el di\u00e1logo de la Asamblea General de la OEA en Antigua va a ser hist\u00f3rico. \u00bfPor qu\u00e9? <\/em><\/p>\n\n\n\n<p class=\"wp-block-paragraph\">Porque vamos a poder discutir este tipo de estrategias a nivel de gobiernos. Todos los temas han sido discutidos a nivel de ONG. Los gobiernos no. Vamos a sentar las bases para un nuevo di\u00e1logo y nuevas alternativas para el combate a las drogas. No vamos a abandonar el combate a las drogas, sino entender c\u00f3mo combatirlas mejor. Estos cinco temas no se han discutido nunca, ni en Cartagena. Estados Unidos por primera vez se sienta a discutir alternativas, sobre el entendido de que hay nuevas alternativas.<\/p>\n\n\n\n<p class=\"wp-block-paragraph\">Al final de la reuni\u00f3n, la idea es darle un mandato a la OEA para que el Secretario General lidere un di\u00e1logo de alto nivel para revisar el combate a las drogas y un balance diferente. Si hacemos eso y lo hacemos bien, va a ser hist\u00f3rico. Si en el hemisferio occidental encontramos una forma diferente de combatir las drogas le damos una lecci\u00f3n al mundo.<\/p>\n\n\n\n<p class=\"wp-block-paragraph\"><em> Luego de reunirse con el Departamento de Estado y la Casa Blanca, \u00bfCu\u00e1l es su sensaci\u00f3n de c\u00f3mo Estados Unidos ve esta discusi\u00f3n?<\/em><\/p>\n\n\n\n<p class=\"wp-block-paragraph\">Lo que m\u00e1s les preocupa es que en Antigua se vuelva a un circo de clamores y quejas antiamericanos. Y nosotros estamos de acuerdo en que un mayor antiamericanismo no nos va a llevar a soluciones. Nosotros estamos de acuerdo, y nos hemos comprometido a que el clima pol\u00edtico va a ser de altura. Y nosotros vamos a jugar el papel como presidencia de la Asamblea para d\u00e1rselo.<\/p>\n\n\n\n<p class=\"wp-block-paragraph\"><em>\u00bfTocaron el tema de la legalizaci\u00f3n de la marihuana en Estados Unidos?<\/em><\/p>\n\n\n\n<p class=\"wp-block-paragraph\">No, no lo tocamos. Todav\u00eda entendemos que es un tema interno de ellos. La discusi\u00f3n sobre drogas est\u00e1 planteada como un tema multilateral. En nuestra relaci\u00f3n bilateral hemos dicho que cumpliremos todos los acuerdos pactados. En principio el debate es un debate con todos los pa\u00edses del hemisferio.<\/p>\n\n\n\n<p class=\"wp-block-paragraph\"><em>\u00bfHay preocupaci\u00f3n en Guatemala por convertirse en un pa\u00eds productor? <\/em><\/p>\n\n\n\n<p class=\"wp-block-paragraph\">El tema est\u00e1, con laboratorios de drogas sint\u00e9ticas, y cultivos de amapola. Pero as\u00ed tu cultives en el norte de Guatemala no te da para proveer de drogas a los mercados masivos.<\/p>\n\n\n\n<p class=\"wp-block-paragraph\"><em> Si se mantiene el rumbo, si no se aceptan las alternativas, si esta discusi\u00f3n no va a ning\u00fan lado, \u00bfQu\u00e9 har\u00eda Guatemala?<\/em><\/p>\n\n\n\n<p class=\"wp-block-paragraph\">Si no avanzara mucho el dialogo internacional, nosotros tenemos responsabilidades con nuestra poblaci\u00f3n de reducir la violencia, fortalecer el enfoque de prevenci\u00f3n y salud p\u00fablica, y destinar recursos para enfocarnos en prioridades. Y no vamos a enfocar todos los recursos, pero vamos a asumirlos en el marco de nuestras posibilidades fiscales. Al final caes en un tema fiscal, y lo entiendo como un problema fiscal. Habr\u00eda que recurrir a un unilateralismo, que se enfoque en la violencia, en la prevenci\u00f3n.<\/p>\n\n\n\n<p class=\"wp-block-paragraph\">*Pacheco es un columnista de El Espectador. Otra <a href=\"https:\/\/static.elespectador.co\/noticias\/elmundo\/articulo-408531-sera-un-dialogo-historico-sobre-drogas\" target=\"_blank\">versi\u00f3n<\/a> de esta entrevista apareci\u00f3 en El Espectador el 5 de Marzo de 2013.<\/p>\n","protected":false},"excerpt":{"rendered":"<p>En una entrevista con El Espectador, el Canciller Luis Fernando Carrera explic\u00f3 el plan de <a href=\"noticias-sobre-crimen-organizado-en-guatemala\" target=\"_blank\">Guatemala <\/a>para facilitar un \u0093di\u00e1logo hist\u00f3rico\u0094 para nuevas estrategias en la lucha contra el tr\u00e1fico de drogas; en el marco de la reuni\u00f3n de la Asamblea General de la Organizaci\u00f3n de Estados Americanos en julio entrante.<\/p>\n","protected":false},"author":14,"featured_media":37199,"comment_status":"closed","ping_status":"closed","sticky":false,"template":"","format":"standard","meta":{"newspack_ads_suppress_ads":false,"newspack_popups_has_disabled_popups":false,"newspack_sponsor_sponsorship_scope":"","newspack_sponsor_native_byline_display":"inherit","newspack_sponsor_native_category_display":"inherit","newspack_sponsor_underwriter_style":"inherit","newspack_sponsor_underwriter_placement":"inherit","_EventAllDay":false,"_EventTimezone":"","_EventStartDate":"","_EventEndDate":"","_EventStartDateUTC":"","_EventEndDateUTC":"","_EventShowMap":false,"_EventShowMapLink":false,"_EventURL":"","_EventCost":"","_EventCostDescription":"","_EventCurrencySymbol":"","_EventCurrencyCode":"","_EventCurrencyPosition":"","_EventDateTimeSeparator":"","_EventTimeRangeSeparator":"","_EventOrganizerID":[],"_EventVenueID":[],"_OrganizerEmail":"","_OrganizerPhone":"","_OrganizerWebsite":"","_VenueAddress":"","_VenueCity":"","_VenueCountry":"","_VenueProvince":"","_VenueState":"","_VenueZip":"","_VenuePhone":"","_VenueURL":"","_VenueStateProvince":"","_VenueLat":"","_VenueLng":"","_VenueShowMap":false,"_VenueShowMapLink":false,"_newspack_byline_active":false,"_newspack_byline":"","newspack_hide_updated_date":false,"newspack_show_updated_date":false,"newspack_featured_image_position":"","newspack_post_subtitle":"","newspack_article_summary_title":"Overview:","newspack_article_summary":"","_jetpack_memberships_contains_paid_content":false,"footnotes":""},"categories":[340],"tags":[374,472],"newspack_spnsrs_tax":[],"coauthors":[3688],"class_list":["post-5208","post","type-post","status-publish","format-standard","has-post-thumbnail","hentry","category-analisis","tag-guatemala-pais","tag-politica-de-drogas","entry"],"parsely":{"version":"1.1.0","canonical_url":"https:\/\/insightcrime.org\/es\/noticias\/analisis\/el-canciller-guatemalteco-llama-a-un-dialogo-historico-sobre-estrategias-alternativas-en-la-guerra-contra-las-drogas\/","smart_links":{"inbound":0,"outbound":0},"traffic_boost_suggestions_count":0,"meta":{"@context":"https:\/\/schema.org","@type":"NewsArticle","headline":"El Canciller Guatemalteco Llama a un \u201cDi\u00e1logo Hist\u00f3rico\u201d sobre Estrategias Alternativas en la Guerra Contra las Drogas\u201d","url":"http:\/\/insightcrime.org\/es\/noticias\/analisis\/el-canciller-guatemalteco-llama-a-un-dialogo-historico-sobre-estrategias-alternativas-en-la-guerra-contra-las-drogas\/","mainEntityOfPage":{"@type":"WebPage","@id":"http:\/\/insightcrime.org\/es\/noticias\/analisis\/el-canciller-guatemalteco-llama-a-un-dialogo-historico-sobre-estrategias-alternativas-en-la-guerra-contra-las-drogas\/"},"thumbnailUrl":"https:\/\/i0.wp.com\/insightcrime.org\/wp-content\/uploads\/2013\/03\/es-6401108ad245c086aa79c48f1d124c7c.jpg?resize=150%2C150&quality=100&ssl=1","image":{"@type":"ImageObject","url":"https:\/\/i0.wp.com\/insightcrime.org\/wp-content\/uploads\/2013\/03\/es-6401108ad245c086aa79c48f1d124c7c.jpg?fit=280%2C169&quality=100&ssl=1"},"articleSection":"An\u00e1lisis","author":[{"@type":"Person","name":"Daniel Pacheco"}],"creator":["Daniel Pacheco"],"publisher":{"@type":"Organization","name":"InSight Crime","logo":"https:\/\/insightcrime.org\/wp-content\/uploads\/2023\/08\/logo.png"},"keywords":["guatemala","pol\u00edtica de drogas"],"dateCreated":"2017-03-27T23:52:36Z","datePublished":"2017-03-27T23:52:36Z","dateModified":"2023-04-24T20:29:19Z"},"rendered":"<meta name=\"parsely-title\" content=\"El Canciller Guatemalteco Llama a un \u201cDi\u00e1logo Hist\u00f3rico\u201d sobre Estrategias Alternativas en la Guerra Contra las Drogas\u201d\" \/>\n<meta name=\"parsely-link\" content=\"http:\/\/insightcrime.org\/es\/noticias\/analisis\/el-canciller-guatemalteco-llama-a-un-dialogo-historico-sobre-estrategias-alternativas-en-la-guerra-contra-las-drogas\/\" \/>\n<meta name=\"parsely-type\" content=\"post\" \/>\n<meta name=\"parsely-image-url\" content=\"https:\/\/i0.wp.com\/insightcrime.org\/wp-content\/uploads\/2013\/03\/es-6401108ad245c086aa79c48f1d124c7c.jpg?resize=150%2C150&amp;quality=100&amp;ssl=1\" \/>\n<meta name=\"parsely-pub-date\" content=\"2017-03-27T23:52:36Z\" \/>\n<meta name=\"parsely-section\" content=\"An\u00e1lisis\" \/>\n<meta name=\"parsely-tags\" content=\"guatemala,pol\u00edtica de drogas\" \/>\n<meta name=\"parsely-author\" content=\"Daniel Pacheco\" \/>","tracker_url":"https:\/\/cdn.parsely.com\/keys\/insightcrime.org\/p.js"},"jetpack_sharing_enabled":true,"jetpack-related-posts":[{"id":199025,"url":"https:\/\/insightcrime.org\/es\/noticias\/seguridad-preocupa-lideres-latinoamericanos-onu\/","url_meta":{"origin":5208,"position":0},"title":"L\u00edderes latinoamericanos expresan preocupaci\u00f3n por la seguridad en Asamblea de la ONU","author":"Henry Shuldiner","date":"23 de septiembre de 2022","format":false,"excerpt":"En la reuni\u00f3n de l\u00edderes mundiales en la ciudad de Nueva York para la sesi\u00f3n 77 de la Asamblea general de las Naciones Unidas, los presidentes latinoamericanos expresaron diferentes preocupaciones sobre el crimen organizado, la guerra contra las drogas y el poder que est\u00e1n acumulando las organizaciones criminales.","rel":"","context":"En \u00abNoticias\u00bb","block_context":{"text":"Noticias","link":"https:\/\/insightcrime.org\/es\/category\/noticias\/"},"img":{"alt_text":"Presidenta de Honduras se dirige a la Asamblea General de la ONU","src":"https:\/\/i0.wp.com\/insightcrime.org\/wp-content\/uploads\/2022\/09\/UN-UNGA77-Takeaways-Spectrum-0922221.jpg?fit=350%2C250&quality=100&ssl=1&resize=350%2C200","width":350,"height":200},"classes":[]},{"id":332902,"url":"https:\/\/insightcrime.org\/es\/noticias\/estrategia-antidrogas-de-ee-uu-america-latina-un-mapa-interactivo-de-alianzas-y-fricciones\/","url_meta":{"origin":5208,"position":1},"title":"La estrategia antidrogas de EE. UU. en Am\u00e9rica Latina: Un mapa interactivo de las alianzas y fricciones","author":"Deborah Bonello","date":"16 de febrero de 2026","format":false,"excerpt":"\u00bfQu\u00e9 pa\u00edses de Am\u00e9rica Latina colaboran con EE. UU. en la lucha contra el tr\u00e1fico de drogas? Explore nuestro mapa interactivo sobre la cooperaci\u00f3n antinarc\u00f3ticos y conozca el estado actual de las alianzas de seguridad en la regi\u00f3n.","rel":"","context":"En \u00abNoticias\u00bb","block_context":{"text":"Noticias","link":"https:\/\/insightcrime.org\/es\/category\/noticias\/"},"img":{"alt_text":"","src":"https:\/\/i0.wp.com\/insightcrime.org\/wp-content\/uploads\/2026\/02\/Feature-Image-Colombia-Presidency-Handout-REUTERS-1.jpg?fit=1200%2C690&quality=100&ssl=1&resize=350%2C200","width":350,"height":200,"srcset":"https:\/\/i0.wp.com\/insightcrime.org\/wp-content\/uploads\/2026\/02\/Feature-Image-Colombia-Presidency-Handout-REUTERS-1.jpg?fit=1200%2C690&quality=100&ssl=1&resize=350%2C200 1x, https:\/\/i0.wp.com\/insightcrime.org\/wp-content\/uploads\/2026\/02\/Feature-Image-Colombia-Presidency-Handout-REUTERS-1.jpg?fit=1200%2C690&quality=100&ssl=1&resize=525%2C300 1.5x, https:\/\/i0.wp.com\/insightcrime.org\/wp-content\/uploads\/2026\/02\/Feature-Image-Colombia-Presidency-Handout-REUTERS-1.jpg?fit=1200%2C690&quality=100&ssl=1&resize=700%2C400 2x, https:\/\/i0.wp.com\/insightcrime.org\/wp-content\/uploads\/2026\/02\/Feature-Image-Colombia-Presidency-Handout-REUTERS-1.jpg?fit=1200%2C690&quality=100&ssl=1&resize=1050%2C600 3x"},"classes":[]},{"id":347833,"url":"https:\/\/insightcrime.org\/es\/noticias\/ataque-fronterizo-guatemala-evidencia-regreso-clan-lorenzana\/","url_meta":{"origin":5208,"position":2},"title":"Ataque fronterizo en Guatemala evidencia el regreso del clan de los Lorenzana\u00a0","author":"Alex Papadovassilakis","date":"27 de julio de 2026","format":false,"excerpt":"Los reportes que vinculan un ataque armado en la frontera entre Guatemala y Honduras con la red de tr\u00e1fico de drogas de los Lorenzana evidencian la capacidad de resistencia de los clanes familiares en el narcotr\u00e1fico centroamericano.","rel":"","context":"En \u00abNoticias\u00bb","block_context":{"text":"Noticias","link":"https:\/\/insightcrime.org\/es\/category\/noticias\/"},"img":{"alt_text":"Haroldo Waldemar Lorenzana Terraza, alias \u201cHaroldito.\"","src":"https:\/\/i0.wp.com\/insightcrime.org\/wp-content\/uploads\/2026\/07\/Flagship-Cover-Lorenzanas-article-image-InSightCrime-Jul-2026.jpg?fit=1200%2C675&quality=100&ssl=1&resize=350%2C200","width":350,"height":200,"srcset":"https:\/\/i0.wp.com\/insightcrime.org\/wp-content\/uploads\/2026\/07\/Flagship-Cover-Lorenzanas-article-image-InSightCrime-Jul-2026.jpg?fit=1200%2C675&quality=100&ssl=1&resize=350%2C200 1x, https:\/\/i0.wp.com\/insightcrime.org\/wp-content\/uploads\/2026\/07\/Flagship-Cover-Lorenzanas-article-image-InSightCrime-Jul-2026.jpg?fit=1200%2C675&quality=100&ssl=1&resize=525%2C300 1.5x, https:\/\/i0.wp.com\/insightcrime.org\/wp-content\/uploads\/2026\/07\/Flagship-Cover-Lorenzanas-article-image-InSightCrime-Jul-2026.jpg?fit=1200%2C675&quality=100&ssl=1&resize=700%2C400 2x, https:\/\/i0.wp.com\/insightcrime.org\/wp-content\/uploads\/2026\/07\/Flagship-Cover-Lorenzanas-article-image-InSightCrime-Jul-2026.jpg?fit=1200%2C675&quality=100&ssl=1&resize=1050%2C600 3x"},"classes":[]},{"id":198634,"url":"https:\/\/insightcrime.org\/es\/noticias\/presidente-petro-de-colombia-desafia-politica-antidrogas-de-ee-uu-ante-la-onu\/","url_meta":{"origin":5208,"position":3},"title":"Presidente Petro de Colombia desaf\u00eda pol\u00edtica antidrogas de EE. UU. ante la ONU","author":"Juliana Manjarr\u00e9s","date":"22 de septiembre de 2022","format":false,"excerpt":"El presidente de Colombia hizo desafiantes declaraciones en su primer discurso como mandatario ante la ONU.\u00a0","rel":"","context":"En \u00abNoticias\u00bb","block_context":{"text":"Noticias","link":"https:\/\/insightcrime.org\/es\/category\/noticias\/"},"img":{"alt_text":"Gustavo Petro ante la ONU en 2022","src":"https:\/\/i0.wp.com\/insightcrime.org\/wp-content\/uploads\/2022\/09\/gustavo_petro_UN_20220922.jpg?fit=1200%2C466&quality=100&ssl=1&resize=350%2C200","width":350,"height":200,"srcset":"https:\/\/i0.wp.com\/insightcrime.org\/wp-content\/uploads\/2022\/09\/gustavo_petro_UN_20220922.jpg?fit=1200%2C466&quality=100&ssl=1&resize=350%2C200 1x, https:\/\/i0.wp.com\/insightcrime.org\/wp-content\/uploads\/2022\/09\/gustavo_petro_UN_20220922.jpg?fit=1200%2C466&quality=100&ssl=1&resize=525%2C300 1.5x, https:\/\/i0.wp.com\/insightcrime.org\/wp-content\/uploads\/2022\/09\/gustavo_petro_UN_20220922.jpg?fit=1200%2C466&quality=100&ssl=1&resize=700%2C400 2x, https:\/\/i0.wp.com\/insightcrime.org\/wp-content\/uploads\/2022\/09\/gustavo_petro_UN_20220922.jpg?fit=1200%2C466&quality=100&ssl=1&resize=1050%2C600 3x"},"classes":[]},{"id":126497,"url":"https:\/\/insightcrime.org\/es\/noticias\/impacto-trump-crimen-organizado-latinoamerica\/","url_meta":{"origin":5208,"position":4},"title":"El impacto de Donald Trump en el crimen organizado en Latinoam\u00e9rica","author":"Parker Asmann","date":"4 de noviembre de 2020","format":false,"excerpt":"En lo que respecta a la lucha contra el crimen organizado y el narcotr\u00e1fico, el presidente estadounidense Donald Trump opt\u00f3 por echar mano de la fuerza con sus hom\u00f3logos latinoamericanos en lugar de recurrir a la diplomacia, ejerciendo presi\u00f3n y amenazas para conseguir la adopci\u00f3n de pol\u00edticas unilaterales que en\u2026","rel":"","context":"En \u00abNoticias\u00bb","block_context":{"text":"Noticias","link":"https:\/\/insightcrime.org\/es\/category\/noticias\/"},"img":{"alt_text":"","src":"https:\/\/i0.wp.com\/insightcrime.org\/wp-content\/uploads\/2020\/11\/20-11-03-US-Election-Trump-LatAm.jpg?fit=350%2C250&quality=100&ssl=1&resize=350%2C200","width":350,"height":200},"classes":[]},{"id":164020,"url":"https:\/\/insightcrime.org\/es\/noticias\/por-encima-clamor-publico-guatemala-sigue-demoliendo-medidas-anticorrupcion\/","url_meta":{"origin":5208,"position":5},"title":"Por encima del clamor p\u00fablico, Guatemala sigue demoliendo iniciativas anticorrupci\u00f3n","author":"Alex Papadovassilakis","date":"25 de julio de 2021","format":false,"excerpt":"La destituci\u00f3n de Juan Francisco Sandoval, importante fiscal anticorrupci\u00f3n, marca el cierre formal de las iniciativas para fortalecer los organismos anticorrupci\u00f3n en Guatemala.","rel":"","context":"En \u00abNoticias\u00bb","block_context":{"text":"Noticias","link":"https:\/\/insightcrime.org\/es\/category\/noticias\/"},"img":{"alt_text":"","src":"https:\/\/i0.wp.com\/insightcrime.org\/wp-content\/uploads\/2021\/07\/IMG_20210724_155629942_HDR-scaled.jpg?fit=1200%2C900&quality=100&ssl=1&resize=350%2C200","width":350,"height":200,"srcset":"https:\/\/i0.wp.com\/insightcrime.org\/wp-content\/uploads\/2021\/07\/IMG_20210724_155629942_HDR-scaled.jpg?fit=1200%2C900&quality=100&ssl=1&resize=350%2C200 1x, https:\/\/i0.wp.com\/insightcrime.org\/wp-content\/uploads\/2021\/07\/IMG_20210724_155629942_HDR-scaled.jpg?fit=1200%2C900&quality=100&ssl=1&resize=525%2C300 1.5x, https:\/\/i0.wp.com\/insightcrime.org\/wp-content\/uploads\/2021\/07\/IMG_20210724_155629942_HDR-scaled.jpg?fit=1200%2C900&quality=100&ssl=1&resize=700%2C400 2x, https:\/\/i0.wp.com\/insightcrime.org\/wp-content\/uploads\/2021\/07\/IMG_20210724_155629942_HDR-scaled.jpg?fit=1200%2C900&quality=100&ssl=1&resize=1050%2C600 3x"},"classes":[]}],"jetpack_featured_media_url":"https:\/\/i0.wp.com\/insightcrime.org\/wp-content\/uploads\/2013\/03\/es-6401108ad245c086aa79c48f1d124c7c.jpg?fit=280%2C169&quality=100&ssl=1","_links":{"self":[{"href":"https:\/\/insightcrime.org\/es\/wp-json\/wp\/v2\/posts\/5208","targetHints":{"allow":["GET"]}}],"collection":[{"href":"https:\/\/insightcrime.org\/es\/wp-json\/wp\/v2\/posts"}],"about":[{"href":"https:\/\/insightcrime.org\/es\/wp-json\/wp\/v2\/types\/post"}],"author":[{"embeddable":true,"href":"https:\/\/insightcrime.org\/es\/wp-json\/wp\/v2\/users\/14"}],"replies":[{"embeddable":true,"href":"https:\/\/insightcrime.org\/es\/wp-json\/wp\/v2\/comments?post=5208"}],"version-history":[{"count":1,"href":"https:\/\/insightcrime.org\/es\/wp-json\/wp\/v2\/posts\/5208\/revisions"}],"predecessor-version":[{"id":19327,"href":"https:\/\/insightcrime.org\/es\/wp-json\/wp\/v2\/posts\/5208\/revisions\/19327"}],"wp:featuredmedia":[{"embeddable":true,"href":"https:\/\/insightcrime.org\/es\/wp-json\/wp\/v2\/media\/37199"}],"wp:attachment":[{"href":"https:\/\/insightcrime.org\/es\/wp-json\/wp\/v2\/media?parent=5208"}],"wp:term":[{"taxonomy":"category","embeddable":true,"href":"https:\/\/insightcrime.org\/es\/wp-json\/wp\/v2\/categories?post=5208"},{"taxonomy":"post_tag","embeddable":true,"href":"https:\/\/insightcrime.org\/es\/wp-json\/wp\/v2\/tags?post=5208"},{"taxonomy":"newspack_spnsrs_tax","embeddable":true,"href":"https:\/\/insightcrime.org\/es\/wp-json\/wp\/v2\/newspack_spnsrs_tax?post=5208"},{"taxonomy":"author","embeddable":true,"href":"https:\/\/insightcrime.org\/es\/wp-json\/wp\/v2\/coauthors?post=5208"}],"curies":[{"name":"wp","href":"https:\/\/api.w.org\/{rel}","templated":true}]}}