{"id":5209,"date":"2013-03-15T14:19:31","date_gmt":"2017-03-27T23:52:36","guid":{"rendered":"http:\/\/newwp.insightcrime.org?p=5209"},"modified":"2023-04-24T15:29:20","modified_gmt":"2023-04-24T20:29:20","slug":"el-tiempo-colombia-militares-de-ecuador-dicen-que-farc-tienen-menos-presencia-en-frontera","status":"publish","type":"post","link":"https:\/\/insightcrime.org\/es\/noticias\/noticias-del-dia\/el-tiempo-colombia-militares-de-ecuador-dicen-que-farc-tienen-menos-presencia-en-frontera\/","title":{"rendered":"El Tiempo (Colombia): Militares de Ecuador Dicen que Farc Tienen Menos Presencia en Frontera"},"content":{"rendered":"\n<p class=\"wp-block-paragraph\">Los militares de Ecuador han constatado una disminuci\u00f3n de la presencia de Grupos Ilegales Armados (GIA) de Colombia en la frontera binacional, pese a lo cual mantendr\u00e1n los operativos para contrarrestarlos, dijo este jueves el comandante del Ej\u00e9rcito ecuatoriano, general Jorge Pe\u00f1a.<\/p>\n\n\n\n<p class=\"wp-block-paragraph\">\u201cDe los resultados que yo he visto, al menos hace un par de meses, la incidencia o la presencia de Grupos Ilegales Armados colombianos ya ha sido mucho menor\u201d, asegur\u00f3 el mando militar en rueda de prensa.<\/p>\n\n\n\n<p class=\"wp-block-paragraph\">El oficial atribuy\u00f3 ese hecho a un probable cambio de estrategia de los irregulares, entre quienes se cuenta a guerrilleros de las Fuerzas Armadas Revolucionarias (Farc), cuyos jefes llevan a cabo negociaciones de paz en Cuba con el gobierno del presidente Juan Manuel Santos.<\/p>\n\n\n\n<p class=\"wp-block-paragraph\">Lea m\u00e1s en <a href=\"https:\/\/www.eltiempo.com\/justicia\/ARTICULO-WEB-NEW_NOTA_INTERIOR-12687282.html\" target=\"_parent\">El Tiempo<\/a>.&nbsp;<\/p>\n","protected":false},"excerpt":{"rendered":"<p>Los militares de Ecuador han constatado una disminuci\u00f3n de la presencia de Grupos Ilegales Armados (GIA) de Colombia en la frontera binacional, pese a lo cual mantendr\u00e1n los operativos para contrarrestarlos, dijo este jueves el comandante del Ej\u00e9rcito ecuatoriano, general Jorge Pe\u00f1a.<\/p>\n","protected":false},"author":97,"featured_media":37211,"comment_status":"closed","ping_status":"closed","sticky":false,"template":"","format":"standard","meta":{"newspack_ads_suppress_ads":false,"newspack_popups_has_disabled_popups":false,"newspack_sponsor_sponsorship_scope":"","newspack_sponsor_native_byline_display":"inherit","newspack_sponsor_native_category_display":"inherit","newspack_sponsor_underwriter_style":"inherit","newspack_sponsor_underwriter_placement":"inherit","_EventAllDay":false,"_EventTimezone":"","_EventStartDate":"","_EventEndDate":"","_EventStartDateUTC":"","_EventEndDateUTC":"","_EventShowMap":false,"_EventShowMapLink":false,"_EventURL":"","_EventCost":"","_EventCostDescription":"","_EventCurrencySymbol":"","_EventCurrencyCode":"","_EventCurrencyPosition":"","_EventDateTimeSeparator":"","_EventTimeRangeSeparator":"","_EventOrganizerID":[],"_EventVenueID":[],"_OrganizerEmail":"","_OrganizerPhone":"","_OrganizerWebsite":"","_VenueAddress":"","_VenueCity":"","_VenueCountry":"","_VenueProvince":"","_VenueState":"","_VenueZip":"","_VenuePhone":"","_VenueURL":"","_VenueStateProvince":"","_VenueLat":"","_VenueLng":"","_VenueShowMap":false,"_VenueShowMapLink":false,"_newspack_byline_active":false,"_newspack_byline":"","newspack_hide_updated_date":false,"newspack_show_updated_date":false,"newspack_featured_image_position":"","newspack_post_subtitle":"","newspack_article_summary_title":"Overview:","newspack_article_summary":"","_jetpack_memberships_contains_paid_content":false,"footnotes":""},"categories":[334],"tags":[368,426,1542],"newspack_spnsrs_tax":[],"coauthors":[3756],"class_list":["post-5209","post","type-post","status-publish","format-standard","has-post-thumbnail","hentry","category-noticias-del-dia","tag-colombia-pais","tag-ecuador-pais","tag-farc-ep","entry"],"parsely":{"version":"1.1.0","canonical_url":"https:\/\/insightcrime.org\/es\/noticias\/noticias-del-dia\/el-tiempo-colombia-militares-de-ecuador-dicen-que-farc-tienen-menos-presencia-en-frontera\/","smart_links":{"inbound":0,"outbound":0},"traffic_boost_suggestions_count":0,"meta":{"@context":"https:\/\/schema.org","@type":"NewsArticle","headline":"El Tiempo (Colombia): Militares de Ecuador Dicen que Farc Tienen Menos Presencia en Frontera","url":"http:\/\/insightcrime.org\/es\/noticias\/noticias-del-dia\/el-tiempo-colombia-militares-de-ecuador-dicen-que-farc-tienen-menos-presencia-en-frontera\/","mainEntityOfPage":{"@type":"WebPage","@id":"http:\/\/insightcrime.org\/es\/noticias\/noticias-del-dia\/el-tiempo-colombia-militares-de-ecuador-dicen-que-farc-tienen-menos-presencia-en-frontera\/"},"thumbnailUrl":"https:\/\/i0.wp.com\/insightcrime.org\/wp-content\/uploads\/2013\/03\/es-48d890cd826326e9a53289fa7114cca6.jpg?resize=150%2C150&quality=100&ssl=1","image":{"@type":"ImageObject","url":"https:\/\/i0.wp.com\/insightcrime.org\/wp-content\/uploads\/2013\/03\/es-48d890cd826326e9a53289fa7114cca6.jpg?fit=432%2C324&quality=100&ssl=1"},"articleSection":"Noticias del d\u00eda","author":[{"@type":"Person","name":"El Tiempo"}],"creator":["El Tiempo"],"publisher":{"@type":"Organization","name":"InSight Crime","logo":"https:\/\/insightcrime.org\/wp-content\/uploads\/2023\/08\/logo.png"},"keywords":["colombia","ecuador","farc"],"dateCreated":"2017-03-27T23:52:36Z","datePublished":"2017-03-27T23:52:36Z","dateModified":"2023-04-24T20:29:20Z"},"rendered":"<meta name=\"parsely-title\" content=\"El Tiempo (Colombia): Militares de Ecuador Dicen que Farc Tienen Menos Presencia en Frontera\" \/>\n<meta name=\"parsely-link\" content=\"http:\/\/insightcrime.org\/es\/noticias\/noticias-del-dia\/el-tiempo-colombia-militares-de-ecuador-dicen-que-farc-tienen-menos-presencia-en-frontera\/\" \/>\n<meta name=\"parsely-type\" content=\"post\" \/>\n<meta name=\"parsely-image-url\" content=\"https:\/\/i0.wp.com\/insightcrime.org\/wp-content\/uploads\/2013\/03\/es-48d890cd826326e9a53289fa7114cca6.jpg?resize=150%2C150&amp;quality=100&amp;ssl=1\" \/>\n<meta name=\"parsely-pub-date\" content=\"2017-03-27T23:52:36Z\" \/>\n<meta name=\"parsely-section\" content=\"Noticias del d\u00eda\" \/>\n<meta name=\"parsely-tags\" content=\"colombia,ecuador,farc\" \/>\n<meta name=\"parsely-author\" content=\"El Tiempo\" \/>","tracker_url":"https:\/\/cdn.parsely.com\/keys\/insightcrime.org\/p.js"},"jetpack_sharing_enabled":true,"jetpack-related-posts":[{"id":201587,"url":"https:\/\/insightcrime.org\/es\/noticias\/granadas-minas-antipersonales-ecuador-sigue-siendo-arsenal-exfarc-mafia\/","url_meta":{"origin":5209,"position":0},"title":"Granadas y minas antipersona: Ecuador sigue siendo el arsenal de las Ex-FARC Mafia","author":"Chris Dalby","date":"14 de octubre de 2022","format":false,"excerpt":"En el norte de Ecuador siguen encontr\u00e1ndose alijos de armas de tipo militar, incluidas granadas y minas antipersona, un indicio de que los grupos armados colombianos siguen usando el pa\u00eds como puesto de avanzada estrat\u00e9gico.","rel":"","context":"En \u00abNoticias\u00bb","block_context":{"text":"Noticias","link":"https:\/\/insightcrime.org\/es\/category\/noticias\/"},"img":{"alt_text":"Soldado ecuatoriano examina minas antipersona cerca de la frontera con Colombia","src":"https:\/\/i0.wp.com\/insightcrime.org\/wp-content\/uploads\/2022\/10\/ezgif-1-0a4a37207d-1-1.jpeg?fit=350%2C250&quality=100&ssl=1&resize=350%2C200","width":350,"height":200},"classes":[]},{"id":205131,"url":"https:\/\/insightcrime.org\/es\/noticias\/guerra-civil-ex-farc-putumayo-pone-prueba-gobierno-colombia\/","url_meta":{"origin":5209,"position":1},"title":"Guerra civil de Ex-FARC en Putumayo pone a prueba al gobierno de Colombia","author":"Juliana Manjarr\u00e9s","date":"21 de noviembre de 2022","format":false,"excerpt":"La interminable guerra entre facciones disidentes contin\u00faa cobrando decenas de vidas en el departamento cocalero de Putumayo, al sur de Colombia. El gobierno, por su parte, se ha mostrado incapaz de atender la crisis de seguridad.","rel":"","context":"En \u00abNoticias\u00bb","block_context":{"text":"Noticias","link":"https:\/\/insightcrime.org\/es\/category\/noticias\/"},"img":{"alt_text":"","src":"https:\/\/i0.wp.com\/insightcrime.org\/wp-content\/uploads\/2022\/11\/descarga-1.jpeg?fit=334%2C250&quality=100&ssl=1&resize=350%2C200","width":350,"height":200},"classes":[]},{"id":270322,"url":"https:\/\/insightcrime.org\/es\/noticias\/desenmascarando-actores-extranjeros-tablero-criminal-ecuatoriano\/","url_meta":{"origin":5209,"position":2},"title":"Desenmascarando a los actores extranjeros del tablero criminal ecuatoriano","author":"Anastasia Austin","date":"7 de marzo de 2024","format":false,"excerpt":"Situado entre los principales productores de coca\u00edna del mundo --Colombia y Per\u00fa-- Ecuador se ha convertido en centro y base de varias redes delictivas transnacionales. Su larga costa y sus grandes puertos de contenedores lo convierten en una pista de despegue perfecta para los cargamentos de droga que se dirigen\u2026","rel":"","context":"En \u00abNoticias\u00bb","block_context":{"text":"Noticias","link":"https:\/\/insightcrime.org\/es\/category\/noticias\/"},"img":{"alt_text":"Ecuadorian soldiers patrol a street in Quito. \nMilitares ecuatorianos patrullan una calle en Quito. ","src":"https:\/\/i0.wp.com\/insightcrime.org\/wp-content\/uploads\/2024\/03\/Ecuador-Soldiers-patrol-a-residential-area-on-the-south-side-of-Quito-AP24012698856469-A2.jpg?fit=1200%2C690&quality=100&ssl=1&resize=350%2C200","width":350,"height":200,"srcset":"https:\/\/i0.wp.com\/insightcrime.org\/wp-content\/uploads\/2024\/03\/Ecuador-Soldiers-patrol-a-residential-area-on-the-south-side-of-Quito-AP24012698856469-A2.jpg?fit=1200%2C690&quality=100&ssl=1&resize=350%2C200 1x, https:\/\/i0.wp.com\/insightcrime.org\/wp-content\/uploads\/2024\/03\/Ecuador-Soldiers-patrol-a-residential-area-on-the-south-side-of-Quito-AP24012698856469-A2.jpg?fit=1200%2C690&quality=100&ssl=1&resize=525%2C300 1.5x, https:\/\/i0.wp.com\/insightcrime.org\/wp-content\/uploads\/2024\/03\/Ecuador-Soldiers-patrol-a-residential-area-on-the-south-side-of-Quito-AP24012698856469-A2.jpg?fit=1200%2C690&quality=100&ssl=1&resize=700%2C400 2x, https:\/\/i0.wp.com\/insightcrime.org\/wp-content\/uploads\/2024\/03\/Ecuador-Soldiers-patrol-a-residential-area-on-the-south-side-of-Quito-AP24012698856469-A2.jpg?fit=1200%2C690&quality=100&ssl=1&resize=1050%2C600 3x"},"classes":[]},{"id":337760,"url":"https:\/\/insightcrime.org\/es\/noticias\/mapa-ataques-militares-apuntan-complejo-paisaje-criminal-frontera-colombia-ecuador\/","url_meta":{"origin":5209,"position":3},"title":"Mapa: Ataques militares apuntan a un complejo paisaje criminal en la frontera Colombia-Ecuador","author":"Gavin Voss","date":"25 de marzo de 2026","format":false,"excerpt":"Los recientes ataques a\u00e9reos en la frontera entre Colombia y Ecuador volvieron a tensar las relaciones entre ambos pa\u00edses. InSight Crime revela, con un mapa, las din\u00e1micas criminales que dominan este complejo corredor de narcotr\u00e1fico y otras actividades ilegales.","rel":"","context":"En \u00abNoticias\u00bb","block_context":{"text":"Noticias","link":"https:\/\/insightcrime.org\/es\/category\/noticias\/"},"img":{"alt_text":"","src":"https:\/\/i0.wp.com\/insightcrime.org\/wp-content\/uploads\/2026\/03\/Flagship-destacada-Frontera-Ecuador-Colombia-1-1-1.jpeg?fit=1200%2C675&quality=100&ssl=1&resize=350%2C200","width":350,"height":200,"srcset":"https:\/\/i0.wp.com\/insightcrime.org\/wp-content\/uploads\/2026\/03\/Flagship-destacada-Frontera-Ecuador-Colombia-1-1-1.jpeg?fit=1200%2C675&quality=100&ssl=1&resize=350%2C200 1x, https:\/\/i0.wp.com\/insightcrime.org\/wp-content\/uploads\/2026\/03\/Flagship-destacada-Frontera-Ecuador-Colombia-1-1-1.jpeg?fit=1200%2C675&quality=100&ssl=1&resize=525%2C300 1.5x, https:\/\/i0.wp.com\/insightcrime.org\/wp-content\/uploads\/2026\/03\/Flagship-destacada-Frontera-Ecuador-Colombia-1-1-1.jpeg?fit=1200%2C675&quality=100&ssl=1&resize=700%2C400 2x, https:\/\/i0.wp.com\/insightcrime.org\/wp-content\/uploads\/2026\/03\/Flagship-destacada-Frontera-Ecuador-Colombia-1-1-1.jpeg?fit=1200%2C675&quality=100&ssl=1&resize=1050%2C600 3x"},"classes":[]},{"id":210669,"url":"https:\/\/insightcrime.org\/es\/noticias-crimen-organizado-colombia\/ex-farc-mafia-estado-mayor-central\/","url_meta":{"origin":5209,"position":4},"title":"Estado Mayor Central &#8211; Disidencias de las FARC","author":"InSight Crime","date":"14 de junio de 2024","format":false,"excerpt":"El Estado Mayor Central (EMC) es una federaci\u00f3n de frentes disidentes de las Fuerzas Armadas Revolucionarias de Colombia (FARC) que decidieron no acogerse al proceso de paz firmado en 2016 entre esa guerrilla y el gobierno de Colombia.\u00a0\u00a0","rel":"","context":"En \u00abColombia\u00bb","block_context":{"text":"Colombia","link":"https:\/\/insightcrime.org\/es\/category\/noticias-crimen-organizado-colombia\/"},"img":{"alt_text":"Estado Mayor Central - Disidencias de las FARC, Colombia.","src":"https:\/\/i0.wp.com\/insightcrime.org\/wp-content\/uploads\/2026\/08\/Grupo-Criminal-Estado-Mayor-Central-Colombia.jpg?fit=1200%2C900&quality=100&ssl=1&resize=350%2C200","width":350,"height":200,"srcset":"https:\/\/i0.wp.com\/insightcrime.org\/wp-content\/uploads\/2026\/08\/Grupo-Criminal-Estado-Mayor-Central-Colombia.jpg?fit=1200%2C900&quality=100&ssl=1&resize=350%2C200 1x, https:\/\/i0.wp.com\/insightcrime.org\/wp-content\/uploads\/2026\/08\/Grupo-Criminal-Estado-Mayor-Central-Colombia.jpg?fit=1200%2C900&quality=100&ssl=1&resize=525%2C300 1.5x, https:\/\/i0.wp.com\/insightcrime.org\/wp-content\/uploads\/2026\/08\/Grupo-Criminal-Estado-Mayor-Central-Colombia.jpg?fit=1200%2C900&quality=100&ssl=1&resize=700%2C400 2x, https:\/\/i0.wp.com\/insightcrime.org\/wp-content\/uploads\/2026\/08\/Grupo-Criminal-Estado-Mayor-Central-Colombia.jpg?fit=1200%2C900&quality=100&ssl=1&resize=1050%2C600 3x"},"classes":[]},{"id":183314,"url":"https:\/\/insightcrime.org\/es\/noticias\/paz-esfuma-guerra-cocaina-intensifica-putumayo-colombia\/","url_meta":{"origin":5209,"position":5},"title":"La paz se esfuma y la guerra por la coca\u00edna se intensifica en Putumayo, Colombia","author":"Juan Diego Posada","date":"28 de abril de 2022","format":false,"excerpt":"La r\u00e1pida avanzada de grupos disidentes de las antiguas FARC acab\u00f3 con el fugaz periodo de tranquilidad en Putumayo. El temor crece mientras la coca\u00edna alimenta la guerra que se vive en el territorio.","rel":"","context":"En \u00abNoticias\u00bb","block_context":{"text":"Noticias","link":"https:\/\/insightcrime.org\/es\/category\/noticias\/"},"img":{"alt_text":"","src":"https:\/\/i0.wp.com\/insightcrime.org\/wp-content\/uploads\/2022\/04\/AP_22099599562983-Featured.jpg?fit=1200%2C690&quality=100&ssl=1&resize=350%2C200","width":350,"height":200,"srcset":"https:\/\/i0.wp.com\/insightcrime.org\/wp-content\/uploads\/2022\/04\/AP_22099599562983-Featured.jpg?fit=1200%2C690&quality=100&ssl=1&resize=350%2C200 1x, https:\/\/i0.wp.com\/insightcrime.org\/wp-content\/uploads\/2022\/04\/AP_22099599562983-Featured.jpg?fit=1200%2C690&quality=100&ssl=1&resize=525%2C300 1.5x, https:\/\/i0.wp.com\/insightcrime.org\/wp-content\/uploads\/2022\/04\/AP_22099599562983-Featured.jpg?fit=1200%2C690&quality=100&ssl=1&resize=700%2C400 2x, https:\/\/i0.wp.com\/insightcrime.org\/wp-content\/uploads\/2022\/04\/AP_22099599562983-Featured.jpg?fit=1200%2C690&quality=100&ssl=1&resize=1050%2C600 3x"},"classes":[]}],"jetpack_featured_media_url":"https:\/\/i0.wp.com\/insightcrime.org\/wp-content\/uploads\/2013\/03\/es-48d890cd826326e9a53289fa7114cca6.jpg?fit=432%2C324&quality=100&ssl=1","_links":{"self":[{"href":"https:\/\/insightcrime.org\/es\/wp-json\/wp\/v2\/posts\/5209","targetHints":{"allow":["GET"]}}],"collection":[{"href":"https:\/\/insightcrime.org\/es\/wp-json\/wp\/v2\/posts"}],"about":[{"href":"https:\/\/insightcrime.org\/es\/wp-json\/wp\/v2\/types\/post"}],"author":[{"embeddable":true,"href":"https:\/\/insightcrime.org\/es\/wp-json\/wp\/v2\/users\/97"}],"replies":[{"embeddable":true,"href":"https:\/\/insightcrime.org\/es\/wp-json\/wp\/v2\/comments?post=5209"}],"version-history":[{"count":1,"href":"https:\/\/insightcrime.org\/es\/wp-json\/wp\/v2\/posts\/5209\/revisions"}],"predecessor-version":[{"id":19339,"href":"https:\/\/insightcrime.org\/es\/wp-json\/wp\/v2\/posts\/5209\/revisions\/19339"}],"wp:featuredmedia":[{"embeddable":true,"href":"https:\/\/insightcrime.org\/es\/wp-json\/wp\/v2\/media\/37211"}],"wp:attachment":[{"href":"https:\/\/insightcrime.org\/es\/wp-json\/wp\/v2\/media?parent=5209"}],"wp:term":[{"taxonomy":"category","embeddable":true,"href":"https:\/\/insightcrime.org\/es\/wp-json\/wp\/v2\/categories?post=5209"},{"taxonomy":"post_tag","embeddable":true,"href":"https:\/\/insightcrime.org\/es\/wp-json\/wp\/v2\/tags?post=5209"},{"taxonomy":"newspack_spnsrs_tax","embeddable":true,"href":"https:\/\/insightcrime.org\/es\/wp-json\/wp\/v2\/newspack_spnsrs_tax?post=5209"},{"taxonomy":"author","embeddable":true,"href":"https:\/\/insightcrime.org\/es\/wp-json\/wp\/v2\/coauthors?post=5209"}],"curies":[{"name":"wp","href":"https:\/\/api.w.org\/{rel}","templated":true}]}}