{"id":5232,"date":"2013-03-25T14:10:07","date_gmt":"2017-03-27T23:52:42","guid":{"rendered":"http:\/\/newwp.insightcrime.org?p=5232"},"modified":"2023-04-24T15:29:30","modified_gmt":"2023-04-24T20:29:30","slug":"la-prensa-grafica-el-salvador-pandilleros-usan-tregua-para-evitar-arresto-pnc","status":"publish","type":"post","link":"https:\/\/insightcrime.org\/es\/noticias\/noticias-del-dia\/la-prensa-grafica-el-salvador-pandilleros-usan-tregua-para-evitar-arresto-pnc\/","title":{"rendered":"La Prensa Gr\u00e1fica (El Salvador): Pandilleros Usan Tregua Para Evitar Arresto: PNC"},"content":{"rendered":"\n<p class=\"wp-block-paragraph\">El subdirector general de la Polic\u00eda Nacional Civil (PNC), Mauricio Ram\u00edrez Landaverde, confirm\u00f3 ayer que la polic\u00eda ha tenido algunos \u201cincidentes\u201d en los que pandilleros han intentado evitar arrestos alegando que forman parte de la tregua entre pandillas.<\/p>\n\n\n\n<p class=\"wp-block-paragraph\">\u201cA veces se nos han presentado incidentes con personas que expresan que participan en programas preventivos de pandilleros para evitar el registro o un posible arresto\u201d, dijo el jefe policial.<\/p>\n\n\n\n<p class=\"wp-block-paragraph\">Uno de esos incidentes a los que se refiere Ram\u00edrez Landaverde ocurri\u00f3 el pasado jueves por la tarde en el municipio de La Libertad. De acuerdo con el informe policial, tres personas que viajaban en un veh\u00edculo en la calle que conduce a la playa Las Flores fueron detenidas en un ret\u00e9n policial de rutina.<\/p>\n\n\n\n<p class=\"wp-block-paragraph\">Seg\u00fan la PNC, uno de los hombres que viajaba en el veh\u00edculo, identificado como William Antonio L\u00f3pez, present\u00f3 una carta extendida por Ra\u00fal Mijango, mediador de la tregua entre pandillas, donde lo acredita como parte del \u201cproceso de pacificaci\u00f3n\u201d que impulsa tambi\u00e9n el obispo Fabio Colindres.<\/p>\n\n\n\n<p class=\"wp-block-paragraph\">Lea m\u00e1s en <a href=\"https:\/\/www.laprensagrafica.com\/pandilleros-usan-tregua-para-evitar-arresto--pnc\" target=\"_blank\">La Prensa Gr\u00e1fica<\/a>.<\/p>\n","protected":false},"excerpt":{"rendered":"<p>El subdirector general de la Polic\u00eda Nacional Civil (PNC), Mauricio Ram\u00edrez Landaverde, confirm\u00f3 ayer que la polic\u00eda ha tenido algunos \u0093incidentes\u0094 en los que pandilleros han intentado evitar arrestos alegando que forman parte de la tregua entre pandillas.<\/p>\n","protected":false},"author":97,"featured_media":37263,"comment_status":"closed","ping_status":"closed","sticky":false,"template":"","format":"standard","meta":{"newspack_ads_suppress_ads":false,"newspack_popups_has_disabled_popups":false,"newspack_sponsor_sponsorship_scope":"","newspack_sponsor_native_byline_display":"inherit","newspack_sponsor_native_category_display":"inherit","newspack_sponsor_underwriter_style":"inherit","newspack_sponsor_underwriter_placement":"inherit","_EventAllDay":false,"_EventTimezone":"","_EventStartDate":"","_EventEndDate":"","_EventStartDateUTC":"","_EventEndDateUTC":"","_EventShowMap":false,"_EventShowMapLink":false,"_EventURL":"","_EventCost":"","_EventCostDescription":"","_EventCurrencySymbol":"","_EventCurrencyCode":"","_EventCurrencyPosition":"","_EventDateTimeSeparator":"","_EventTimeRangeSeparator":"","_EventOrganizerID":[],"_EventVenueID":[],"_OrganizerEmail":"","_OrganizerPhone":"","_OrganizerWebsite":"","_VenueAddress":"","_VenueCity":"","_VenueCountry":"","_VenueProvince":"","_VenueState":"","_VenueZip":"","_VenuePhone":"","_VenueURL":"","_VenueStateProvince":"","_VenueLat":"","_VenueLng":"","_VenueShowMap":false,"_VenueShowMapLink":false,"_newspack_byline_active":false,"_newspack_byline":"","newspack_hide_updated_date":false,"newspack_show_updated_date":false,"newspack_featured_image_position":"","newspack_post_subtitle":"","newspack_article_summary_title":"Overview:","newspack_article_summary":"","_jetpack_memberships_contains_paid_content":false,"footnotes":""},"categories":[334],"tags":[375,1540,1500,3155],"newspack_spnsrs_tax":[],"coauthors":[3766],"class_list":["post-5232","post","type-post","status-publish","format-standard","has-post-thumbnail","hentry","category-noticias-del-dia","tag-barrio-18-grupo","tag-el-salvador-pais","tag-ms13-es","tag-tregua-entre-pandillas-en-el-salvador-es","entry"],"parsely":{"version":"1.1.0","canonical_url":"https:\/\/insightcrime.org\/es\/noticias\/noticias-del-dia\/la-prensa-grafica-el-salvador-pandilleros-usan-tregua-para-evitar-arresto-pnc\/","smart_links":{"inbound":0,"outbound":0},"traffic_boost_suggestions_count":0,"meta":{"@context":"https:\/\/schema.org","@type":"NewsArticle","headline":"La Prensa Gr\u00e1fica (El Salvador): Pandilleros Usan Tregua Para Evitar Arresto: PNC","url":"http:\/\/insightcrime.org\/es\/noticias\/noticias-del-dia\/la-prensa-grafica-el-salvador-pandilleros-usan-tregua-para-evitar-arresto-pnc\/","mainEntityOfPage":{"@type":"WebPage","@id":"http:\/\/insightcrime.org\/es\/noticias\/noticias-del-dia\/la-prensa-grafica-el-salvador-pandilleros-usan-tregua-para-evitar-arresto-pnc\/"},"thumbnailUrl":"https:\/\/i0.wp.com\/insightcrime.org\/wp-content\/uploads\/2013\/03\/es-13e5f342406151e0de1a1cca53fbdba9.jpg?resize=150%2C150&quality=100&ssl=1","image":{"@type":"ImageObject","url":"https:\/\/i0.wp.com\/insightcrime.org\/wp-content\/uploads\/2013\/03\/es-13e5f342406151e0de1a1cca53fbdba9.jpg?fit=300%2C223&quality=100&ssl=1"},"articleSection":"Noticias del d\u00eda","author":[{"@type":"Person","name":"La Prensa Gr\u00e1fica"}],"creator":["La Prensa Gr\u00e1fica"],"publisher":{"@type":"Organization","name":"InSight Crime","logo":"https:\/\/insightcrime.org\/wp-content\/uploads\/2023\/08\/logo.png"},"keywords":["barrio 18","el salvador","ms13","tregua entre pandillas en el salvador"],"dateCreated":"2017-03-27T23:52:42Z","datePublished":"2017-03-27T23:52:42Z","dateModified":"2023-04-24T20:29:30Z"},"rendered":"<meta name=\"parsely-title\" content=\"La Prensa Gr\u00e1fica (El Salvador): Pandilleros Usan Tregua Para Evitar Arresto: PNC\" \/>\n<meta name=\"parsely-link\" content=\"http:\/\/insightcrime.org\/es\/noticias\/noticias-del-dia\/la-prensa-grafica-el-salvador-pandilleros-usan-tregua-para-evitar-arresto-pnc\/\" \/>\n<meta name=\"parsely-type\" content=\"post\" \/>\n<meta name=\"parsely-image-url\" content=\"https:\/\/i0.wp.com\/insightcrime.org\/wp-content\/uploads\/2013\/03\/es-13e5f342406151e0de1a1cca53fbdba9.jpg?resize=150%2C150&amp;quality=100&amp;ssl=1\" \/>\n<meta name=\"parsely-pub-date\" content=\"2017-03-27T23:52:42Z\" \/>\n<meta name=\"parsely-section\" content=\"Noticias del d\u00eda\" \/>\n<meta name=\"parsely-tags\" content=\"barrio 18,el salvador,ms13,tregua entre pandillas en el salvador\" \/>\n<meta name=\"parsely-author\" content=\"La Prensa Gr\u00e1fica\" \/>","tracker_url":"https:\/\/cdn.parsely.com\/keys\/insightcrime.org\/p.js"},"jetpack_sharing_enabled":true,"jetpack-related-posts":[{"id":187339,"url":"https:\/\/insightcrime.org\/es\/noticias\/exodo-pandillas-salvador-genera-panico-aunque-pocos-arrestos\/","url_meta":{"origin":5232,"position":0},"title":"\u00c9xodo de pandillas de El Salvador genera p\u00e1nico, aunque pocos arrestos","author":"Alessandro Ford","date":"2 de junio de 2022","format":false,"excerpt":"Desde hace dos meses que el gobierno de El Salvador comenz\u00f3 su campa\u00f1a de arrestos masivos, como una ofensiva contra las pandillas, menos de 60 presuntos pandilleros del pa\u00eds han sido arrestados en Honduras y Guatemala, una cifra que pone en duda los refuerzos a la seguridad y la ret\u00f3rica\u2026","rel":"","context":"En \u00abNoticias\u00bb","block_context":{"text":"Noticias","link":"https:\/\/insightcrime.org\/es\/category\/noticias\/"},"img":{"alt_text":"El ministro de Gobierno de Guatemala, David Napole\u00f3n Barrientos","src":"https:\/\/i0.wp.com\/insightcrime.org\/wp-content\/uploads\/2022\/05\/FPb_Hv6X0AIwmuD.jpeg?fit=350%2C250&quality=100&ssl=1&resize=350%2C200","width":350,"height":200},"classes":[]},{"id":232532,"url":"https:\/\/insightcrime.org\/es\/noticias\/nuevas-medidas-en-el-salvador-robustecen-la-represion-contra-las-pandillas\/","url_meta":{"origin":5232,"position":1},"title":"Nuevas medidas en El Salvador intensifican la represi\u00f3n contra las pandillas","author":"Gavin Voss","date":"4 de agosto de 2023","format":false,"excerpt":"Con el despliegue de miles de soldados en zonas rurales de El Salvador y una nueva legislaci\u00f3n que permite enjuiciar cientos de personas a la vez, el presidente Nayib Bukele ha expuesto la m\u00e1s reciente escalada de su campa\u00f1a de mano dura.","rel":"","context":"En \u00abNoticias\u00bb","block_context":{"text":"Noticias","link":"https:\/\/insightcrime.org\/es\/category\/noticias\/"},"img":{"alt_text":"Marcha de soldados durante el anuncio del presidente de El Salvador, Bukele, de una movilizaci\u00f3n militar en Caba\u00f1as.","src":"https:\/\/i0.wp.com\/insightcrime.org\/wp-content\/uploads\/2023\/09\/El-Salvador-cabanas-troops-security-policy-Nayib-Bukele-Twitter-1.jpeg?fit=350%2C250&quality=100&ssl=1&resize=350%2C200","width":350,"height":200},"classes":[]},{"id":191293,"url":"https:\/\/insightcrime.org\/es\/noticias\/regimen-excepcion-no-ha-logrado-desarmar-maras-el-salvador\/","url_meta":{"origin":5232,"position":2},"title":"El r\u00e9gimen de excepci\u00f3n no ha logrado desarmar a las maras en El Salvador","author":"Chris Dalby","date":"26 de julio de 2022","format":false,"excerpt":"Despu\u00e9s de casi cuatro meses de r\u00e9gimen de excepci\u00f3n en El Salvador no han desarmado a las pandillas. A finales de marzo, el presidente Nayib Bukele desat\u00f3 la guerra contra las pandillas, y el gobierno se jacta de haber detenido ya a m\u00e1s de 45.000 \u201cterroristas\u201d.","rel":"","context":"En \u00abNoticias\u00bb","block_context":{"text":"Noticias","link":"https:\/\/insightcrime.org\/es\/category\/noticias\/"},"img":{"alt_text":"MS13 and Barrio 18 gangs in El Salvador have kept their assault rifles","src":"https:\/\/i0.wp.com\/insightcrime.org\/wp-content\/uploads\/2022\/07\/El-Salvador-armed-police-guard-the-streets-as-part-of-a-state-of-exception-in-downtown-San-Salvador-Mar-2022-AP_22201624694650-A2-1.jpg?fit=1200%2C675&quality=100&ssl=1&resize=350%2C200","width":350,"height":200,"srcset":"https:\/\/i0.wp.com\/insightcrime.org\/wp-content\/uploads\/2022\/07\/El-Salvador-armed-police-guard-the-streets-as-part-of-a-state-of-exception-in-downtown-San-Salvador-Mar-2022-AP_22201624694650-A2-1.jpg?fit=1200%2C675&quality=100&ssl=1&resize=350%2C200 1x, https:\/\/i0.wp.com\/insightcrime.org\/wp-content\/uploads\/2022\/07\/El-Salvador-armed-police-guard-the-streets-as-part-of-a-state-of-exception-in-downtown-San-Salvador-Mar-2022-AP_22201624694650-A2-1.jpg?fit=1200%2C675&quality=100&ssl=1&resize=525%2C300 1.5x, https:\/\/i0.wp.com\/insightcrime.org\/wp-content\/uploads\/2022\/07\/El-Salvador-armed-police-guard-the-streets-as-part-of-a-state-of-exception-in-downtown-San-Salvador-Mar-2022-AP_22201624694650-A2-1.jpg?fit=1200%2C675&quality=100&ssl=1&resize=700%2C400 2x, https:\/\/i0.wp.com\/insightcrime.org\/wp-content\/uploads\/2022\/07\/El-Salvador-armed-police-guard-the-streets-as-part-of-a-state-of-exception-in-downtown-San-Salvador-Mar-2022-AP_22201624694650-A2-1.jpg?fit=1200%2C675&quality=100&ssl=1&resize=1050%2C600 3x"},"classes":[]},{"id":233255,"url":"https:\/\/insightcrime.org\/es\/investigaciones\/depradores-aliados-pandillas-san-salvador\/","url_meta":{"origin":5232,"position":3},"title":"De depredadores a socios: Las pandillas se toman San Salvador.","author":"Alex Papadovassilakis","date":"1 de octubre de 2020","format":false,"excerpt":"El 27 de noviembre de 2018, agentes dea la polic\u00eda de El Salvador se sentaron en un restaurante de comida r\u00e1pida de pollo en la capital, San Salvador. Le segu\u00edan el rastro a Vicente Ram\u00edrez, un comerciante que a la vez era l\u00edder comunitario, pol\u00edtico y, seg\u00fan los investigadores, af\u00edn\u2026","rel":"","context":"En \u00abInvestigaciones\u00bb","block_context":{"text":"Investigaciones","link":"https:\/\/insightcrime.org\/es\/category\/investigaciones\/"},"img":{"alt_text":"","src":"https:\/\/i0.wp.com\/insightcrime.org\/wp-content\/uploads\/2020\/09\/El-Salvador-streets-Gang_Vendors_Salvador-Melendez-1.jpg?fit=1200%2C450&quality=100&ssl=1&resize=350%2C200","width":350,"height":200,"srcset":"https:\/\/i0.wp.com\/insightcrime.org\/wp-content\/uploads\/2020\/09\/El-Salvador-streets-Gang_Vendors_Salvador-Melendez-1.jpg?fit=1200%2C450&quality=100&ssl=1&resize=350%2C200 1x, https:\/\/i0.wp.com\/insightcrime.org\/wp-content\/uploads\/2020\/09\/El-Salvador-streets-Gang_Vendors_Salvador-Melendez-1.jpg?fit=1200%2C450&quality=100&ssl=1&resize=525%2C300 1.5x, https:\/\/i0.wp.com\/insightcrime.org\/wp-content\/uploads\/2020\/09\/El-Salvador-streets-Gang_Vendors_Salvador-Melendez-1.jpg?fit=1200%2C450&quality=100&ssl=1&resize=700%2C400 2x, https:\/\/i0.wp.com\/insightcrime.org\/wp-content\/uploads\/2020\/09\/El-Salvador-streets-Gang_Vendors_Salvador-Melendez-1.jpg?fit=1200%2C450&quality=100&ssl=1&resize=1050%2C600 3x"},"classes":[]},{"id":305119,"url":"https:\/\/insightcrime.org\/es\/noticias\/tregua-entre-pandillas-provoco-violencia-salvador\/","url_meta":{"origin":5232,"position":4},"title":"\u00bfLa tregua entre pandillas provoc\u00f3 m\u00e1s violencia en El Salvador?","author":"Steven Dudley","date":"7 de marzo de 2025","format":false,"excerpt":"En el m\u00e1s reciente de una serie de art\u00edculos acad\u00e9micos, dos investigadores suman m\u00e1s pruebas al creciente cuerpo de evidencia de que las treguas entre pandillas pueden ofrecer una reducci\u00f3n temporal de la violencia, pero, con el tiempo, pueden aumentar el n\u00famero total de homicidios.","rel":"","context":"En \u00abNoticias\u00bb","block_context":{"text":"Noticias","link":"https:\/\/insightcrime.org\/es\/category\/noticias\/"},"img":{"alt_text":"","src":"https:\/\/i0.wp.com\/insightcrime.org\/wp-content\/uploads\/2013\/12\/en-3e1d29b65e89b5e0b3c1385d51031f62.jpg?fit=400%2C242&quality=100&ssl=1&resize=350%2C200","width":350,"height":200},"classes":[]},{"id":181042,"url":"https:\/\/insightcrime.org\/es\/noticias\/ola-homicida-pandillas-conmociona-gobierno-el-salvador\/","url_meta":{"origin":5232,"position":5},"title":"Ola homicida de pandillas sacude a gobierno de El Salvador","author":"Alex Papadovassilakis","date":"28 de marzo de 2022","format":false,"excerpt":"Una ola de asesinatos in\u00e9dita desde los d\u00edas de la guerra civil en El Salvador fue el mensaje f\u00fanebre de las pandillas del pa\u00eds, en el idioma que usan para pronunciarse, hacia el gobierno.","rel":"","context":"En \u00abNoticias\u00bb","block_context":{"text":"Noticias","link":"https:\/\/insightcrime.org\/es\/category\/noticias\/"},"img":{"alt_text":"Fuerzas de seguridad de El Salvador en guardia","src":"https:\/\/i0.wp.com\/insightcrime.org\/wp-content\/uploads\/2022\/03\/ES-Spree-1.jpeg?fit=350%2C250&quality=100&ssl=1&resize=350%2C200","width":350,"height":200},"classes":[]}],"jetpack_featured_media_url":"https:\/\/i0.wp.com\/insightcrime.org\/wp-content\/uploads\/2013\/03\/es-13e5f342406151e0de1a1cca53fbdba9.jpg?fit=300%2C223&quality=100&ssl=1","_links":{"self":[{"href":"https:\/\/insightcrime.org\/es\/wp-json\/wp\/v2\/posts\/5232","targetHints":{"allow":["GET"]}}],"collection":[{"href":"https:\/\/insightcrime.org\/es\/wp-json\/wp\/v2\/posts"}],"about":[{"href":"https:\/\/insightcrime.org\/es\/wp-json\/wp\/v2\/types\/post"}],"author":[{"embeddable":true,"href":"https:\/\/insightcrime.org\/es\/wp-json\/wp\/v2\/users\/97"}],"replies":[{"embeddable":true,"href":"https:\/\/insightcrime.org\/es\/wp-json\/wp\/v2\/comments?post=5232"}],"version-history":[{"count":1,"href":"https:\/\/insightcrime.org\/es\/wp-json\/wp\/v2\/posts\/5232\/revisions"}],"predecessor-version":[{"id":19391,"href":"https:\/\/insightcrime.org\/es\/wp-json\/wp\/v2\/posts\/5232\/revisions\/19391"}],"wp:featuredmedia":[{"embeddable":true,"href":"https:\/\/insightcrime.org\/es\/wp-json\/wp\/v2\/media\/37263"}],"wp:attachment":[{"href":"https:\/\/insightcrime.org\/es\/wp-json\/wp\/v2\/media?parent=5232"}],"wp:term":[{"taxonomy":"category","embeddable":true,"href":"https:\/\/insightcrime.org\/es\/wp-json\/wp\/v2\/categories?post=5232"},{"taxonomy":"post_tag","embeddable":true,"href":"https:\/\/insightcrime.org\/es\/wp-json\/wp\/v2\/tags?post=5232"},{"taxonomy":"newspack_spnsrs_tax","embeddable":true,"href":"https:\/\/insightcrime.org\/es\/wp-json\/wp\/v2\/newspack_spnsrs_tax?post=5232"},{"taxonomy":"author","embeddable":true,"href":"https:\/\/insightcrime.org\/es\/wp-json\/wp\/v2\/coauthors?post=5232"}],"curies":[{"name":"wp","href":"https:\/\/api.w.org\/{rel}","templated":true}]}}