{"id":5267,"date":"2013-04-05T14:56:10","date_gmt":"2013-04-05T19:56:10","guid":{"rendered":"http:\/\/newwp.insightcrime.org?p=5267"},"modified":"2024-07-25T10:12:37","modified_gmt":"2024-07-25T15:12:37","slug":"candidato-presidencial-paraguayo-es-acusado-de-vinculos-con-el-narcotrafico","status":"publish","type":"post","link":"https:\/\/insightcrime.org\/es\/noticias\/noticias-del-dia\/candidato-presidencial-paraguayo-es-acusado-de-vinculos-con-el-narcotrafico\/","title":{"rendered":"Candidato Presidencial Paraguayo es Acusado de V\u00ednculos con el Narcotr\u00e1fico"},"content":{"rendered":"\n<p class=\"wp-block-paragraph\">Un grupo paraguayo de derechos humanos ha exigido a los fiscales investigar los v\u00ednculos entre narcotraficantes y Horacio Cartes, un hombre con un largo historial de relaciones turbias con el crimen organizado, que bien podr\u00eda convertirse en el pr\u00f3ximo presidente de Paraguay.<\/p>\n\n\n\n<p class=\"wp-block-paragraph\">La Asamblea Permanente de Derechos Humanos de Paraguay present\u00f3 una denuncia ante la Fiscal\u00eda Anticorrupci\u00f3n del pa\u00eds, pidiendo que se abriera una investigaci\u00f3n oficial sobre una serie de acusaciones en contra de Cartes, incluyendo el se\u00f1alamiento de que su propiedad fue utilizada para mover cargamentos de droga y que mantiene lazos econ\u00f3micos con narcotraficantes.<\/p>\n\n\n\n<p class=\"wp-block-paragraph\">El presidente de la Asamblea, Nils Candia, dijo que a pesar de la presentaci\u00f3n de la queja, no esperaba ver a Cartes en juicio porque \u201cEl Poder Judicial en su aspecto penal est\u00e1 totalmente subordinado al valor del dinero o a los poderes f\u00e1cticos que hacen posible la impunidad\u201d, <a href=\"https:\/\/noticias.terra.com.ar\/internacionales\/piden-investigar-supuestos-vinculos-de-cartes-con-el-narcotrafico-en-paraguay,e8ee0ef44d4dd310VgnCLD2000000dc6eb0aRCRD.html\" target=\"_blank\" rel=\"noopener\">inform\u00f3 EFE<\/a>.<\/p>\n\n\n\n<h3 class=\"wp-block-heading\">An\u00e1lisis de InSight Crime<\/h3>\n\n\n\n<p class=\"wp-block-paragraph\">Esto est\u00e1 lejos de ser la primera vez que se han levantado sospechas sobre los intereses comerciales il\u00edcitos de Cartes, qui\u00e9n tambi\u00e9n <a href=\"https:\/\/www.misionescuatro.com\/ampliar.php?id=36780\" target=\"_blank\" rel=\"noopener\">se cree que jug\u00f3 un papel clave<\/a> en el derrocamiento del presidente Fernando Lugo en 2012.<\/p>\n\n\n\n<p class=\"wp-block-paragraph\">Seg\u00fan un <a href=\"https:\/\/wikileaks.org\/cable\/2010\/01\/10BUENOSAIRES5.html\" target=\"_blank\" rel=\"noopener\">cable diplom\u00e1tico de 2010 publicado por WikiLeaks<\/a>, Cartes fue investigado por la DEA y la Oficina de Alcohol, Tabaco y Armas de Fuego de Estados Unidos (ATF), que cre\u00eda que \u00e9l dirig\u00eda una organizaci\u00f3n que lavaba grandes cantidades de d\u00f3lares \u2013 producto del narcotr\u00e1fico y otras actividades ilegales -.<\/p>\n\n\n\n<p class=\"wp-block-paragraph\">Cartes tambi\u00e9n ha enfrentado constantes denuncias sobre su papel en el contrabando de tabaco y sus <a href=\"https:\/\/tekojoja.org\/periodico-brasileno-incluye-a-cartes-en-la-red-de-lavado-de-dinero-que-financia-mafias%E2%80%8F\" target=\"_blank\" rel=\"noopener\">conexiones con grupos criminales<\/a>&nbsp;en la regi\u00f3n fronteriza con Brasil.<\/p>\n\n\n\n<p class=\"wp-block-paragraph\">Seg\u00fan las \u00faltimas encuestas, Cartes sigue siendo el favorito para ganar las elecciones del 13 de abril.<\/p>\n","protected":false},"excerpt":{"rendered":"<p>Un grupo paraguayo de derechos humanos ha exigido a los fiscales investigar los v\u00ednculos entre narcotraficantes y Horacio Cartes, un hombre con un largo historial de relaciones turbias con el crimen organizado, que bien podr\u00eda convertirse en el pr\u00f3ximo presidente de Paraguay.<\/p>\n","protected":false},"author":16,"featured_media":37320,"comment_status":"closed","ping_status":"closed","sticky":false,"template":"","format":"standard","meta":{"newspack_ads_suppress_ads":false,"newspack_popups_has_disabled_popups":false,"newspack_sponsor_sponsorship_scope":"","newspack_sponsor_native_byline_display":"inherit","newspack_sponsor_native_category_display":"inherit","newspack_sponsor_underwriter_style":"inherit","newspack_sponsor_underwriter_placement":"inherit","_EventAllDay":false,"_EventTimezone":"","_EventStartDate":"","_EventEndDate":"","_EventStartDateUTC":"","_EventEndDateUTC":"","_EventShowMap":false,"_EventShowMapLink":false,"_EventURL":"","_EventCost":"","_EventCostDescription":"","_EventCurrencySymbol":"","_EventCurrencyCode":"","_EventCurrencyPosition":"","_EventDateTimeSeparator":"","_EventTimeRangeSeparator":"","_EventOrganizerID":[],"_EventVenueID":[],"_OrganizerEmail":"","_OrganizerPhone":"","_OrganizerWebsite":"","_VenueAddress":"","_VenueCity":"","_VenueCountry":"","_VenueProvince":"","_VenueState":"","_VenueZip":"","_VenuePhone":"","_VenueURL":"","_VenueStateProvince":"","_VenueLat":"","_VenueLng":"","_VenueShowMap":false,"_VenueShowMapLink":false,"_newspack_byline_active":false,"_newspack_byline":"","newspack_hide_updated_date":false,"newspack_show_updated_date":false,"newspack_featured_image_position":"","newspack_post_subtitle":"","newspack_article_summary_title":"Overview:","newspack_article_summary":"","_jetpack_memberships_contains_paid_content":false,"footnotes":""},"categories":[334],"tags":[4548,465],"newspack_spnsrs_tax":[],"coauthors":[3821],"class_list":["post-5267","post","type-post","status-publish","format-standard","has-post-thumbnail","hentry","category-noticias-del-dia","tag-elecciones-crimen-organizado","tag-paraguay-pais","entry"],"parsely":{"version":"1.1.0","canonical_url":"https:\/\/insightcrime.org\/es\/noticias\/noticias-del-dia\/candidato-presidencial-paraguayo-es-acusado-de-vinculos-con-el-narcotrafico\/","smart_links":{"inbound":0,"outbound":0},"traffic_boost_suggestions_count":0,"meta":{"@context":"https:\/\/schema.org","@type":"NewsArticle","headline":"Candidato Presidencial Paraguayo es Acusado de V\u00ednculos con el Narcotr\u00e1fico","url":"http:\/\/insightcrime.org\/es\/noticias\/noticias-del-dia\/candidato-presidencial-paraguayo-es-acusado-de-vinculos-con-el-narcotrafico\/","mainEntityOfPage":{"@type":"WebPage","@id":"http:\/\/insightcrime.org\/es\/noticias\/noticias-del-dia\/candidato-presidencial-paraguayo-es-acusado-de-vinculos-con-el-narcotrafico\/"},"thumbnailUrl":"https:\/\/i0.wp.com\/insightcrime.org\/wp-content\/uploads\/2013\/04\/es-68904008f966ea86ffdacaa829261e3d.jpg?resize=150%2C150&quality=100&ssl=1","image":{"@type":"ImageObject","url":"https:\/\/i0.wp.com\/insightcrime.org\/wp-content\/uploads\/2013\/04\/es-68904008f966ea86ffdacaa829261e3d.jpg?fit=280%2C169&quality=100&ssl=1"},"articleSection":"Noticias del d\u00eda","author":[{"@type":"Person","name":"James Bargent"}],"creator":["James Bargent"],"publisher":{"@type":"Organization","name":"InSight Crime","logo":"https:\/\/insightcrime.org\/wp-content\/uploads\/2023\/08\/logo.png"},"keywords":["elecciones y crimen","paraguay"],"dateCreated":"2013-04-05T19:56:10Z","datePublished":"2013-04-05T19:56:10Z","dateModified":"2024-07-25T15:12:37Z"},"rendered":"<meta name=\"parsely-title\" content=\"Candidato Presidencial Paraguayo es Acusado de V\u00ednculos con el Narcotr\u00e1fico\" \/>\n<meta name=\"parsely-link\" content=\"http:\/\/insightcrime.org\/es\/noticias\/noticias-del-dia\/candidato-presidencial-paraguayo-es-acusado-de-vinculos-con-el-narcotrafico\/\" \/>\n<meta name=\"parsely-type\" content=\"post\" \/>\n<meta name=\"parsely-image-url\" content=\"https:\/\/i0.wp.com\/insightcrime.org\/wp-content\/uploads\/2013\/04\/es-68904008f966ea86ffdacaa829261e3d.jpg?resize=150%2C150&amp;quality=100&amp;ssl=1\" \/>\n<meta name=\"parsely-pub-date\" content=\"2013-04-05T19:56:10Z\" \/>\n<meta name=\"parsely-section\" content=\"Noticias del d\u00eda\" \/>\n<meta name=\"parsely-tags\" content=\"elecciones y crimen,paraguay\" \/>\n<meta name=\"parsely-author\" content=\"James Bargent\" \/>","tracker_url":"https:\/\/cdn.parsely.com\/keys\/insightcrime.org\/p.js"},"jetpack_sharing_enabled":true,"jetpack-related-posts":[{"id":232723,"url":"https:\/\/insightcrime.org\/es\/noticias\/elecciones-paraguay-reducen-corrupcion\/","url_meta":{"origin":5267,"position":0},"title":"Las elecciones de Paraguay reducen las posibilidades de acabar la corrupci\u00f3n","author":"Christopher Newton","date":"5 de mayo de 2023","format":false,"excerpt":"El presidente electo de Paraguay, Santiago Pe\u00f1a, y su Partido Colorado se alzaron con la victoria en las elecciones del 30 de abril, pero sus v\u00ednculos con supuestas redes de corrupci\u00f3n hacen poco probable que lleven a cabo reformas que podr\u00edan perjudicar los intereses de sus aliados.","rel":"","context":"En \u00abNoticias\u00bb","block_context":{"text":"Noticias","link":"https:\/\/insightcrime.org\/es\/category\/noticias\/"},"img":{"alt_text":"Santiago Pe\u00f1a con el expresidente Horacio Cartes","src":"https:\/\/i0.wp.com\/insightcrime.org\/wp-content\/uploads\/2023\/09\/el-presidente-horacio-cartes-nuevamente-apoyo-su-candidato-presidencial-santiago-pena-foto-miguel-houdin-copy-1-1-1.jpg?fit=350%2C250&quality=100&ssl=1&resize=350%2C200","width":350,"height":200},"classes":[]},{"id":300716,"url":"https:\/\/insightcrime.org\/es\/noticias\/paraguay-el-alcance-mortifero-de-la-delincuencia-transnacional\/","url_meta":{"origin":5267,"position":1},"title":"De Paraguay a Colombia: El alcance mort\u00edfero de la delincuencia transnacional","author":"Christopher Newton","date":"29 de enero de 2025","format":false,"excerpt":"El hallazgo de nuevas pruebas asociadas a un difunto testigo en el caso de Marcelo Pecci expone detalles sobre el alcance transnacional de quienes orquestaron el magnicidio del fiscal paraguayo.","rel":"","context":"En \u00abNoticias\u00bb","block_context":{"text":"Noticias","link":"https:\/\/insightcrime.org\/es\/category\/noticias\/"},"img":{"alt_text":"","src":"https:\/\/i0.wp.com\/insightcrime.org\/wp-content\/uploads\/2025\/01\/correagaleano.jpg?fit=350%2C250&quality=100&ssl=1&resize=350%2C200","width":350,"height":200},"classes":[]},{"id":192935,"url":"https:\/\/insightcrime.org\/es\/noticias\/caida-intocable-expresidente-horacio-cartes-paraguay\/","url_meta":{"origin":5267,"position":2},"title":"\u00bfCaer\u00e1 al fin el intocable expresidente de Paraguay Horacio Cartes?","author":"Sergio Saffon","date":"23 de julio de 2022","format":false,"excerpt":"Una figura tan protegida que por mucho tiempo se crey\u00f3 intocable, enfrenta de repente graves amenazas en su pa\u00eds y en el exterior: el expresidente de Paraguay Horacio Cartes.","rel":"","context":"En \u00abNoticias\u00bb","block_context":{"text":"Noticias","link":"https:\/\/insightcrime.org\/es\/category\/noticias\/"},"img":{"alt_text":"Expresidente de Paraguay Horacio Cartes","src":"https:\/\/i0.wp.com\/insightcrime.org\/wp-content\/uploads\/2022\/07\/Horacio-Cartes-1.jpg?fit=436%2C250&quality=100&ssl=1&resize=350%2C200","width":350,"height":200},"classes":[]},{"id":193110,"url":"https:\/\/insightcrime.org\/es\/noticias\/entrevistas\/encrucijada-judicial-horacio-cartes-paraguay-ee-uu\/","url_meta":{"origin":5267,"position":3},"title":"No hay humo sin fuego: detalles de la investigaci\u00f3n sobre Horacio Cartes\u00a0en\u00a0Paraguay\u00a0","author":"Sergio Saffon","date":"28 de julio de 2022","format":false,"excerpt":"El expresidente de Paraguay, Horacio Cartes, enfrenta el peor momento judicial de su carrera pol\u00edtica: es se\u00f1alado en su pa\u00eds de lavado de dinero, mientras que las autoridades de Estado Unidos lo acusan de corrupci\u00f3n.","rel":"","context":"En \u00abQ&amp;A\u00bb","block_context":{"text":"Q&amp;A","link":"https:\/\/insightcrime.org\/es\/category\/noticias\/entrevistas\/"},"img":{"alt_text":"Arnaldo Giuzzio es exministro del Interior y exsenador se Paraguay","src":"https:\/\/i0.wp.com\/insightcrime.org\/wp-content\/uploads\/2022\/07\/Giuzzio.jpeg?fit=350%2C250&quality=100&ssl=1&resize=350%2C200","width":350,"height":200},"classes":[]},{"id":232509,"url":"https:\/\/insightcrime.org\/es\/noticias\/vinculos-criminales-ensombrecen-nuevo-gabinete-paraguay\/","url_meta":{"origin":5267,"position":4},"title":"V\u00ednculos criminales ensombrecen el nuevo gabinete de Paraguay\u00a0","author":"Christopher Newton","date":"15 de agosto de 2023","format":false,"excerpt":"El nuevo presidente de Paraguay, que asumi\u00f3 el cargo el 15 de agosto, se las ver\u00e1 con intereses bien arraigados del crimen organizado, algunos de cuyos miembros parecen tener nexos estrechos con integrantes de su mismo gabinete.","rel":"","context":"En \u00abNoticias\u00bb","block_context":{"text":"Noticias","link":"https:\/\/insightcrime.org\/es\/category\/noticias\/"},"img":{"alt_text":"","src":"https:\/\/i0.wp.com\/insightcrime.org\/wp-content\/uploads\/2023\/09\/Paraguay-Elections-Santiago-Pena-presidential-candidate-Colorado-ruling-party-right-talks-beside-former-President-Horacio-Cartes-Apr-2023-AP23121008706763-A2-1.jpg?fit=1200%2C690&quality=100&ssl=1&resize=350%2C200","width":350,"height":200,"srcset":"https:\/\/i0.wp.com\/insightcrime.org\/wp-content\/uploads\/2023\/09\/Paraguay-Elections-Santiago-Pena-presidential-candidate-Colorado-ruling-party-right-talks-beside-former-President-Horacio-Cartes-Apr-2023-AP23121008706763-A2-1.jpg?fit=1200%2C690&quality=100&ssl=1&resize=350%2C200 1x, https:\/\/i0.wp.com\/insightcrime.org\/wp-content\/uploads\/2023\/09\/Paraguay-Elections-Santiago-Pena-presidential-candidate-Colorado-ruling-party-right-talks-beside-former-President-Horacio-Cartes-Apr-2023-AP23121008706763-A2-1.jpg?fit=1200%2C690&quality=100&ssl=1&resize=525%2C300 1.5x, https:\/\/i0.wp.com\/insightcrime.org\/wp-content\/uploads\/2023\/09\/Paraguay-Elections-Santiago-Pena-presidential-candidate-Colorado-ruling-party-right-talks-beside-former-President-Horacio-Cartes-Apr-2023-AP23121008706763-A2-1.jpg?fit=1200%2C690&quality=100&ssl=1&resize=700%2C400 2x, https:\/\/i0.wp.com\/insightcrime.org\/wp-content\/uploads\/2023\/09\/Paraguay-Elections-Santiago-Pena-presidential-candidate-Colorado-ruling-party-right-talks-beside-former-President-Horacio-Cartes-Apr-2023-AP23121008706763-A2-1.jpg?fit=1200%2C690&quality=100&ssl=1&resize=1050%2C600 3x"},"classes":[]},{"id":185095,"url":"https:\/\/insightcrime.org\/es\/noticias\/marcelo-pecci-fiscal-paraguayo-asesinado-colombia\/","url_meta":{"origin":5267,"position":5},"title":"Paraguay enfrenta cambiante panorama criminal tras asesinato de fiscal","author":"Sergio Saffon","date":"12 de mayo de 2022","format":false,"excerpt":"El asesinato de un fiscal antimafia, durante su luna de miel en Colombia, ha prendido las alarmas sobre la creciente sofisticaci\u00f3n y ambici\u00f3n de los grupos criminales paraguayos.","rel":"","context":"En \u00abNews\u00bb","block_context":{"text":"News","link":"https:\/\/insightcrime.org\/category\/news\/"},"img":{"alt_text":"Paraguay-MarceloPecci-220511-Colombiano","src":"https:\/\/i0.wp.com\/insightcrime.org\/wp-content\/uploads\/2022\/05\/fiscal-pecci-asesinado-en-cartagena_39948610_20220510110826.jpeg?fit=360%2C240&quality=100&ssl=1&resize=350%2C200","width":350,"height":200},"classes":[]}],"jetpack_featured_media_url":"https:\/\/i0.wp.com\/insightcrime.org\/wp-content\/uploads\/2013\/04\/es-68904008f966ea86ffdacaa829261e3d.jpg?fit=280%2C169&quality=100&ssl=1","_links":{"self":[{"href":"https:\/\/insightcrime.org\/es\/wp-json\/wp\/v2\/posts\/5267","targetHints":{"allow":["GET"]}}],"collection":[{"href":"https:\/\/insightcrime.org\/es\/wp-json\/wp\/v2\/posts"}],"about":[{"href":"https:\/\/insightcrime.org\/es\/wp-json\/wp\/v2\/types\/post"}],"author":[{"embeddable":true,"href":"https:\/\/insightcrime.org\/es\/wp-json\/wp\/v2\/users\/16"}],"replies":[{"embeddable":true,"href":"https:\/\/insightcrime.org\/es\/wp-json\/wp\/v2\/comments?post=5267"}],"version-history":[{"count":2,"href":"https:\/\/insightcrime.org\/es\/wp-json\/wp\/v2\/posts\/5267\/revisions"}],"predecessor-version":[{"id":285408,"href":"https:\/\/insightcrime.org\/es\/wp-json\/wp\/v2\/posts\/5267\/revisions\/285408"}],"wp:featuredmedia":[{"embeddable":true,"href":"https:\/\/insightcrime.org\/es\/wp-json\/wp\/v2\/media\/37320"}],"wp:attachment":[{"href":"https:\/\/insightcrime.org\/es\/wp-json\/wp\/v2\/media?parent=5267"}],"wp:term":[{"taxonomy":"category","embeddable":true,"href":"https:\/\/insightcrime.org\/es\/wp-json\/wp\/v2\/categories?post=5267"},{"taxonomy":"post_tag","embeddable":true,"href":"https:\/\/insightcrime.org\/es\/wp-json\/wp\/v2\/tags?post=5267"},{"taxonomy":"newspack_spnsrs_tax","embeddable":true,"href":"https:\/\/insightcrime.org\/es\/wp-json\/wp\/v2\/newspack_spnsrs_tax?post=5267"},{"taxonomy":"author","embeddable":true,"href":"https:\/\/insightcrime.org\/es\/wp-json\/wp\/v2\/coauthors?post=5267"}],"curies":[{"name":"wp","href":"https:\/\/api.w.org\/{rel}","templated":true}]}}