{"id":5297,"date":"2013-04-12T13:42:33","date_gmt":"2017-03-27T23:53:01","guid":{"rendered":"http:\/\/newwp.insightcrime.org?p=5297"},"modified":"2023-04-24T15:29:49","modified_gmt":"2023-04-24T20:29:49","slug":"autoridades-salvadorenas-vuelven-a-ignorar-pistas-sobre-nexo-entre-diputado-y-narcos","status":"publish","type":"post","link":"https:\/\/insightcrime.org\/es\/noticias\/analisis\/autoridades-salvadorenas-vuelven-a-ignorar-pistas-sobre-nexo-entre-diputado-y-narcos\/","title":{"rendered":"Autoridades Salvadore\u00f1as Vuelven a Ignorar Pistas Sobre Nexo Entre Diputado y Narcos"},"content":{"rendered":"\n<p class=\"wp-block-paragraph\">El Ministro de Seguridad P\u00fablica de El Salvador, afirm\u00f3 que ning\u00fan miembro del Congreso estaba acusado de v\u00ednculos con el narotraficante conocido como \u201cEl Repollo\u201d, recientemente capturado; pero fue obligado a retractarse cuando emergieron hechos que contaban una historia diferente.&nbsp;<\/p>\n\n\n\n<p class=\"wp-block-paragraph\">No es la primera vez. Es la m\u00e1s reciente. La semana pasada, dos investigaciones period\u00edsticas revelaron que el estado salvadore\u00f1o -Fiscal\u00eda, Polic\u00eda y Ministerio de Seguridad- pasaron de largo pistas que involucran a un diputado, Wilber Rivera, con Jorge Ulloa Sibri\u00e1n, un narcotraficante acusado de mover al menos 10 toneladas de coca\u00edna de El Salvador a los Estados Unidos -autoridades de Guatemala a\u00f1aden 6 toneladas.<\/p>\n\n\n\n<p class=\"wp-block-paragraph\">Seg\u00fan testigos entrevistados por la Polic\u00eda entre 2010 y 2012, Rivera Monge es, desde 2004, parte de una estructura de narcotraficantes de la que <a href=\"\/noticias\/analisis\/repollo-otro-transportista-aventajado\" target=\"_blank\">Ulloa Sibri\u00e1n, detenido el 15 de marzo en Guatemala<\/a> y deportado un d\u00eda despu\u00e9s a El Salvador, tambi\u00e9n es el l\u00edder.<\/p>\n\n\n\n<p class=\"wp-block-paragraph\">En <a href=\"https:\/\/www.elfaro.net\/es\/201304\/noticias\/11613\/\" target=\"_blank\">una investigaci\u00f3n propia<\/a>, el peri\u00f3dico El Faro dice que un salvadore\u00f1o detenido en Estados Unidos dijo a la DEA en 2007 que un individuo, al que solo identific\u00f3 como Wilber, era miembro de un grupo de narcos. El hombre al que menciona ese testigo, dice El Faro, es due\u00f1o de una venta de autos usados cuya descripci\u00f3n coincide con una que posee el diputado Rivera Monge en San Salvador.<\/p>\n\n\n\n<p class=\"wp-block-paragraph\">C\u00e9sar Castro, editor del equipo judicial de La Prensa Gr\u00e1fica y coordinador de una investigaci\u00f3n sobre nexos entre Ulloa y Rivera, dice que los informes policiales a los que sus reporteros tuvieron acceso indican que el diputado fue quien facilit\u00f3 a Ulloa un veh\u00edculo que sirvi\u00f3 en 2007 para transportar 130 kilos de coca\u00edna.<\/p>\n\n\n\n<p class=\"wp-block-paragraph\">En 2010, adem\u00e1s, el Centro de Inteligencia Policial detect\u00f3 que Ulloa se reun\u00eda desde 2009 en un autolote que seg\u00fan un informe elaborado por esa unidad pertenec\u00eda a Rivera Monge con Jos\u00e9 Misael Cisneros, l\u00edder de la clica Fulton Locos Salvatruchos de la MS13 que opera en Nueva Concepci\u00f3n, Chalatenango y trabaja para el Cartel de Texis, y con Carlos Barahona, alias Chino Tres Colas, l\u00edder de la pandilla Barrio 18.<\/p>\n\n\n\n<p class=\"wp-block-paragraph\">A pesar de todas estas pistas y antecedentes, la Polic\u00eda salvadore\u00f1a no extendi\u00f3 en principio la investigaci\u00f3n contra Ulloa Sibri\u00e1n hasta el diputado Rivera Monge. El ministro de Seguridad P\u00fablica, el general David Mungu\u00eda Pay\u00e9s, incluso dijo a reporteros de La Prensa Gr\u00e1fica antes de Semana Santa que no hab\u00eda diputados involucrados en el caso del narcotraficante. Sin embargo, dos semanas despu\u00e9s, cuando el peri\u00f3dico estaba listo para publicar los hallazgos sobre <a href=\"https:\/\/www.laprensagrafica.com\/diputado-vinculado-a-capo-ulloa-sibrian\" target=\"_blank\">los v\u00ednculos entre el diputado y Ulloa<\/a>, Mungu\u00eda dijo que la Polic\u00eda s\u00ed hab\u00eda tenido conocimiento de algunos datos y concluy\u00f3 que si no hab\u00eda orden de captura es porque la Fiscal\u00eda no hab\u00eda encontrado suficientes pruebas.<\/p>\n\n\n\n<p class=\"wp-block-paragraph\">Tanto La Prensa Gr\u00e1fica como El Faro encontraron indicios de que la relaci\u00f3n entre Ulloa Sibri\u00e1n y el diputado Rivera Monge inclu\u00eda transacciones comerciales marcadas por patrones t\u00edpicos del lavado de dinero: compras caras y ventas a bajo precio. El editor C\u00e9sar Castro, de La Prensa Gr\u00e1fica, lo explica: \u201cHay casos en que est\u00e1n ligados ambos personajes donde el diputado, por ejemplo, compra una propiedad exorbitante de dinero y la vende perdi\u00e9ndole 75.000 o 200.000 d\u00f3lares, y las vende a trav\u00e9s de personas que han sido se\u00f1aladas como testaferros de Ulloa Sibri\u00e1n. Este comportamiento se repite en varias propiedades, lo que refuerza la tesis de lavado de dinero.\u201d<\/p>\n\n\n\n<p class=\"wp-block-paragraph\">En el pasado, el estado salvadore\u00f1o ya hab\u00eda malogrado u ocultado investigaciones y hechos que involucraban a otros diputados. Roberto Carlos Silva Pereira, un suplente del partido PCN, se present\u00f3 a elecciones en 2006 a pesar de que una fuerza de tarea especial formada por el Ministerio de Hacienda, la PNC, la Fiscal\u00eda y asesorada por la DEA y el FBI sospechaba que se dedicaba al lavado de dinero desde 2004. En 2005, esa mesa pas\u00f3 a Casa Presidencial un informe seg\u00fan el cual Silva hab\u00eda movido 800.000 d\u00f3lares en una sola transacci\u00f3n desde una sucursal bancaria en Usulut\u00e1n, algo que no era com\u00fan, era ilegal y a todas luces sospechoso, seg\u00fan un ex ministro que form\u00f3 parte de aquella comisi\u00f3n. Ninguna investigaci\u00f3n se abri\u00f3 entonces. En 2006, Silva corri\u00f3 por la diputaci\u00f3n y gan\u00f3.<\/p>\n\n\n\n<p class=\"wp-block-paragraph\">En octubre de 2006, la Asamblea Legislativa de El Salvador abri\u00f3 una comis\u00f3n de antejuicio por lavado de dinero contra el diputado, pero, tras un proceso plagado de anomal\u00edas, Silva logr\u00f3 escapar a su arresto domiciliar y termin\u00f3 ingresando sin documentos a Estados Unidos donde luego fue arrestado y espera ser deportado o extraditado desde 2007. Tambi\u00e9n en 2007, Silva Pereira fue acusado en Guatemala de participar en la masacre de tres diputados salvadore\u00f1os vinculados al tr\u00e1fico de drogas, supuestamente por una deuda.<\/p>\n\n\n\n<p class=\"wp-block-paragraph\">Y en 2009, una investigaci\u00f3n de El Faro revel\u00f3 que Adolfo T\u00f3rrez, hombre fuerte del partido ARENA, entonces en el gobierno, hab\u00eda pedido medio mill\u00f3n de d\u00f3lares a Silva para resolver sus problemas legales. T\u00f3rrez, tambi\u00e9n acusado de narcotr\u00e1fico en informes policiales, muri\u00f3 en extra\u00f1as circunstancias el 1 de junio de 2009.<\/p>\n\n\n\n<p class=\"wp-block-paragraph\">En el caso de Silva Pereira, el estado salvadore\u00f1o dej\u00f3 pasar al menos un a\u00f1o desde la primera se\u00f1al de alarma. En el caso de Rivera Monge, cinco: desde 2007 cuando la DEA avis\u00f3 a la Polic\u00eda salvadore\u00f1a seg\u00fan El Faro, hasta 2012 cuando ya testigos de la Polic\u00eda lo involucraban abiertamente en la investigaci\u00f3n del narco Ulloa Sibri\u00e1n, e incluso entonces el ministro Mungu\u00eda Pay\u00e9s neg\u00f3 que hubiese diputados implicados en narco. Hace poco, en Washington, el general Mungu\u00eda dijo que en El Salvador no hay un problema grave de narcotr\u00e1fico e insisti\u00f3 que solo hay narcomenudeo. Los peri\u00f3dicos e investigaciones de la misma Polic\u00eda hablan de otra cosa: narcotraficantes que mueven toneladas de coca\u00edna y diputados que se amparan en su fuero constitucional para lavar dinero con la protecci\u00f3n de autoridades que no los investigan.<\/p>\n\n\n\n<p class=\"wp-block-paragraph\">A continuaci\u00f3n una entrevista a C\u00e9sar Castro Fagoaga,&nbsp;Editor del \u00e1rea judicial de La Prensa Gr\u00e1fica:<\/p>\n\n\n\n<p class=\"wp-block-paragraph\"><strong>\u00bfC\u00f3mo empiezan a seguir la pista de este diputado Wilber Rivera Monge?<\/strong><\/p>\n\n\n\n<p class=\"wp-block-paragraph\">Ten\u00edamos informaci\u00f3n previa sobre este hombre, este narco Jorge Ulloa Sibri\u00e1n. Hace un par de meses tuvimos acceso a fuentes que nos contaron su forma de operar en El Salvador y Centro Am\u00e9rica. En esa informaci\u00f3n ya sonaba el nombre del diputado Rivera Monge\u2026<\/p>\n\n\n\n<p class=\"wp-block-paragraph\"><strong>\u00bfDe qu\u00e9 sonaba?<\/strong><\/p>\n\n\n\n<p class=\"wp-block-paragraph\">De la investigaci\u00f3n que ten\u00eda abierta la Polic\u00eda salvadore\u00f1a. A partir de testimonios.<\/p>\n\n\n\n<p class=\"wp-block-paragraph\"><strong>\u00bfQu\u00e9 dec\u00edan los testigos?<\/strong><\/p>\n\n\n\n<p class=\"wp-block-paragraph\">Que formaba parte de la red y su participaci\u00f3n era lavar dinero a trav\u00e9s de la venta de veh\u00edculos y propiedades y era quien facilitaba veh\u00edculos a la estructura para poderlos modificar y as\u00ed transportar coca\u00edna. De hecho se menciona que uno de los veh\u00edculos que facilit\u00f3 a la estructura sirvi\u00f3 para el traslado de 130 kilos de coca\u00edna en 2007.<\/p>\n\n\n\n<p class=\"wp-block-paragraph\"><strong>\u00bfDesde cu\u00e1ndo relacionan esos testigos al diputado con la estructura de Repollo?<\/strong><\/p>\n\n\n\n<p class=\"wp-block-paragraph\">Desde 2004. Al menos en la investigaci\u00f3n en El Salvador.<\/p>\n\n\n\n<p class=\"wp-block-paragraph\"><strong>\u00bfY \u00e9l es diputado desde cu\u00e1ndo?<\/strong><\/p>\n\n\n\n<p class=\"wp-block-paragraph\">Entr\u00f3 este periodo (2010). Entr\u00f3 como suplente del diputado Reynaldo Cardoza, por la coalici\u00f3n CN-PES (Conciliaci\u00f3n Nacional y Partido de la Esperanza)<\/p>\n\n\n\n<p class=\"wp-block-paragraph\"><strong>\u00bfEs decir, este hombre gana una diputaci\u00f3n a pesar de que la Polic\u00eda lo investiga por v\u00ednculos con el narcotr\u00e1fico?<\/strong><\/p>\n\n\n\n<p class=\"wp-block-paragraph\">As\u00ed es. Lo que pasa es que no sabemos si las autoridades ten\u00edan esa informaci\u00f3n en ese momento; lo que digo es que el testigo dijo entonces que \u00e9l (Rivera Monge) est\u00e1 vinculado a la red desde 2004. Nosotros s\u00ed tenemos certeza de que lo estaban investigando desde octubre desde 2012.<\/p>\n\n\n\n<p class=\"wp-block-paragraph\"><strong>\u00bfC\u00f3mo tienen certeza que ya hay una investigaci\u00f3n en octubre de 2012?<\/strong><\/p>\n\n\n\n<p class=\"wp-block-paragraph\">Porque hay documentos que as\u00ed lo acreditan. La Polic\u00eda tiene contacto con testigos desde octubre, que nos consta, que hablan de Rivera.<\/p>\n\n\n\n<p class=\"wp-block-paragraph\"><strong>Entonces, a pesar de que si hay una investigaci\u00f3n en 2012, cuando \u00e9l ya es diputado, \u00bfno hay movimientos para una comisi\u00f3n de antejuicio en la Asamblea Legislativa?<\/strong><\/p>\n\n\n\n<p class=\"wp-block-paragraph\">A \u00e9l le intentaron hacer un antejuicio por un homicidio tentado cuando se le acus\u00f3 de evadir un ret\u00e9n y estuvo a punto de atropellar a unos polic\u00edas, pero el caso no pas\u00f3 a m\u00e1s y la Asamblea no encontr\u00f3 m\u00e9ritos para hacer un antejuicio. Ahora bien, \u00e9l no tiene ninguna orden de captura por este caso, y de hecho al ministro de Seguridad le preguntamos previo a la vacaci\u00f3n de Semana Santa si exist\u00eda, de manera general, una investigaci\u00f3n contra alg\u00fan diputado en la red de narcotr\u00e1fico liderada por Jorge Ulloa Sibri\u00e1n y \u00e9l nos dijo que no. Sin embargo, la semana pasada, ya cuando est\u00e1bamos a punto de publicar la informaci\u00f3n y ya hab\u00edamos hablado con el diputado, el ministro reconoci\u00f3 que s\u00ed exist\u00eda esa investigaci\u00f3n y que si eso no hab\u00eda avanzado era porque quiz\u00e1 las pruebas contra \u00e9l no eran suficientes\u2026<\/p>\n\n\n\n<p class=\"wp-block-paragraph\"><strong>Les dice primero que no hab\u00eda investigaci\u00f3n, luego que s\u00ed\u2026 \u00bfCon cu\u00e1nto tiempo de diferencia?<\/strong><\/p>\n\n\n\n<p class=\"wp-block-paragraph\">Con dos semanas de diferencia.<\/p>\n\n\n\n<p class=\"wp-block-paragraph\"><strong>\u00bfLes minti\u00f3 la primera vez o no sab\u00eda la primera vez?<\/strong><\/p>\n\n\n\n<p class=\"wp-block-paragraph\">Yo quiero pensar que no sab\u00eda\u2026<\/p>\n\n\n\n<p class=\"wp-block-paragraph\"><strong>Bueno, pero \u00e9l es el ministro \u00bfno?<\/strong><\/p>\n\n\n\n<p class=\"wp-block-paragraph\">S\u00ed, me parecer\u00eda muy extra\u00f1o que no lo supiera, teniendo en cuenta que de \u00e9l depende la Polic\u00eda.<\/p>\n\n\n\n<p class=\"wp-block-paragraph\"><strong>No es este el primer diputado que se ve envuelto en estos problemas, pero me recuerda m\u00e1s al caso de Roberto Silva Pereira, para quien s\u00ed hubo antejuicio y desafuero por lavado, que es por lo que se menciona al diputado Rivera\u2026<\/strong><\/p>\n\n\n\n<p class=\"wp-block-paragraph\">S\u00ed, los testigos se\u00f1alan al diputado Rivera de participar en lavado, sin embargo nosotros tambi\u00e9n hicimos una investigaci\u00f3n propia del peri\u00f3dico que tiene que ver con las propiedades de Rivera Monge como de Ulloa Sibri\u00e1n. Hay casos en que est\u00e1n ligados ambos personajes donde el diputado, por ejemplo, compra una propiedad exorbitante de dinero y la vende perdi\u00e9ndole 75.000 o 200.000 d\u00f3lares, y las vende a trav\u00e9s de personas que han sido se\u00f1aladas como testaferros de Ulloa Sibri\u00e1n. Este comportamiento se repite en varias propiedades, lo que refuerza la tesis de lavado de dinero.<\/p>\n\n\n\n<p class=\"wp-block-paragraph\"><strong>Si ustedes como peri\u00f3dico identificaron estos movimientos y transacciones, \u00bfpor qu\u00e9 no los ha encontrado la Fiscal\u00eda?<\/strong><\/p>\n\n\n\n<p class=\"wp-block-paragraph\">Al fiscal general le hemos solicitado entrevista desde la captura de Ulloa el 15 de marzo, pero no nos han dado respuesta. Y antes de publicar el caso del diputado Rivera volvimos a solicitar entrevista, precisamente para saber por qu\u00e9 no hab\u00edan girado orden de captura contra \u00e9l y s\u00ed contra otras personas de la estructura de Ulloa que tambi\u00e9n est\u00e1n en los testimonios que la Fiscal\u00eda tiene. Tampoco nos han respondido si lo est\u00e1n investigando a Rivera Monge.<\/p>\n\n\n\n<p class=\"wp-block-paragraph\"><strong>Hace poco en Washington el ministro Mungu\u00eda Pay\u00e9s dijo que en El Salvador no hay un problema grave de narcotr\u00e1fico; el pa\u00eds es una ruta secundaria y su problema principal son las pandillas, \u00bfcu\u00e1l es tu opini\u00f3n respecto a esto a la luz de esta investigaci\u00f3n sobre la red de Repollo y la que sacaron hace poco sobre una red de furgones que mueve droga desde Costa Rica hasta Guatemala?<\/strong><\/p>\n\n\n\n<p class=\"wp-block-paragraph\">Esa valoraci\u00f3n tambi\u00e9n la ha hecho el ministro aqu\u00ed, que El Salvador es una ruta secundaria. Yo entiendo que lo que \u00e9l quiere decir es que es un problema que en el pa\u00eds no es grande, sin embargo creo que la captura de Ulloa Sibri\u00e1n y las investigaciones posteriores nos permiten ver un panorama de forma m\u00e1s amplia, porque este es un tipo que ha movido 10 toneladas de coca\u00edna desde 2005 entre Honduras, El Salvador y Nicaragua, y ha hecho env\u00edos que no son peque\u00f1os, a los que al menos informativamente no est\u00e1bamos acostumbrados. Si me atengo a esas pruebas, y a esa informaci\u00f3n, que el ministro conoce, creo que el problema es mayor que lo que \u00e9l menciona.<\/p>\n\n\n\n<p class=\"wp-block-paragraph\"><em>Publicado con autorizaci\u00f3n de *H\u00e9ctor Silva \u00c1valos. Vea otras historias de Silva&nbsp;<a href=\"https:\/\/hectorsilvavalos.blogspot.com\/\" target=\"_blank\">en su blog<\/a>.&nbsp;<a href=\"https:\/\/www.american.edu\/clals\/\" target=\"_blank\">CLALS<\/a>, de donde Silva es miembro, es un patrocinador del trabajo de InSight Crime.<\/em><\/p>\n","protected":false},"excerpt":{"rendered":"<p>El Ministro de Seguridad P\u00fablica de El Salvador, afirm\u00f3 que ning\u00fan miembro del Congreso estaba acusado de v\u00ednculos con el narotraficante conocido como \u00abEl Repollo\u00bb, recientemente capturado; pero fue obligado a retractarse cuando emergieron hechos que contaban una historia diferente.&nbsp;<\/p>\n","protected":false},"author":83,"featured_media":37362,"comment_status":"closed","ping_status":"closed","sticky":false,"template":"","format":"standard","meta":{"newspack_ads_suppress_ads":false,"newspack_popups_has_disabled_popups":false,"newspack_sponsor_sponsorship_scope":"","newspack_sponsor_native_byline_display":"inherit","newspack_sponsor_native_category_display":"inherit","newspack_sponsor_underwriter_style":"inherit","newspack_sponsor_underwriter_placement":"inherit","_EventAllDay":false,"_EventTimezone":"","_EventStartDate":"","_EventEndDate":"","_EventStartDateUTC":"","_EventEndDateUTC":"","_EventShowMap":false,"_EventShowMapLink":false,"_EventURL":"","_EventCost":"","_EventCostDescription":"","_EventCurrencySymbol":"","_EventCurrencyCode":"","_EventCurrencyPosition":"","_EventDateTimeSeparator":"","_EventTimeRangeSeparator":"","_EventOrganizerID":[],"_EventVenueID":[],"_OrganizerEmail":"","_OrganizerPhone":"","_OrganizerWebsite":"","_VenueAddress":"","_VenueCity":"","_VenueCountry":"","_VenueProvince":"","_VenueState":"","_VenueZip":"","_VenuePhone":"","_VenueURL":"","_VenueStateProvince":"","_VenueLat":"","_VenueLng":"","_VenueShowMap":false,"_VenueShowMapLink":false,"_newspack_byline_active":false,"_newspack_byline":"","newspack_hide_updated_date":false,"newspack_show_updated_date":false,"newspack_featured_image_position":"","newspack_post_subtitle":"","newspack_article_summary_title":"Overview:","newspack_article_summary":"","_jetpack_memberships_contains_paid_content":false,"footnotes":""},"categories":[340],"tags":[1540,431],"newspack_spnsrs_tax":[],"coauthors":[3725],"class_list":["post-5297","post","type-post","status-publish","format-standard","has-post-thumbnail","hentry","category-analisis","tag-el-salvador-pais","tag-lavado-de-dinero","entry"],"parsely":{"version":"1.1.0","canonical_url":"https:\/\/insightcrime.org\/es\/noticias\/analisis\/autoridades-salvadorenas-vuelven-a-ignorar-pistas-sobre-nexo-entre-diputado-y-narcos\/","smart_links":{"inbound":0,"outbound":0},"traffic_boost_suggestions_count":0,"meta":{"@context":"https:\/\/schema.org","@type":"NewsArticle","headline":"Autoridades Salvadore\u00f1as Vuelven a Ignorar Pistas Sobre Nexo Entre Diputado y Narcos","url":"http:\/\/insightcrime.org\/es\/noticias\/analisis\/autoridades-salvadorenas-vuelven-a-ignorar-pistas-sobre-nexo-entre-diputado-y-narcos\/","mainEntityOfPage":{"@type":"WebPage","@id":"http:\/\/insightcrime.org\/es\/noticias\/analisis\/autoridades-salvadorenas-vuelven-a-ignorar-pistas-sobre-nexo-entre-diputado-y-narcos\/"},"thumbnailUrl":"https:\/\/i0.wp.com\/insightcrime.org\/wp-content\/uploads\/2013\/04\/es-5ee4c505b6eebc63c100d449f7b255f4.jpg?resize=150%2C150&quality=100&ssl=1","image":{"@type":"ImageObject","url":"https:\/\/i0.wp.com\/insightcrime.org\/wp-content\/uploads\/2013\/04\/es-5ee4c505b6eebc63c100d449f7b255f4.jpg?fit=280%2C169&quality=100&ssl=1"},"articleSection":"An\u00e1lisis","author":[{"@type":"Person","name":"H\u00e9ctor Silva \u00c1valos"}],"creator":["H\u00e9ctor Silva \u00c1valos"],"publisher":{"@type":"Organization","name":"InSight Crime","logo":"https:\/\/insightcrime.org\/wp-content\/uploads\/2023\/08\/logo.png"},"keywords":["el salvador","lavado de dinero"],"dateCreated":"2017-03-27T23:53:01Z","datePublished":"2017-03-27T23:53:01Z","dateModified":"2023-04-24T20:29:49Z"},"rendered":"<meta name=\"parsely-title\" content=\"Autoridades Salvadore\u00f1as Vuelven a Ignorar Pistas Sobre Nexo Entre Diputado y Narcos\" \/>\n<meta name=\"parsely-link\" content=\"http:\/\/insightcrime.org\/es\/noticias\/analisis\/autoridades-salvadorenas-vuelven-a-ignorar-pistas-sobre-nexo-entre-diputado-y-narcos\/\" \/>\n<meta name=\"parsely-type\" content=\"post\" \/>\n<meta name=\"parsely-image-url\" content=\"https:\/\/i0.wp.com\/insightcrime.org\/wp-content\/uploads\/2013\/04\/es-5ee4c505b6eebc63c100d449f7b255f4.jpg?resize=150%2C150&amp;quality=100&amp;ssl=1\" \/>\n<meta name=\"parsely-pub-date\" content=\"2017-03-27T23:53:01Z\" \/>\n<meta name=\"parsely-section\" content=\"An\u00e1lisis\" \/>\n<meta name=\"parsely-tags\" content=\"el salvador,lavado de dinero\" \/>\n<meta name=\"parsely-author\" content=\"H\u00e9ctor Silva \u00c1valos\" \/>","tracker_url":"https:\/\/cdn.parsely.com\/keys\/insightcrime.org\/p.js"},"jetpack_sharing_enabled":true,"jetpack-related-posts":[{"id":211474,"url":"https:\/\/insightcrime.org\/es\/noticias\/programa-mexico-ms13-negociaciones-pandillas-gobierno\/","url_meta":{"origin":5297,"position":0},"title":"Programa M\u00e9xico de la MS13 clave en las negociaciones entre pandillas y gobierno salvadore\u00f1o","author":"Parker Asmann","date":"1 de marzo de 2023","format":false,"excerpt":"Las autoridades estadounidenses han realizado una serie de arrestos que podr\u00edan asestar un duro golpe al Programa M\u00e9xico de la MS13 y podr\u00edan arrojar luz sobre las presuntas negociaciones del grupo con el presidente salvadore\u00f1o Nayib Bukele. Los fiscales del Distrito Este de Nueva York dieron a conocer una acusaci\u00f3n\u2026","rel":"","context":"En \u00abNoticias\u00bb","block_context":{"text":"Noticias","link":"https:\/\/insightcrime.org\/es\/category\/noticias\/"},"img":{"alt_text":"","src":"https:\/\/i0.wp.com\/insightcrime.org\/wp-content\/uploads\/2023\/02\/2023-02-28-MS13-US-Indictment.jpeg?fit=1200%2C690&quality=100&ssl=1&resize=350%2C200","width":350,"height":200,"srcset":"https:\/\/i0.wp.com\/insightcrime.org\/wp-content\/uploads\/2023\/02\/2023-02-28-MS13-US-Indictment.jpeg?fit=1200%2C690&quality=100&ssl=1&resize=350%2C200 1x, https:\/\/i0.wp.com\/insightcrime.org\/wp-content\/uploads\/2023\/02\/2023-02-28-MS13-US-Indictment.jpeg?fit=1200%2C690&quality=100&ssl=1&resize=525%2C300 1.5x, https:\/\/i0.wp.com\/insightcrime.org\/wp-content\/uploads\/2023\/02\/2023-02-28-MS13-US-Indictment.jpeg?fit=1200%2C690&quality=100&ssl=1&resize=700%2C400 2x, https:\/\/i0.wp.com\/insightcrime.org\/wp-content\/uploads\/2023\/02\/2023-02-28-MS13-US-Indictment.jpeg?fit=1200%2C690&quality=100&ssl=1&resize=1050%2C600 3x"},"classes":[]},{"id":262871,"url":"https:\/\/insightcrime.org\/es\/noticias\/caso-terrorismo-eeuu-contra-lider-ms13-podria-destapar-conversaciones-entre-bandas-salvador\/","url_meta":{"origin":5297,"position":1},"title":"Caso de terrorismo en EE.UU. contra l\u00edder de la MS13 revelar\u00eda negociaciones con pandillas en El Salvador","author":"Parker Asmann","date":"11 de diciembre de 2023","format":false,"excerpt":"Un alto dirigente de la Mara Salvatrucha (MS13) se declar\u00f3 inocente de los cargos de terrorismo presentados por la fiscal\u00eda federal estadounidense, lo que marca el inicio de un caso que podr\u00eda destapar la fachada del gobierno de El Salvador, que niega haber negociado con la banda. \u00c9lmer Canales Rivera,\u2026","rel":"","context":"En \u00abNoticias\u00bb","block_context":{"text":"Noticias","link":"https:\/\/insightcrime.org\/es\/category\/noticias\/"},"img":{"alt_text":"Detenido l\u00edder de la MS13 \u00c9lmer Canales Rivera, alias \u201cCrook\u201d","src":"https:\/\/i0.wp.com\/insightcrime.org\/wp-content\/uploads\/2023\/11\/Crook-pandillero-extradicion114.jpg?fit=350%2C250&quality=100&ssl=1&resize=350%2C200","width":350,"height":200},"classes":[]},{"id":272028,"url":"https:\/\/insightcrime.org\/es\/noticias\/eeuu-avanza-caso-terrorismo-ms13-captura-sexo-cabecilla\/","url_meta":{"origin":5297,"position":2},"title":"EE.UU. avanza en caso contra \u2018terrorismo\u2019 de la MS13 con captura de sexto cabecilla","author":"Liza Schmidt","date":"25 de marzo de 2024","format":false,"excerpt":"La reciente captura de un miembro de la c\u00fapula de la MS13 podr\u00eda proporcionar a los fiscales m\u00e1s informaci\u00f3n sobre la relaci\u00f3n entre los miembros de m\u00e1s alto rango de esta pandilla y los funcionarios detr\u00e1s de la brutal represi\u00f3n a estos grupos en El Salvador.\u00a0","rel":"","context":"En \u00abNoticias\u00bb","block_context":{"text":"Noticias","link":"https:\/\/insightcrime.org\/es\/category\/noticias\/"},"img":{"alt_text":"MS13 Gang","src":"https:\/\/i0.wp.com\/insightcrime.org\/wp-content\/uploads\/2023\/08\/Screenshot-2024-03-25-at-16.59.08-2.png?fit=350%2C250&quality=100&ssl=1&resize=350%2C200","width":350,"height":200},"classes":[]},{"id":246382,"url":"https:\/\/insightcrime.org\/es\/noticias\/captura-lider-ms13-descubierto-brecha-eeuu-salvador\/","url_meta":{"origin":5297,"position":3},"title":"La captura de un l\u00edder de la MS13 expone la brecha entre EE.UU. y El Salvador","author":"Steven Dudley","date":"9 de noviembre de 2023","format":false,"excerpt":"Las autoridades mexicanas capturaron a un alto mando de una pandilla salvadore\u00f1a que hab\u00eda sido liberado en secreto de una prisi\u00f3n en El Salvador y hab\u00eda huido del pa\u00eds. Su captura y expulsi\u00f3n a Estados Unidos para enfrentarse a cargos en su contra pone de manifiesto las crecientes discrepancias entre\u2026","rel":"","context":"En \u00abNoticias\u00bb","block_context":{"text":"Noticias","link":"https:\/\/insightcrime.org\/es\/category\/noticias\/"},"img":{"alt_text":"Detenido l\u00edder de la MS13 \u00c9lmer Canales Rivera, alias \u201cCrook\u201d","src":"https:\/\/i0.wp.com\/insightcrime.org\/wp-content\/uploads\/2023\/11\/Crook-pandillero-extradicion114.jpg?fit=350%2C250&quality=100&ssl=1&resize=350%2C200","width":350,"height":200},"classes":[]},{"id":305977,"url":"https:\/\/insightcrime.org\/es\/noticias\/podrian-deportaciones-ee-uu-comprometer-la-ofensiva-de-trump-contra-la-ms13\/","url_meta":{"origin":5297,"position":4},"title":"\u00bfPodr\u00e1n las deportaciones de EE. UU. comprometer la ofensiva de Trump contra la MS13?","author":"Alex Papadovassilakis","date":"20 de marzo de 2025","format":false,"excerpt":"La decisi\u00f3n de EE. UU. de devolver a un alto l\u00edder de la MS13 a El Salvador como parte de un plan controversial de deportar a cientos de ciudadanos venezolanos, podr\u00eda configurar una se\u00f1al pol\u00edtica de ceder en su ofensiva contra la MS13 a favor de las deportaciones masivas.","rel":"","context":"En \u00abAudio\u00bb","block_context":{"text":"Audio","link":"https:\/\/insightcrime.org\/es\/category\/audio-es\/"},"img":{"alt_text":"","src":"https:\/\/i0.wp.com\/insightcrime.org\/wp-content\/uploads\/2025\/03\/Feature-Cesar-Humberto-Lopez-Larios-alias-Grenas.jpg?fit=1200%2C675&quality=100&ssl=1&resize=350%2C200","width":350,"height":200,"srcset":"https:\/\/i0.wp.com\/insightcrime.org\/wp-content\/uploads\/2025\/03\/Feature-Cesar-Humberto-Lopez-Larios-alias-Grenas.jpg?fit=1200%2C675&quality=100&ssl=1&resize=350%2C200 1x, https:\/\/i0.wp.com\/insightcrime.org\/wp-content\/uploads\/2025\/03\/Feature-Cesar-Humberto-Lopez-Larios-alias-Grenas.jpg?fit=1200%2C675&quality=100&ssl=1&resize=525%2C300 1.5x, https:\/\/i0.wp.com\/insightcrime.org\/wp-content\/uploads\/2025\/03\/Feature-Cesar-Humberto-Lopez-Larios-alias-Grenas.jpg?fit=1200%2C675&quality=100&ssl=1&resize=700%2C400 2x, https:\/\/i0.wp.com\/insightcrime.org\/wp-content\/uploads\/2025\/03\/Feature-Cesar-Humberto-Lopez-Larios-alias-Grenas.jpg?fit=1200%2C675&quality=100&ssl=1&resize=1050%2C600 3x"},"classes":[]},{"id":174977,"url":"https:\/\/insightcrime.org\/es\/noticias\/incautaciones-en-el-salvador-indican-aumento-de-cocaina-en-el-pacifico\/","url_meta":{"origin":5297,"position":5},"title":"\u00bfIncautaciones en El Salvador indican aumento de coca\u00edna en el Pac\u00edfico?","author":"Alex Papadovassilakis","date":"12 de enero de 2022","format":false,"excerpt":"La Armada de El Salvador ha incautado cantidades r\u00e9cord de coca\u00edna recientemente, lo que indica un posible resurgimiento del tr\u00e1fico mar\u00edtimo en la costa pac\u00edfica del pa\u00eds.","rel":"","context":"En \u00abNoticias\u00bb","block_context":{"text":"Noticias","link":"https:\/\/insightcrime.org\/es\/category\/noticias\/"},"img":{"alt_text":"The El Salvador Navy made multiple multi-ton cocaine seizures in 2021","src":"https:\/\/i0.wp.com\/insightcrime.org\/wp-content\/uploads\/2022\/01\/ElSalvador-Pacific-Cocaine-Seizures.jpg?fit=350%2C250&quality=100&ssl=1&resize=350%2C200","width":350,"height":200},"classes":[]}],"jetpack_featured_media_url":"https:\/\/i0.wp.com\/insightcrime.org\/wp-content\/uploads\/2013\/04\/es-5ee4c505b6eebc63c100d449f7b255f4.jpg?fit=280%2C169&quality=100&ssl=1","_links":{"self":[{"href":"https:\/\/insightcrime.org\/es\/wp-json\/wp\/v2\/posts\/5297","targetHints":{"allow":["GET"]}}],"collection":[{"href":"https:\/\/insightcrime.org\/es\/wp-json\/wp\/v2\/posts"}],"about":[{"href":"https:\/\/insightcrime.org\/es\/wp-json\/wp\/v2\/types\/post"}],"author":[{"embeddable":true,"href":"https:\/\/insightcrime.org\/es\/wp-json\/wp\/v2\/users\/83"}],"replies":[{"embeddable":true,"href":"https:\/\/insightcrime.org\/es\/wp-json\/wp\/v2\/comments?post=5297"}],"version-history":[{"count":1,"href":"https:\/\/insightcrime.org\/es\/wp-json\/wp\/v2\/posts\/5297\/revisions"}],"predecessor-version":[{"id":19491,"href":"https:\/\/insightcrime.org\/es\/wp-json\/wp\/v2\/posts\/5297\/revisions\/19491"}],"wp:featuredmedia":[{"embeddable":true,"href":"https:\/\/insightcrime.org\/es\/wp-json\/wp\/v2\/media\/37362"}],"wp:attachment":[{"href":"https:\/\/insightcrime.org\/es\/wp-json\/wp\/v2\/media?parent=5297"}],"wp:term":[{"taxonomy":"category","embeddable":true,"href":"https:\/\/insightcrime.org\/es\/wp-json\/wp\/v2\/categories?post=5297"},{"taxonomy":"post_tag","embeddable":true,"href":"https:\/\/insightcrime.org\/es\/wp-json\/wp\/v2\/tags?post=5297"},{"taxonomy":"newspack_spnsrs_tax","embeddable":true,"href":"https:\/\/insightcrime.org\/es\/wp-json\/wp\/v2\/newspack_spnsrs_tax?post=5297"},{"taxonomy":"author","embeddable":true,"href":"https:\/\/insightcrime.org\/es\/wp-json\/wp\/v2\/coauthors?post=5297"}],"curies":[{"name":"wp","href":"https:\/\/api.w.org\/{rel}","templated":true}]}}