{"id":5303,"date":"2013-04-15T14:15:40","date_gmt":"2017-03-27T23:53:03","guid":{"rendered":"http:\/\/newwp.insightcrime.org?p=5303"},"modified":"2023-04-24T15:29:51","modified_gmt":"2023-04-24T20:29:51","slug":"las-dimensiones-insospechadas-del-narcotrafico-en-nicaragua","status":"publish","type":"post","link":"https:\/\/insightcrime.org\/es\/noticias\/analisis\/las-dimensiones-insospechadas-del-narcotrafico-en-nicaragua\/","title":{"rendered":"Las Dimensiones Insospechadas del Narcotr\u00e1fico en Nicaragua"},"content":{"rendered":"\n<p class=\"wp-block-paragraph\">Recientes y reiteradas declaraciones de la ministra de gobernaci\u00f3n, sobre la reducci\u00f3n de penas y liberaci\u00f3n de reos condenados por tr\u00e1fico internacional de drogas, ponen en perspectiva la profunda penetraci\u00f3n del narcotr\u00e1fico en el sistema judicial de Nicaragua.<\/p>\n\n\n\n<p class=\"wp-block-paragraph\">El primer antecedente que involucra a esta ministra, Ana Isabel Morales, una de las funcionarias de m\u00e1s cercan\u00eda y confianza del Presidente Daniel Ortega, se remonta al a\u00f1o 2010 cuando el semanario Confidencial, cit\u00f3 declaraciones de la funcionaria en las que dijo tener una lista de jueces y magistrados que beneficiaron con \u00f3rdenes de libertad y reducci\u00f3n de penas, a unos 1.000 narcotraficantes. La lista habr\u00eda incluido adem\u00e1s a integrantes del Cartel de Sinaloa. Tiempo despu\u00e9s, en enero de este a\u00f1o, el tema de las reducciones de sentencias y liberaciones a narcotraficantes fue puesto de nuevo en la agenda p\u00fablica, cuando una organizaci\u00f3n de Derechos Humanos pidi\u00f3 a la ministra Morales que cumpliera con las resoluciones del poder judicial y procediera a la liberaci\u00f3n de varios reos que hab\u00edan sido beneficiados con reducci\u00f3n de sentencias.<\/p>\n\n\n\n<p class=\"wp-block-paragraph\">La negativa de la ministra de liberar a los reos se basaba en el hecho que cuando analizaron las resoluciones de los jueces respecto a esas sentencias, encontraron un patr\u00f3n persistente en que los reos beneficiados con la reducci\u00f3n de las penas fueron condenados fundamentalmente por narcotr\u00e1fico internacional. \u201cNos hemos encontrado con \u00f3rdenes de libertad en donde los condenan a 15 a\u00f1os, en menos de un a\u00f1o les readec\u00faan la pena y se las bajan a 5, y a los dos a\u00f1os dicen que cumpli\u00f3 la condena y sale libre, y metieron y trasegaron por la frontera nicarag\u00fcense, por nuestro pa\u00eds toneladas de droga, \u00bfeso es correcto?, \u00a1no!, no es correcto\u201d. Al detallar m\u00e1s esta denuncia, recogida el 19 de marzo por el medio electr\u00f3nico \u201cLa Gente\u201d de la radio \u201cLa Primer\u00edsima\u201d, la funcionaria plante\u00f3 adem\u00e1s que hab\u00edan casos de otros presos por delitos comunes que merec\u00edan ser puestos en libertad y por los cuales los jueces no se preocupaban, y que sin embargo, cuando se trataba de los delitos vinculados al narcotr\u00e1fico, hab\u00eda mucha preocupaci\u00f3n por sacarlos.<\/p>\n\n\n\n<p class=\"wp-block-paragraph\">Lo publicado en ese medio de prensa, aparentemente oficialista -que como todos los que est\u00e1n dentro del circulo de poder y control del gobierno raramente ponen en evidencia hechos de corrupci\u00f3n de cualquiera de los poderes del Estado-, deja claro que cuando se habla de penetraci\u00f3n institucional de las redes del narcotr\u00e1fico y del crimen organizado en el poder judicial, de lo que menos se trata es de \u201chechos aislados\u201d.<\/p>\n\n\n\n<p class=\"wp-block-paragraph\">Los reiterados se\u00f1alamientos de esta ministra, que ha mostrado un valor y una beligerancia inusitada respecto a lo que se ha sido llamado como \u201cnarco liberaciones\u201d, hacen eco de situaciones que muestran claramente que Nicaragua se ha venido convirtiendo en algo as\u00ed como una especie de para\u00edso jur\u00eddico para los operadores del crimen organizado transnacional vinculados al narcotr\u00e1fico. Pero tambi\u00e9n, nos trae a la memoria otras situaciones que evidencian que la penetraci\u00f3n del narcotr\u00e1fico podr\u00eda extenderse a otras instituciones de Nicaragua.<\/p>\n\n\n\n<p class=\"wp-block-paragraph\">Un caso emblem\u00e1tico reciente es el \u201ccaso Fari\u00f1as\u201d. Un caso que toma relevancia internacional por el asesinato del cantautor argentino Facundo Cabral a manos de redes criminales narcotraficantes, y a trav\u00e9s del cual se conoci\u00f3 c\u00f3mo se hab\u00eda construido una red de tr\u00e1fico de drogas y lavado desde Panam\u00e1 hasta Guatemala. En sus declaraciones, Henry Fari\u00f1as involucr\u00f3 a altos mandos de la polic\u00eda nacional de Nicaragua y por lo menos a un magistrado del CSE. Este casollev\u00f3 a la luz p\u00fablica las ramificaciones que las operaciones criminales del narcotr\u00e1fico est\u00e1n teniendo en la institucionalidad de Nicaragua.<\/p>\n\n\n\n<p class=\"wp-block-paragraph\">Por el esfuerzo de la Polic\u00eda Nacional y sus fuerzas de seguridad, Nicaragua ha logrado proyectar una imagen de ser los m\u00e1s eficaces de la regi\u00f3n en la lucha contra el narcotr\u00e1fico, en un contexto en que tres pa\u00edses de la regi\u00f3n cuentan con las tasas m\u00e1s altas de homicidio del mundo. Pero si asumimos que el estado de las cosas respecto al crimen organizado continuar\u00e1 sin que se tome en cuenta la dimensi\u00f3n real de sus manifestaciones internas, Nicaragua podr\u00eda enfrentarse a situaciones muy complicadas en las que el privilegio de tener condiciones de seguridad distintas a los pa\u00edses de Tri\u00e1ngulo del Norte Centroamericano, podr\u00eda desaparecer si no se asume al narcotr\u00e1fico como una realidad que ha permeado la institucionalidad y el ambiente social del pa\u00eds.<\/p>\n\n\n\n<p class=\"wp-block-paragraph\">Las reacciones de la Ministra Ana Isabel Morales, han puesto de manifiesto tan solo una situaci\u00f3n concreta frente al narcotr\u00e1fico, como lo refleja la impunidad que se expresa en la falta de una correcta aplicaci\u00f3n de justicia a los actores del crimen transnacional organizado. Pero tambi\u00e9n, hay que comenzar a poner atenci\u00f3n sobre el casi nulo conocimiento de las alianzas que va tejiendo el narcotr\u00e1fico internacional y sus operadores locales con \u00e9lites de todo tipo a nivel social, pol\u00edtico y de la burocracia estatal. Un asunto delicado, cuando sobre todo se llama la atenci\u00f3n a las zonas del Caribe y otros departamentos (provincias) que se han convertido en rutas naturales del narcotr\u00e1fico internacional. Al respecto, una iniciativa en marcha de la organizaci\u00f3n \u201cInSight Crime\u201d, con apoyo del International Development Research Centre (IDRC por sus siglas en ingl\u00e9s), plantea que m\u00e1s all\u00e1 de las manifestaciones espec\u00edficas que tiene la criminalidad organizada dentro de la institucionalidad del estado, las pol\u00edticas p\u00fablicas efectivas tambi\u00e9n deben tener en cuenta las complejas redes de intereses y alianzas que entrelazan las operaciones de las \u00e9lites econ\u00f3micas, sociales y pol\u00edticas, con los grupos criminales. Obviar estas complejidades, solo reforzar\u00e1 el sentimiento que en Nicaragua se ha generado y sostenido un entorno relativamente amigable para que el crimen organizado vaya adquiriendo dimensiones insospechadas.<\/p>\n\n\n\n<p class=\"wp-block-paragraph\"><em>La investigaci\u00f3n presentada en esta publicaci\u00f3n es, en parte, el resultado de un proyecto financiado por el&nbsp;<a href=\"\/web.idrc.ca\" target=\"_blank\">International Development Research Centre<\/a>&nbsp;de Canad\u00e1.<\/em><\/p>\n\n\n\n<figure class=\"wp-block-table\"><table><tbody><tr><td><img data-recalc-dims=\"1\" decoding=\"async\" loading=\"lazy\" style=\"border: 1px solid #e0e0e0;margin: 5px 0px 5px 5px;float: left\" src=\"https:\/\/i0.wp.com\/es.insightcrime.org\/images\/Logo.png?resize=122%2C30&#038;quality=100&#038;ssl=1\" alt=\"Logo\" width=\"122\" height=\"30\"><\/td><td><img data-recalc-dims=\"1\" decoding=\"async\" loading=\"lazy\" style=\"border: 1px solid #e0e0e0;margin: 5px 5px 5px 0px;float: right\" src=\"https:\/\/i0.wp.com\/es.insightcrime.org\/images\/Logo_Cananda.png?resize=63%2C17&#038;quality=100&#038;ssl=1\" alt=\"Logo Cananda\" width=\"63\" height=\"17\"><\/td><\/tr><\/tbody><\/table><\/figure>\n","protected":false},"excerpt":{"rendered":"<p>Recientes y reiteradas declaraciones de la ministra de gobernaci\u00f3n, sobre la reducci\u00f3n de penas y liberaci\u00f3n de reos condenados por tr\u00e1fico internacional de drogas, ponen en perspectiva la profunda penetraci\u00f3n del narcotr\u00e1fico en el sistema judicial de Nicaragua.<\/p>\n","protected":false},"author":97,"featured_media":37380,"comment_status":"closed","ping_status":"closed","sticky":false,"template":"","format":"standard","meta":{"newspack_ads_suppress_ads":false,"newspack_popups_has_disabled_popups":false,"newspack_sponsor_sponsorship_scope":"","newspack_sponsor_native_byline_display":"inherit","newspack_sponsor_native_category_display":"inherit","newspack_sponsor_underwriter_style":"inherit","newspack_sponsor_underwriter_placement":"inherit","_EventAllDay":false,"_EventTimezone":"","_EventStartDate":"","_EventEndDate":"","_EventStartDateUTC":"","_EventEndDateUTC":"","_EventShowMap":false,"_EventShowMapLink":false,"_EventURL":"","_EventCost":"","_EventCostDescription":"","_EventCurrencySymbol":"","_EventCurrencyCode":"","_EventCurrencyPosition":"","_EventDateTimeSeparator":"","_EventTimeRangeSeparator":"","_EventOrganizerID":[],"_EventVenueID":[],"_OrganizerEmail":"","_OrganizerPhone":"","_OrganizerWebsite":"","_VenueAddress":"","_VenueCity":"","_VenueCountry":"","_VenueProvince":"","_VenueState":"","_VenueZip":"","_VenuePhone":"","_VenueURL":"","_VenueStateProvince":"","_VenueLat":"","_VenueLng":"","_VenueShowMap":false,"_VenueShowMapLink":false,"_newspack_byline_active":false,"_newspack_byline":"","newspack_hide_updated_date":false,"newspack_show_updated_date":false,"newspack_featured_image_position":"","newspack_post_subtitle":"","newspack_article_summary_title":"Overview:","newspack_article_summary":"","_jetpack_memberships_contains_paid_content":false,"footnotes":""},"categories":[340],"tags":[447,391],"newspack_spnsrs_tax":[],"coauthors":[3837,3838],"class_list":["post-5303","post","type-post","status-publish","format-standard","has-post-thumbnail","hentry","category-analisis","tag-elites-y-crimen-organizado","tag-nicaragua-pais","entry"],"parsely":{"version":"1.1.0","canonical_url":"https:\/\/insightcrime.org\/es\/noticias\/analisis\/las-dimensiones-insospechadas-del-narcotrafico-en-nicaragua\/","smart_links":{"inbound":0,"outbound":0},"traffic_boost_suggestions_count":0,"meta":{"@context":"https:\/\/schema.org","@type":"NewsArticle","headline":"Las Dimensiones Insospechadas del Narcotr\u00e1fico en Nicaragua","url":"http:\/\/insightcrime.org\/es\/noticias\/analisis\/las-dimensiones-insospechadas-del-narcotrafico-en-nicaragua\/","mainEntityOfPage":{"@type":"WebPage","@id":"http:\/\/insightcrime.org\/es\/noticias\/analisis\/las-dimensiones-insospechadas-del-narcotrafico-en-nicaragua\/"},"thumbnailUrl":"https:\/\/i0.wp.com\/insightcrime.org\/wp-content\/uploads\/2013\/04\/es-bb93b74d4345cacbf493dcdcee0d7953.jpg?resize=150%2C150&quality=100&ssl=1","image":{"@type":"ImageObject","url":"https:\/\/i0.wp.com\/insightcrime.org\/wp-content\/uploads\/2013\/04\/es-bb93b74d4345cacbf493dcdcee0d7953.jpg?fit=280%2C169&quality=100&ssl=1"},"articleSection":"An\u00e1lisis","author":[{"@type":"Person","name":"Javier Mel\u00e9ndez"},{"@type":"Person","name":"Roberto Orozco"}],"creator":["Javier Mel\u00e9ndez","Roberto Orozco"],"publisher":{"@type":"Organization","name":"InSight Crime","logo":"https:\/\/insightcrime.org\/wp-content\/uploads\/2023\/08\/logo.png"},"keywords":["\u00e9lites y crimen","nicaragua"],"dateCreated":"2017-03-27T23:53:03Z","datePublished":"2017-03-27T23:53:03Z","dateModified":"2023-04-24T20:29:51Z"},"rendered":"<meta name=\"parsely-title\" content=\"Las Dimensiones Insospechadas del Narcotr\u00e1fico en Nicaragua\" \/>\n<meta name=\"parsely-link\" content=\"http:\/\/insightcrime.org\/es\/noticias\/analisis\/las-dimensiones-insospechadas-del-narcotrafico-en-nicaragua\/\" \/>\n<meta name=\"parsely-type\" content=\"post\" \/>\n<meta name=\"parsely-image-url\" content=\"https:\/\/i0.wp.com\/insightcrime.org\/wp-content\/uploads\/2013\/04\/es-bb93b74d4345cacbf493dcdcee0d7953.jpg?resize=150%2C150&amp;quality=100&amp;ssl=1\" \/>\n<meta name=\"parsely-pub-date\" content=\"2017-03-27T23:53:03Z\" \/>\n<meta name=\"parsely-section\" content=\"An\u00e1lisis\" \/>\n<meta name=\"parsely-tags\" content=\"\u00e9lites y crimen,nicaragua\" \/>\n<meta name=\"parsely-author\" content=\"Javier Mel\u00e9ndez\" \/>\n<meta name=\"parsely-author\" content=\"Roberto Orozco\" \/>","tracker_url":"https:\/\/cdn.parsely.com\/keys\/insightcrime.org\/p.js"},"jetpack_sharing_enabled":true,"jetpack-related-posts":[{"id":126219,"url":"https:\/\/insightcrime.org\/es\/noticias\/nicaragua-cocaina-centroamerica\/","url_meta":{"origin":5303,"position":0},"title":"Nicaragua no se libra de paso de coca\u00edna por Centroam\u00e9rica","author":"Katie Jones","date":"29 de octubre de 2020","format":false,"excerpt":"Una serie reciente de decomisos de narc\u00f3ticos que involucra a Nicaragua sugiere que los traficantes est\u00e1n moviendo coca\u00edna por ese pa\u00eds, pese a la ret\u00f3rica oficial que niega que su territorio sea un centro de tr\u00e1nsito","rel":"","context":"En \u00abNoticias\u00bb","block_context":{"text":"Noticias","link":"https:\/\/insightcrime.org\/es\/category\/noticias\/"},"img":{"alt_text":"","src":"https:\/\/i0.wp.com\/insightcrime.org\/wp-content\/uploads\/2020\/10\/El-Salvador-Drugs.jpg?fit=1200%2C900&quality=100&ssl=1&resize=350%2C200","width":350,"height":200,"srcset":"https:\/\/i0.wp.com\/insightcrime.org\/wp-content\/uploads\/2020\/10\/El-Salvador-Drugs.jpg?fit=1200%2C900&quality=100&ssl=1&resize=350%2C200 1x, https:\/\/i0.wp.com\/insightcrime.org\/wp-content\/uploads\/2020\/10\/El-Salvador-Drugs.jpg?fit=1200%2C900&quality=100&ssl=1&resize=525%2C300 1.5x, https:\/\/i0.wp.com\/insightcrime.org\/wp-content\/uploads\/2020\/10\/El-Salvador-Drugs.jpg?fit=1200%2C900&quality=100&ssl=1&resize=700%2C400 2x, https:\/\/i0.wp.com\/insightcrime.org\/wp-content\/uploads\/2020\/10\/El-Salvador-Drugs.jpg?fit=1200%2C900&quality=100&ssl=1&resize=1050%2C600 3x"},"classes":[]},{"id":263742,"url":"https:\/\/insightcrime.org\/es\/noticias\/gamechangers-2023-victoria-deforestacion-amazonia\/","url_meta":{"origin":5303,"position":1},"title":"GameChangers 2023: Una victoria sobre la deforestaci\u00f3n en la Amazon\u00eda, por ahora","author":"Mar\u00eda Fernanda Ram\u00edrez","date":"2 de enero de 2024","format":false,"excerpt":"Entre la reducci\u00f3n en la p\u00e9rdida de bosque este a\u00f1o y la celebraci\u00f3n de la cumbre amaz\u00f3nica, este a\u00f1o representa una peque\u00f1a victoria en la batalla contra la deforestaci\u00f3n en la regi\u00f3n. Sin embargo, este triunfo contrasta con un preocupante panorama regional, en el que cada vez m\u00e1s grupos criminales\u2026","rel":"","context":"En \u00abNoticias\u00bb","block_context":{"text":"Noticias","link":"https:\/\/insightcrime.org\/es\/category\/noticias\/"},"img":{"alt_text":"","src":"https:\/\/i0.wp.com\/insightcrime.org\/wp-content\/uploads\/2023\/08\/Gamechangers-Cover-Cap-2.jpg?fit=1200%2C576&quality=100&ssl=1&resize=350%2C200","width":350,"height":200,"srcset":"https:\/\/i0.wp.com\/insightcrime.org\/wp-content\/uploads\/2023\/08\/Gamechangers-Cover-Cap-2.jpg?fit=1200%2C576&quality=100&ssl=1&resize=350%2C200 1x, https:\/\/i0.wp.com\/insightcrime.org\/wp-content\/uploads\/2023\/08\/Gamechangers-Cover-Cap-2.jpg?fit=1200%2C576&quality=100&ssl=1&resize=525%2C300 1.5x, https:\/\/i0.wp.com\/insightcrime.org\/wp-content\/uploads\/2023\/08\/Gamechangers-Cover-Cap-2.jpg?fit=1200%2C576&quality=100&ssl=1&resize=700%2C400 2x, https:\/\/i0.wp.com\/insightcrime.org\/wp-content\/uploads\/2023\/08\/Gamechangers-Cover-Cap-2.jpg?fit=1200%2C576&quality=100&ssl=1&resize=1050%2C600 3x"},"classes":[]},{"id":143448,"url":"https:\/\/insightcrime.org\/es\/noticias\/abogado-texas-narcotraficantes-colombia\/","url_meta":{"origin":5303,"position":2},"title":"Abogado de Texas sentenciado por estafa a narcotraficantes de Colombia","author":"Parker Asmann","date":"7 de mayo de 2021","format":false,"excerpt":"Un abogado de Texas, conocido como el \u201cDWI Dude\u201d, pagar\u00e1 una condena de 15 a\u00f1os en una prisi\u00f3n federal por estafar a varios narcos colombianos a quienes promet\u00eda falsas preclusiones de sus casos y hasta reducciones en sus penas.","rel":"","context":"En \u00abNoticias\u00bb","block_context":{"text":"Noticias","link":"https:\/\/insightcrime.org\/es\/category\/noticias\/"},"img":{"alt_text":"","src":"https:\/\/i0.wp.com\/insightcrime.org\/wp-content\/uploads\/2021\/05\/2021-05-06-DWI-Dude.jpg?fit=350%2C250&quality=100&ssl=1&resize=350%2C200","width":350,"height":200},"classes":[]},{"id":284494,"url":"https:\/\/insightcrime.org\/es\/noticias\/reduccion-historica-deforestacion-colombia-estaria-relacionada-grupos-criminales\/","url_meta":{"origin":5303,"position":3},"title":"Reducci\u00f3n hist\u00f3rica de la deforestaci\u00f3n en Colombia estar\u00eda relacionada con grupos criminales","author":"Juan Diego C\u00e1rdenas","date":"12 de julio de 2024","format":false,"excerpt":"Por primera vez en 23 a\u00f1os, los niveles de deforestaci\u00f3n en Colombia se han reducido a niveles hist\u00f3ricos. Aunque esta tendencia demuestra que el cambio de enfoque en la lucha contra los delitos ambientales ha tenido un efecto positivo, los grupos criminales tambi\u00e9n tendr\u00edan un rol importante en este fen\u00f3meno.","rel":"","context":"En \u00abNoticias\u00bb","block_context":{"text":"Noticias","link":"https:\/\/insightcrime.org\/es\/category\/noticias\/"},"img":{"alt_text":"Deforestation in Colombia Deforestaci\u00f3n en Colombia","src":"https:\/\/i0.wp.com\/insightcrime.org\/wp-content\/uploads\/2021\/12\/Deforestation-Colombia-Charges-FARC.jpg?fit=350%2C250&quality=100&ssl=1&resize=350%2C200","width":350,"height":200},"classes":[]},{"id":128133,"url":"https:\/\/insightcrime.org\/es\/noticias\/resurgimiento-autopista-cocaina-centroamerica\/","url_meta":{"origin":5303,"position":4},"title":"GameChangers 2020: El resurgimiento de la autopista de la coca\u00edna en Centroam\u00e9rica","author":"H\u00e9ctor Silva \u00c1valos","date":"28 de diciembre de 2020","format":false,"excerpt":"Una oleada de narcoaviones procedentes de Suram\u00e9rica, sumado al trasiego de grandes cargamentos de coca\u00edna por parte de los narcotraficantes luego del levantamiento de las restricciones fronterizas por cuenta del coronavirus, provocaron un aumento del tr\u00e1nsito de narc\u00f3ticos por Centroam\u00e9rica este a\u00f1o, incluso a lo largo de rutas terrestres que\u2026","rel":"","context":"En \u00abNoticias\u00bb","block_context":{"text":"Noticias","link":"https:\/\/insightcrime.org\/es\/category\/noticias\/"},"img":{"alt_text":"","src":"https:\/\/i0.wp.com\/insightcrime.org\/wp-content\/uploads\/2020\/12\/4.-Honduras_Authorities-burn-seized-cocaine_Anti-drug-operations_AP_19067062011468_2019_Gamechangers.jpg?fit=1200%2C450&quality=100&ssl=1&resize=350%2C200","width":350,"height":200,"srcset":"https:\/\/i0.wp.com\/insightcrime.org\/wp-content\/uploads\/2020\/12\/4.-Honduras_Authorities-burn-seized-cocaine_Anti-drug-operations_AP_19067062011468_2019_Gamechangers.jpg?fit=1200%2C450&quality=100&ssl=1&resize=350%2C200 1x, https:\/\/i0.wp.com\/insightcrime.org\/wp-content\/uploads\/2020\/12\/4.-Honduras_Authorities-burn-seized-cocaine_Anti-drug-operations_AP_19067062011468_2019_Gamechangers.jpg?fit=1200%2C450&quality=100&ssl=1&resize=525%2C300 1.5x, https:\/\/i0.wp.com\/insightcrime.org\/wp-content\/uploads\/2020\/12\/4.-Honduras_Authorities-burn-seized-cocaine_Anti-drug-operations_AP_19067062011468_2019_Gamechangers.jpg?fit=1200%2C450&quality=100&ssl=1&resize=700%2C400 2x, https:\/\/i0.wp.com\/insightcrime.org\/wp-content\/uploads\/2020\/12\/4.-Honduras_Authorities-burn-seized-cocaine_Anti-drug-operations_AP_19067062011468_2019_Gamechangers.jpg?fit=1200%2C450&quality=100&ssl=1&resize=1050%2C600 3x"},"classes":[]},{"id":232511,"url":"https:\/\/insightcrime.org\/es\/noticias\/pacto-proteccion-amazonia-omite-crimen-organizado\/","url_meta":{"origin":5303,"position":5},"title":"Pacto para la protecci\u00f3n de la Amazon\u00eda se queda corto en lucha contra el crimen organizado","author":"Gavin Voss","date":"11 de agosto de 2023","format":false,"excerpt":"Las naciones suramericanas firmaron un pacto hist\u00f3rico para la protecci\u00f3n de la selva amaz\u00f3nica, pero el acuerdo no contempl\u00f3 estrategias integrales para combatir los delitos ambientales.","rel":"","context":"En \u00abNoticias\u00bb","block_context":{"text":"Noticias","link":"https:\/\/insightcrime.org\/es\/category\/noticias\/"},"img":{"alt_text":"L\u00edderes suramericanos elevan las manos tras la firma de la declaraci\u00f3n de Bel\u00e9m que prev\u00e9 la preservaci\u00f3n de la Amazon\u00eda","src":"https:\/\/i0.wp.com\/insightcrime.org\/wp-content\/uploads\/2023\/09\/Amazon-Belem-Declaration-Environmental-Crime-MercoPress-1-1.jpg?fit=350%2C250&quality=100&ssl=1&resize=350%2C200","width":350,"height":200},"classes":[]}],"jetpack_featured_media_url":"https:\/\/i0.wp.com\/insightcrime.org\/wp-content\/uploads\/2013\/04\/es-bb93b74d4345cacbf493dcdcee0d7953.jpg?fit=280%2C169&quality=100&ssl=1","_links":{"self":[{"href":"https:\/\/insightcrime.org\/es\/wp-json\/wp\/v2\/posts\/5303","targetHints":{"allow":["GET"]}}],"collection":[{"href":"https:\/\/insightcrime.org\/es\/wp-json\/wp\/v2\/posts"}],"about":[{"href":"https:\/\/insightcrime.org\/es\/wp-json\/wp\/v2\/types\/post"}],"author":[{"embeddable":true,"href":"https:\/\/insightcrime.org\/es\/wp-json\/wp\/v2\/users\/97"}],"replies":[{"embeddable":true,"href":"https:\/\/insightcrime.org\/es\/wp-json\/wp\/v2\/comments?post=5303"}],"version-history":[{"count":1,"href":"https:\/\/insightcrime.org\/es\/wp-json\/wp\/v2\/posts\/5303\/revisions"}],"predecessor-version":[{"id":19509,"href":"https:\/\/insightcrime.org\/es\/wp-json\/wp\/v2\/posts\/5303\/revisions\/19509"}],"wp:featuredmedia":[{"embeddable":true,"href":"https:\/\/insightcrime.org\/es\/wp-json\/wp\/v2\/media\/37380"}],"wp:attachment":[{"href":"https:\/\/insightcrime.org\/es\/wp-json\/wp\/v2\/media?parent=5303"}],"wp:term":[{"taxonomy":"category","embeddable":true,"href":"https:\/\/insightcrime.org\/es\/wp-json\/wp\/v2\/categories?post=5303"},{"taxonomy":"post_tag","embeddable":true,"href":"https:\/\/insightcrime.org\/es\/wp-json\/wp\/v2\/tags?post=5303"},{"taxonomy":"newspack_spnsrs_tax","embeddable":true,"href":"https:\/\/insightcrime.org\/es\/wp-json\/wp\/v2\/newspack_spnsrs_tax?post=5303"},{"taxonomy":"author","embeddable":true,"href":"https:\/\/insightcrime.org\/es\/wp-json\/wp\/v2\/coauthors?post=5303"}],"curies":[{"name":"wp","href":"https:\/\/api.w.org\/{rel}","templated":true}]}}