{"id":5388,"date":"2013-05-01T17:00:12","date_gmt":"2017-03-27T23:53:28","guid":{"rendered":"http:\/\/newwp.insightcrime.org?p=5388"},"modified":"2023-04-24T15:30:21","modified_gmt":"2023-04-24T20:30:21","slug":"colombia-lidera-el-desplazamiento-en-el-mundo-debido-al-conflicto-y-al-crimen-organizado","status":"publish","type":"post","link":"https:\/\/insightcrime.org\/es\/noticias\/noticias-del-dia\/colombia-lidera-el-desplazamiento-en-el-mundo-debido-al-conflicto-y-al-crimen-organizado\/","title":{"rendered":"Colombia Lidera el Desplazamiento en el Mundo Debido al Conflicto y al Crimen Organizado"},"content":{"rendered":"\n<p class=\"wp-block-paragraph\">Colombia sigue teniendo la poblaci\u00f3n internamente desplazada m\u00e1s grande del mundo, seg\u00fan el Centro de Monitoreo del Desplazamiento Interno (Internal Displacement Monitoring Center -IDMC), con cientos de miles de desplazados en 2012 por el conflicto interno del pa\u00eds y las actividades de los grupos criminales.<\/p>\n\n\n\n<p class=\"wp-block-paragraph\">A finales de 2012, el gobierno colombiano hab\u00eda registrado 4,9 millones de personas como desplazadas, de las cuales 230.000 fueron desplazadas ese a\u00f1o. No obstante, el IDMC informa que la cifra real es mucho mayor debido a un retraso en el registro de personas por las Leyes de V\u00edctimas y Restituci\u00f3n de Tierras, y porque el gobierno no tiene registro de personas desplazadas por los grupos sucesores de los paramilitares conocidos como BACRIM (bandas criminales).<\/p>\n\n\n\n<p class=\"wp-block-paragraph\">El informe identifica los combates entre las fuerzas de seguridad y los grupos guerrilleros, los conflictos urbanos entre bandas rivales y las organizaciones narcotraficantes, las amenazas contra las comunidades y l\u00edderes comunitarios, el reclutamiento forzado, y la presi\u00f3n para tomar parte en la miner\u00eda ilegal como los principales impulsores de desplazamiento.<\/p>\n\n\n\n<p class=\"wp-block-paragraph\">Seg\u00fan las estimaciones citadas del ACNUR, hubo 137 desplazamientos masivos en 2012 \u2013 el doble que en 2011 \u2013 en los que m\u00e1s de 9.000 familias se vieron obligadas a abandonar sus hogares. La mayor\u00eda de los desplazamientos masivos fueron causados por las BACRIM.<\/p>\n\n\n\n<p class=\"wp-block-paragraph\">Tambi\u00e9n hubo un aumento en el desplazamiento intra-urbano, ya que la gente se vio obligada a huir de sus hogares en ciudades como Medell\u00edn y Buenaventura debido al aumento de la violencia relacionada con las guerras territoriales entre los grupos criminales.<\/p>\n\n\n\n<p class=\"wp-block-paragraph\">El desplazamiento fue m\u00e1s alto en los departamentos (provincias) de Antioquia, Nari\u00f1o, Cauca, Valle del Cauca y C\u00f3rdoba.<\/p>\n\n\n\n<h3 class=\"wp-block-heading\">An\u00e1lisis de InSight Crime<\/h3>\n\n\n\n<p class=\"wp-block-paragraph\">El informe del IDMC resalta c\u00f3mo el conflicto de Colombia sigue causando miseria masiva en las zonas rurales, pese al debilitamiento de la guerrilla en los \u00faltimos a\u00f1os y las conversaciones de paz en curso en Cuba.<\/p>\n\n\n\n<p class=\"wp-block-paragraph\">No obstante, tambi\u00e9n destaca que gran parte del desplazamiento interno en Colombia no est\u00e1 directamente relacionado con el conflicto, sino con el crimen organizado y las BACRIM, subrayando c\u00f3mo el desplazamiento no dejar\u00e1 de ser un problema si el conflicto llega a su fin.<\/p>\n\n\n\n<p class=\"wp-block-paragraph\">Lea el informe completo aqu\u00ed [<a href=\"https:\/\/www.internal-displacement.org\/8025708F004BE3B1\/(httpInfoFiles)\/DB8A259305B071A8C1257B5C00268DDC\/$file\/global-overview-2012.pdf\" target=\"_blank\">PDF<\/a>].<\/p>\n","protected":false},"excerpt":{"rendered":"<p>Colombia sigue teniendo la poblaci\u00f3n internamente desplazada m\u00e1s grande del mundo, seg\u00fan el Centro de Monitoreo del Desplazamiento Interno (Internal Displacement Monitoring Center -IDMC), con cientos de miles de desplazados en 2012 por el conflicto interno del pa\u00eds y las actividades de los grupos criminales.<\/p>\n","protected":false},"author":16,"featured_media":37511,"comment_status":"closed","ping_status":"closed","sticky":false,"template":"","format":"standard","meta":{"newspack_ads_suppress_ads":false,"newspack_popups_has_disabled_popups":false,"newspack_sponsor_sponsorship_scope":"","newspack_sponsor_native_byline_display":"inherit","newspack_sponsor_native_category_display":"inherit","newspack_sponsor_underwriter_style":"inherit","newspack_sponsor_underwriter_placement":"inherit","_EventAllDay":false,"_EventTimezone":"","_EventStartDate":"","_EventEndDate":"","_EventStartDateUTC":"","_EventEndDateUTC":"","_EventShowMap":false,"_EventShowMapLink":false,"_EventURL":"","_EventCost":"","_EventCostDescription":"","_EventCurrencySymbol":"","_EventCurrencyCode":"","_EventCurrencyPosition":"","_EventDateTimeSeparator":"","_EventTimeRangeSeparator":"","_EventOrganizerID":[],"_EventVenueID":[],"_OrganizerEmail":"","_OrganizerPhone":"","_OrganizerWebsite":"","_VenueAddress":"","_VenueCity":"","_VenueCountry":"","_VenueProvince":"","_VenueState":"","_VenueZip":"","_VenuePhone":"","_VenueURL":"","_VenueStateProvince":"","_VenueLat":"","_VenueLng":"","_VenueShowMap":false,"_VenueShowMapLink":false,"_newspack_byline_active":false,"_newspack_byline":"","newspack_hide_updated_date":false,"newspack_show_updated_date":false,"newspack_featured_image_position":"","newspack_post_subtitle":"","newspack_article_summary_title":"Overview:","newspack_article_summary":"","_jetpack_memberships_contains_paid_content":false,"footnotes":""},"categories":[334],"tags":[368,466,1542],"newspack_spnsrs_tax":[],"coauthors":[3821],"class_list":["post-5388","post","type-post","status-publish","format-standard","has-post-thumbnail","hentry","category-noticias-del-dia","tag-colombia-pais","tag-desplazados","tag-farc-ep","entry"],"parsely":{"version":"1.1.0","canonical_url":"https:\/\/insightcrime.org\/es\/noticias\/noticias-del-dia\/colombia-lidera-el-desplazamiento-en-el-mundo-debido-al-conflicto-y-al-crimen-organizado\/","smart_links":{"inbound":0,"outbound":0},"traffic_boost_suggestions_count":0,"meta":{"@context":"https:\/\/schema.org","@type":"NewsArticle","headline":"Colombia Lidera el Desplazamiento en el Mundo Debido al Conflicto y al Crimen Organizado","url":"http:\/\/insightcrime.org\/es\/noticias\/noticias-del-dia\/colombia-lidera-el-desplazamiento-en-el-mundo-debido-al-conflicto-y-al-crimen-organizado\/","mainEntityOfPage":{"@type":"WebPage","@id":"http:\/\/insightcrime.org\/es\/noticias\/noticias-del-dia\/colombia-lidera-el-desplazamiento-en-el-mundo-debido-al-conflicto-y-al-crimen-organizado\/"},"thumbnailUrl":"https:\/\/i0.wp.com\/insightcrime.org\/wp-content\/uploads\/2013\/05\/es-f56dcf43b7768c6f7ecee39e14ad2696.jpg?resize=150%2C150&quality=100&ssl=1","image":{"@type":"ImageObject","url":"https:\/\/i0.wp.com\/insightcrime.org\/wp-content\/uploads\/2013\/05\/es-f56dcf43b7768c6f7ecee39e14ad2696.jpg?fit=280%2C169&quality=100&ssl=1"},"articleSection":"Noticias del d\u00eda","author":[{"@type":"Person","name":"James Bargent"}],"creator":["James Bargent"],"publisher":{"@type":"Organization","name":"InSight Crime","logo":"https:\/\/insightcrime.org\/wp-content\/uploads\/2023\/08\/logo.png"},"keywords":["colombia","desplazados","farc"],"dateCreated":"2017-03-27T23:53:28Z","datePublished":"2017-03-27T23:53:28Z","dateModified":"2023-04-24T20:30:21Z"},"rendered":"<meta name=\"parsely-title\" content=\"Colombia Lidera el Desplazamiento en el Mundo Debido al Conflicto y al Crimen Organizado\" \/>\n<meta name=\"parsely-link\" content=\"http:\/\/insightcrime.org\/es\/noticias\/noticias-del-dia\/colombia-lidera-el-desplazamiento-en-el-mundo-debido-al-conflicto-y-al-crimen-organizado\/\" \/>\n<meta name=\"parsely-type\" content=\"post\" \/>\n<meta name=\"parsely-image-url\" content=\"https:\/\/i0.wp.com\/insightcrime.org\/wp-content\/uploads\/2013\/05\/es-f56dcf43b7768c6f7ecee39e14ad2696.jpg?resize=150%2C150&amp;quality=100&amp;ssl=1\" \/>\n<meta name=\"parsely-pub-date\" content=\"2017-03-27T23:53:28Z\" \/>\n<meta name=\"parsely-section\" content=\"Noticias del d\u00eda\" \/>\n<meta name=\"parsely-tags\" content=\"colombia,desplazados,farc\" \/>\n<meta name=\"parsely-author\" content=\"James Bargent\" \/>","tracker_url":"https:\/\/cdn.parsely.com\/keys\/insightcrime.org\/p.js"},"jetpack_sharing_enabled":true,"jetpack-related-posts":[{"id":147269,"url":"https:\/\/insightcrime.org\/es\/noticias\/violencia-aumenta-desplazamientos-mexico\/","url_meta":{"origin":5388,"position":0},"title":"Violencia de carteles agudiza desplazamiento interno en M\u00e9xico","author":"Ashley Pechinski","date":"2 de junio de 2021","format":false,"excerpt":"El n\u00famero de poblaci\u00f3n en desplazamiento interno en M\u00e9xico muestra un incremento por primera vez en tres a\u00f1os, lo que indica que los poderosos grupos criminales del pa\u00eds han redoblado el tipo de violencia p\u00fablica que afecta la seguridad ciudadana.","rel":"","context":"En \u00abNoticias\u00bb","block_context":{"text":"Noticias","link":"https:\/\/insightcrime.org\/es\/category\/noticias\/"},"img":{"alt_text":"Members of a vigilante group in Mexico take positions after learning of an alleged imminent attack by a rival group. Five people were killed in a shootout the previous day between the rival civilian self-defence forces. ","src":"https:\/\/i0.wp.com\/insightcrime.org\/wp-content\/uploads\/2021\/05\/2000.jpg?fit=350%2C250&quality=100&ssl=1&resize=350%2C200","width":350,"height":200},"classes":[]},{"id":150190,"url":"https:\/\/insightcrime.org\/es\/noticias\/pandemia-no-detuvo-desplazamientos-colombia\/","url_meta":{"origin":5388,"position":1},"title":"La pandemia no detuvo los desplazamientos en Colombia","author":"Juan Diego Posada","date":"12 de julio de 2021","format":false,"excerpt":"La pandemia no ha hecho nada para reducir los enfrentamientos entre actores criminales en Colombia, con un aumento de la violencia a principios de 2021, lo que ha disparado el n\u00famero de personas que huyen de sus hogares.","rel":"","context":"En \u00abNoticias\u00bb","block_context":{"text":"Noticias","link":"https:\/\/insightcrime.org\/es\/category\/noticias\/"},"img":{"alt_text":"","src":"https:\/\/i0.wp.com\/insightcrime.org\/wp-content\/uploads\/2019\/03\/Colombia-Displacement.jpg?fit=350%2C250&quality=100&ssl=1&resize=350%2C200","width":350,"height":200},"classes":[]},{"id":300346,"url":"https:\/\/insightcrime.org\/es\/noticias\/violencia-transforma-mapa-migratorio-ecuador\/","url_meta":{"origin":5388,"position":2},"title":"La violencia transforma el mapa migratorio de Ecuador","author":"In\u00e9s Fern\u00e1ndez","date":"21 de enero de 2025","format":false,"excerpt":"Un a\u00f1o despu\u00e9s de que el presidente ecuatoriano Daniel Noboa declarara la guerra contra el crimen organizado, el pa\u00eds se enfrenta a un aumento de los desplazamientos, ya que miles de personas huyen de la escalada de violencia y una nueva oleada de migrantes ha llegado a la frontera entre\u2026","rel":"","context":"En \u00abNoticias\u00bb","block_context":{"text":"Noticias","link":"https:\/\/insightcrime.org\/es\/category\/noticias\/"},"img":{"alt_text":"","src":"https:\/\/i0.wp.com\/insightcrime.org\/wp-content\/uploads\/2025\/01\/Cover-1336x768-EN-Migracion-Ecuador-InSightCrime-Ene-2025.jpg?fit=1200%2C690&quality=100&ssl=1&resize=350%2C200","width":350,"height":200,"srcset":"https:\/\/i0.wp.com\/insightcrime.org\/wp-content\/uploads\/2025\/01\/Cover-1336x768-EN-Migracion-Ecuador-InSightCrime-Ene-2025.jpg?fit=1200%2C690&quality=100&ssl=1&resize=350%2C200 1x, https:\/\/i0.wp.com\/insightcrime.org\/wp-content\/uploads\/2025\/01\/Cover-1336x768-EN-Migracion-Ecuador-InSightCrime-Ene-2025.jpg?fit=1200%2C690&quality=100&ssl=1&resize=525%2C300 1.5x, https:\/\/i0.wp.com\/insightcrime.org\/wp-content\/uploads\/2025\/01\/Cover-1336x768-EN-Migracion-Ecuador-InSightCrime-Ene-2025.jpg?fit=1200%2C690&quality=100&ssl=1&resize=700%2C400 2x, https:\/\/i0.wp.com\/insightcrime.org\/wp-content\/uploads\/2025\/01\/Cover-1336x768-EN-Migracion-Ecuador-InSightCrime-Ene-2025.jpg?fit=1200%2C690&quality=100&ssl=1&resize=1050%2C600 3x"},"classes":[]},{"id":179422,"url":"https:\/\/insightcrime.org\/es\/noticias\/violencia-extrema-desplazando-poblacion-michoacan-mexico\/","url_meta":{"origin":5388,"position":3},"title":"Violencia extrema sigue desplazando la poblaci\u00f3n de Michoac\u00e1n, M\u00e9xico","author":"Scott Mistler-Ferguson","date":"3 de marzo de 2022","format":false,"excerpt":"A\u00fan sin esclarecerse las circunstancias que rodearon la ejecuci\u00f3n de 17 personas a plena luz del d\u00eda en un funeral en el estado de Michoac\u00e1n, M\u00e9xico, es indudable que esos episodios de volencia extrema son los responsables del desplazamiento forzado masivo en la regi\u00f3n.\u00a0","rel":"","context":"En \u00abNoticias\u00bb","block_context":{"text":"Noticias","link":"https:\/\/insightcrime.org\/es\/category\/noticias\/"},"img":{"alt_text":"Funcionarios inspeccionan la zona donde se produjo el tiroteo","src":"https:\/\/i0.wp.com\/insightcrime.org\/wp-content\/uploads\/2022\/03\/San-Jose-de-Gracia.jpeg?fit=350%2C250&quality=100&ssl=1&resize=350%2C200","width":350,"height":200},"classes":[]},{"id":349075,"url":"https:\/\/insightcrime.org\/es\/noticias\/ardillos-grupo-criminal-provocado-desplazamientos-masivos-mexico\/","url_meta":{"origin":5388,"position":4},"title":"Familias desplazadas por Los Ardillos regresan a sus hogares en Guerrero, M\u00e9xico","author":"Aranza Jimenez","date":"17 de agosto de 2026","format":false,"excerpt":"Los Ardillos provocaron el desplazamiento de m\u00e1s de 1.000 personas en Guerrero y ahora algunas familias comienzan a regresar. \u00bfQui\u00e9nes son, c\u00f3mo operan y c\u00f3mo gan\u00f3 poder este grupo criminal?","rel":"","context":"En \u00abNoticias\u00bb","block_context":{"text":"Noticias","link":"https:\/\/insightcrime.org\/es\/category\/noticias\/"},"img":{"alt_text":"","src":"https:\/\/i0.wp.com\/insightcrime.org\/wp-content\/uploads\/2026\/08\/Impact-Ardillos-Mexico.jpg?fit=1200%2C675&quality=100&ssl=1&resize=350%2C200","width":350,"height":200,"srcset":"https:\/\/i0.wp.com\/insightcrime.org\/wp-content\/uploads\/2026\/08\/Impact-Ardillos-Mexico.jpg?fit=1200%2C675&quality=100&ssl=1&resize=350%2C200 1x, https:\/\/i0.wp.com\/insightcrime.org\/wp-content\/uploads\/2026\/08\/Impact-Ardillos-Mexico.jpg?fit=1200%2C675&quality=100&ssl=1&resize=525%2C300 1.5x, https:\/\/i0.wp.com\/insightcrime.org\/wp-content\/uploads\/2026\/08\/Impact-Ardillos-Mexico.jpg?fit=1200%2C675&quality=100&ssl=1&resize=700%2C400 2x, https:\/\/i0.wp.com\/insightcrime.org\/wp-content\/uploads\/2026\/08\/Impact-Ardillos-Mexico.jpg?fit=1200%2C675&quality=100&ssl=1&resize=1050%2C600 3x"},"classes":[]},{"id":206733,"url":"https:\/\/insightcrime.org\/es\/noticias\/asesinatos-lideres-sociales-aumenta-colombia-paz-total\/","url_meta":{"origin":5388,"position":5},"title":"Asesinato de l\u00edderes sociales en Colombia aumenta a pesar de la &#8216;Paz Total&#8217;","author":"Alejandra Rodriguez","date":"15 de diciembre de 2022","format":false,"excerpt":"Los asesinatos de l\u00edderes sociales en Colombia han alcanzado su punto m\u00e1s alto en los \u00faltimos seis a\u00f1os, lo que sugiere que la violencia en las regiones m\u00e1s afectadas del pa\u00eds no se ha visto afectada por los planes de paz del actual gobierno.","rel":"","context":"En \u00abNoticias\u00bb","block_context":{"text":"Noticias","link":"https:\/\/insightcrime.org\/es\/category\/noticias\/"},"img":{"alt_text":"Durante las marchas en Colombia, muchas personas ped\u00edan respetar a los l\u00edderes sociales","src":"https:\/\/i0.wp.com\/insightcrime.org\/wp-content\/uploads\/2022\/12\/Lideres-sociales.jpg?fit=350%2C250&quality=100&ssl=1&resize=350%2C200","width":350,"height":200},"classes":[]}],"jetpack_featured_media_url":"https:\/\/i0.wp.com\/insightcrime.org\/wp-content\/uploads\/2013\/05\/es-f56dcf43b7768c6f7ecee39e14ad2696.jpg?fit=280%2C169&quality=100&ssl=1","_links":{"self":[{"href":"https:\/\/insightcrime.org\/es\/wp-json\/wp\/v2\/posts\/5388","targetHints":{"allow":["GET"]}}],"collection":[{"href":"https:\/\/insightcrime.org\/es\/wp-json\/wp\/v2\/posts"}],"about":[{"href":"https:\/\/insightcrime.org\/es\/wp-json\/wp\/v2\/types\/post"}],"author":[{"embeddable":true,"href":"https:\/\/insightcrime.org\/es\/wp-json\/wp\/v2\/users\/16"}],"replies":[{"embeddable":true,"href":"https:\/\/insightcrime.org\/es\/wp-json\/wp\/v2\/comments?post=5388"}],"version-history":[{"count":1,"href":"https:\/\/insightcrime.org\/es\/wp-json\/wp\/v2\/posts\/5388\/revisions"}],"predecessor-version":[{"id":19637,"href":"https:\/\/insightcrime.org\/es\/wp-json\/wp\/v2\/posts\/5388\/revisions\/19637"}],"wp:featuredmedia":[{"embeddable":true,"href":"https:\/\/insightcrime.org\/es\/wp-json\/wp\/v2\/media\/37511"}],"wp:attachment":[{"href":"https:\/\/insightcrime.org\/es\/wp-json\/wp\/v2\/media?parent=5388"}],"wp:term":[{"taxonomy":"category","embeddable":true,"href":"https:\/\/insightcrime.org\/es\/wp-json\/wp\/v2\/categories?post=5388"},{"taxonomy":"post_tag","embeddable":true,"href":"https:\/\/insightcrime.org\/es\/wp-json\/wp\/v2\/tags?post=5388"},{"taxonomy":"newspack_spnsrs_tax","embeddable":true,"href":"https:\/\/insightcrime.org\/es\/wp-json\/wp\/v2\/newspack_spnsrs_tax?post=5388"},{"taxonomy":"author","embeddable":true,"href":"https:\/\/insightcrime.org\/es\/wp-json\/wp\/v2\/coauthors?post=5388"}],"curies":[{"name":"wp","href":"https:\/\/api.w.org\/{rel}","templated":true}]}}