{"id":5466,"date":"2013-05-20T16:02:48","date_gmt":"2017-03-27T23:53:51","guid":{"rendered":"http:\/\/newwp.insightcrime.org?p=5466"},"modified":"2023-04-24T15:30:50","modified_gmt":"2023-04-24T20:30:50","slug":"urabenos-tomando-control-trafico-de-drogas-farc","status":"publish","type":"post","link":"https:\/\/insightcrime.org\/es\/noticias\/noticias-del-dia\/urabenos-tomando-control-trafico-de-drogas-farc\/","title":{"rendered":"&#8216;Los Gaitanistas Est\u00e1n Tomando el Control del Tr\u00e1fico de Drogas de las FARC&#8217;"},"content":{"rendered":"\n<p class=\"wp-block-paragraph\">Presuntamente, Los Gaitanistas est\u00e1n reclutando a ex guerrilleros de las FARC y se han apoderado de una parte de las operaciones de narcotr\u00e1fico de la guerrilla, lo que sugiere que el grupo criminal ya est\u00e1 dispuesto a tomar ventaja de una posible desmovilizaci\u00f3n de las FARC.<\/p>\n\n\n\n<p class=\"wp-block-paragraph\">Jorge Restrepo, director del Centro de Recursos para el An\u00e1lisis de Conflictos (<a href=\"https:\/\/www.cerac.org.co\/en\/\" target=\"_blank\" rel=\"noopener\">CERAC<\/a>), <a href=\"https:\/\/america.infobae.com\/notas\/71724--Colombia-Urabenos-absorben-rutas-de-las-FARC\" target=\"_blank\" rel=\"noopener\">dijo a EFE<\/a> que Los Gaitanistas, tambi\u00e9n conocidos como Clan del Golfo, Urabe\u00f1os y Autodefensas Gaitanistas de Colombia (AGC), ya han hecho incursiones al interior del territorio controlado por las Fuerzas Armadas Revolucionarias de Colombia (FARC) en el departamento (provincia) fronterizo de Nari\u00f1o, al sur del pa\u00eds, y en la regi\u00f3n del Bajo Cauca, en el norte.<\/p>\n\n\n\n<p class=\"wp-block-paragraph\">Seg\u00fan Restrepo, las AGC no est\u00e1n tratando de fusionarse con los frentes de las FARC, sino que est\u00e1n cooptando a los guerrilleros, uno por uno. La organizaci\u00f3n criminal tambi\u00e9n est\u00e1 comprando campos de cultivos il\u00edcitos y las rutas del narcotr\u00e1fico, otrora controladas por la guerrilla, agreg\u00f3 Restrepo. En por lo menos una parte del pa\u00eds \u2013 la costa Pac\u00edfica, a lo largo de los departamentos de Nari\u00f1o y Cauca \u2013 las AGC est\u00e1n en conflicto con las FARC y con sus rivales, los Rastrojos, por el control de la regi\u00f3n, dijo Restrepo.<\/p>\n\n\n\n<h3 class=\"wp-block-heading\">An\u00e1lisis de InSight Crime<\/h3>\n\n\n\n<p class=\"wp-block-paragraph\">Las <a href=\"https:\/\/insightcrime.org\/news\/analysis\/colombia-to-negotiate-with-farc\/\" target=\"_blank\" rel=\"noopener\">conversaciones de paz entre el gobierno colombiano y las FARC<\/a>, que comenzaron en octubre de 2012, han continuado a un ritmo m\u00e1s lento. No obstante, ha habido varios indicios, en el mundo criminal de Colombia, de que la guerrilla espera que las negociaciones sean exitosas.<\/p>\n\n\n\n<p class=\"wp-block-paragraph\">En marzo, hubo informes de que varios <a href=\"https:\/\/es.insightcrime.org\/noticias\/noticias-del-dia\/el-tiempo-colombia-cartel-de-sinaloa-ya-esta-en-cinco-zonas-del-pais\/\" target=\"_blank\" rel=\"noopener\">mandos medios de las FARC estaban vendiendo su participaci\u00f3n en el comercio de drogas, en el oriente de Colombia<\/a>, al Cartel de Sinaloa de M\u00e9xico. Los recientes comentarios de Restrepo sugieren que las AGC tambi\u00e9n est\u00e1n tratando de aprovecharse del posible retiro de las FARC del negocio del narcotr\u00e1fico.<\/p>\n\n\n\n<p class=\"wp-block-paragraph\">La lucha por el control de las operaciones del narcotr\u00e1fico, anteriormente administradas por las FARC, es uno de los problemas m\u00e1s graves que plantea la posible desmovilizaci\u00f3n de la guerrilla. Si los guerrilleros est\u00e1n de acuerdo en dejar las armas, \u00bfqu\u00e9 va a pasar con las actividades criminales \u2013 el narcotr\u00e1fico, la extorsi\u00f3n, la miner\u00eda de oro \u2013 que alguna vez administraron? Probablemente, abordar estos problemas ser\u00e1 el reto m\u00e1s importante, en materia de seguridad, que enfrenta el gobierno de Colombia, si las conversaciones de paz resultan en el desmantelamiento de las FARC.<\/p>\n\n\n\n<p class=\"wp-block-paragraph\">Tambi\u00e9n existe el riesgo de que, independientemente de si el proceso de paz tiene \u00e9xito o no, las FARC contin\u00faen fragment\u00e1ndose e involucr\u00e1ndose m\u00e1s en las actividades criminales. Una investigaci\u00f3n especial, en seis partes, sobre la posible criminalizaci\u00f3n de las FARC, que InSight Crime publicar\u00e1 el 21 de mayo, examina algunas de estas preguntas.<\/p>\n","protected":false},"excerpt":{"rendered":"<p>Presuntamente, los Urabe\u00f1os est\u00e1n reclutando a ex guerrilleros de las FARC y se han apoderado de una parte de las operaciones de narcotr\u00e1fico de la guerrilla, lo que sugiere que el grupo criminal ya est\u00e1 dispuesto a tomar ventaja de una posible desmovilizaci\u00f3n de las FARC.<\/p>\n","protected":false},"author":16,"featured_media":37643,"comment_status":"closed","ping_status":"closed","sticky":false,"template":"","format":"standard","meta":{"newspack_ads_suppress_ads":false,"newspack_popups_has_disabled_popups":false,"newspack_sponsor_sponsorship_scope":"","newspack_sponsor_native_byline_display":"inherit","newspack_sponsor_native_category_display":"inherit","newspack_sponsor_underwriter_style":"inherit","newspack_sponsor_underwriter_placement":"inherit","_EventAllDay":false,"_EventTimezone":"","_EventStartDate":"","_EventEndDate":"","_EventStartDateUTC":"","_EventEndDateUTC":"","_EventShowMap":false,"_EventShowMapLink":false,"_EventURL":"","_EventCost":"","_EventCostDescription":"","_EventCurrencySymbol":"","_EventCurrencyCode":"","_EventCurrencyPosition":"","_EventDateTimeSeparator":"","_EventTimeRangeSeparator":"","_EventOrganizerID":[],"_EventVenueID":[],"_OrganizerEmail":"","_OrganizerPhone":"","_OrganizerWebsite":"","_VenueAddress":"","_VenueCity":"","_VenueCountry":"","_VenueProvince":"","_VenueState":"","_VenueZip":"","_VenuePhone":"","_VenueURL":"","_VenueStateProvince":"","_VenueLat":"","_VenueLng":"","_VenueShowMap":false,"_VenueShowMapLink":false,"_newspack_byline_active":false,"_newspack_byline":"","newspack_hide_updated_date":false,"newspack_show_updated_date":false,"newspack_featured_image_position":"","newspack_post_subtitle":"","newspack_article_summary_title":"Overview:","newspack_article_summary":"","_jetpack_memberships_contains_paid_content":false,"footnotes":""},"categories":[334],"tags":[368,1542,2927],"newspack_spnsrs_tax":[],"coauthors":[3821],"class_list":["post-5466","post","type-post","status-publish","format-standard","has-post-thumbnail","hentry","category-noticias-del-dia","tag-colombia-pais","tag-farc-ep","tag-gaitanistas","entry"],"parsely":{"version":"1.1.0","canonical_url":"https:\/\/insightcrime.org\/es\/noticias\/noticias-del-dia\/urabenos-tomando-control-trafico-de-drogas-farc\/","smart_links":{"inbound":0,"outbound":0},"traffic_boost_suggestions_count":0,"meta":{"@context":"https:\/\/schema.org","@type":"NewsArticle","headline":"&#8216;Los Gaitanistas Est\u00e1n Tomando el Control del Tr\u00e1fico de Drogas de las FARC&#8217;","url":"http:\/\/insightcrime.org\/es\/noticias\/noticias-del-dia\/urabenos-tomando-control-trafico-de-drogas-farc\/","mainEntityOfPage":{"@type":"WebPage","@id":"http:\/\/insightcrime.org\/es\/noticias\/noticias-del-dia\/urabenos-tomando-control-trafico-de-drogas-farc\/"},"thumbnailUrl":"https:\/\/i0.wp.com\/insightcrime.org\/wp-content\/uploads\/2013\/05\/es-9f22243a86c1464dc34f5ff24fbe2e72.jpg?resize=150%2C150&quality=100&ssl=1","image":{"@type":"ImageObject","url":"https:\/\/i0.wp.com\/insightcrime.org\/wp-content\/uploads\/2013\/05\/es-9f22243a86c1464dc34f5ff24fbe2e72.jpg?fit=280%2C169&quality=100&ssl=1"},"articleSection":"Noticias del d\u00eda","author":[{"@type":"Person","name":"James Bargent"}],"creator":["James Bargent"],"publisher":{"@type":"Organization","name":"InSight Crime","logo":"https:\/\/insightcrime.org\/wp-content\/uploads\/2023\/08\/logo.png"},"keywords":["colombia","farc","gaitanistas"],"dateCreated":"2017-03-27T23:53:51Z","datePublished":"2017-03-27T23:53:51Z","dateModified":"2023-04-24T20:30:50Z"},"rendered":"<meta name=\"parsely-title\" content=\"&#8216;Los Gaitanistas Est\u00e1n Tomando el Control del Tr\u00e1fico de Drogas de las FARC&#8217;\" \/>\n<meta name=\"parsely-link\" content=\"http:\/\/insightcrime.org\/es\/noticias\/noticias-del-dia\/urabenos-tomando-control-trafico-de-drogas-farc\/\" \/>\n<meta name=\"parsely-type\" content=\"post\" \/>\n<meta name=\"parsely-image-url\" content=\"https:\/\/i0.wp.com\/insightcrime.org\/wp-content\/uploads\/2013\/05\/es-9f22243a86c1464dc34f5ff24fbe2e72.jpg?resize=150%2C150&amp;quality=100&amp;ssl=1\" \/>\n<meta name=\"parsely-pub-date\" content=\"2017-03-27T23:53:51Z\" \/>\n<meta name=\"parsely-section\" content=\"Noticias del d\u00eda\" \/>\n<meta name=\"parsely-tags\" content=\"colombia,farc,gaitanistas\" \/>\n<meta name=\"parsely-author\" content=\"James Bargent\" \/>","tracker_url":"https:\/\/cdn.parsely.com\/keys\/insightcrime.org\/p.js"},"jetpack_sharing_enabled":true,"jetpack-related-posts":[{"id":166445,"url":"https:\/\/insightcrime.org\/es\/noticias\/apuesta-urabenos-venezuela-podria-fallando\/","url_meta":{"origin":5466,"position":0},"title":"La apuesta de Los Gaitanistas por Venezuela podr\u00eda estar fallando","author":"Juan Diego Posada","date":"2 de septiembre de 2021","format":false,"excerpt":"Los Urabe\u00f1os, uno de los grupos de narcotr\u00e1fico dominantes en Colombia, aparentemente est\u00e1n intensificando sus operaciones a lo largo de la frontera entre Colombia y Venezuela, una t\u00e1ctica que probablemente fomentar\u00e1 m\u00e1s violencia en una regi\u00f3n ya de por s\u00ed peligrosa.","rel":"","context":"En \u00abNoticias\u00bb","block_context":{"text":"Noticias","link":"https:\/\/insightcrime.org\/es\/category\/noticias\/"},"img":{"alt_text":"Urabe\u00f1os ","src":"https:\/\/i0.wp.com\/insightcrime.org\/wp-content\/uploads\/2021\/09\/capturados_clan_del_golfo_0.jpg?fit=350%2C250&quality=100&ssl=1&resize=350%2C200","width":350,"height":200},"classes":[]},{"id":195314,"url":"https:\/\/insightcrime.org\/es\/noticias\/eln-urabenos-reabren-frente-guerra-criminal-colombia\/","url_meta":{"origin":5466,"position":1},"title":"ELN y Gaitanistas reabren frente de guerra en un eje criminal de Colombia","author":"Juliana Manjarr\u00e9s","date":"16 de agosto de 2022","format":false,"excerpt":"Despu\u00e9s de tres a\u00f1os, se vuelven a presentar enfrentamientos entre el ELN y Los Urabe\u00f1os en el departamento de Bol\u00edvar, al norte de Colombia. Mientras tanto, ambos grupos buscan iniciar conversaciones de paz con el gobierno nacional.","rel":"","context":"En \u00abNoticias\u00bb","block_context":{"text":"Noticias","link":"https:\/\/insightcrime.org\/es\/category\/noticias\/"},"img":{"alt_text":"Miembros de la Defensor\u00eda del Pueblo evac\u00faan familias del sur de Bol\u00edvar","src":"https:\/\/i0.wp.com\/insightcrime.org\/wp-content\/uploads\/2022\/08\/1628778114_155079_1628778247_noticia_normal_recorte1-1.jpeg?fit=350%2C202&quality=100&ssl=1&resize=350%2C200","width":350,"height":200},"classes":[]},{"id":233319,"url":"https:\/\/insightcrime.org\/es\/colombia-organized-crime-news\/los-caparrapos\/","url_meta":{"origin":5466,"position":2},"title":"Los Caparros","author":"InSight Crime","date":"15 de enero de 2024","format":false,"excerpt":"Los Caparros son un grupo criminal colombiano relacionado con el tr\u00e1fico de drogas en Antioquia y C\u00f3rdoba.","rel":"","context":"En \u00abColombia\u00bb","block_context":{"text":"Colombia","link":"https:\/\/insightcrime.org\/category\/colombia-organized-crime-news\/"},"img":{"alt_text":"Grupo criminal - Los Caparros - Colombia.","src":"https:\/\/i0.wp.com\/insightcrime.org\/wp-content\/uploads\/2026\/08\/Grupo-Criminal-Los-Caparros-Colombia.jpg?fit=1200%2C900&quality=100&ssl=1&resize=350%2C200","width":350,"height":200,"srcset":"https:\/\/i0.wp.com\/insightcrime.org\/wp-content\/uploads\/2026\/08\/Grupo-Criminal-Los-Caparros-Colombia.jpg?fit=1200%2C900&quality=100&ssl=1&resize=350%2C200 1x, https:\/\/i0.wp.com\/insightcrime.org\/wp-content\/uploads\/2026\/08\/Grupo-Criminal-Los-Caparros-Colombia.jpg?fit=1200%2C900&quality=100&ssl=1&resize=525%2C300 1.5x, https:\/\/i0.wp.com\/insightcrime.org\/wp-content\/uploads\/2026\/08\/Grupo-Criminal-Los-Caparros-Colombia.jpg?fit=1200%2C900&quality=100&ssl=1&resize=700%2C400 2x, https:\/\/i0.wp.com\/insightcrime.org\/wp-content\/uploads\/2026\/08\/Grupo-Criminal-Los-Caparros-Colombia.jpg?fit=1200%2C900&quality=100&ssl=1&resize=1050%2C600 3x"},"classes":[]},{"id":129457,"url":"https:\/\/insightcrime.org\/es\/noticias\/nueva-alianza-criminal-combate-al-eln-en-la-frontera-colombia-venezuela\/","url_meta":{"origin":5466,"position":3},"title":"Nueva alianza criminal combate al ELN en la frontera Colombia-Venezuela","author":"Juan Diego Posada","date":"19 de enero de 2021","format":false,"excerpt":"Una nueva alianza entre dos grupos criminales se estar\u00eda gestando en la frontera entre Colombia y Venezuela, para retomar el control de las principales econom\u00edas criminales. Urabe\u00f1os y Rastrojos habr\u00edan unido fuerzas para contrarrestar al Ej\u00e9rcito de Liberaci\u00f3n Nacional (ELN).","rel":"","context":"En \u00abNoticias\u00bb","block_context":{"text":"Noticias","link":"https:\/\/insightcrime.org\/es\/category\/noticias\/"},"img":{"alt_text":"","src":"https:\/\/i0.wp.com\/insightcrime.org\/wp-content\/uploads\/2021\/01\/ELN-Frontera.jpg?fit=350%2C250&quality=100&ssl=1&resize=350%2C200","width":350,"height":200},"classes":[]},{"id":186437,"url":"https:\/\/insightcrime.org\/es\/noticias\/grupos-criminales-amenazan-las-elecciones-en-colombia\/","url_meta":{"origin":5466,"position":4},"title":"Grupos criminales amenazan las elecciones en Colombia","author":"Alicia Florez","date":"27 de mayo de 2022","format":false,"excerpt":"Colombia pas\u00f3 de tener las elecciones m\u00e1s pac\u00edficas en 2018 a las m\u00e1s violentas en 2022.","rel":"","context":"En \u00abNoticias\u00bb","block_context":{"text":"Noticias","link":"https:\/\/insightcrime.org\/es\/category\/noticias\/"},"img":{"alt_text":"","src":"https:\/\/i0.wp.com\/insightcrime.org\/wp-content\/uploads\/2022\/05\/Paro-armado-1.jpg?fit=350%2C250&quality=100&ssl=1&resize=350%2C200","width":350,"height":200},"classes":[]},{"id":123194,"url":"https:\/\/insightcrime.org\/es\/noticias\/urabenos-narcotrafico-colombia\/","url_meta":{"origin":5466,"position":5},"title":"Los Gaitanistas reactivan una antigua ruta de narcotr\u00e1fico al norte de Colombia","author":"Lara Loaiza","date":"8 de septiembre de 2020","format":false,"excerpt":"Las recientes denuncias sobre la presencia de los Urabe\u00f1os en los Montes de Mar\u00eda en Colombia apuntan a reactivar una de sus viejas rutas de narcotr\u00e1fico y denotan su posible debilidad en otras regiones del pa\u00eds para aprovechar las econom\u00edas criminales.","rel":"","context":"En \u00abNoticias\u00bb","block_context":{"text":"Noticias","link":"https:\/\/insightcrime.org\/es\/category\/noticias\/"},"img":{"alt_text":"","src":"https:\/\/i0.wp.com\/insightcrime.org\/wp-content\/uploads\/2020\/09\/Urabe%C3%B1os.jpg?fit=350%2C250&quality=100&ssl=1&resize=350%2C200","width":350,"height":200},"classes":[]}],"jetpack_featured_media_url":"https:\/\/i0.wp.com\/insightcrime.org\/wp-content\/uploads\/2013\/05\/es-9f22243a86c1464dc34f5ff24fbe2e72.jpg?fit=280%2C169&quality=100&ssl=1","_links":{"self":[{"href":"https:\/\/insightcrime.org\/es\/wp-json\/wp\/v2\/posts\/5466","targetHints":{"allow":["GET"]}}],"collection":[{"href":"https:\/\/insightcrime.org\/es\/wp-json\/wp\/v2\/posts"}],"about":[{"href":"https:\/\/insightcrime.org\/es\/wp-json\/wp\/v2\/types\/post"}],"author":[{"embeddable":true,"href":"https:\/\/insightcrime.org\/es\/wp-json\/wp\/v2\/users\/16"}],"replies":[{"embeddable":true,"href":"https:\/\/insightcrime.org\/es\/wp-json\/wp\/v2\/comments?post=5466"}],"version-history":[{"count":2,"href":"https:\/\/insightcrime.org\/es\/wp-json\/wp\/v2\/posts\/5466\/revisions"}],"predecessor-version":[{"id":212274,"href":"https:\/\/insightcrime.org\/es\/wp-json\/wp\/v2\/posts\/5466\/revisions\/212274"}],"wp:featuredmedia":[{"embeddable":true,"href":"https:\/\/insightcrime.org\/es\/wp-json\/wp\/v2\/media\/37643"}],"wp:attachment":[{"href":"https:\/\/insightcrime.org\/es\/wp-json\/wp\/v2\/media?parent=5466"}],"wp:term":[{"taxonomy":"category","embeddable":true,"href":"https:\/\/insightcrime.org\/es\/wp-json\/wp\/v2\/categories?post=5466"},{"taxonomy":"post_tag","embeddable":true,"href":"https:\/\/insightcrime.org\/es\/wp-json\/wp\/v2\/tags?post=5466"},{"taxonomy":"newspack_spnsrs_tax","embeddable":true,"href":"https:\/\/insightcrime.org\/es\/wp-json\/wp\/v2\/newspack_spnsrs_tax?post=5466"},{"taxonomy":"author","embeddable":true,"href":"https:\/\/insightcrime.org\/es\/wp-json\/wp\/v2\/coauthors?post=5466"}],"curies":[{"name":"wp","href":"https:\/\/api.w.org\/{rel}","templated":true}]}}