{"id":5486,"date":"2013-05-23T18:47:01","date_gmt":"2017-03-27T23:53:57","guid":{"rendered":"http:\/\/newwp.insightcrime.org?p=5486"},"modified":"2023-04-24T15:30:57","modified_gmt":"2023-04-24T20:30:57","slug":"narcotraficantes-liberados-por-garcia-en-peru-son-recapturados","status":"publish","type":"post","link":"https:\/\/insightcrime.org\/es\/noticias\/noticias-del-dia\/narcotraficantes-liberados-por-garcia-en-peru-son-recapturados\/","title":{"rendered":"Narcotraficantes Liberados por Garc\u00eda en Per\u00fa son Recapturados"},"content":{"rendered":"\n<p class=\"wp-block-paragraph\">Ochenta y cinco narcotraficantes, cuyas condenas fueron conmutadas por el ex Presidente Alan Garc\u00eda de Per\u00fa, han sido nuevamente detenidos por cargos de drogas, cuestionando a\u00fan m\u00e1s las razones de sus liberaciones.<\/p>\n\n\n\n<p class=\"wp-block-paragraph\">Los miembros del gobierno de Garc\u00eda han estado bajo intensa presi\u00f3n, despu\u00e9s de que una investigaci\u00f3n por parte una <a href=\"\/news\/briefs\/ex-peru-president-pardoned-400-drug-traffickers\" target=\"_blank\">\u201cmega-comisi\u00f3n\u201d<\/a>, especialmente formada en el congreso, revelara que 400 personas condenadas por delitos relacionados a las drogas recibieron indultos presidenciales o reducciones de condena durante la presidencia de Garc\u00eda.<\/p>\n\n\n\n<p class=\"wp-block-paragraph\">Garc\u00eda y sus aliados defendieron su pol\u00edtica diciendo que fue dise\u00f1ada para reducir el hacinamiento en las c\u00e1rceles, liberando a aquellos en el \u00faltimo pelda\u00f1o del narcotr\u00e1fico. No obstante, los arrestos realizados desde entonces muestran c\u00f3mo muchos de los presos liberados inmediatamente volvieron al tr\u00e1fico de drogas como miembros y dirigentes de operaciones del narcotr\u00e1fico internacional, <a href=\"https:\/\/www.larepublica.pe\/23-05-2013\/85-narcotraficantes-que-recibieron-la-gracia-presidencial-fueron-recapturados-por-la-dinandro\" target=\"_blank\">inform\u00f3 La Rep\u00fablica.<\/a><\/p>\n\n\n\n<p class=\"wp-block-paragraph\">Entre los que fueron nuevamente arrestados hab\u00eda 50 extranjeros, que debieron haber dejado Per\u00fa luego de su liberaci\u00f3n.<\/p>\n\n\n\n<h3 class=\"wp-block-heading\">An\u00e1lisis de InSight Crime<\/h3>\n\n\n\n<p class=\"wp-block-paragraph\">La noticia de los presos liberados que regresan a puestos de alto nivel en el narcotr\u00e1fico, luego de las <a href=\"\/noticias\/noticias-del-dia\/traficante-de-drogas-de-peru-acusa-al-gobierno-de-garcia-de-vender-rebajas-de-penas\" target=\"_blank\">recientes acusaciones hechas por un traficante de drogas de alto nivel<\/a>&nbsp;que dijo que las rebajas de penas estaban a la venta bajo la pasada administraci\u00f3n, socava fatalmente el argumento de Garc\u00eda de que la pol\u00edtica de liberaci\u00f3n temprana tuviera motivos humanitarios.<\/p>\n\n\n\n<p class=\"wp-block-paragraph\">Tambi\u00e9n suceden luego de&nbsp;<a href=\"https:\/\/noticias.terra.com.pe\/nacional\/ultimos-tres-expresidentes-en-el-ojo-de-la-tormenta-politica-en-peru%2c0f832278212ce310VgnCLD2000000dc6eb0aRCRD.html\" target=\"_blank\">declaraciones<\/a> formuladas anteriormente en la misma semana en contra de Garc\u00eda, con respecto a acuerdos inmobiliarios ilegales y de enriquecimiento personal, dando m\u00e1s pistas sobre la corrupci\u00f3n en su administraci\u00f3n.<\/p>\n\n\n\n<p class=\"wp-block-paragraph\">Sin embargo, Garc\u00eda no es el \u00fanico en este sentido, y la corrupci\u00f3n pol\u00edtica en Per\u00fa es un problema que lleva ya bastante tiempo. De sus dos inmediatos predecesores, Alejandro Toledo tambi\u00e9n est\u00e1 enfrentando acusaciones de acuerdos corruptos de propiedad, mientras que Alberto Fujimori est\u00e1 en la c\u00e1rcel, acusado de malversaci\u00f3n de fondos y abusos contra los Derechos Humanos.<\/p>\n\n\n\n<p class=\"wp-block-paragraph\">La posici\u00f3n de Per\u00fa como el principal exportador de coca\u00edna del mundo, sin duda, juega un importante papel en esto. Mientras que el comercio de droga todav\u00eda no lleva al pa\u00eds la violencia de los mega carteles y las guerras de las drogas vistas en Colombia y M\u00e9xico, parece haber corrompido totalmente algunas de las instituciones del pa\u00eds.<\/p>\n","protected":false},"excerpt":{"rendered":"<p>Ochenta y cinco narcotraficantes, cuyas condenas fueron conmutadas por el ex Presidente Alan Garc\u00eda de Per\u00fa, han sido nuevamente detenidos por cargos de drogas, cuestionando a\u00fan m\u00e1s las razones de sus liberaciones.<\/p>\n","protected":false},"author":16,"featured_media":37688,"comment_status":"closed","ping_status":"closed","sticky":false,"template":"","format":"standard","meta":{"newspack_ads_suppress_ads":false,"newspack_popups_has_disabled_popups":false,"newspack_sponsor_sponsorship_scope":"","newspack_sponsor_native_byline_display":"inherit","newspack_sponsor_native_category_display":"inherit","newspack_sponsor_underwriter_style":"inherit","newspack_sponsor_underwriter_placement":"inherit","_EventAllDay":false,"_EventTimezone":"","_EventStartDate":"","_EventEndDate":"","_EventStartDateUTC":"","_EventEndDateUTC":"","_EventShowMap":false,"_EventShowMapLink":false,"_EventURL":"","_EventCost":"","_EventCostDescription":"","_EventCurrencySymbol":"","_EventCurrencyCode":"","_EventCurrencyPosition":"","_EventDateTimeSeparator":"","_EventTimeRangeSeparator":"","_EventOrganizerID":[],"_EventVenueID":[],"_OrganizerEmail":"","_OrganizerPhone":"","_OrganizerWebsite":"","_VenueAddress":"","_VenueCity":"","_VenueCountry":"","_VenueProvince":"","_VenueState":"","_VenueZip":"","_VenuePhone":"","_VenueURL":"","_VenueStateProvince":"","_VenueLat":"","_VenueLng":"","_VenueShowMap":false,"_VenueShowMapLink":false,"_newspack_byline_active":false,"_newspack_byline":"","newspack_hide_updated_date":false,"newspack_show_updated_date":false,"newspack_featured_image_position":"","newspack_post_subtitle":"","newspack_article_summary_title":"Overview:","newspack_article_summary":"","_jetpack_memberships_contains_paid_content":false,"footnotes":""},"categories":[334],"tags":[409],"newspack_spnsrs_tax":[],"coauthors":[3821],"class_list":["post-5486","post","type-post","status-publish","format-standard","has-post-thumbnail","hentry","category-noticias-del-dia","tag-peru-pais","entry"],"parsely":{"version":"1.1.0","canonical_url":"https:\/\/insightcrime.org\/es\/noticias\/noticias-del-dia\/narcotraficantes-liberados-por-garcia-en-peru-son-recapturados\/","smart_links":{"inbound":0,"outbound":0},"traffic_boost_suggestions_count":0,"meta":{"@context":"https:\/\/schema.org","@type":"NewsArticle","headline":"Narcotraficantes Liberados por Garc\u00eda en Per\u00fa son Recapturados","url":"http:\/\/insightcrime.org\/es\/noticias\/noticias-del-dia\/narcotraficantes-liberados-por-garcia-en-peru-son-recapturados\/","mainEntityOfPage":{"@type":"WebPage","@id":"http:\/\/insightcrime.org\/es\/noticias\/noticias-del-dia\/narcotraficantes-liberados-por-garcia-en-peru-son-recapturados\/"},"thumbnailUrl":"https:\/\/i0.wp.com\/insightcrime.org\/wp-content\/uploads\/2013\/05\/es-fe40d07bc0dc8a93c10b26a018d402d5.jpg?resize=150%2C150&quality=100&ssl=1","image":{"@type":"ImageObject","url":"https:\/\/i0.wp.com\/insightcrime.org\/wp-content\/uploads\/2013\/05\/es-fe40d07bc0dc8a93c10b26a018d402d5.jpg?fit=280%2C169&quality=100&ssl=1"},"articleSection":"Noticias del d\u00eda","author":[{"@type":"Person","name":"James Bargent"}],"creator":["James Bargent"],"publisher":{"@type":"Organization","name":"InSight Crime","logo":"https:\/\/insightcrime.org\/wp-content\/uploads\/2023\/08\/logo.png"},"keywords":["per\u00fa"],"dateCreated":"2017-03-27T23:53:57Z","datePublished":"2017-03-27T23:53:57Z","dateModified":"2023-04-24T20:30:57Z"},"rendered":"<meta name=\"parsely-title\" content=\"Narcotraficantes Liberados por Garc\u00eda en Per\u00fa son Recapturados\" \/>\n<meta name=\"parsely-link\" content=\"http:\/\/insightcrime.org\/es\/noticias\/noticias-del-dia\/narcotraficantes-liberados-por-garcia-en-peru-son-recapturados\/\" \/>\n<meta name=\"parsely-type\" content=\"post\" \/>\n<meta name=\"parsely-image-url\" content=\"https:\/\/i0.wp.com\/insightcrime.org\/wp-content\/uploads\/2013\/05\/es-fe40d07bc0dc8a93c10b26a018d402d5.jpg?resize=150%2C150&amp;quality=100&amp;ssl=1\" \/>\n<meta name=\"parsely-pub-date\" content=\"2017-03-27T23:53:57Z\" \/>\n<meta name=\"parsely-section\" content=\"Noticias del d\u00eda\" \/>\n<meta name=\"parsely-tags\" content=\"per\u00fa\" \/>\n<meta name=\"parsely-author\" content=\"James Bargent\" \/>","tracker_url":"https:\/\/cdn.parsely.com\/keys\/insightcrime.org\/p.js"},"jetpack_sharing_enabled":true,"jetpack-related-posts":[{"id":211044,"url":"https:\/\/insightcrime.org\/es\/noticias\/garcia-luna-condenado-sospechas-corrupcion-persisten-eeuu-mexico\/","url_meta":{"origin":5486,"position":0},"title":"Garc\u00eda Luna fue condenado, pero sospechas de corrupci\u00f3n persisten en alianza EE. UU.-M\u00e9xico","author":"Gavin Voss","date":"22 de febrero de 2023","format":false,"excerpt":"La condena al exsecretario de seguridad p\u00fablica de M\u00e9xico Genaro Garc\u00eda Luna, por narcotr\u00e1fico y corrupci\u00f3n, representa una complicada victoria para las autoridades estadounidenses.","rel":"","context":"En \u00abNoticias\u00bb","block_context":{"text":"Noticias","link":"https:\/\/insightcrime.org\/es\/category\/noticias\/"},"img":{"alt_text":"","src":"https:\/\/i0.wp.com\/insightcrime.org\/wp-content\/uploads\/2023\/02\/Mexico-Mexican-Public-Safety-Secretary-Genaro-Garcia-Luna-May-2007-AP070517018357-A2.jpg?fit=1200%2C690&quality=100&ssl=1&resize=350%2C200","width":350,"height":200,"srcset":"https:\/\/i0.wp.com\/insightcrime.org\/wp-content\/uploads\/2023\/02\/Mexico-Mexican-Public-Safety-Secretary-Genaro-Garcia-Luna-May-2007-AP070517018357-A2.jpg?fit=1200%2C690&quality=100&ssl=1&resize=350%2C200 1x, https:\/\/i0.wp.com\/insightcrime.org\/wp-content\/uploads\/2023\/02\/Mexico-Mexican-Public-Safety-Secretary-Genaro-Garcia-Luna-May-2007-AP070517018357-A2.jpg?fit=1200%2C690&quality=100&ssl=1&resize=525%2C300 1.5x, https:\/\/i0.wp.com\/insightcrime.org\/wp-content\/uploads\/2023\/02\/Mexico-Mexican-Public-Safety-Secretary-Genaro-Garcia-Luna-May-2007-AP070517018357-A2.jpg?fit=1200%2C690&quality=100&ssl=1&resize=700%2C400 2x, https:\/\/i0.wp.com\/insightcrime.org\/wp-content\/uploads\/2023\/02\/Mexico-Mexican-Public-Safety-Secretary-Genaro-Garcia-Luna-May-2007-AP070517018357-A2.jpg?fit=1200%2C690&quality=100&ssl=1&resize=1050%2C600 3x"},"classes":[]},{"id":294689,"url":"https:\/\/insightcrime.org\/es\/noticias\/ex-jefe-seguridad-publica-mexico-condenado-decadas-prision\/","url_meta":{"origin":5486,"position":1},"title":"El ex jefe de seguridad p\u00fablica de M\u00e9xico fue condenado a d\u00e9cadas de prisi\u00f3n. \u00bfPero reducir\u00e1 esto la corrupci\u00f3n?","author":"Parker Asmann","date":"17 de octubre de 2024","format":false,"excerpt":"Uno de los cerebros detr\u00e1s del enfoque militarizado de M\u00e9xico contra el crimen organizado fue sentenciado a m\u00e1s de 38 a\u00f1os en prisi\u00f3n en Estados Unidos, aunque persisten las preguntas sobre la efectividad de los juicios a antiguos aliados del pa\u00eds para frenar la corrupci\u00f3n en Am\u00e9rica Latina.","rel":"","context":"En \u00abNoticias\u00bb","block_context":{"text":"Noticias","link":"https:\/\/insightcrime.org\/es\/category\/noticias\/"},"img":{"alt_text":"Genaro Garc\u00eda Luna asiste a una rueda de prensa en Ciudad de M\u00e9xico en 2010. Cr\u00e9dito: Marco Ugarte\/AP","src":"https:\/\/i0.wp.com\/insightcrime.org\/wp-content\/uploads\/2023\/01\/Mexico-Secretary-of-Public-Safety-Genaro-Garcia-Luna-Aug-2022-AP22227647221108-A2.jpg?fit=1200%2C690&quality=100&ssl=1&resize=350%2C200","width":350,"height":200,"srcset":"https:\/\/i0.wp.com\/insightcrime.org\/wp-content\/uploads\/2023\/01\/Mexico-Secretary-of-Public-Safety-Genaro-Garcia-Luna-Aug-2022-AP22227647221108-A2.jpg?fit=1200%2C690&quality=100&ssl=1&resize=350%2C200 1x, https:\/\/i0.wp.com\/insightcrime.org\/wp-content\/uploads\/2023\/01\/Mexico-Secretary-of-Public-Safety-Genaro-Garcia-Luna-Aug-2022-AP22227647221108-A2.jpg?fit=1200%2C690&quality=100&ssl=1&resize=525%2C300 1.5x, https:\/\/i0.wp.com\/insightcrime.org\/wp-content\/uploads\/2023\/01\/Mexico-Secretary-of-Public-Safety-Genaro-Garcia-Luna-Aug-2022-AP22227647221108-A2.jpg?fit=1200%2C690&quality=100&ssl=1&resize=700%2C400 2x, https:\/\/i0.wp.com\/insightcrime.org\/wp-content\/uploads\/2023\/01\/Mexico-Secretary-of-Public-Safety-Genaro-Garcia-Luna-Aug-2022-AP22227647221108-A2.jpg?fit=1200%2C690&quality=100&ssl=1&resize=1050%2C600 3x"},"classes":[]},{"id":286989,"url":"https:\/\/insightcrime.org\/es\/news\/circulo-intimo-marset-desmorona-traficante-uruguayo-elude-captura\/","url_meta":{"origin":5486,"position":2},"title":"El c\u00edrculo \u00edntimo de Marset se desmorona mientras el traficante uruguayo elude su captura","author":"Christopher Newton","date":"12 de agosto de 2024","format":false,"excerpt":"La pendiente extradici\u00f3n de otra presunta pieza clave en los planes de lavado de dinero de Sebasti\u00e1n Marset supone su \u00faltimo rev\u00e9s, mientras la red del narcotraficante parece desmoronarse. Tras escapar de las autoridades bolivianas en julio de 2023, la familia desapareci\u00f3 del radar y la mayor\u00eda de los indicios\u2026","rel":"","context":"En \u00abNews\u00bb","block_context":{"text":"News","link":"https:\/\/insightcrime.org\/category\/news\/"},"img":{"alt_text":"Several alleged members of Marset's criminal network have been arrested","src":"https:\/\/i0.wp.com\/insightcrime.org\/wp-content\/uploads\/2024\/08\/Marset-Network-Unravels2.jpg?fit=1200%2C689&quality=100&ssl=1&resize=350%2C200","width":350,"height":200,"srcset":"https:\/\/i0.wp.com\/insightcrime.org\/wp-content\/uploads\/2024\/08\/Marset-Network-Unravels2.jpg?fit=1200%2C689&quality=100&ssl=1&resize=350%2C200 1x, https:\/\/i0.wp.com\/insightcrime.org\/wp-content\/uploads\/2024\/08\/Marset-Network-Unravels2.jpg?fit=1200%2C689&quality=100&ssl=1&resize=525%2C300 1.5x, https:\/\/i0.wp.com\/insightcrime.org\/wp-content\/uploads\/2024\/08\/Marset-Network-Unravels2.jpg?fit=1200%2C689&quality=100&ssl=1&resize=700%2C400 2x, https:\/\/i0.wp.com\/insightcrime.org\/wp-content\/uploads\/2024\/08\/Marset-Network-Unravels2.jpg?fit=1200%2C689&quality=100&ssl=1&resize=1050%2C600 3x"},"classes":[]},{"id":242473,"url":"https:\/\/insightcrime.org\/es\/mexico-organized-crime-news\/genaro-garcia-luna\/","url_meta":{"origin":5486,"position":3},"title":"Genaro Garc\u00eda Luna","author":"InSight Crime","date":"18 de enero de 2023","format":false,"excerpt":"EE. UU. conden\u00f3 a Genaro Garc\u00eda Luna, exsecretario de Seguridad de M\u00e9xico, y orden\u00f3 la recuperaci\u00f3n de US$578,5 millones por lavado de dinero, sobornos y nexos con el Cartel de Sinaloa.","rel":"","context":"En \u00abMexico\u00bb","block_context":{"text":"Mexico","link":"https:\/\/insightcrime.org\/category\/mexico-organized-crime-news\/"},"img":{"alt_text":"Genaro Garc\u00eda Luna","src":"https:\/\/i0.wp.com\/insightcrime.org\/wp-content\/uploads\/2026\/06\/Perfil-Criminal-Genaro-Garcia-Luna.jpg?fit=1200%2C900&quality=100&ssl=1&resize=350%2C200","width":350,"height":200,"srcset":"https:\/\/i0.wp.com\/insightcrime.org\/wp-content\/uploads\/2026\/06\/Perfil-Criminal-Genaro-Garcia-Luna.jpg?fit=1200%2C900&quality=100&ssl=1&resize=350%2C200 1x, https:\/\/i0.wp.com\/insightcrime.org\/wp-content\/uploads\/2026\/06\/Perfil-Criminal-Genaro-Garcia-Luna.jpg?fit=1200%2C900&quality=100&ssl=1&resize=525%2C300 1.5x, https:\/\/i0.wp.com\/insightcrime.org\/wp-content\/uploads\/2026\/06\/Perfil-Criminal-Genaro-Garcia-Luna.jpg?fit=1200%2C900&quality=100&ssl=1&resize=700%2C400 2x, https:\/\/i0.wp.com\/insightcrime.org\/wp-content\/uploads\/2026\/06\/Perfil-Criminal-Genaro-Garcia-Luna.jpg?fit=1200%2C900&quality=100&ssl=1&resize=1050%2C600 3x"},"classes":[]},{"id":342675,"url":"https:\/\/insightcrime.org\/es\/noticias\/principales-casos-funcionarios-mexicanos-ligados-crimen-organizado\/","url_meta":{"origin":5486,"position":4},"title":"Los principales casos de funcionarios mexicanos ligados al crimen organizado","author":"Mar\u00eda Fernanda Ram\u00edrez","date":"26 de mayo de 2026","format":false,"excerpt":"Los cargos presentados contra el exgobernador de Sinaloa, Rub\u00e9n Rocha Moya, han puesto bajo la lupa la relaci\u00f3n simbi\u00f3tica entre funcionarios mexicanos y los grupos de crimen organizado que deber\u00edan combatir. El 23 de mayo, la fiscal\u00eda en M\u00e9xico cit\u00f3 a Rocha Moya a declarar en respuesta a su acusaci\u00f3n\u2026","rel":"","context":"En \u00abNoticias\u00bb","block_context":{"text":"Noticias","link":"https:\/\/insightcrime.org\/es\/category\/noticias\/"},"img":{"alt_text":"","src":"https:\/\/i0.wp.com\/insightcrime.org\/wp-content\/uploads\/2026\/05\/Featured-Image-The-Most-Notorious-Mexican-Officials-Accused-of-Organized-Crime-May-2026.jpg?fit=1200%2C675&quality=100&ssl=1&resize=350%2C200","width":350,"height":200,"srcset":"https:\/\/i0.wp.com\/insightcrime.org\/wp-content\/uploads\/2026\/05\/Featured-Image-The-Most-Notorious-Mexican-Officials-Accused-of-Organized-Crime-May-2026.jpg?fit=1200%2C675&quality=100&ssl=1&resize=350%2C200 1x, https:\/\/i0.wp.com\/insightcrime.org\/wp-content\/uploads\/2026\/05\/Featured-Image-The-Most-Notorious-Mexican-Officials-Accused-of-Organized-Crime-May-2026.jpg?fit=1200%2C675&quality=100&ssl=1&resize=525%2C300 1.5x, https:\/\/i0.wp.com\/insightcrime.org\/wp-content\/uploads\/2026\/05\/Featured-Image-The-Most-Notorious-Mexican-Officials-Accused-of-Organized-Crime-May-2026.jpg?fit=1200%2C675&quality=100&ssl=1&resize=700%2C400 2x, https:\/\/i0.wp.com\/insightcrime.org\/wp-content\/uploads\/2026\/05\/Featured-Image-The-Most-Notorious-Mexican-Officials-Accused-of-Organized-Crime-May-2026.jpg?fit=1200%2C675&quality=100&ssl=1&resize=1050%2C600 3x"},"classes":[]},{"id":142835,"url":"https:\/\/insightcrime.org\/es\/noticias\/condena-delfin-cartel-sinaloa-no-detiene-grupo\/","url_meta":{"origin":5486,"position":5},"title":"Condena a delf\u00edn de Cartel de Sinaloa no detiene al grupo","author":"Chris Dalby","date":"3 de mayo de 2021","format":false,"excerpt":"La condena a Ismael Zambada-Imperial, hijo del m\u00e1ximo l\u00edder del Cartel de Sinaloa, en Estados Unidos puede llenar titulares, pero no hace nada para atemperar la capacidad del grupo para introducir coca\u00edna al pa\u00eds.","rel":"","context":"En \u00abNoticias\u00bb","block_context":{"text":"Noticias","link":"https:\/\/insightcrime.org\/es\/category\/noticias\/"},"img":{"alt_text":"","src":"https:\/\/i0.wp.com\/insightcrime.org\/wp-content\/uploads\/2021\/05\/KCVY7CHVSNFBDL3UHKYITSUF5E.jpg?fit=350%2C250&quality=100&ssl=1&resize=350%2C200","width":350,"height":200},"classes":[]}],"jetpack_featured_media_url":"https:\/\/i0.wp.com\/insightcrime.org\/wp-content\/uploads\/2013\/05\/es-fe40d07bc0dc8a93c10b26a018d402d5.jpg?fit=280%2C169&quality=100&ssl=1","_links":{"self":[{"href":"https:\/\/insightcrime.org\/es\/wp-json\/wp\/v2\/posts\/5486","targetHints":{"allow":["GET"]}}],"collection":[{"href":"https:\/\/insightcrime.org\/es\/wp-json\/wp\/v2\/posts"}],"about":[{"href":"https:\/\/insightcrime.org\/es\/wp-json\/wp\/v2\/types\/post"}],"author":[{"embeddable":true,"href":"https:\/\/insightcrime.org\/es\/wp-json\/wp\/v2\/users\/16"}],"replies":[{"embeddable":true,"href":"https:\/\/insightcrime.org\/es\/wp-json\/wp\/v2\/comments?post=5486"}],"version-history":[{"count":1,"href":"https:\/\/insightcrime.org\/es\/wp-json\/wp\/v2\/posts\/5486\/revisions"}],"predecessor-version":[{"id":19811,"href":"https:\/\/insightcrime.org\/es\/wp-json\/wp\/v2\/posts\/5486\/revisions\/19811"}],"wp:featuredmedia":[{"embeddable":true,"href":"https:\/\/insightcrime.org\/es\/wp-json\/wp\/v2\/media\/37688"}],"wp:attachment":[{"href":"https:\/\/insightcrime.org\/es\/wp-json\/wp\/v2\/media?parent=5486"}],"wp:term":[{"taxonomy":"category","embeddable":true,"href":"https:\/\/insightcrime.org\/es\/wp-json\/wp\/v2\/categories?post=5486"},{"taxonomy":"post_tag","embeddable":true,"href":"https:\/\/insightcrime.org\/es\/wp-json\/wp\/v2\/tags?post=5486"},{"taxonomy":"newspack_spnsrs_tax","embeddable":true,"href":"https:\/\/insightcrime.org\/es\/wp-json\/wp\/v2\/newspack_spnsrs_tax?post=5486"},{"taxonomy":"author","embeddable":true,"href":"https:\/\/insightcrime.org\/es\/wp-json\/wp\/v2\/coauthors?post=5486"}],"curies":[{"name":"wp","href":"https:\/\/api.w.org\/{rel}","templated":true}]}}