{"id":5512,"date":"2013-05-30T22:02:17","date_gmt":"2017-03-27T23:54:05","guid":{"rendered":"http:\/\/newwp.insightcrime.org?p=5512"},"modified":"2023-04-24T15:31:05","modified_gmt":"2023-04-24T20:31:05","slug":"la-captura-de-los-urabenos-puede-agitar-la-lucha-territorial-en-el-suroeste-de-colombia","status":"publish","type":"post","link":"https:\/\/insightcrime.org\/es\/noticias\/noticias-del-dia\/la-captura-de-los-urabenos-puede-agitar-la-lucha-territorial-en-el-suroeste-de-colombia\/","title":{"rendered":"La Captura de Los Gaitanistas Puede Agitar la Lucha Territorial en el Suroeste de Colombia"},"content":{"rendered":"\n<p class=\"wp-block-paragraph\">La polic\u00eda colombiana ha capturado alias \u201cMart\u00edn Bala\u201d, l\u00edder de la organizaci\u00f3n narcotraficante de Los Gaitanistas, cuya guerra con los Rastrojos, sus rivales, en la tercera ciudad m\u00e1s grande de Colombia ha causado miles de muertes.<\/p>\n\n\n\n<p class=\"wp-block-paragraph\">Greylin Fernando Var\u00f3n Cadena est\u00e1 acusado de dirigir Los Gaitanistas, tambi\u00e9n conocidos como Clan del Golfo, Urabe\u00f1os y Autodefensas Gaitanistas de Colombia (AGC), en el departamento de Valle del Cauca, en el suroeste de Colombia, <a href=\"https:\/\/www.semana.com\/nacion\/articulo\/quien-martin-bala-sicario-capturo-policia\/344765-3\" target=\"_blank\" rel=\"noopener\">como inform\u00f3 la revista Semana<\/a>. Tambi\u00e9n se cree que fue el principal contacto y coordinador de Orlando Guti\u00e9rrez Rend\u00f3n, alias \u201cNegro Orlando\u201d, un l\u00edder clave de las AGC en la regi\u00f3n, quien fue capturado hace tres semanas en Cali.<\/p>\n\n\n\n<p class=\"wp-block-paragraph\">Var\u00f3n vivi\u00f3 en Espa\u00f1a durante varios a\u00f1os, donde dos de sus hermanas manejaron una red de narcotr\u00e1fico que llevaba coca\u00edna desde Colombia. \u00c9l regres\u00f3 al Valle del Cauca en 2008 con el fin ayudar a librar una guerra contra los Rastrojos. Se estima que m\u00e1s de 2.000 han muerto en el departamento como consecuencia de los enfrentamientos.<\/p>\n\n\n\n<h3 class=\"wp-block-heading\">An\u00e1lisis de InSight Crime<\/h3>\n\n\n\n<p class=\"wp-block-paragraph\"><a href=\"https:\/\/insightcrime.org\/news\/analysis\/mafia-war-feared-in-cali-if-rastrojos-face-new-competition\/\" target=\"_blank\" rel=\"noopener\">La sangrienta disputa de Var\u00f3n con los Rastrojos<\/a> se remonta a mediados del a\u00f1o 2000, cuando trabaj\u00f3 para una facci\u00f3n disidente del Cartel del Norte del Valle. El brazo armado del cartel, encabezado por los hermanos Javier Antonio y Luis Enrique Calle Serna, luego formar\u00eda la base de la organizaci\u00f3n ahora conocida como los Rastrojos. Luego de que los hermanos Calle Serna intentaron asesinar a Var\u00f3n en 2005, este \u00faltimo se traslad\u00f3 a Espa\u00f1a y se cree que s\u00f3lo regres\u00f3 a Colombia en busca de venganza, ali\u00e1ndose con las AGC en el proceso.<\/p>\n\n\n\n<p class=\"wp-block-paragraph\">Con las capturas de Var\u00f3n y el Negro Orlando, la pregunta es si la c\u00e9lula de las AGC al sudoeste seguir\u00e1 siendo lo suficientemente fuerte como para continuar con el conflicto en el Valle del Cauca. En un <a href=\"https:\/\/es.insightcrime.org\/noticias\/noticias-del-dia\/el-pais-colombia-capturan-en-meta-a-hector-mario-urdinola-presunto-jefe-de-los-urabenos-en-el-valle\/\" target=\"_blank\" rel=\"noopener\">anterior golpe fuerte a la organizaci\u00f3n<\/a>, la polic\u00eda captur\u00f3 en enero a otro aliado clave: H\u00e9ctor Mario Urdinola, alias \u201cChicho\u201d. Mientras que los Rastrojos han sufrido algunos contratiempos graves, incluyendo la detenci\u00f3n de Javier Antonio Serna el a\u00f1o pasado, el Valle del Cauca es su territorio, y las AGC han tenido dificultades para consolidar el control all\u00ed \u2013 como lo demuestra, en parte, la violencia actual-.<\/p>\n","protected":false},"excerpt":{"rendered":"<p>La polic\u00eda colombiana ha capturado alias \u00abMart\u00edn Bala\u00bb, l\u00edder de la organizaci\u00f3n narcotraficante de los Urabe\u00f1os, cuya guerra con los Rastrojos, sus rivales, en la tercera ciudad m\u00e1s grande de Colombia ha causado miles de muertes.<\/p>\n","protected":false},"author":18,"featured_media":37742,"comment_status":"closed","ping_status":"closed","sticky":false,"template":"","format":"standard","meta":{"newspack_ads_suppress_ads":false,"newspack_popups_has_disabled_popups":false,"newspack_sponsor_sponsorship_scope":"","newspack_sponsor_native_byline_display":"inherit","newspack_sponsor_native_category_display":"inherit","newspack_sponsor_underwriter_style":"inherit","newspack_sponsor_underwriter_placement":"inherit","_EventAllDay":false,"_EventTimezone":"","_EventStartDate":"","_EventEndDate":"","_EventStartDateUTC":"","_EventEndDateUTC":"","_EventShowMap":false,"_EventShowMapLink":false,"_EventURL":"","_EventCost":"","_EventCostDescription":"","_EventCurrencySymbol":"","_EventCurrencyCode":"","_EventCurrencyPosition":"","_EventDateTimeSeparator":"","_EventTimeRangeSeparator":"","_EventOrganizerID":[],"_EventVenueID":[],"_OrganizerEmail":"","_OrganizerPhone":"","_OrganizerWebsite":"","_VenueAddress":"","_VenueCity":"","_VenueCountry":"","_VenueProvince":"","_VenueState":"","_VenueZip":"","_VenuePhone":"","_VenueURL":"","_VenueStateProvince":"","_VenueLat":"","_VenueLng":"","_VenueShowMap":false,"_VenueShowMapLink":false,"_newspack_byline_active":false,"_newspack_byline":"","newspack_hide_updated_date":false,"newspack_show_updated_date":false,"newspack_featured_image_position":"","newspack_post_subtitle":"","newspack_article_summary_title":"Overview:","newspack_article_summary":"","_jetpack_memberships_contains_paid_content":false,"footnotes":""},"categories":[334],"tags":[368,2927,1501,2857],"newspack_spnsrs_tax":[],"coauthors":[3813],"class_list":["post-5512","post","type-post","status-publish","format-standard","has-post-thumbnail","hentry","category-noticias-del-dia","tag-colombia-pais","tag-gaitanistas","tag-norte-del-valle-es","tag-los-rastrojos-es","entry"],"parsely":{"version":"1.1.0","canonical_url":"https:\/\/insightcrime.org\/es\/noticias\/noticias-del-dia\/la-captura-de-los-urabenos-puede-agitar-la-lucha-territorial-en-el-suroeste-de-colombia\/","smart_links":{"inbound":0,"outbound":0},"traffic_boost_suggestions_count":0,"meta":{"@context":"https:\/\/schema.org","@type":"NewsArticle","headline":"La Captura de Los Gaitanistas Puede Agitar la Lucha Territorial en el Suroeste de Colombia","url":"http:\/\/insightcrime.org\/es\/noticias\/noticias-del-dia\/la-captura-de-los-urabenos-puede-agitar-la-lucha-territorial-en-el-suroeste-de-colombia\/","mainEntityOfPage":{"@type":"WebPage","@id":"http:\/\/insightcrime.org\/es\/noticias\/noticias-del-dia\/la-captura-de-los-urabenos-puede-agitar-la-lucha-territorial-en-el-suroeste-de-colombia\/"},"thumbnailUrl":"https:\/\/i0.wp.com\/insightcrime.org\/wp-content\/uploads\/2013\/05\/es-99cd0456dbb566f78b7b8527fdd14c15.jpg?resize=150%2C150&quality=100&ssl=1","image":{"@type":"ImageObject","url":"https:\/\/i0.wp.com\/insightcrime.org\/wp-content\/uploads\/2013\/05\/es-99cd0456dbb566f78b7b8527fdd14c15.jpg?fit=280%2C169&quality=100&ssl=1"},"articleSection":"Noticias del d\u00eda","author":[{"@type":"Person","name":"Miriam Wells"}],"creator":["Miriam Wells"],"publisher":{"@type":"Organization","name":"InSight Crime","logo":"https:\/\/insightcrime.org\/wp-content\/uploads\/2023\/08\/logo.png"},"keywords":["colombia","gaitanistas","norte del valle","rastrojos"],"dateCreated":"2017-03-27T23:54:05Z","datePublished":"2017-03-27T23:54:05Z","dateModified":"2023-04-24T20:31:05Z"},"rendered":"<meta name=\"parsely-title\" content=\"La Captura de Los Gaitanistas Puede Agitar la Lucha Territorial en el Suroeste de Colombia\" \/>\n<meta name=\"parsely-link\" content=\"http:\/\/insightcrime.org\/es\/noticias\/noticias-del-dia\/la-captura-de-los-urabenos-puede-agitar-la-lucha-territorial-en-el-suroeste-de-colombia\/\" \/>\n<meta name=\"parsely-type\" content=\"post\" \/>\n<meta name=\"parsely-image-url\" content=\"https:\/\/i0.wp.com\/insightcrime.org\/wp-content\/uploads\/2013\/05\/es-99cd0456dbb566f78b7b8527fdd14c15.jpg?resize=150%2C150&amp;quality=100&amp;ssl=1\" \/>\n<meta name=\"parsely-pub-date\" content=\"2017-03-27T23:54:05Z\" \/>\n<meta name=\"parsely-section\" content=\"Noticias del d\u00eda\" \/>\n<meta name=\"parsely-tags\" content=\"colombia,gaitanistas,norte del valle,rastrojos\" \/>\n<meta name=\"parsely-author\" content=\"Miriam Wells\" \/>","tracker_url":"https:\/\/cdn.parsely.com\/keys\/insightcrime.org\/p.js"},"jetpack_sharing_enabled":true,"jetpack-related-posts":[{"id":212048,"url":"https:\/\/insightcrime.org\/es\/noticias\/asesinato-lider-gaitanista-refleja-divisiones-paz-total-colombia\/","url_meta":{"origin":5512,"position":0},"title":"Asesinato de l\u00edder gaitanista refleja divisiones internas frente a la Paz Total en Colombia","author":"Sara Garcia","date":"6 de marzo de 2023","format":false,"excerpt":"El asesinato de un alto mando de las Autodefensas Gaitanistas de Colombia (AGC) a manos de sus propios hombres revela la discordia dentro de la organizaci\u00f3n criminal mientras se prepara para negociar con el gobierno colombiano como parte de la estrategia \"Paz Total\".","rel":"","context":"En \u00abNoticias\u00bb","block_context":{"text":"Noticias","link":"https:\/\/insightcrime.org\/es\/category\/noticias\/"},"img":{"alt_text":"Wilmer Antonio Giraldo Quiroz, alias \"Siopas\", un alto miembro de las Autodefensas Gaitanistas de Colombia (AGC)","src":"https:\/\/i0.wp.com\/insightcrime.org\/wp-content\/uploads\/2023\/03\/siopas-jpg-resized-e1678119794306.jpeg?fit=350%2C250&quality=100&ssl=1&resize=350%2C200","width":350,"height":200},"classes":[]},{"id":316596,"url":"https:\/\/insightcrime.org\/es\/noticias\/series-anuales\/insights-del-verano-2025-chiquito-malo-comandante-confederacion-criminal-autodefensas-gaitanistas-colombia\/","url_meta":{"origin":5512,"position":1},"title":"Chiquito Malo: el comandante de la confederaci\u00f3n criminal de las Autodefensas Gaitanistas de Colombia","author":"InSight Crime","date":"21 de agosto de 2025","format":false,"excerpt":"\u00bfQui\u00e9n es Chiquito Malo? El m\u00e1ximo comandante de los Gaitanistas, una de las estructuras criminales m\u00e1s grandes de Colombia, con presencia en m\u00e1s de la mitad de los departamentos del pa\u00eds. Un cerebro criminal, que ha dirigido la guerra de los Gaitanistas contra los grupos armados colombianos y ha gestionado\u2026","rel":"","context":"En \u00abNoticias\u00bb","block_context":{"text":"Noticias","link":"https:\/\/insightcrime.org\/es\/category\/noticias\/"},"img":{"alt_text":"","src":"https:\/\/i0.wp.com\/insightcrime.org\/wp-content\/uploads\/2025\/08\/Cover-Chiquito-maloESP-Summer-InSights-2025.jpg?fit=1200%2C690&quality=100&ssl=1&resize=350%2C200","width":350,"height":200,"srcset":"https:\/\/i0.wp.com\/insightcrime.org\/wp-content\/uploads\/2025\/08\/Cover-Chiquito-maloESP-Summer-InSights-2025.jpg?fit=1200%2C690&quality=100&ssl=1&resize=350%2C200 1x, https:\/\/i0.wp.com\/insightcrime.org\/wp-content\/uploads\/2025\/08\/Cover-Chiquito-maloESP-Summer-InSights-2025.jpg?fit=1200%2C690&quality=100&ssl=1&resize=525%2C300 1.5x, https:\/\/i0.wp.com\/insightcrime.org\/wp-content\/uploads\/2025\/08\/Cover-Chiquito-maloESP-Summer-InSights-2025.jpg?fit=1200%2C690&quality=100&ssl=1&resize=700%2C400 2x, https:\/\/i0.wp.com\/insightcrime.org\/wp-content\/uploads\/2025\/08\/Cover-Chiquito-maloESP-Summer-InSights-2025.jpg?fit=1200%2C690&quality=100&ssl=1&resize=1050%2C600 3x"},"classes":[]},{"id":166445,"url":"https:\/\/insightcrime.org\/es\/noticias\/apuesta-urabenos-venezuela-podria-fallando\/","url_meta":{"origin":5512,"position":2},"title":"La apuesta de Los Gaitanistas por Venezuela podr\u00eda estar fallando","author":"Juan Diego Posada","date":"2 de septiembre de 2021","format":false,"excerpt":"Los Urabe\u00f1os, uno de los grupos de narcotr\u00e1fico dominantes en Colombia, aparentemente est\u00e1n intensificando sus operaciones a lo largo de la frontera entre Colombia y Venezuela, una t\u00e1ctica que probablemente fomentar\u00e1 m\u00e1s violencia en una regi\u00f3n ya de por s\u00ed peligrosa.","rel":"","context":"En \u00abNoticias\u00bb","block_context":{"text":"Noticias","link":"https:\/\/insightcrime.org\/es\/category\/noticias\/"},"img":{"alt_text":"Urabe\u00f1os ","src":"https:\/\/i0.wp.com\/insightcrime.org\/wp-content\/uploads\/2021\/09\/capturados_clan_del_golfo_0.jpg?fit=350%2C250&quality=100&ssl=1&resize=350%2C200","width":350,"height":200},"classes":[]},{"id":213190,"url":"https:\/\/insightcrime.org\/es\/noticias\/paz-total-colombia-tropieza-gaitanistas\/","url_meta":{"origin":5512,"position":3},"title":"La Paz Total en Colombia tropieza con la violencia de los Gaitanistas","author":"Javier Lizcano Villalba","date":"24 de marzo de 2023","format":false,"excerpt":"Los recientes ataques por parte de segmentos de las AGC a las fuerzas de seguridad colombianas generan dudas sobre las posturas dentro de la organizaci\u00f3n y la capacidad de sus l\u00edderes para controlar y desmovilizar el grupo.","rel":"","context":"En \u00abNoticias\u00bb","block_context":{"text":"Noticias","link":"https:\/\/insightcrime.org\/es\/category\/noticias\/"},"img":{"alt_text":"Gustavo Petro camina con su esquema de seguridad mientras asiste a una reuni\u00f3n de seguridad","src":"https:\/\/i0.wp.com\/insightcrime.org\/wp-content\/uploads\/2023\/03\/Petro-AGC.jpg?fit=350%2C250&quality=100&ssl=1&resize=350%2C200","width":350,"height":200},"classes":[]},{"id":172884,"url":"https:\/\/insightcrime.org\/es\/noticias\/operacion-destapa-los-tentaculos-de-los-urabenos-en-panama\/","url_meta":{"origin":5512,"position":4},"title":"Operaci\u00f3n destapa los tent\u00e1culos de Los Gaitanistas en Panam\u00e1","author":"Lara Loaiza","date":"6 de diciembre de 2021","format":false,"excerpt":"Una serie de arrestos de personas vinculadas con los Urabe\u00f1os en Panam\u00e1 dan cuenta del alcance de la red de narcotr\u00e1fico del grupo fuera de Colombia.","rel":"","context":"En \u00abNoticias\u00bb","block_context":{"text":"Noticias","link":"https:\/\/insightcrime.org\/es\/category\/noticias\/"},"img":{"alt_text":"Autoridades paname\u00f1as incautaron casi $ 10 millones vinculados al grupo colombiano Los Urabenos","src":"https:\/\/i0.wp.com\/insightcrime.org\/wp-content\/uploads\/2021\/12\/61a971c67218b.jpeg?fit=350%2C250&quality=100&ssl=1&resize=350%2C200","width":350,"height":200},"classes":[]},{"id":136111,"url":"https:\/\/insightcrime.org\/es\/noticias\/masacre-antioquia-expansion-urabenos\/","url_meta":{"origin":5512,"position":5},"title":"Masacre en Antioquia evidencia tensiones en la expansi\u00f3n de Los Gaitanistas","author":"Sara Garcia","date":"10 de marzo de 2021","format":false,"excerpt":"Antioquia vivi\u00f3 su cuarta masacre en lo corrido del a\u00f1o, esta vez en el municipio de Andes, suroeste del departamento. Detr\u00e1s del suceso est\u00e1n Los Urabe\u00f1os y las tensiones de su expansi\u00f3n hacia el Pac\u00edfico colombiano.","rel":"","context":"En \u00abNoticias\u00bb","block_context":{"text":"Noticias","link":"https:\/\/insightcrime.org\/es\/category\/noticias\/"},"img":{"alt_text":"","src":"https:\/\/i0.wp.com\/insightcrime.org\/wp-content\/uploads\/2021\/02\/Urabenos-expansion.jpg?fit=350%2C250&quality=100&ssl=1&resize=350%2C200","width":350,"height":200},"classes":[]}],"jetpack_featured_media_url":"https:\/\/i0.wp.com\/insightcrime.org\/wp-content\/uploads\/2013\/05\/es-99cd0456dbb566f78b7b8527fdd14c15.jpg?fit=280%2C169&quality=100&ssl=1","_links":{"self":[{"href":"https:\/\/insightcrime.org\/es\/wp-json\/wp\/v2\/posts\/5512","targetHints":{"allow":["GET"]}}],"collection":[{"href":"https:\/\/insightcrime.org\/es\/wp-json\/wp\/v2\/posts"}],"about":[{"href":"https:\/\/insightcrime.org\/es\/wp-json\/wp\/v2\/types\/post"}],"author":[{"embeddable":true,"href":"https:\/\/insightcrime.org\/es\/wp-json\/wp\/v2\/users\/18"}],"replies":[{"embeddable":true,"href":"https:\/\/insightcrime.org\/es\/wp-json\/wp\/v2\/comments?post=5512"}],"version-history":[{"count":2,"href":"https:\/\/insightcrime.org\/es\/wp-json\/wp\/v2\/posts\/5512\/revisions"}],"predecessor-version":[{"id":212272,"href":"https:\/\/insightcrime.org\/es\/wp-json\/wp\/v2\/posts\/5512\/revisions\/212272"}],"wp:featuredmedia":[{"embeddable":true,"href":"https:\/\/insightcrime.org\/es\/wp-json\/wp\/v2\/media\/37742"}],"wp:attachment":[{"href":"https:\/\/insightcrime.org\/es\/wp-json\/wp\/v2\/media?parent=5512"}],"wp:term":[{"taxonomy":"category","embeddable":true,"href":"https:\/\/insightcrime.org\/es\/wp-json\/wp\/v2\/categories?post=5512"},{"taxonomy":"post_tag","embeddable":true,"href":"https:\/\/insightcrime.org\/es\/wp-json\/wp\/v2\/tags?post=5512"},{"taxonomy":"newspack_spnsrs_tax","embeddable":true,"href":"https:\/\/insightcrime.org\/es\/wp-json\/wp\/v2\/newspack_spnsrs_tax?post=5512"},{"taxonomy":"author","embeddable":true,"href":"https:\/\/insightcrime.org\/es\/wp-json\/wp\/v2\/coauthors?post=5512"}],"curies":[{"name":"wp","href":"https:\/\/api.w.org\/{rel}","templated":true}]}}