{"id":5517,"date":"2013-05-31T19:06:41","date_gmt":"2017-03-27T23:54:07","guid":{"rendered":"http:\/\/newwp.insightcrime.org?p=5517"},"modified":"2023-04-24T15:31:07","modified_gmt":"2023-04-24T20:31:07","slug":"traficantes-de-peru-se-resisten-a-la-erradicacion-de-coca-bolivia","status":"publish","type":"post","link":"https:\/\/insightcrime.org\/es\/noticias\/noticias-del-dia\/traficantes-de-peru-se-resisten-a-la-erradicacion-de-coca-bolivia\/","title":{"rendered":"Traficantes de Per\u00fa se Resisten a la Erradicaci\u00f3n de Coca: Bolivia"},"content":{"rendered":"\n<p class=\"wp-block-paragraph\">Un funcionario del gobierno de Bolivia dice que un incidente reciente en el que cocaleros atacaron a las fuerzas de seguridad, fue estimulado por narcotraficantes peruanos presentes en la regi\u00f3n; una teor\u00eda plausible, aunque los productores de coca tambi\u00e9n podr\u00edan haber actuado por su cuenta.<\/p>\n\n\n\n<p class=\"wp-block-paragraph\"><a href=\"https:\/\/www.la-razon.com\/nacional\/seguridad_nacional\/Gobierno-instigan-resistir-destruccion-Paz_0_1841215937.html\" target=\"_blank\">Como inform\u00f3 la agencia EFE<\/a>, Felipe C\u00e1ceres, viceministro de Sustancias Controladas, dijo a la prensa que un grupo de trabajo conjunto integrado por la polic\u00eda y el ej\u00e9rcito enfrentaron resistencia cuando se aventuraron a una regi\u00f3n a 450km al norte de La Paz, con el fin de erradicar los cultivos de coca.<\/p>\n\n\n\n<p class=\"wp-block-paragraph\">Entre el 25 y 26 de mayo, el grupo de trabajo entr\u00f3 en la regi\u00f3n, conocida como Apolo, y fueron bloqueados por unas 30 personas, muchos de ellos cultivadores de coca, dijo el ministro. Los manifestantes atacaron a las fuerzas de seguridad con piedras y palos, mientras que los agentes respondieron con gas lacrim\u00f3geno. S\u00f3lo un cocalero result\u00f3 herido durante el enfrentamiento.<\/p>\n\n\n\n<p class=\"wp-block-paragraph\">C\u00e1ceres dijo que ten\u00eda informaci\u00f3n de inteligencia que demuestra que los narcotraficantes peruanos que trabajan en la regi\u00f3n hab\u00edan \u201cinstigaron\u201d el conflicto.<\/p>\n\n\n\n<p class=\"wp-block-paragraph\">Advirti\u00f3 que el gobierno aplicara una \u201cmano dura\u201d en la erradicaci\u00f3n de los cultivos ilegales de coca en Apolo.<\/p>\n\n\n\n<h3 class=\"wp-block-heading\">An\u00e1lisis de InSight Crime<\/h3>\n\n\n\n<p class=\"wp-block-paragraph\">Existe evidencia sustancial que muestra que las organizaciones narcotraficantes peruanas tienen una presencia establecida en Bolivia. Un narcotraficante an\u00f3nimo, entrevistado recientemente por un peri\u00f3dico peruano, incluso coment\u00f3 que Bolivia es considerada como un <a href=\"\/noticias\/noticias-del-dia\/bolivia-sitio-ideal-para-vender-cocaina-peruana-narcotraficante\" target=\"_blank\">\u201clugar ideal\u201d para vender cargamentos de coca\u00edna<\/a>. Adem\u00e1s, la polic\u00eda ha dicho que las organizaciones de tr\u00e1fico de coca\u00edna, que se desplazan entre Bolivia y Brasil, <a href=\"\/noticias\/noticias-del-dia\/cocaina-peruana-mejor-precio-para-los-traficantes-policia-de-bolivia\" target=\"_blank\">con frecuencia comercian con producto peruano<\/a>.<\/p>\n\n\n\n<p class=\"wp-block-paragraph\">No obstante, dado el historial de conflictos entre los cocaleros bolivianos y los equipos de erradicaci\u00f3n del gobierno, no es necesario que los productores de coca requieran de un grupo extranjero de narcotraficantes que los \u201cinstigue\u201d a protestar, como dijo C\u00e1ceres. Es posible que al culpar a los peruanos por el enfrentamiento, C\u00e1ceres estuviera intentando en parte desviando la culpa.<\/p>\n\n\n\n<p class=\"wp-block-paragraph\">Otras organizaciones de narcotraficantes extranjeros en Bolivia son los colombianos, que son conocidos por <a href=\"\/noticias\/noticias-del-dia\/colombianos-arrestados-en-laboratorio-de-cocaina-en-bolivia\" target=\"_blank\">administrar los grandes laboratorios de coca\u00edna en el pa\u00eds<\/a>.<\/p>\n","protected":false},"excerpt":{"rendered":"<p>Un funcionario del gobierno de Bolivia dice que un incidente reciente en el que cocaleros atacaron a las fuerzas de seguridad, fue estimulado por narcotraficantes peruanos presentes en la regi\u00f3n; una teor\u00eda plausible, aunque los productores de coca tambi\u00e9n podr\u00edan haber actuado por su cuenta.<\/p>\n","protected":false},"author":4,"featured_media":37758,"comment_status":"closed","ping_status":"closed","sticky":false,"template":"","format":"standard","meta":{"newspack_ads_suppress_ads":false,"newspack_popups_has_disabled_popups":false,"newspack_sponsor_sponsorship_scope":"","newspack_sponsor_native_byline_display":"inherit","newspack_sponsor_native_category_display":"inherit","newspack_sponsor_underwriter_style":"inherit","newspack_sponsor_underwriter_placement":"inherit","_EventAllDay":false,"_EventTimezone":"","_EventStartDate":"","_EventEndDate":"","_EventStartDateUTC":"","_EventEndDateUTC":"","_EventShowMap":false,"_EventShowMapLink":false,"_EventURL":"","_EventCost":"","_EventCostDescription":"","_EventCurrencySymbol":"","_EventCurrencyCode":"","_EventCurrencyPosition":"","_EventDateTimeSeparator":"","_EventTimeRangeSeparator":"","_EventOrganizerID":[],"_EventVenueID":[],"_OrganizerEmail":"","_OrganizerPhone":"","_OrganizerWebsite":"","_VenueAddress":"","_VenueCity":"","_VenueCountry":"","_VenueProvince":"","_VenueState":"","_VenueZip":"","_VenuePhone":"","_VenueURL":"","_VenueStateProvince":"","_VenueLat":"","_VenueLng":"","_VenueShowMap":false,"_VenueShowMapLink":false,"_newspack_byline_active":false,"_newspack_byline":"","newspack_hide_updated_date":false,"newspack_show_updated_date":false,"newspack_featured_image_position":"","newspack_post_subtitle":"","newspack_article_summary_title":"Overview:","newspack_article_summary":"","_jetpack_memberships_contains_paid_content":false,"footnotes":""},"categories":[334],"tags":[403,409],"newspack_spnsrs_tax":[],"coauthors":[3660],"class_list":["post-5517","post","type-post","status-publish","format-standard","has-post-thumbnail","hentry","category-noticias-del-dia","tag-bolivia-pais","tag-peru-pais","entry"],"parsely":{"version":"1.1.0","canonical_url":"https:\/\/insightcrime.org\/es\/noticias\/noticias-del-dia\/traficantes-de-peru-se-resisten-a-la-erradicacion-de-coca-bolivia\/","smart_links":{"inbound":0,"outbound":0},"traffic_boost_suggestions_count":0,"meta":{"@context":"https:\/\/schema.org","@type":"NewsArticle","headline":"Traficantes de Per\u00fa se Resisten a la Erradicaci\u00f3n de Coca: Bolivia","url":"http:\/\/insightcrime.org\/es\/noticias\/noticias-del-dia\/traficantes-de-peru-se-resisten-a-la-erradicacion-de-coca-bolivia\/","mainEntityOfPage":{"@type":"WebPage","@id":"http:\/\/insightcrime.org\/es\/noticias\/noticias-del-dia\/traficantes-de-peru-se-resisten-a-la-erradicacion-de-coca-bolivia\/"},"thumbnailUrl":"https:\/\/i0.wp.com\/insightcrime.org\/wp-content\/uploads\/2013\/05\/es-a062ebb561990dedd2eb2fcc3814dfb2.jpg?resize=150%2C150&quality=100&ssl=1","image":{"@type":"ImageObject","url":"https:\/\/i0.wp.com\/insightcrime.org\/wp-content\/uploads\/2013\/05\/es-a062ebb561990dedd2eb2fcc3814dfb2.jpg?fit=280%2C169&quality=100&ssl=1"},"articleSection":"Noticias del d\u00eda","author":[{"@type":"Person","name":"Elyssa Pachico"}],"creator":["Elyssa Pachico"],"publisher":{"@type":"Organization","name":"InSight Crime","logo":"https:\/\/insightcrime.org\/wp-content\/uploads\/2023\/08\/logo.png"},"keywords":["bolivia","per\u00fa"],"dateCreated":"2017-03-27T23:54:07Z","datePublished":"2017-03-27T23:54:07Z","dateModified":"2023-04-24T20:31:07Z"},"rendered":"<meta name=\"parsely-title\" content=\"Traficantes de Per\u00fa se Resisten a la Erradicaci\u00f3n de Coca: Bolivia\" \/>\n<meta name=\"parsely-link\" content=\"http:\/\/insightcrime.org\/es\/noticias\/noticias-del-dia\/traficantes-de-peru-se-resisten-a-la-erradicacion-de-coca-bolivia\/\" \/>\n<meta name=\"parsely-type\" content=\"post\" \/>\n<meta name=\"parsely-image-url\" content=\"https:\/\/i0.wp.com\/insightcrime.org\/wp-content\/uploads\/2013\/05\/es-a062ebb561990dedd2eb2fcc3814dfb2.jpg?resize=150%2C150&amp;quality=100&amp;ssl=1\" \/>\n<meta name=\"parsely-pub-date\" content=\"2017-03-27T23:54:07Z\" \/>\n<meta name=\"parsely-section\" content=\"Noticias del d\u00eda\" \/>\n<meta name=\"parsely-tags\" content=\"bolivia,per\u00fa\" \/>\n<meta name=\"parsely-author\" content=\"Elyssa Pachico\" \/>","tracker_url":"https:\/\/cdn.parsely.com\/keys\/insightcrime.org\/p.js"},"jetpack_sharing_enabled":true,"jetpack-related-posts":[{"id":271330,"url":"https:\/\/insightcrime.org\/es\/investigaciones\/narcotrafico-adentra-parques-nacionales-bolivia\/","url_meta":{"origin":5517,"position":0},"title":"El narcotr\u00e1fico se adentra en los parques nacionales de Bolivia","author":"Juan Diego C\u00e1rdenas","date":"2 de mayo de 2024","format":false,"excerpt":"Bolivia es el tercer productor mundial de coca, despu\u00e9s de Colombia y Per\u00fa, y un cruce clave para la coca\u00edna y otras drogas. Los cultivos de coca se extienden legalmente por 22.000 hect\u00e1reas en la regi\u00f3n de los Yungas y el Tr\u00f3pico de Cochabamba. Sin embargo, las plantaciones de coca\u2026","rel":"","context":"En \u00abInvestigaciones\u00bb","block_context":{"text":"Investigaciones","link":"https:\/\/insightcrime.org\/es\/category\/investigaciones\/"},"img":{"alt_text":"","src":"https:\/\/i0.wp.com\/insightcrime.org\/wp-content\/uploads\/2024\/03\/Cover-Amazonas-capitulo-4DrugTraff-Mar-2024.jpg?fit=1200%2C540&quality=100&ssl=1&resize=350%2C200","width":350,"height":200,"srcset":"https:\/\/i0.wp.com\/insightcrime.org\/wp-content\/uploads\/2024\/03\/Cover-Amazonas-capitulo-4DrugTraff-Mar-2024.jpg?fit=1200%2C540&quality=100&ssl=1&resize=350%2C200 1x, https:\/\/i0.wp.com\/insightcrime.org\/wp-content\/uploads\/2024\/03\/Cover-Amazonas-capitulo-4DrugTraff-Mar-2024.jpg?fit=1200%2C540&quality=100&ssl=1&resize=525%2C300 1.5x, https:\/\/i0.wp.com\/insightcrime.org\/wp-content\/uploads\/2024\/03\/Cover-Amazonas-capitulo-4DrugTraff-Mar-2024.jpg?fit=1200%2C540&quality=100&ssl=1&resize=700%2C400 2x, https:\/\/i0.wp.com\/insightcrime.org\/wp-content\/uploads\/2024\/03\/Cover-Amazonas-capitulo-4DrugTraff-Mar-2024.jpg?fit=1200%2C540&quality=100&ssl=1&resize=1050%2C600 3x"},"classes":[]},{"id":292499,"url":"https:\/\/insightcrime.org\/es\/noticias\/centroamerica-predispuesta-expansion-coca\/","url_meta":{"origin":5517,"position":1},"title":"Centroam\u00e9rica predispuesta para la expansi\u00f3n de la coca, seg\u00fan estudio","author":"Lara Loaiza","date":"20 de septiembre de 2024","format":false,"excerpt":"Casi la mitad del norte de Centroam\u00e9rica tiene las condiciones agr\u00edcolas ideales para cultivar coca, la materia prima de la coca\u00edna, de acuerdo con un nuevo estudio que advierte de la potencial expansi\u00f3n de este cultivo il\u00edcito en la regi\u00f3n.\u00a0","rel":"","context":"En \u00abNoticias\u00bb","block_context":{"text":"Noticias","link":"https:\/\/insightcrime.org\/es\/category\/noticias\/"},"img":{"alt_text":"Dos agentes de la Polic\u00eda Nacional Civil de Honduras participan en la incineraci\u00f3n de un plant\u00edo de hoja de coca, detectado en una reserva natural del municipio de Patuca, departamento de Olancho, el 15 de mayo de 2023. (Foto: Polic\u00eda Nacional Civil de Honduras)","src":"https:\/\/i0.wp.com\/insightcrime.org\/wp-content\/uploads\/2024\/09\/HND-COCA-PLANTATIONS_1.jpeg?fit=350%2C250&quality=100&ssl=1&resize=350%2C200","width":350,"height":200},"classes":[]},{"id":232571,"url":"https:\/\/insightcrime.org\/es\/noticias\/coca-peru-expande-nuevas-regiones\/","url_meta":{"origin":5517,"position":2},"title":"La coca en Per\u00fa se expande por nuevas regiones","author":"Gavin Voss","date":"5 de julio de 2023","format":false,"excerpt":"El cultivo de coca en Per\u00fa toc\u00f3 un techo hist\u00f3rico en 2022, con el mayor crecimiento de cultivos por fuera de las \u00e1reas de siembra tradicionales, seg\u00fan dice un nuevo informe del gobierno peruano.","rel":"","context":"En \u00abNoticias\u00bb","block_context":{"text":"Noticias","link":"https:\/\/insightcrime.org\/es\/category\/noticias\/"},"img":{"alt_text":"Una hoja de coca en una plantaci\u00f3n","src":"https:\/\/i0.wp.com\/insightcrime.org\/wp-content\/uploads\/2023\/09\/peru-coca-212-1.jpg?fit=350%2C250&quality=100&ssl=1&resize=350%2C200","width":350,"height":200},"classes":[]},{"id":199494,"url":"https:\/\/insightcrime.org\/es\/noticias\/produccion-coca-peru-boom-global-cocaina\/","url_meta":{"origin":5517,"position":3},"title":"De Per\u00fa para el mundo: producci\u00f3n de coca alimenta boom global de la coca\u00edna","author":"Scott Mistler-Ferguson","date":"27 de septiembre de 2022","format":false,"excerpt":"El incremento del cultivo de coca y la producci\u00f3n de coca\u00edna en Per\u00fa incide de manera importante en el actual boom de la demanda global de coca\u00edna, seg\u00fan afirma un nuevo estudio.","rel":"","context":"En \u00abNoticias\u00bb","block_context":{"text":"Noticias","link":"https:\/\/insightcrime.org\/es\/category\/noticias\/"},"img":{"alt_text":"Coca leaves are shown at the feed of a coca cultivator","src":"https:\/\/i0.wp.com\/insightcrime.org\/wp-content\/uploads\/2022\/09\/coca-cultivation-peru-1.png?fit=350%2C250&quality=100&ssl=1&resize=350%2C200","width":350,"height":200},"classes":[]},{"id":196656,"url":"https:\/\/insightcrime.org\/es\/noticias\/diferencias-precio-mantienen-flujo-ilegal-coca-peru-bolivia\/","url_meta":{"origin":5517,"position":4},"title":"Diferencias de precio mantienen flujo ilegal de coca de Per\u00fa a Bolivia","author":"Scott Mistler-Ferguson","date":"2 de septiembre de 2022","format":false,"excerpt":"Hojas de coca y pasta base de coca\u00edna de Per\u00fa siguen ingresando a la vecina Bolivia debido a un desbalance hist\u00f3rico de precios entre ambos pa\u00edses. Mientras los cultivos en Per\u00fa crecen a la par de la producci\u00f3n de coca\u00edna en Bolivia, esta relaci\u00f3n parece destinada a mantenerse.","rel":"","context":"En \u00abNoticias\u00bb","block_context":{"text":"Noticias","link":"https:\/\/insightcrime.org\/es\/category\/noticias\/"},"img":{"alt_text":"Cultivador de coca trabajando en su sembrado","src":"https:\/\/i0.wp.com\/insightcrime.org\/wp-content\/uploads\/2022\/09\/peru-coca-el-espectador-2-1.jpeg?fit=350%2C250&quality=100&ssl=1&resize=350%2C200","width":350,"height":200},"classes":[]},{"id":295340,"url":"https:\/\/insightcrime.org\/es\/noticias\/dudas-historica-incautacion-cocaina-bolivia\/","url_meta":{"origin":5517,"position":5},"title":"Las dudas detr\u00e1s de la \u2018hist\u00f3rica incautaci\u00f3n de coca\u00edna\u2019 en Bolivia","author":"Alejandra Rodriguez","date":"1 de noviembre de 2024","format":false,"excerpt":"La incautaci\u00f3n de 21 toneladas de coca\u00edna en Bolivia, de ser cierta, refuerza el papel del pa\u00eds como productor de drogas y centro de tr\u00e1nsito, lo que permite que los cargamentos se desplacen a casi cualquier lugar de Suram\u00e9rica.","rel":"","context":"En \u00abNoticias\u00bb","block_context":{"text":"Noticias","link":"https:\/\/insightcrime.org\/es\/category\/noticias\/"},"img":{"alt_text":"Fuerzas de seguridad incautan cargamento de coca\u00edna en Bolivia. Cr\u00e9dito: Viceministro de Defensa Social y Sustancias Controladas de Bolivia","src":"https:\/\/i0.wp.com\/insightcrime.org\/wp-content\/uploads\/2024\/11\/bolivia-incautacion-cocaina-harina-2024.png?fit=350%2C250&quality=100&ssl=1&resize=350%2C200","width":350,"height":200},"classes":[]}],"jetpack_featured_media_url":"https:\/\/i0.wp.com\/insightcrime.org\/wp-content\/uploads\/2013\/05\/es-a062ebb561990dedd2eb2fcc3814dfb2.jpg?fit=280%2C169&quality=100&ssl=1","_links":{"self":[{"href":"https:\/\/insightcrime.org\/es\/wp-json\/wp\/v2\/posts\/5517","targetHints":{"allow":["GET"]}}],"collection":[{"href":"https:\/\/insightcrime.org\/es\/wp-json\/wp\/v2\/posts"}],"about":[{"href":"https:\/\/insightcrime.org\/es\/wp-json\/wp\/v2\/types\/post"}],"author":[{"embeddable":true,"href":"https:\/\/insightcrime.org\/es\/wp-json\/wp\/v2\/users\/4"}],"replies":[{"embeddable":true,"href":"https:\/\/insightcrime.org\/es\/wp-json\/wp\/v2\/comments?post=5517"}],"version-history":[{"count":1,"href":"https:\/\/insightcrime.org\/es\/wp-json\/wp\/v2\/posts\/5517\/revisions"}],"predecessor-version":[{"id":19879,"href":"https:\/\/insightcrime.org\/es\/wp-json\/wp\/v2\/posts\/5517\/revisions\/19879"}],"wp:featuredmedia":[{"embeddable":true,"href":"https:\/\/insightcrime.org\/es\/wp-json\/wp\/v2\/media\/37758"}],"wp:attachment":[{"href":"https:\/\/insightcrime.org\/es\/wp-json\/wp\/v2\/media?parent=5517"}],"wp:term":[{"taxonomy":"category","embeddable":true,"href":"https:\/\/insightcrime.org\/es\/wp-json\/wp\/v2\/categories?post=5517"},{"taxonomy":"post_tag","embeddable":true,"href":"https:\/\/insightcrime.org\/es\/wp-json\/wp\/v2\/tags?post=5517"},{"taxonomy":"newspack_spnsrs_tax","embeddable":true,"href":"https:\/\/insightcrime.org\/es\/wp-json\/wp\/v2\/newspack_spnsrs_tax?post=5517"},{"taxonomy":"author","embeddable":true,"href":"https:\/\/insightcrime.org\/es\/wp-json\/wp\/v2\/coauthors?post=5517"}],"curies":[{"name":"wp","href":"https:\/\/api.w.org\/{rel}","templated":true}]}}