{"id":5518,"date":"2013-06-03T15:25:33","date_gmt":"2017-03-27T23:54:07","guid":{"rendered":"http:\/\/newwp.insightcrime.org?p=5518"},"modified":"2023-04-24T15:31:08","modified_gmt":"2023-04-24T20:31:08","slug":"fiscales-colombianos-no-estan-preparados-para-desmovilizacion-de-las-farc","status":"publish","type":"post","link":"https:\/\/insightcrime.org\/es\/noticias\/noticias-del-dia\/fiscales-colombianos-no-estan-preparados-para-desmovilizacion-de-las-farc\/","title":{"rendered":"&#8216;Fiscales Colombianos No Est\u00e1n Preparados para Desmovilizaci\u00f3n de las FARC&#8217;"},"content":{"rendered":"\n<p class=\"wp-block-paragraph\">El fiscal general de Colombia ha admitido que los fiscales no tienen actualmente la capacidad log\u00edstica para manejar la desmovilizaci\u00f3n de las FARC, lo que genera m\u00e1s preguntas sobre lo que suceder\u00e1 con los guerrilleros si las actuales conversaciones de paz tienen \u00e9xito.<\/p>\n\n\n\n<p class=\"wp-block-paragraph\">En su intervenci\u00f3n en un debate en el Senado, el Fiscal General Eduardo Montealegre admiti\u00f3 que la Fiscal\u00eda General de la Naci\u00f3n no tiene la capacidad para investigar y procesar a los miles de combatientes que se desmovilizar\u00e1n, <a href=\"\/news\/analysis\/colombia-to-negotiate-with-farc\" target=\"_blank\">si las conversaciones de paz<\/a> con las Fuerzas Armadas Revolucionarias de Colombia (FARC) tienen \u00e9xito, <a href=\"https:\/\/noticias.terra.com.co\/nacional\/fiscalia-colombiana-carece-de-estructura-para-afrontar-desarme-de-farc,b535df70a20fe310VgnCLD2000000ec6eb0aRCRD.html\" target=\"_blank\">inform\u00f3 la AFP<\/a>.<\/p>\n\n\n\n<p class=\"wp-block-paragraph\">Montealegre inst\u00f3 al gobierno a \u201ccrear una infraestructura de funcionarios, de m\u00e9todos de investigaci\u00f3n, de una gran organizaci\u00f3n para asumir la investigaci\u00f3n, acusaci\u00f3n y juzgamiento de cerca de 10.000 miembros de la guerrilla\u201d.<\/p>\n\n\n\n<p class=\"wp-block-paragraph\">Sus comentarios se produjeron cuando el Departamento de Estado de Estados Unidos public\u00f3 su <a href=\"https:\/\/www.state.gov\/j\/ct\/rls\/crt\/2012\/209984.htm\" target=\"_blank\">informe anual sobre terrorismo<\/a>, el cual dijo que los ataques guerrilleros hab\u00edan aumentado en 2012, a pesar del inicio de las conversaciones de paz en octubre.<\/p>\n\n\n\n<h3 class=\"wp-block-heading\">An\u00e1lisis de InSight Crime<\/h3>\n\n\n\n<p class=\"wp-block-paragraph\">Si bien gran parte de la atenci\u00f3n, en la potencial desmovilizaci\u00f3n de las FARC, ha estado en c\u00f3mo \u201creinsertar\u201d a los guerrilleros en la sociedad, y en la posibilidad de que el grupo se criminalice, Montealegre ha llamado la atenci\u00f3n sobre otro aspecto clave para el \u00e9xito del proceso.<\/p>\n\n\n\n<p class=\"wp-block-paragraph\">El gobierno de Colombia ha elaborado un pol\u00e9mico \u201c<a href=\"\/news\/analysis\/colombias-bacrim-common-criminals-or-actors-in-armed-conflict\" target=\"_blank\">Marco para la Paz<\/a>\u201c, el cual tiene por objeto establecer un marco legal de justicia transicional para abordar la desmovilizaci\u00f3n. Sin embargo, a menos que la infraestructura log\u00edstica est\u00e9 en su lugar para aplicar la ley, es probable que sea de poca utilidad pr\u00e1ctica.<\/p>\n\n\n\n<p class=\"wp-block-paragraph\">Como<a href=\"https:\/\/www.eltiempo.com\/politica\/proceso-de-paz-fiscalia-dice-no-tener-capacidad-para-atender-posconflicto_12834926-4\" target=\"_blank\"> Montealegre se\u00f1al\u00f3 en su discurso<\/a>, Colombia ha estado aqu\u00ed antes, con la desmovilizaci\u00f3n de los paramilitares de las AUC. Los fiscales se vieron abrumados por la magnitud de la tarea, dejando el aspecto de la justicia transicional, en algo que Montealegre llam\u00f3 un \u201cgran marco te\u00f3rico\u201d.<\/p>\n\n\n\n<p class=\"wp-block-paragraph\">Los resultados de esto fueron ca\u00f3ticos intentos de llevar ante la justicia a los paramilitares desmovilizados, lo que llev\u00f3 a que muchos combatientes rasos y de nivel medio r\u00e1pidamente regresaran al mundo criminal. El temor es que los guerrilleros puedan participar en actividades criminales si llega a darse un acuerdo de paz con las FARC.<\/p>\n\n\n\n<p class=\"wp-block-paragraph\"><em>Lea el especial de InSight Crime: FARC, Proceso de Paz y Posible Criminalizaci\u00f3n,<a href=\"\/series-especiales\/paz-farc\" target=\"_blank\"> aqu\u00ed<\/a>. <\/em><\/p>\n","protected":false},"excerpt":{"rendered":"<p>El fiscal general de Colombia ha admitido que los fiscales no tienen actualmente la capacidad log\u00edstica para manejar la desmovilizaci\u00f3n de las FARC, lo que genera m\u00e1s preguntas sobre lo que suceder\u00e1 con los guerrilleros si las actuales conversaciones de paz tienen \u00e9xito.<\/p>\n","protected":false},"author":16,"featured_media":37756,"comment_status":"closed","ping_status":"closed","sticky":false,"template":"","format":"standard","meta":{"newspack_ads_suppress_ads":false,"newspack_popups_has_disabled_popups":false,"newspack_sponsor_sponsorship_scope":"","newspack_sponsor_native_byline_display":"inherit","newspack_sponsor_native_category_display":"inherit","newspack_sponsor_underwriter_style":"inherit","newspack_sponsor_underwriter_placement":"inherit","_EventAllDay":false,"_EventTimezone":"","_EventStartDate":"","_EventEndDate":"","_EventStartDateUTC":"","_EventEndDateUTC":"","_EventShowMap":false,"_EventShowMapLink":false,"_EventURL":"","_EventCost":"","_EventCostDescription":"","_EventCurrencySymbol":"","_EventCurrencyCode":"","_EventCurrencyPosition":"","_EventDateTimeSeparator":"","_EventTimeRangeSeparator":"","_EventOrganizerID":[],"_EventVenueID":[],"_OrganizerEmail":"","_OrganizerPhone":"","_OrganizerWebsite":"","_VenueAddress":"","_VenueCity":"","_VenueCountry":"","_VenueProvince":"","_VenueState":"","_VenueZip":"","_VenuePhone":"","_VenueURL":"","_VenueStateProvince":"","_VenueLat":"","_VenueLng":"","_VenueShowMap":false,"_VenueShowMapLink":false,"_newspack_byline_active":false,"_newspack_byline":"","newspack_hide_updated_date":false,"newspack_show_updated_date":false,"newspack_featured_image_position":"","newspack_post_subtitle":"","newspack_article_summary_title":"Overview:","newspack_article_summary":"","_jetpack_memberships_contains_paid_content":false,"footnotes":""},"categories":[334],"tags":[1542,475],"newspack_spnsrs_tax":[],"coauthors":[3821],"class_list":["post-5518","post","type-post","status-publish","format-standard","has-post-thumbnail","hentry","category-noticias-del-dia","tag-farc-ep","tag-paz-con-las-farc","entry"],"parsely":{"version":"1.1.0","canonical_url":"https:\/\/insightcrime.org\/es\/noticias\/noticias-del-dia\/fiscales-colombianos-no-estan-preparados-para-desmovilizacion-de-las-farc\/","smart_links":{"inbound":0,"outbound":0},"traffic_boost_suggestions_count":0,"meta":{"@context":"https:\/\/schema.org","@type":"NewsArticle","headline":"&#8216;Fiscales Colombianos No Est\u00e1n Preparados para Desmovilizaci\u00f3n de las FARC&#8217;","url":"http:\/\/insightcrime.org\/es\/noticias\/noticias-del-dia\/fiscales-colombianos-no-estan-preparados-para-desmovilizacion-de-las-farc\/","mainEntityOfPage":{"@type":"WebPage","@id":"http:\/\/insightcrime.org\/es\/noticias\/noticias-del-dia\/fiscales-colombianos-no-estan-preparados-para-desmovilizacion-de-las-farc\/"},"thumbnailUrl":"https:\/\/i0.wp.com\/insightcrime.org\/wp-content\/uploads\/2013\/06\/es-931791eac43a21d630c51c019d8e0000.jpg?resize=150%2C150&quality=100&ssl=1","image":{"@type":"ImageObject","url":"https:\/\/i0.wp.com\/insightcrime.org\/wp-content\/uploads\/2013\/06\/es-931791eac43a21d630c51c019d8e0000.jpg?fit=280%2C169&quality=100&ssl=1"},"articleSection":"Noticias del d\u00eda","author":[{"@type":"Person","name":"James Bargent"}],"creator":["James Bargent"],"publisher":{"@type":"Organization","name":"InSight Crime","logo":"https:\/\/insightcrime.org\/wp-content\/uploads\/2023\/08\/logo.png"},"keywords":["farc","paz farc"],"dateCreated":"2017-03-27T23:54:07Z","datePublished":"2017-03-27T23:54:07Z","dateModified":"2023-04-24T20:31:08Z"},"rendered":"<meta name=\"parsely-title\" content=\"&#8216;Fiscales Colombianos No Est\u00e1n Preparados para Desmovilizaci\u00f3n de las FARC&#8217;\" \/>\n<meta name=\"parsely-link\" content=\"http:\/\/insightcrime.org\/es\/noticias\/noticias-del-dia\/fiscales-colombianos-no-estan-preparados-para-desmovilizacion-de-las-farc\/\" \/>\n<meta name=\"parsely-type\" content=\"post\" \/>\n<meta name=\"parsely-image-url\" content=\"https:\/\/i0.wp.com\/insightcrime.org\/wp-content\/uploads\/2013\/06\/es-931791eac43a21d630c51c019d8e0000.jpg?resize=150%2C150&amp;quality=100&amp;ssl=1\" \/>\n<meta name=\"parsely-pub-date\" content=\"2017-03-27T23:54:07Z\" \/>\n<meta name=\"parsely-section\" content=\"Noticias del d\u00eda\" \/>\n<meta name=\"parsely-tags\" content=\"farc,paz farc\" \/>\n<meta name=\"parsely-author\" content=\"James Bargent\" \/>","tracker_url":"https:\/\/cdn.parsely.com\/keys\/insightcrime.org\/p.js"},"jetpack_sharing_enabled":true,"jetpack-related-posts":[{"id":172860,"url":"https:\/\/insightcrime.org\/es\/noticias\/deforestacion-amazonia-colombiana-acertijo-va-mas-alla-disidencias\/","url_meta":{"origin":5518,"position":0},"title":"Disidencias de las FARC, primeros acusados en marco de nueva ley ambiental en Colombia","author":"Juan Diego C\u00e1rdenas","date":"8 de diciembre de 2021","format":false,"excerpt":"Una nueva estrategia implementada por Colombia para combatir la deforestaci\u00f3n incluye el procesamiento judicial de los causantes de impacto ambiental, un delito para el cual no hay pocos culpables.","rel":"","context":"En \u00abNoticias\u00bb","block_context":{"text":"Noticias","link":"https:\/\/insightcrime.org\/es\/category\/noticias\/"},"img":{"alt_text":"","src":"https:\/\/i0.wp.com\/insightcrime.org\/wp-content\/uploads\/2021\/12\/106975234-1636936362963-gettyimages-1228062683-AFP_1WJ4KX.jpeg?fit=350%2C250&quality=100&ssl=1&resize=350%2C200","width":350,"height":200},"classes":[]},{"id":275021,"url":"https:\/\/insightcrime.org\/es\/noticias\/paz-total-paz-parcial-dialogos-grupos-criminales-colombia-fragmentan\/","url_meta":{"origin":5518,"position":1},"title":"De la Paz Total a la paz parcial: Los di\u00e1logos con los grupos criminales en Colombia se fragmentan","author":"Henry Shuldiner","date":"3 de mayo de 2024","format":false,"excerpt":"La Paz Total se ha tambaleado desde que comenz\u00f3 a finales de 2022. Y ahora, las divisiones internas en torno a las conversaciones de paz han llevado al ELN y al EMC a una situaci\u00f3n de crisis.","rel":"","context":"En \u00abNoticias\u00bb","block_context":{"text":"Noticias","link":"https:\/\/insightcrime.org\/es\/category\/noticias\/"},"img":{"alt_text":"","src":"https:\/\/i0.wp.com\/insightcrime.org\/wp-content\/uploads\/2024\/05\/Colombia-A-guerrilla-from-the-FARC-EMC-stands-guard-on-a-road-at-a-checkpoint-in-Corinto-Colombia-AP24103628891009.jpg?fit=1200%2C690&quality=100&ssl=1&resize=350%2C200","width":350,"height":200,"srcset":"https:\/\/i0.wp.com\/insightcrime.org\/wp-content\/uploads\/2024\/05\/Colombia-A-guerrilla-from-the-FARC-EMC-stands-guard-on-a-road-at-a-checkpoint-in-Corinto-Colombia-AP24103628891009.jpg?fit=1200%2C690&quality=100&ssl=1&resize=350%2C200 1x, https:\/\/i0.wp.com\/insightcrime.org\/wp-content\/uploads\/2024\/05\/Colombia-A-guerrilla-from-the-FARC-EMC-stands-guard-on-a-road-at-a-checkpoint-in-Corinto-Colombia-AP24103628891009.jpg?fit=1200%2C690&quality=100&ssl=1&resize=525%2C300 1.5x, https:\/\/i0.wp.com\/insightcrime.org\/wp-content\/uploads\/2024\/05\/Colombia-A-guerrilla-from-the-FARC-EMC-stands-guard-on-a-road-at-a-checkpoint-in-Corinto-Colombia-AP24103628891009.jpg?fit=1200%2C690&quality=100&ssl=1&resize=700%2C400 2x, https:\/\/i0.wp.com\/insightcrime.org\/wp-content\/uploads\/2024\/05\/Colombia-A-guerrilla-from-the-FARC-EMC-stands-guard-on-a-road-at-a-checkpoint-in-Corinto-Colombia-AP24103628891009.jpg?fit=1200%2C690&quality=100&ssl=1&resize=1050%2C600 3x"},"classes":[]},{"id":197776,"url":"https:\/\/insightcrime.org\/es\/noticias\/arriesgada-apuesta-colombia-paz-total\/","url_meta":{"origin":5518,"position":2},"title":"La arriesgada apuesta de Colombia por la &#8216;Paz Total&#8217;","author":"Juan Diego Posada","date":"13 de septiembre de 2022","format":false,"excerpt":"La propuesta del presidente Gustavo Petro de \"Paz Total\" muestra c\u00f3mo el nuevo gobierno busca desmovilizar los grupos criminales, pero podr\u00eda estar olvidando los escenarios alternos del proyecto.","rel":"","context":"En \u00abNoticias\u00bb","block_context":{"text":"Noticias","link":"https:\/\/insightcrime.org\/es\/category\/noticias\/"},"img":{"alt_text":"President Gustavo Petro of Colombia raises a fist in celebration","src":"https:\/\/i0.wp.com\/insightcrime.org\/wp-content\/uploads\/2022\/09\/Colombia-President-Gustavo-Petro-raises-his-fist-at-the-end-of-his-inauguration-speech-Aug-2022-AP_22220013460170-A2.jpg?fit=1200%2C690&quality=100&ssl=1&resize=350%2C200","width":350,"height":200,"srcset":"https:\/\/i0.wp.com\/insightcrime.org\/wp-content\/uploads\/2022\/09\/Colombia-President-Gustavo-Petro-raises-his-fist-at-the-end-of-his-inauguration-speech-Aug-2022-AP_22220013460170-A2.jpg?fit=1200%2C690&quality=100&ssl=1&resize=350%2C200 1x, https:\/\/i0.wp.com\/insightcrime.org\/wp-content\/uploads\/2022\/09\/Colombia-President-Gustavo-Petro-raises-his-fist-at-the-end-of-his-inauguration-speech-Aug-2022-AP_22220013460170-A2.jpg?fit=1200%2C690&quality=100&ssl=1&resize=525%2C300 1.5x, https:\/\/i0.wp.com\/insightcrime.org\/wp-content\/uploads\/2022\/09\/Colombia-President-Gustavo-Petro-raises-his-fist-at-the-end-of-his-inauguration-speech-Aug-2022-AP_22220013460170-A2.jpg?fit=1200%2C690&quality=100&ssl=1&resize=700%2C400 2x, https:\/\/i0.wp.com\/insightcrime.org\/wp-content\/uploads\/2022\/09\/Colombia-President-Gustavo-Petro-raises-his-fist-at-the-end-of-his-inauguration-speech-Aug-2022-AP_22220013460170-A2.jpg?fit=1200%2C690&quality=100&ssl=1&resize=1050%2C600 3x"},"classes":[]},{"id":281672,"url":"https:\/\/insightcrime.org\/es\/noticias\/por-que-la-segunda-marquetalia-podria-estar-lista-para-la-paz-en-colombia\/","url_meta":{"origin":5518,"position":3},"title":"Por qu\u00e9 la Segunda Marquetalia podr\u00eda estar lista para la paz en Colombia","author":"Sergio Saffon","date":"27 de junio de 2024","format":false,"excerpt":"El grupo guerrillero disidente conocido como la Segunda Marquetalia ha iniciado negociaciones de paz con el gobierno de Colombia, y parece estar a punto de llegar a un acuerdo a causa de su debilitada condici\u00f3n.","rel":"","context":"En \u00abNoticias\u00bb","block_context":{"text":"Noticias","link":"https:\/\/insightcrime.org\/es\/category\/noticias\/"},"img":{"alt_text":"Peace talks between the Second Marquetalia and the Colombian government in Caracas, Venezuela.","src":"https:\/\/i0.wp.com\/insightcrime.org\/wp-content\/uploads\/2024\/06\/negociacion-de-paz-con-la-segunda-marquetalia-en-colombia-focus-0-0-1044-675-2.jpg?fit=350%2C250&quality=100&ssl=1&resize=350%2C200","width":350,"height":200},"classes":[]},{"id":294652,"url":"https:\/\/insightcrime.org\/es\/noticias\/papel-agc-fragiles-negociaciones-colombia\/","url_meta":{"origin":5518,"position":4},"title":"\u00bfJuego de poder o paz? El papel de AGC en las fr\u00e1giles negociaciones de Colombia","author":"Liza Schmidt","date":"16 de octubre de 2024","format":false,"excerpt":"La fortaleza de las AGC, el poderoso grupo criminal colombiano, ser\u00e1 un reto significativo para las incipientes conversaciones de paz, seg\u00fan un nuevo reporte, generando preocupaciones sobre la falta de inter\u00e9s genuino del grupo por la paz y su posible consolidaci\u00f3n criminal.\u00a0","rel":"","context":"En \u00abNoticias\u00bb","block_context":{"text":"Noticias","link":"https:\/\/insightcrime.org\/es\/category\/noticias\/"},"img":{"alt_text":"","src":"https:\/\/i0.wp.com\/insightcrime.org\/wp-content\/uploads\/2024\/10\/Feature-image-ACG-Colombia-Oct-2024.jpg?fit=1200%2C690&quality=100&ssl=1&resize=350%2C200","width":350,"height":200,"srcset":"https:\/\/i0.wp.com\/insightcrime.org\/wp-content\/uploads\/2024\/10\/Feature-image-ACG-Colombia-Oct-2024.jpg?fit=1200%2C690&quality=100&ssl=1&resize=350%2C200 1x, https:\/\/i0.wp.com\/insightcrime.org\/wp-content\/uploads\/2024\/10\/Feature-image-ACG-Colombia-Oct-2024.jpg?fit=1200%2C690&quality=100&ssl=1&resize=525%2C300 1.5x, https:\/\/i0.wp.com\/insightcrime.org\/wp-content\/uploads\/2024\/10\/Feature-image-ACG-Colombia-Oct-2024.jpg?fit=1200%2C690&quality=100&ssl=1&resize=700%2C400 2x, https:\/\/i0.wp.com\/insightcrime.org\/wp-content\/uploads\/2024\/10\/Feature-image-ACG-Colombia-Oct-2024.jpg?fit=1200%2C690&quality=100&ssl=1&resize=1050%2C600 3x"},"classes":[]},{"id":299413,"url":"https:\/\/insightcrime.org\/es\/noticias\/esfuerzos-paz-colombia-provocan-disputas-divisiones-criminales\/","url_meta":{"origin":5518,"position":5},"title":"Los esfuerzos de paz de Colombia provocan disputas y divisiones criminales","author":"Henry Shuldiner","date":"9 de enero de 2025","format":false,"excerpt":"Las perspectivas de paz en Colombia parecen cada vez m\u00e1s remotas a medida que los grupos armados ilegales se fragmentan en medio de una bonanza de oro y coca\u00edna. Mientras Gustavo Petro se prepara para los dos \u00faltimos a\u00f1os de su gobierno, las posibilidades de un acuerdo parecen lejanas.","rel":"","context":"En \u00abNoticias\u00bb","block_context":{"text":"Noticias","link":"https:\/\/insightcrime.org\/es\/category\/noticias\/"},"img":{"alt_text":"","src":"https:\/\/i0.wp.com\/insightcrime.org\/wp-content\/uploads\/2025\/01\/Colombia-Indigenous-Guard-drive-past-a-vehicle-they-burned-by-Estado-Mayor-Central-Mar-2024-AP24079647100681-A2.jpg?fit=1200%2C690&quality=100&ssl=1&resize=350%2C200","width":350,"height":200,"srcset":"https:\/\/i0.wp.com\/insightcrime.org\/wp-content\/uploads\/2025\/01\/Colombia-Indigenous-Guard-drive-past-a-vehicle-they-burned-by-Estado-Mayor-Central-Mar-2024-AP24079647100681-A2.jpg?fit=1200%2C690&quality=100&ssl=1&resize=350%2C200 1x, https:\/\/i0.wp.com\/insightcrime.org\/wp-content\/uploads\/2025\/01\/Colombia-Indigenous-Guard-drive-past-a-vehicle-they-burned-by-Estado-Mayor-Central-Mar-2024-AP24079647100681-A2.jpg?fit=1200%2C690&quality=100&ssl=1&resize=525%2C300 1.5x, https:\/\/i0.wp.com\/insightcrime.org\/wp-content\/uploads\/2025\/01\/Colombia-Indigenous-Guard-drive-past-a-vehicle-they-burned-by-Estado-Mayor-Central-Mar-2024-AP24079647100681-A2.jpg?fit=1200%2C690&quality=100&ssl=1&resize=700%2C400 2x, https:\/\/i0.wp.com\/insightcrime.org\/wp-content\/uploads\/2025\/01\/Colombia-Indigenous-Guard-drive-past-a-vehicle-they-burned-by-Estado-Mayor-Central-Mar-2024-AP24079647100681-A2.jpg?fit=1200%2C690&quality=100&ssl=1&resize=1050%2C600 3x"},"classes":[]}],"jetpack_featured_media_url":"https:\/\/i0.wp.com\/insightcrime.org\/wp-content\/uploads\/2013\/06\/es-931791eac43a21d630c51c019d8e0000.jpg?fit=280%2C169&quality=100&ssl=1","_links":{"self":[{"href":"https:\/\/insightcrime.org\/es\/wp-json\/wp\/v2\/posts\/5518","targetHints":{"allow":["GET"]}}],"collection":[{"href":"https:\/\/insightcrime.org\/es\/wp-json\/wp\/v2\/posts"}],"about":[{"href":"https:\/\/insightcrime.org\/es\/wp-json\/wp\/v2\/types\/post"}],"author":[{"embeddable":true,"href":"https:\/\/insightcrime.org\/es\/wp-json\/wp\/v2\/users\/16"}],"replies":[{"embeddable":true,"href":"https:\/\/insightcrime.org\/es\/wp-json\/wp\/v2\/comments?post=5518"}],"version-history":[{"count":1,"href":"https:\/\/insightcrime.org\/es\/wp-json\/wp\/v2\/posts\/5518\/revisions"}],"predecessor-version":[{"id":19877,"href":"https:\/\/insightcrime.org\/es\/wp-json\/wp\/v2\/posts\/5518\/revisions\/19877"}],"wp:featuredmedia":[{"embeddable":true,"href":"https:\/\/insightcrime.org\/es\/wp-json\/wp\/v2\/media\/37756"}],"wp:attachment":[{"href":"https:\/\/insightcrime.org\/es\/wp-json\/wp\/v2\/media?parent=5518"}],"wp:term":[{"taxonomy":"category","embeddable":true,"href":"https:\/\/insightcrime.org\/es\/wp-json\/wp\/v2\/categories?post=5518"},{"taxonomy":"post_tag","embeddable":true,"href":"https:\/\/insightcrime.org\/es\/wp-json\/wp\/v2\/tags?post=5518"},{"taxonomy":"newspack_spnsrs_tax","embeddable":true,"href":"https:\/\/insightcrime.org\/es\/wp-json\/wp\/v2\/newspack_spnsrs_tax?post=5518"},{"taxonomy":"author","embeddable":true,"href":"https:\/\/insightcrime.org\/es\/wp-json\/wp\/v2\/coauthors?post=5518"}],"curies":[{"name":"wp","href":"https:\/\/api.w.org\/{rel}","templated":true}]}}