{"id":5528,"date":"2013-06-05T14:09:54","date_gmt":"2017-03-27T23:54:09","guid":{"rendered":"http:\/\/newwp.insightcrime.org?p=5528"},"modified":"2023-04-24T15:31:11","modified_gmt":"2023-04-24T20:31:11","slug":"michoacan-volver-al-futuro","status":"publish","type":"post","link":"https:\/\/insightcrime.org\/es\/noticias\/analisis\/michoacan-volver-al-futuro\/","title":{"rendered":"Michoac\u00e1n: Volver al Futuro"},"content":{"rendered":"\n<p class=\"wp-block-paragraph\"><em>Pese a querer diferenciarse de la anterior administraci\u00f3n, la movida militar del Presidente mexicano Enrique Pe\u00f1a Nieto, en el estado de Michoac\u00e1n, plantea m\u00e1s puntos de convergencia que divergencias entre su gobierno y el del expresidente Calder\u00f3n. El analista de seguridad mexicano, Alejandro Hope, hace un an\u00e1lisis que revela estas similitudes.&nbsp;<\/em><\/p>\n\n\n\n<p class=\"wp-block-paragraph\">Salvo que vivan bajo una piedra, ya saben que, en d\u00edas pasados, el gobierno de Enrique Pe\u00f1a Nieto tom\u00f3 una medida con obvias tonalidades calderonistas: lanz\u00f3 un <a href=\"https:\/\/eleconomista.com.mx\/sociedad\/2013\/05\/21\/cienfuegos-coordinara-operativo-seguridad-michoacan\" target=\"_blank\">nuevo operativo federal<\/a> en Michoac\u00e1n. Pero <a href=\"https:\/\/www.24-horas.mx\/operativo-michoacan-muy-distinto-al-de-hace-seis-anos-osorio-chong\/\" target=\"_blank\">esto es totalmente distinto<\/a>, nos informa el secretario de Gobernaci\u00f3n, Miguel \u00c1ngel Osorio Chong \u00bfLas diferencias? Son tres:<\/p>\n\n\n\n<p class=\"wp-block-paragraph\"><strong>1. Coordinaci\u00f3n:<\/strong> \u201cVa el Ej\u00e9rcito en coordinaci\u00f3n con la Polic\u00eda Federal, con la Marina, con la PGR, con el Cisen, juntos en una estrategia com\u00fan con el gobierno del estado. Esta es una gran primera diferencia. Hoy no va solamente la estrategia del gobierno federal a imponerse sobre la estrategia estatal, sino a trabajar de manera conjunta\u201d<\/p>\n\n\n\n<p class=\"wp-block-paragraph\"><strong>2. Estrategia:<\/strong> \u201cVamos muy claros en lo que queremos. Hoy hay objetivos, adem\u00e1s en la estrategia sabemos d\u00f3nde y quienes y qu\u00e9 tenemos que hacer\u201d<\/p>\n\n\n\n<p class=\"wp-block-paragraph\"><strong>3. Participaci\u00f3n ciudadana:<\/strong> \u201cNo hay ni nunca la habr\u00e1 un eficiente trabajo de seguridad si no participa la sociedad civil, ellos son los poseedores de la mayor informaci\u00f3n\u201d<\/p>\n\n\n\n<p class=\"wp-block-paragraph\">Ser\u00e1 que soy menso, pero no acabo de percibir muy bien la distinci\u00f3n:<\/p>\n\n\n\n<p class=\"wp-block-paragraph\">1. En el <a href=\"https:\/\/www.cronica.com.mx\/notas\/2006\/275855.html\" target=\"_blank\">operativo lanzado en diciembre de 2006<\/a>, tambi\u00e9n iba el Ej\u00e9rcito en coordinaci\u00f3n con la Marina, la PGR, la Polic\u00eda Federal y el CISEN. Digo, por eso llevaba el adjetivo \u201cconjunto\u201d en el t\u00edtulo y por eso lo anunciaron en una misma conferencia de prensa los secretarios de Gobernaci\u00f3n, Defensa Nacional, Seguridad P\u00fablica, Marina y el Procurador General de la Rep\u00fablica. Y el operativo inici\u00f3 con pleno conocimiento y anuencia del entonces gobernador de Michoac\u00e1n, L\u00e1zaro C\u00e1rdenas Batel \u00bfQu\u00e9 luego surgieron conflictos entre las dependencias federales y con el gobierno del estado? Sin duda, pero eso es harina de otro costal: de arranque, el operativo no parec\u00eda muy diferente a lo que se anunci\u00f3 la semana pasada.<\/p>\n\n\n\n<p class=\"wp-block-paragraph\">2. Objetivos tambi\u00e9n hab\u00eda en el operativo de 2006. <a href=\"https:\/\/www.cronica.com.mx\/notas\/2006\/275855.html\" target=\"_blank\">Los list\u00f3<\/a> el entonces secretario de Gobernaci\u00f3n, <a href=\"https:\/\/es.wikipedia.org\/wiki\/Francisco_Javier_Ram%C3%ADrez_Acu%C3%B1a\" target=\"_blank\">Francisco Ram\u00edrez Acu\u00f1a<\/a>, en la conferencia de prensa donde se anunci\u00f3 la medida. Entre otras cosas, se buscaba \u201cterminar con los plant\u00edos il\u00edcitos, efectuar cateos, cumplimentar \u00f3rdenes de aprehensi\u00f3n y desmantelar los lugares en los que se vende droga\u201d, adem\u00e1s de \u201ctraer la paz a los espacios p\u00fablicos que la delincuencia organizada ha arrebatado.\u201d Puede juzgarse que esos objetivos eran inadecuados o resultaban inalcanzables o no se cumplieron (las tres cosas son probablemente ciertas). Puede incluso argumentarse que los objetivos definidos para la operaci\u00f3n de 2013 est\u00e1n mejor y m\u00e1s claramente descritos que los de 2006 (no lo sabemos, ya que el secretario Osorio no dio detalles). Pero la mera existencia de objetivos y estrategia no puede presentarse como una diferencia entre 2006 y 2013.<\/p>\n\n\n\n<p class=\"wp-block-paragraph\">3. Sobre la participaci\u00f3n ciudadana, le concedo el punto al secretario Osorio para el caso espec\u00edfico de Michoac\u00e1n: que yo sepa, la interlocuci\u00f3n con ONGs no fue muy intensa en ese estado. Pero no puede decirse lo mismo para otros operativos: en Baja California o en Ciudad Ju\u00e1rez (en su segunda fase, a partir de 2010), hubo trabajo continuo con organizaciones de la sociedad civil. Se institucionalizaron incluso algunos mecanismos de interacci\u00f3n, como la <a href=\"https:\/\/www.mesadeseguridad.org\/\" target=\"_blank\">Mesa de Seguridad<\/a> en Ju\u00e1rez. Tal vez no eran id\u00f3neas las relaciones entre el gobierno y la sociedad civil, pero de que las hubo, las hubo.<\/p>\n\n\n\n<p class=\"wp-block-paragraph\">En resumen, si la diferencia es un poco m\u00e1s de organizaci\u00f3n y algunas reuniones con ONGs, pues no hay mucho cambio. En contraste, las l\u00edneas de continuidad con la pol\u00edtica de Calder\u00f3n me parecen mucho m\u00e1s claras. Encuentro al menos tres:<\/p>\n\n\n\n<p class=\"wp-block-paragraph\">1. <a href=\"https:\/\/imco.org.mx\/indice_de_competitividad_estatal_2012\/archivos\/libro\/seguridad_publica.pdf\" target=\"_blank\">El operativo no tiene un l\u00edmite temporal fijo<\/a>. Seg\u00fan declaraciones del secretario Osorio, el operativo federal en Michoac\u00e1n \u201cpersistir\u00e1 hasta que en el estado haya condiciones de seguridad y se devuelva la paz a todos los habitantes\u201d. Temo mucho decir que eso puede tardar un buen rato, no s\u00f3lo por la magnitud del reto, sino porque los operativos generan un incentivo perverso: dado que las fuerzas federales se hacen cargo de la seguridad de la entidad, las autoridades estatales no tienen ninguna motivaci\u00f3n para ampliar sus capacidades y asumir sus responsabilidades. El despliegue de fuerza no va contra su presupuesto (al menos no por entero). Si algo sale mal, le pueden echar la culpa a los federales y si algo sale bien, se pueden parar el cuello \u00bfPor qu\u00e9 querr\u00eda un gobernador que se fueran el Ej\u00e9rcito, la Marina o la Polic\u00eda Federal? Ni de loco. El gobierno federal queda entonces atrapado en una suerte de <a href=\"https:\/\/es.wikipedia.org\/wiki\/Trampa-22_%28libro%29\" target=\"_blank\">trampa 22<\/a>: si retira sus tropas, deja un desastre y si se queda, el gobierno estatal no hace nada. S\u00f3lo hay dos maneras de salir de ese embrollo: a) el surgimiento de presi\u00f3n social dirigida hacia el gobierno estatal (o municipal, en su caso), como sucedi\u00f3 en Ciudad Ju\u00e1rez o Monterrey, \u00f3 b) el establecimiento de una fecha l\u00edmite, razonable pero firme, para el retiro de las fuerzas federales, con la posibilidad de una ampliaci\u00f3n, pero sujeta a una condicionalidad sever\u00edsima, que duela (ejemplo: todos los costos del operativo van contra el erario estatal). En Michoac\u00e1n, no ha sucedido lo primero en siete a\u00f1os (al menos no con la intensidad requerida) y el gobierno federal opt\u00f3 ahora por no hacer lo segundo. As\u00ed que, al igual que con Calder\u00f3n, la operaci\u00f3n podr\u00eda ser interminable.<\/p>\n\n\n\n<p class=\"wp-block-paragraph\">2. No hay transparencia sobre el operativo. El secretario Osorio afirm\u00f3 que se tienen objetivos, pero no dijo cu\u00e1les. Resulta por tanto imposible saber si se est\u00e1n alcanzando. El acuerdo con el gobierno estatal se encuentra igualmente envuelto en brumas: \u00bfa qu\u00e9 se comprometieron las autoridades michoacanas? \u00bfQu\u00e9 responsabilidades asumi\u00f3 el gobierno federal? Osorio habl\u00f3 de entregar <a href=\"https:\/\/mexico.cnn.com\/nacional\/2013\/05\/21\/gobernacion-toma-el-control-de-la-seguridad-en-michoacan-por-autodefensas\" target=\"_blank\">\u201cun apoyo extraordinario, un recurso importante\u201d<\/a> al gobierno de Michoac\u00e1n para crear una polic\u00eda estatal competente \u00bfA cuanto asciende ese \u201crecurso\u201d? \u00bfDe qu\u00e9 partida presupuestal va a salir? \u00bfEn qu\u00e9 plazo se entregar\u00e1? \u00bfSujeto a que reglas y condiciones? \u00bfQu\u00e9 resultados se esperan? En ausencia de esa informaci\u00f3n b\u00e1sica, \u00bfc\u00f3mo evaluar el operativo? \u00bfC\u00f3mo asignar culpas y m\u00e9ritos? Estamos en la oscuridad, igual que en el sexenio pasado.<\/p>\n\n\n\n<p class=\"wp-block-paragraph\">3. La participaci\u00f3n de las fuerzas armadas en tareas de seguridad p\u00fablica sigue sin estar regulada. La Gendarmer\u00eda era una manera de medio darle la vuelta al problema, pero al parecer ese proyecto va a dormir el sue\u00f1o de los justos (no fue inclu\u00eddo en el Plan Nacional de Desarrollo y eso es una omisi\u00f3n demasiado grande para ser involuntaria). No ha habido mucho esfuerzo por revivir la discusi\u00f3n legislativa en torno a la <a href=\"https:\/\/mexico.cnn.com\/nacional\/2011\/04\/29\/posibles-reformas-a-la-ley-de-seguridad-nacional\" target=\"_blank\">Ley de Seguridad Nacional<\/a>, el r\u00e9gimen de seguridad interior o la reglamentaci\u00f3n de los <a href=\"https:\/\/info4.juridicas.unam.mx\/ijure\/fed\/9\/30.htm\" target=\"_blank\">art\u00edculos 29<\/a> y <a href=\"https:\/\/info4.juridicas.unam.mx\/ijure\/fed\/9\/30.htm\" target=\"_blank\">129<\/a> de la Constituci\u00f3n. Los argumentos expresados hace un a\u00f1o por el ministro de la Suprema Corte, <a href=\"https:\/\/www.sitios.scjn.gob.mx\/jrcossio\/\/docs\/fuero_militar070812.pdf\" target=\"_blank\">Jos\u00e9 Ram\u00f3n Cossio<\/a>, sobre el d\u00e9ficit de constitucionalidad del uso de las fuerzas armadas en labores de seguridad p\u00fablica, siguen vigentes. El operativo en Michoac\u00e1n, encabezado por el Ej\u00e9rcito, se mueve en terrenos legales peligrosos, tanto como las acciones similares emprendidas en el gobierno anterior.<\/p>\n\n\n\n<p class=\"wp-block-paragraph\">El de Michoac\u00e1n es el primer operativo a gran escala de esta administraci\u00f3n. Con toda probabilidad no ser\u00e1 el \u00faltimo: varios estados podr\u00edan levantar la mano en los meses y a\u00f1os por venir. A\u00fan es tiempo, por tanto, de cambiar de curso. Si en verdad quieren en el gobierno marcar una diferencia con la administraci\u00f3n anterior, podr\u00edan asegurarse de que todos los operativos federales, presentes y futuros, tengan un car\u00e1cter subsidiario y limitado, complementen a las autoridades locales y no las sustituyan, procedan con transparencia y, sobre todo, despejen toda duda sobre su legalidad. Ese ser\u00eda un cambio que bien valdr\u00eda la pena festejar. Pero mientras la diferencia no sea sino reuniones mejor conducidas (cuando mucho), no queda m\u00e1s que sentir como nos roza el esp\u00edritu de 2006.<\/p>\n\n\n\n<p class=\"wp-block-paragraph\"><strong><em>Publicado con el permiso de *Alejandro Hope, de&nbsp;<\/em><em><a href=\"#axzz2DAkg175J\" target=\"_blank\">Plata o Plomo<\/a>, un blog sobre la pol\u00edtica y la econom\u00eda del crimen publicado por&nbsp;<a href=\"https:\/\/www.animalpolitico.com\/\" target=\"_blank\">Animal Pol\u00edtico<\/a>. Lea el original&nbsp;<a href=\"https:\/\/www.animalpolitico.com\/blogueros-plata-o-plomo\/2013\/05\/30\/michoacan-volver-al-futuro\/#axzz2VFnNIkK0\">aqu\u00ed<\/a>.&nbsp;<i>Hope es tambi\u00e9n miembro de la Junta Directiva de InSight Crime.<\/i><\/em><\/strong><\/p>\n","protected":false},"excerpt":{"rendered":"<p><em>Pese a querer diferenciarse de la anterior administraci\u00f3n, la movida militar del Presidente mexicano Enrique Pe\u00f1a Nieto, en el estado de Michoac\u00e1n, plantea m\u00e1s puntos de convergencia que divergencias entre su gobierno y el del expresidente Calder\u00f3n. El analista de seguridad mexicano, Alejandro Hope, hace un an\u00e1lisis que revela estas similitudes.\u00a0<\/em><\/p>\n","protected":false},"author":21,"featured_media":37782,"comment_status":"closed","ping_status":"closed","sticky":false,"template":"","format":"standard","meta":{"newspack_ads_suppress_ads":false,"newspack_popups_has_disabled_popups":false,"newspack_sponsor_sponsorship_scope":"","newspack_sponsor_native_byline_display":"inherit","newspack_sponsor_native_category_display":"inherit","newspack_sponsor_underwriter_style":"inherit","newspack_sponsor_underwriter_placement":"inherit","_EventAllDay":false,"_EventTimezone":"","_EventStartDate":"","_EventEndDate":"","_EventStartDateUTC":"","_EventEndDateUTC":"","_EventShowMap":false,"_EventShowMapLink":false,"_EventURL":"","_EventCost":"","_EventCostDescription":"","_EventCurrencySymbol":"","_EventCurrencyCode":"","_EventCurrencyPosition":"","_EventDateTimeSeparator":"","_EventTimeRangeSeparator":"","_EventOrganizerID":[],"_EventVenueID":[],"_OrganizerEmail":"","_OrganizerPhone":"","_OrganizerWebsite":"","_VenueAddress":"","_VenueCity":"","_VenueCountry":"","_VenueProvince":"","_VenueState":"","_VenueZip":"","_VenuePhone":"","_VenueURL":"","_VenueStateProvince":"","_VenueLat":"","_VenueLng":"","_VenueShowMap":false,"_VenueShowMapLink":false,"_newspack_byline_active":false,"_newspack_byline":"","newspack_hide_updated_date":false,"newspack_show_updated_date":false,"newspack_featured_image_position":"","newspack_post_subtitle":"","newspack_article_summary_title":"Overview:","newspack_article_summary":"","_jetpack_memberships_contains_paid_content":false,"footnotes":""},"categories":[340],"tags":[406,438],"newspack_spnsrs_tax":[],"coauthors":[3704],"class_list":["post-5528","post","type-post","status-publish","format-standard","has-post-thumbnail","hentry","category-analisis","tag-mexico-pais","tag-politicas-de-seguridad","entry"],"parsely":{"version":"1.1.0","canonical_url":"https:\/\/insightcrime.org\/es\/noticias\/analisis\/michoacan-volver-al-futuro\/","smart_links":{"inbound":0,"outbound":0},"traffic_boost_suggestions_count":0,"meta":{"@context":"https:\/\/schema.org","@type":"NewsArticle","headline":"Michoac\u00e1n: Volver al Futuro","url":"http:\/\/insightcrime.org\/es\/noticias\/analisis\/michoacan-volver-al-futuro\/","mainEntityOfPage":{"@type":"WebPage","@id":"http:\/\/insightcrime.org\/es\/noticias\/analisis\/michoacan-volver-al-futuro\/"},"thumbnailUrl":"https:\/\/i0.wp.com\/insightcrime.org\/wp-content\/uploads\/2013\/06\/es-29801a11219245646fe71d2ee979bc13.jpg?resize=150%2C150&quality=100&ssl=1","image":{"@type":"ImageObject","url":"https:\/\/i0.wp.com\/insightcrime.org\/wp-content\/uploads\/2013\/06\/es-29801a11219245646fe71d2ee979bc13.jpg?fit=400%2C267&quality=100&ssl=1"},"articleSection":"An\u00e1lisis","author":[{"@type":"Person","name":"Alejandro Hope"}],"creator":["Alejandro Hope"],"publisher":{"@type":"Organization","name":"InSight Crime","logo":"https:\/\/insightcrime.org\/wp-content\/uploads\/2023\/08\/logo.png"},"keywords":["m\u00e9xico","pol\u00edticas de seguridad"],"dateCreated":"2017-03-27T23:54:09Z","datePublished":"2017-03-27T23:54:09Z","dateModified":"2023-04-24T20:31:11Z"},"rendered":"<meta name=\"parsely-title\" content=\"Michoac\u00e1n: Volver al Futuro\" \/>\n<meta name=\"parsely-link\" content=\"http:\/\/insightcrime.org\/es\/noticias\/analisis\/michoacan-volver-al-futuro\/\" \/>\n<meta name=\"parsely-type\" content=\"post\" \/>\n<meta name=\"parsely-image-url\" content=\"https:\/\/i0.wp.com\/insightcrime.org\/wp-content\/uploads\/2013\/06\/es-29801a11219245646fe71d2ee979bc13.jpg?resize=150%2C150&amp;quality=100&amp;ssl=1\" \/>\n<meta name=\"parsely-pub-date\" content=\"2017-03-27T23:54:09Z\" \/>\n<meta name=\"parsely-section\" content=\"An\u00e1lisis\" \/>\n<meta name=\"parsely-tags\" content=\"m\u00e9xico,pol\u00edticas de seguridad\" \/>\n<meta name=\"parsely-author\" content=\"Alejandro Hope\" \/>","tracker_url":"https:\/\/cdn.parsely.com\/keys\/insightcrime.org\/p.js"},"jetpack_sharing_enabled":true,"jetpack-related-posts":[{"id":146505,"url":"https:\/\/insightcrime.org\/es\/noticias\/enrique-pena-nieto-enfrenta-juicio-presunta-corrupcion-reforma-energetica\/","url_meta":{"origin":5528,"position":0},"title":"\u00bfEnrique Pe\u00f1a Nieto enfrenta un juicio por presunta corrupci\u00f3n en la reforma energ\u00e9tica?","author":"Victoria Dittmar","date":"26 de mayo de 2021","format":false,"excerpt":"Una investigaci\u00f3n sobre corrupci\u00f3n ofrece una oportunidad para que M\u00e9xico se enfrente a casos de soborno entre los m\u00e1s altos niveles del gobierno y las empresas nacionales e internacionales.","rel":"","context":"En \u00abNoticias\u00bb","block_context":{"text":"Noticias","link":"https:\/\/insightcrime.org\/es\/category\/noticias\/"},"img":{"alt_text":"Former Mexican president Enrique Pena Nieto","src":"https:\/\/i0.wp.com\/insightcrime.org\/wp-content\/uploads\/2021\/05\/47097527_303.jpg?fit=444%2C250&quality=100&ssl=1&resize=350%2C200","width":350,"height":200},"classes":[]},{"id":146882,"url":"https:\/\/insightcrime.org\/es\/noticias\/clerigos-mexico-luchan-detener-guerra-carteles-michoacan\/","url_meta":{"origin":5528,"position":1},"title":"Cl\u00e9rigos en M\u00e9xico luchan para detener guerra de carteles en Michoac\u00e1n","author":"Max Radwin","date":"31 de mayo de 2021","format":false,"excerpt":"La violencia en partes del estado de Michoac\u00e1n, en el oeste de M\u00e9xico, ha alcanzado tal nivel que los sacerdotes cat\u00f3licos han pasado de tratar de negociar la paz a ayudar a los residentes a huir de la zona.","rel":"","context":"En \u00abNews\u00bb","block_context":{"text":"News","link":"https:\/\/insightcrime.org\/category\/news\/"},"img":{"alt_text":"","src":"https:\/\/i0.wp.com\/insightcrime.org\/wp-content\/uploads\/2021\/05\/franco-coppola-en-agulilla-142157.jpg?fit=350%2C250&quality=100&ssl=1&resize=350%2C200","width":350,"height":200},"classes":[]},{"id":179549,"url":"https:\/\/insightcrime.org\/es\/noticias\/armas-belicas-michoacan-ejercito-mexicano-pie-guerra\/","url_meta":{"origin":5528,"position":2},"title":"Armas b\u00e9licas en Michoac\u00e1n ponen a ej\u00e9rcito mexicano en pie de guerra","author":"Henry Shuldiner","date":"4 de marzo de 2022","format":false,"excerpt":"Los enfrentamientos entre los carteles y las fuerzas de seguridad de M\u00e9xico ahora se hacen con bombas de fabricaci\u00f3n casera y lanzagranadas, en una alarmante escalada del poder de fuego.","rel":"","context":"En \u00abNoticias\u00bb","block_context":{"text":"Noticias","link":"https:\/\/insightcrime.org\/es\/category\/noticias\/"},"img":{"alt_text":"Mexican army searches for explosives on a rural road in Michoac\u00e1n ","src":"https:\/\/i0.wp.com\/insightcrime.org\/wp-content\/uploads\/2022\/03\/Mexico-IED-CJNG-RED113.jpeg?fit=350%2C250&quality=100&ssl=1&resize=350%2C200","width":350,"height":200},"classes":[]},{"id":124636,"url":"https:\/\/insightcrime.org\/es\/noticias\/negligencia-en-caso-ayotzinapa-mexico\/","url_meta":{"origin":5528,"position":3},"title":"Hallan m\u00e1s negligencia en el manejo del caso Ayotzinapa en M\u00e9xico","author":"Parker Asmann","date":"26 de septiembre de 2020","format":false,"excerpt":"Un reciente informe se\u00f1ala que las autoridades de M\u00e9xico no enviaron los fragmentos \u00f3seos hallados en relaci\u00f3n con la investigaci\u00f3n de Ayotzinapa para su an\u00e1lisis, ni investigaron m\u00e1s a fondo el \u00e1rea donde fueron encontrados, lo que demuestra el alto nivel de negligencia en el manejo del caso por parte\u2026","rel":"","context":"En \u00abNoticias\u00bb","block_context":{"text":"Noticias","link":"https:\/\/insightcrime.org\/es\/category\/noticias\/"},"img":{"alt_text":"","src":"https:\/\/i0.wp.com\/insightcrime.org\/wp-content\/uploads\/2020\/09\/20-09-25-Ayotzinapa-6-Years.jpg?fit=350%2C250&quality=100&ssl=1&resize=350%2C200","width":350,"height":200},"classes":[]},{"id":191728,"url":"https:\/\/insightcrime.org\/es\/noticias\/captura-rafael-caro-quintero-mexico-sobredimensionada\/","url_meta":{"origin":5528,"position":4},"title":"Captura de Rafael Caro Quintero en M\u00e9xico, celebrada y sobredimensionada","author":"Peter Appleby","date":"16 de julio de 2022","format":false,"excerpt":"Rafael Caro Quintero, el capo mexicano que eludi\u00f3 la justicia por d\u00e9cadas y lider\u00f3 el extinto cartel de Guadalajara, fue aprehendido por las autoridades en un golpe simb\u00f3lico que tendr\u00e1 escaso impacto en el panorama del narcotr\u00e1fico en el pa\u00eds.","rel":"","context":"En \u00abNoticias\u00bb","block_context":{"text":"Noticias","link":"https:\/\/insightcrime.org\/es\/category\/noticias\/"},"img":{"alt_text":"Rafael Caro Quintero en entrevista con Miguel Dimayuga\/Proceso","src":"https:\/\/i0.wp.com\/insightcrime.org\/wp-content\/uploads\/2016\/07\/en-16-07-25CaroQuinteroProceso.png?fit=493%2C321&quality=100&ssl=1&resize=350%2C200","width":350,"height":200},"classes":[]},{"id":125651,"url":"https:\/\/insightcrime.org\/es\/noticias\/arresto-exministro-defensa-mexico\/","url_meta":{"origin":5528,"position":5},"title":"Arresto de exministro de Defensa por parte de EE. UU. golpea a las fuerzas armadas de M\u00e9xico","author":"Parker Asmann","date":"16 de octubre de 2020","format":false,"excerpt":"El arresto del exministro de Defensa de M\u00e9xico por parte de Estados Unidos, acusado de narcotr\u00e1fico, confirma lo que durante mucho tiempo han afirmado tanto traficantes como civiles: que el ej\u00e9rcito del pa\u00eds, que desempe\u00f1a un exagerado papel en la lucha contra el crimen organizado, ha sido totalmente corrompido.","rel":"","context":"En \u00abNoticias\u00bb","block_context":{"text":"Noticias","link":"https:\/\/insightcrime.org\/es\/category\/noticias\/"},"img":{"alt_text":"","src":"https:\/\/i0.wp.com\/insightcrime.org\/wp-content\/uploads\/2020\/10\/20-10-16-Cienfuegos.jpg?fit=350%2C250&quality=100&ssl=1&resize=350%2C200","width":350,"height":200},"classes":[]}],"jetpack_featured_media_url":"https:\/\/i0.wp.com\/insightcrime.org\/wp-content\/uploads\/2013\/06\/es-29801a11219245646fe71d2ee979bc13.jpg?fit=400%2C267&quality=100&ssl=1","_links":{"self":[{"href":"https:\/\/insightcrime.org\/es\/wp-json\/wp\/v2\/posts\/5528","targetHints":{"allow":["GET"]}}],"collection":[{"href":"https:\/\/insightcrime.org\/es\/wp-json\/wp\/v2\/posts"}],"about":[{"href":"https:\/\/insightcrime.org\/es\/wp-json\/wp\/v2\/types\/post"}],"author":[{"embeddable":true,"href":"https:\/\/insightcrime.org\/es\/wp-json\/wp\/v2\/users\/21"}],"replies":[{"embeddable":true,"href":"https:\/\/insightcrime.org\/es\/wp-json\/wp\/v2\/comments?post=5528"}],"version-history":[{"count":1,"href":"https:\/\/insightcrime.org\/es\/wp-json\/wp\/v2\/posts\/5528\/revisions"}],"predecessor-version":[{"id":19903,"href":"https:\/\/insightcrime.org\/es\/wp-json\/wp\/v2\/posts\/5528\/revisions\/19903"}],"wp:featuredmedia":[{"embeddable":true,"href":"https:\/\/insightcrime.org\/es\/wp-json\/wp\/v2\/media\/37782"}],"wp:attachment":[{"href":"https:\/\/insightcrime.org\/es\/wp-json\/wp\/v2\/media?parent=5528"}],"wp:term":[{"taxonomy":"category","embeddable":true,"href":"https:\/\/insightcrime.org\/es\/wp-json\/wp\/v2\/categories?post=5528"},{"taxonomy":"post_tag","embeddable":true,"href":"https:\/\/insightcrime.org\/es\/wp-json\/wp\/v2\/tags?post=5528"},{"taxonomy":"newspack_spnsrs_tax","embeddable":true,"href":"https:\/\/insightcrime.org\/es\/wp-json\/wp\/v2\/newspack_spnsrs_tax?post=5528"},{"taxonomy":"author","embeddable":true,"href":"https:\/\/insightcrime.org\/es\/wp-json\/wp\/v2\/coauthors?post=5528"}],"curies":[{"name":"wp","href":"https:\/\/api.w.org\/{rel}","templated":true}]}}