{"id":5547,"date":"2013-06-10T18:34:05","date_gmt":"2017-03-27T23:54:15","guid":{"rendered":"http:\/\/newwp.insightcrime.org?p=5547"},"modified":"2023-04-24T15:31:18","modified_gmt":"2023-04-24T20:31:18","slug":"fragmentacion-del-mundo-criminal-de-guatemala-alimenta-la-violencia-fiscales","status":"publish","type":"post","link":"https:\/\/insightcrime.org\/es\/noticias\/noticias-del-dia\/fragmentacion-del-mundo-criminal-de-guatemala-alimenta-la-violencia-fiscales\/","title":{"rendered":"Fragmentaci\u00f3n del mundo criminal de Guatemala alimenta la violencia: Fiscales"},"content":{"rendered":"\n<p class=\"wp-block-paragraph\">Las muertes y arrestos de capos de la mafia han provocado la divisi\u00f3n de los grupos narcotraficantes de Guatemala, dando lugar a violentas luchas de poder, seg\u00fan los fiscales antinarc\u00f3ticos guatemaltecos.<\/p>\n\n\n\n<p class=\"wp-block-paragraph\">Los fiscales <a href=\"https:\/\/www.prensalibre.com\/noticias\/Revelan-surgimiento-celulas-narcos_0_935306520.html\" target=\"_blank\">dijeron a Prensa Libre<\/a> que los grupos emergentes a menudo s\u00f3lo sobreviven por poco tiempo porque carecen de la log\u00edstica y las finanzas para competir con grupos m\u00e1s establecidos. Otras veces, los nuevos l\u00edderes surgen despu\u00e9s de que capos viejos ceden voluntariamente sus posiciones de poder en un intento por evitar la captura o la muerte.<\/p>\n\n\n\n<p class=\"wp-block-paragraph\">Estas luchas por el poder han generado violencia a medida que ambiciosos lugartenientes pelean para desplazar a sus antiguos jefes, y los grupos de organizaciones rivales luchan por el control de las rutas del narcotr\u00e1fico. Los fiscales no revelaron el n\u00famero de las nuevas c\u00e9lulas que han surgido debido a este proceso de fragmentaci\u00f3n.<\/p>\n\n\n\n<p class=\"wp-block-paragraph\">Investigadores antinarc\u00f3ticos tambi\u00e9n identificaron la manera c\u00f3mo estos grupos se han dividido el territorio en Guatemala (vea el mapa de Prensa Libre abajo).<\/p>\n\n\n\n<h3 class=\"wp-block-heading\">An\u00e1lisis de InSight Crime<\/h3>\n\n\n\n<p class=\"wp-block-paragraph\">La advertencia de los fiscales, acerca de la fragmentaci\u00f3n del hampa de Guatemala, alimenta la teor\u00eda de que esta tendencia podr\u00eda <a href=\"\/noticias\/analisis\/explicando-el-cambio-en-la-tasa-de-homicidios-de-guatemala\" target=\"_blank\">explicar, al menos parcialmente, el reciente aumento en la tasa de homicidios del pa\u00eds<\/a>. Despu\u00e9s de una reducci\u00f3n constante en la tasa de homicidios en Guatemala, desde 2009 hasta 2012, los homicidios han aumentado en 2013.<\/p>\n\n\n\n<p class=\"wp-block-paragraph\">No obstante, hay razones para preguntarse si el mapa de Prensa Libre -que se basa en informaci\u00f3n proporcionada por la Fiscal\u00eda- exagera el grado de control que los grupos criminales ejercen sobre sus respectivos territorios.<\/p>\n\n\n\n<p class=\"wp-block-paragraph\">Por ejemplo, el mapa identifica el \u00e1rea a lo largo de la Costa Pac\u00edfica de Guatemala como territorio bajo la influencia de la organizaci\u00f3n de Juan Ortiz Chamale. Chamale, otrora <a href=\"\/news\/analysis\/top-guatemala-drug-trafficker-arrested\" target=\"_blank\">el \u201cprincipal narcotraficante\u201d de Guatemala y contacto clave del Cartel de Sinaloa<\/a>, fue detenido en Guatemala en 2011 y ahora espera ser extraditado a Estados Unidos. Vale la pena preguntarse hasta qu\u00e9 punto la regi\u00f3n del Pac\u00edfico puede realmente seguir siendo considerada bajo el mando de Chamale, especialmente dados los recientes reportes de que los Zetas est\u00e1n <a href=\"\/news\/briefs\/zetas-fight-sinaloa-cartel-guatemala-perez\" target=\"_blank\">luchando con el Cartel de Sinaloa<\/a> por el control de las rutas del narcotr\u00e1fico a lo largo de la Costa Pac\u00edfica. El nivel de control de los Zetas sobre territorio guatemalteco tambi\u00e9n parece ser exagerado.<\/p>\n\n\n\n<p class=\"wp-block-paragraph\">Del mismo modo, mientras que el mapa se\u00f1ala que \u201clos miembros del Cartel Overdick\u201d siguen controlando un corredor de narcotr\u00e1fico en los departamentos de Alta y Baja Verapaz, no est\u00e1 claro si los remanentes de la organizaci\u00f3n criminal de Walther Overdick han conservado el mismo grado de influencia, ahora que Overdick ha sido <a href=\"\/news\/briefs\/guatemala-extradites-drug-kingpin-walther-overdick\" target=\"_blank\">arrestado y extraditado a Estados Unidos<\/a>.<\/p>\n\n\n\n<figure class=\"wp-block-image is-resized\"><img data-recalc-dims=\"1\" loading=\"lazy\" decoding=\"async\" src=\"https:\/\/i0.wp.com\/es.insightcrime.org\/images\/guatemap.jpg?resize=610%2C466&#038;quality=100&#038;ssl=1\" alt=\"guatemap\" height=\"466\" width=\"610\"\/><\/figure>\n","protected":false},"excerpt":{"rendered":"<p>Las muertes y arrestos de capos de la mafia han provocado la divisi\u00f3n de los grupos narcotraficantes de Guatemala, dando lugar a violentas luchas de poder, seg\u00fan los fiscales antinarc\u00f3ticos guatemaltecos.<\/p>\n","protected":false},"author":97,"featured_media":37821,"comment_status":"closed","ping_status":"closed","sticky":false,"template":"","format":"standard","meta":{"newspack_ads_suppress_ads":false,"newspack_popups_has_disabled_popups":false,"newspack_sponsor_sponsorship_scope":"","newspack_sponsor_native_byline_display":"inherit","newspack_sponsor_native_category_display":"inherit","newspack_sponsor_underwriter_style":"inherit","newspack_sponsor_underwriter_placement":"inherit","_EventAllDay":false,"_EventTimezone":"","_EventStartDate":"","_EventEndDate":"","_EventStartDateUTC":"","_EventEndDateUTC":"","_EventShowMap":false,"_EventShowMapLink":false,"_EventURL":"","_EventCost":"","_EventCostDescription":"","_EventCurrencySymbol":"","_EventCurrencyCode":"","_EventCurrencyPosition":"","_EventDateTimeSeparator":"","_EventTimeRangeSeparator":"","_EventOrganizerID":[],"_EventVenueID":[],"_OrganizerEmail":"","_OrganizerPhone":"","_OrganizerWebsite":"","_VenueAddress":"","_VenueCity":"","_VenueCountry":"","_VenueProvince":"","_VenueState":"","_VenueZip":"","_VenuePhone":"","_VenueURL":"","_VenueStateProvince":"","_VenueLat":"","_VenueLng":"","_VenueShowMap":false,"_VenueShowMapLink":false,"_newspack_byline_active":false,"_newspack_byline":"","newspack_hide_updated_date":false,"newspack_show_updated_date":false,"newspack_featured_image_position":"","newspack_post_subtitle":"","newspack_article_summary_title":"Overview:","newspack_article_summary":"","_jetpack_memberships_contains_paid_content":false,"footnotes":""},"categories":[334],"tags":[374,1523],"newspack_spnsrs_tax":[],"coauthors":[3733],"class_list":["post-5547","post","type-post","status-publish","format-standard","has-post-thumbnail","hentry","category-noticias-del-dia","tag-guatemala-pais","tag-walter-overdick-es","entry"],"parsely":{"version":"1.1.0","canonical_url":"https:\/\/insightcrime.org\/es\/noticias\/noticias-del-dia\/fragmentacion-del-mundo-criminal-de-guatemala-alimenta-la-violencia-fiscales\/","smart_links":{"inbound":0,"outbound":0},"traffic_boost_suggestions_count":0,"meta":{"@context":"https:\/\/schema.org","@type":"NewsArticle","headline":"Fragmentaci\u00f3n del mundo criminal de Guatemala alimenta la violencia: Fiscales","url":"http:\/\/insightcrime.org\/es\/noticias\/noticias-del-dia\/fragmentacion-del-mundo-criminal-de-guatemala-alimenta-la-violencia-fiscales\/","mainEntityOfPage":{"@type":"WebPage","@id":"http:\/\/insightcrime.org\/es\/noticias\/noticias-del-dia\/fragmentacion-del-mundo-criminal-de-guatemala-alimenta-la-violencia-fiscales\/"},"thumbnailUrl":"https:\/\/i0.wp.com\/insightcrime.org\/wp-content\/uploads\/2013\/06\/es-19fcdc4270102c23208fae71d96c386a.jpg?resize=150%2C150&quality=100&ssl=1","image":{"@type":"ImageObject","url":"https:\/\/i0.wp.com\/insightcrime.org\/wp-content\/uploads\/2013\/06\/es-19fcdc4270102c23208fae71d96c386a.jpg?fit=280%2C169&quality=100&ssl=1"},"articleSection":"Noticias del d\u00eda","author":[{"@type":"Person","name":"Claire O'neill Mccleskey"}],"creator":["Claire O'neill Mccleskey"],"publisher":{"@type":"Organization","name":"InSight Crime","logo":"https:\/\/insightcrime.org\/wp-content\/uploads\/2023\/08\/logo.png"},"keywords":["guatemala","walter overdick"],"dateCreated":"2017-03-27T23:54:15Z","datePublished":"2017-03-27T23:54:15Z","dateModified":"2023-04-24T20:31:18Z"},"rendered":"<meta name=\"parsely-title\" content=\"Fragmentaci\u00f3n del mundo criminal de Guatemala alimenta la violencia: Fiscales\" \/>\n<meta name=\"parsely-link\" content=\"http:\/\/insightcrime.org\/es\/noticias\/noticias-del-dia\/fragmentacion-del-mundo-criminal-de-guatemala-alimenta-la-violencia-fiscales\/\" \/>\n<meta name=\"parsely-type\" content=\"post\" \/>\n<meta name=\"parsely-image-url\" content=\"https:\/\/i0.wp.com\/insightcrime.org\/wp-content\/uploads\/2013\/06\/es-19fcdc4270102c23208fae71d96c386a.jpg?resize=150%2C150&amp;quality=100&amp;ssl=1\" \/>\n<meta name=\"parsely-pub-date\" content=\"2017-03-27T23:54:15Z\" \/>\n<meta name=\"parsely-section\" content=\"Noticias del d\u00eda\" \/>\n<meta name=\"parsely-tags\" content=\"guatemala,walter overdick\" \/>\n<meta name=\"parsely-author\" content=\"Claire O&#039;neill Mccleskey\" \/>","tracker_url":"https:\/\/cdn.parsely.com\/keys\/insightcrime.org\/p.js"},"jetpack_sharing_enabled":true,"jetpack-related-posts":[{"id":305679,"url":"https:\/\/insightcrime.org\/es\/noticias\/captura-fugitivo-buscado-guatemala-sacudira-submundo-narcotrafico\/","url_meta":{"origin":5547,"position":0},"title":"\u00bfCaptura del fugitivo m\u00e1s buscado de Guatemala sacudir\u00e1 el submundo del narcotr\u00e1fico?","author":"Alex Papadovassilakis","date":"14 de marzo de 2025","format":false,"excerpt":"La captura del fugitivo m\u00e1s buscado de Guatemala marca un avance en una campa\u00f1a de a\u00f1os para desmantelar una de las principales redes de narcotr\u00e1fico del pa\u00eds. Sin embargo, su arresto por s\u00ed solo podr\u00eda no ser suficiente para frenar las operaciones del grupo.","rel":"","context":"En \u00abNoticias\u00bb","block_context":{"text":"Noticias","link":"https:\/\/insightcrime.org\/es\/category\/noticias\/"},"img":{"alt_text":"Alleged leader of the Huistas drug clan, Aler Samayoa Recinos, alias \"Chicharra,\" in jail. \n","src":"https:\/\/i0.wp.com\/insightcrime.org\/wp-content\/uploads\/2025\/03\/Arrest-chicharra-huistas-guatemala-afp.jpg?fit=350%2C250&quality=100&ssl=1&resize=350%2C200","width":350,"height":200},"classes":[]},{"id":246888,"url":"https:\/\/insightcrime.org\/es\/noticias\/democracia-amenazada-ataque-fiscales-presidente-electo-guatemala\/","url_meta":{"origin":5547,"position":1},"title":"La democracia en la cuerda floja por ataque de fiscales  contra presidente electo en Guatemala","author":"Alex Papadovassilakis","date":"16 de noviembre de 2023","format":false,"excerpt":"Los fiscales guatemaltecos han lanzado un ataque directo al presidente electo Bernardo Ar\u00e9valo, el \u00faltimo de una serie de intentos flagrantes de las redes corruptas del pa\u00eds por impedir su llegada al poder en un momento de inflexi\u00f3n para la democracia del pa\u00eds.","rel":"","context":"En \u00abNoticias\u00bb","block_context":{"text":"Noticias","link":"https:\/\/insightcrime.org\/es\/category\/noticias\/"},"img":{"alt_text":"El presidente electo Bernardo Ar\u00e9valo y la vicepresidenta electa Karin Herrera de Guatemala en una conferencia de prensa","src":"https:\/\/i0.wp.com\/insightcrime.org\/wp-content\/uploads\/2023\/11\/Guatemala-Elections-2023-by-Alex-papafovassilakis-InSight-Crime-cropped.jpg?fit=350%2C250&quality=100&ssl=1&resize=350%2C200","width":350,"height":200},"classes":[]},{"id":4890,"url":"https:\/\/insightcrime.org\/es\/noticias-crimen-organizado-guatemala\/guatemala\/","url_meta":{"origin":5547,"position":2},"title":"Perfil de Guatemala","author":"InSight Crime","date":"18 de enero de 2024","format":false,"excerpt":"Las organizaciones criminales de Guatemala son las m\u00e1s sofisticadas y peligrosas de Centroam\u00e9rica. Algunas de ellas han estado operando por d\u00e9cadas. En ellas participan antiguos miembros del ej\u00e9rcito, agencias de inteligencia y miembros activos de la polic\u00eda. La mayor parte de su actividad consiste en transportar drogas ilegales hacia el\u2026","rel":"","context":"En \u00abGuatemala\u00bb","block_context":{"text":"Guatemala","link":"https:\/\/insightcrime.org\/es\/category\/noticias-crimen-organizado-guatemala\/"},"img":{"alt_text":"","src":"","width":0,"height":0},"classes":[]},{"id":347833,"url":"https:\/\/insightcrime.org\/es\/noticias\/ataque-fronterizo-guatemala-evidencia-regreso-clan-lorenzana\/","url_meta":{"origin":5547,"position":3},"title":"Ataque fronterizo en Guatemala evidencia el regreso del clan de los Lorenzana\u00a0","author":"Alex Papadovassilakis","date":"27 de julio de 2026","format":false,"excerpt":"Los reportes que vinculan un ataque armado en la frontera entre Guatemala y Honduras con la red de tr\u00e1fico de drogas de los Lorenzana evidencian la capacidad de resistencia de los clanes familiares en el narcotr\u00e1fico centroamericano.","rel":"","context":"En \u00abNoticias\u00bb","block_context":{"text":"Noticias","link":"https:\/\/insightcrime.org\/es\/category\/noticias\/"},"img":{"alt_text":"Haroldo Waldemar Lorenzana Terraza, alias \u201cHaroldito.\"","src":"https:\/\/i0.wp.com\/insightcrime.org\/wp-content\/uploads\/2026\/07\/Flagship-Cover-Lorenzanas-article-image-InSightCrime-Jul-2026.jpg?fit=1200%2C675&quality=100&ssl=1&resize=350%2C200","width":350,"height":200,"srcset":"https:\/\/i0.wp.com\/insightcrime.org\/wp-content\/uploads\/2026\/07\/Flagship-Cover-Lorenzanas-article-image-InSightCrime-Jul-2026.jpg?fit=1200%2C675&quality=100&ssl=1&resize=350%2C200 1x, https:\/\/i0.wp.com\/insightcrime.org\/wp-content\/uploads\/2026\/07\/Flagship-Cover-Lorenzanas-article-image-InSightCrime-Jul-2026.jpg?fit=1200%2C675&quality=100&ssl=1&resize=525%2C300 1.5x, https:\/\/i0.wp.com\/insightcrime.org\/wp-content\/uploads\/2026\/07\/Flagship-Cover-Lorenzanas-article-image-InSightCrime-Jul-2026.jpg?fit=1200%2C675&quality=100&ssl=1&resize=700%2C400 2x, https:\/\/i0.wp.com\/insightcrime.org\/wp-content\/uploads\/2026\/07\/Flagship-Cover-Lorenzanas-article-image-InSightCrime-Jul-2026.jpg?fit=1200%2C675&quality=100&ssl=1&resize=1050%2C600 3x"},"classes":[]},{"id":130591,"url":"https:\/\/insightcrime.org\/es\/noticias\/embestida-infiltrar-altas-cortes-guatemala\/","url_meta":{"origin":5547,"position":4},"title":"\u00daltima embestida\u00a0de grupos pol\u00edticos\u00a0por infiltrar\u00a0altas cortes de Guatemala\u00a0","author":"H\u00e9ctor Silva \u00c1valos","date":"29 de enero de 2021","format":false,"excerpt":"El Congreso de Guatemala jurament\u00f3 a un juez al que la fiscal\u00eda investiga por delitos de corrupci\u00f3n como nuevo integrante de la Corte de Constitucionalidad, la m\u00e1xima autoridad judicial del pa\u00eds. La elecci\u00f3n\u00a0allana\u00a0la\u00a0infiltraci\u00f3n de grupos\u00a0de mafias pol\u00edticas\u00a0en la judicatura guatemalteca.","rel":"","context":"En \u00abNoticias\u00bb","block_context":{"text":"Noticias","link":"https:\/\/insightcrime.org\/es\/category\/noticias\/"},"img":{"alt_text":"","src":"https:\/\/i0.wp.com\/insightcrime.org\/wp-content\/uploads\/2021\/01\/21-01-28-Mynor-Moto-Guate.jpg?fit=350%2C250&quality=100&ssl=1&resize=350%2C200","width":350,"height":200},"classes":[]},{"id":4889,"url":"https:\/\/insightcrime.org\/es\/noticias-crimen-organizado-guatemala\/los-lorenzana\/","url_meta":{"origin":5547,"position":5},"title":"Los Lorenzana","author":"InSight Crime","date":"30 de junio de 2026","format":false,"excerpt":"Los Lorenzana son una familia guatemalteca tradicional del contrabando que eventualmente se involucr\u00f3 fuertemente en el lucrativo comercio del tr\u00e1fico de drogas.\u00a0","rel":"","context":"En \u00abGuatemala\u00bb","block_context":{"text":"Guatemala","link":"https:\/\/insightcrime.org\/es\/category\/noticias-crimen-organizado-guatemala\/"},"img":{"alt_text":"Los Lorenzana","src":"https:\/\/i0.wp.com\/insightcrime.org\/wp-content\/uploads\/2026\/06\/Grupo-Criminal-Los-Lorenzana.jpg?fit=1200%2C900&quality=100&ssl=1&resize=350%2C200","width":350,"height":200,"srcset":"https:\/\/i0.wp.com\/insightcrime.org\/wp-content\/uploads\/2026\/06\/Grupo-Criminal-Los-Lorenzana.jpg?fit=1200%2C900&quality=100&ssl=1&resize=350%2C200 1x, https:\/\/i0.wp.com\/insightcrime.org\/wp-content\/uploads\/2026\/06\/Grupo-Criminal-Los-Lorenzana.jpg?fit=1200%2C900&quality=100&ssl=1&resize=525%2C300 1.5x, https:\/\/i0.wp.com\/insightcrime.org\/wp-content\/uploads\/2026\/06\/Grupo-Criminal-Los-Lorenzana.jpg?fit=1200%2C900&quality=100&ssl=1&resize=700%2C400 2x, https:\/\/i0.wp.com\/insightcrime.org\/wp-content\/uploads\/2026\/06\/Grupo-Criminal-Los-Lorenzana.jpg?fit=1200%2C900&quality=100&ssl=1&resize=1050%2C600 3x"},"classes":[]}],"jetpack_featured_media_url":"https:\/\/i0.wp.com\/insightcrime.org\/wp-content\/uploads\/2013\/06\/es-19fcdc4270102c23208fae71d96c386a.jpg?fit=280%2C169&quality=100&ssl=1","_links":{"self":[{"href":"https:\/\/insightcrime.org\/es\/wp-json\/wp\/v2\/posts\/5547","targetHints":{"allow":["GET"]}}],"collection":[{"href":"https:\/\/insightcrime.org\/es\/wp-json\/wp\/v2\/posts"}],"about":[{"href":"https:\/\/insightcrime.org\/es\/wp-json\/wp\/v2\/types\/post"}],"author":[{"embeddable":true,"href":"https:\/\/insightcrime.org\/es\/wp-json\/wp\/v2\/users\/97"}],"replies":[{"embeddable":true,"href":"https:\/\/insightcrime.org\/es\/wp-json\/wp\/v2\/comments?post=5547"}],"version-history":[{"count":2,"href":"https:\/\/insightcrime.org\/es\/wp-json\/wp\/v2\/posts\/5547\/revisions"}],"predecessor-version":[{"id":66384,"href":"https:\/\/insightcrime.org\/es\/wp-json\/wp\/v2\/posts\/5547\/revisions\/66384"}],"wp:featuredmedia":[{"embeddable":true,"href":"https:\/\/insightcrime.org\/es\/wp-json\/wp\/v2\/media\/37821"}],"wp:attachment":[{"href":"https:\/\/insightcrime.org\/es\/wp-json\/wp\/v2\/media?parent=5547"}],"wp:term":[{"taxonomy":"category","embeddable":true,"href":"https:\/\/insightcrime.org\/es\/wp-json\/wp\/v2\/categories?post=5547"},{"taxonomy":"post_tag","embeddable":true,"href":"https:\/\/insightcrime.org\/es\/wp-json\/wp\/v2\/tags?post=5547"},{"taxonomy":"newspack_spnsrs_tax","embeddable":true,"href":"https:\/\/insightcrime.org\/es\/wp-json\/wp\/v2\/newspack_spnsrs_tax?post=5547"},{"taxonomy":"author","embeddable":true,"href":"https:\/\/insightcrime.org\/es\/wp-json\/wp\/v2\/coauthors?post=5547"}],"curies":[{"name":"wp","href":"https:\/\/api.w.org\/{rel}","templated":true}]}}