{"id":5627,"date":"2013-07-02T20:13:39","date_gmt":"2017-03-27T23:54:39","guid":{"rendered":"http:\/\/newwp.insightcrime.org?p=5627"},"modified":"2023-04-24T15:31:45","modified_gmt":"2023-04-24T20:31:45","slug":"las-farc-y-el-eln-desean-proceso-de-paz-unificado","status":"publish","type":"post","link":"https:\/\/insightcrime.org\/es\/noticias\/noticias-del-dia\/las-farc-y-el-eln-desean-proceso-de-paz-unificado\/","title":{"rendered":"Las FARC y el ELN Desean Proceso de Paz Unificado"},"content":{"rendered":"\n<p class=\"wp-block-paragraph\">Dos guerrillas de Colombia, las FARC y el ELN, han lanzado un comunicado conjunto anunciando que quieren trabajar juntos y hacen un llamado para que el ELN sea incluido en las conversaciones de paz con el gobierno.<\/p>\n\n\n\n<p class=\"wp-block-paragraph\">En una reuni\u00f3n secreta, en un lugar no revelado en las monta\u00f1as de Colombia, las Fuerzas Armadas Revolucionarias de Colombia (FARC) y el Ej\u00e9rcito de Liberaci\u00f3n Nacional (ELN) se reunieron para \u201c(\u2026) superar definitivamente diversos incidentes que condujeron en el pasado a contradicciones, distanciamientos y choques entre los dos fuerzas (\u2026)\u201d, <a href=\"https:\/\/www.pazfarc-ep.org\/index.php\/2012-12-18-12-20-14\/estado-mayor-central-emc\/item\/1319-comunicado-conjunto-eln-y-farc-ep\" target=\"_blank\">seg\u00fan un comunicado difundido el 1 de julio<\/a> (ver video m\u00e1s abajo). La reuni\u00f3n tuvo como objetivo \u201c(\u2026)&nbsp;fortalecer los avances del proceso unitario del movimiento guerrillero y revolucionario de nuestro pa\u00eds (\u2026)\u201d.<\/p>\n\n\n\n<p class=\"wp-block-paragraph\">El comunicado firmado por los comandantes m\u00e1ximos de los dos grupos -Nicol\u00e1s Rodr\u00edguez Bautista, alias \u201cGabino\u201d, del ELN y Rodrigo Londo\u00f1o Echeverri, alias \u201cTimochenko\u201d, de las FARC- tambi\u00e9n se\u00f1al\u00f3 que cualquier di\u00e1logo con la esperanza de poner fin al conflicto armado debe incluir \u201c(\u2026) conversaciones con toda la insurgencia colombiana.\u201d<\/p>\n\n\n\n<p class=\"wp-block-paragraph\">El anuncio se produjo el mismo d\u00eda que las FARC y el gobierno colombiano <a href=\"https:\/\/www.eluniversal.com.co\/cartagena\/nacional\/farc-y-gobierno-reanudan-conversaciones-de-paz-en-la-habana-124896\" target=\"_blank\">reanudaron los di\u00e1logos de paz en La Habana<\/a>, Cuba, con conversaciones centradas en el segundo punto de discusi\u00f3n: la participaci\u00f3n pol\u00edtica de las FARC.<\/p>\n\n\n\n<h3 class=\"wp-block-heading\">An\u00e1lisis de InSight Crime<\/h3>\n\n\n\n<p class=\"wp-block-paragraph\">Las FARC y el ELN son las dos fuerzas criminales m\u00e1s poderosas de Colombia, que juntas controlan unos 10.000 guerrilleros y al menos el 60 por ciento del narcotr\u00e1fico del pa\u00eds. Como tal, cualquier acuerdo para trabajar juntos tiene profundas implicaciones para el panorama criminal de Colombia. Aunque <a href=\"\/investigations\/colombia-eln-rebels-climb-back-into-the-fray\" target=\"_blank\">han aparecido indicios de cooperaci\u00f3n entre las FARC y el ELN desde hace alg\u00fan tiempo<\/a>, esta afirmaci\u00f3n es la demostraci\u00f3n m\u00e1s fuerte de unidad hasta el momento, lo que sugiere que est\u00e1n dispuestos a incrementar las operaciones conjuntas y delinear claramente el territorio. Tambi\u00e9n pone una gran presi\u00f3n sobre el gobierno para incluir al ELN en las negociaciones de paz con las FARC, las cuales comenzaron en octubre de 2012.<\/p>\n\n\n\n<p class=\"wp-block-paragraph\">El ELN, en varias ocasiones, ha expresado su inter\u00e9s de ser incluido en las conversaciones. Algunos<a href=\"\/news\/briefs\/eln-guerrillas-thrown-out-cuba\" target=\"_blank\">&nbsp;miembros del ELN fueron expulsados <\/a>de La Habana en enero, luego de aparecer sin invitaci\u00f3n. En abril, los medios de comunicaci\u00f3n informaron que el gobierno y el ELN hab\u00edan sostenido con \u00e9xito conversaciones y <a href=\"\/noticias\/analisis\/eln-\u00bfinminentes-dialogos-de-paz-con-el-gobierno-colombiano\" target=\"_blank\">comenzar\u00edan sus propias negociaciones en mayo<\/a>. El Presidente Juan Manuel Santos confirm\u00f3 m\u00e1s tarde que estaba abierto a la posibilidad, pero <a href=\"https:\/\/www.cmi.com.co\/?n=105897\" target=\"_blank\">s\u00f3lo si la guerrilla liberaba a todos los rehenes <\/a>y cesaba el secuestro.<\/p>\n","protected":false},"excerpt":{"rendered":"<p>Dos guerrillas de Colombia, las FARC y el ELN, han lanzado un comunicado conjunto anunciando que quieren trabajar juntos y hacen un llamado para que el ELN sea incluido en las conversaciones de paz con el gobierno.<\/p>\n","protected":false},"author":19,"featured_media":37992,"comment_status":"closed","ping_status":"closed","sticky":false,"template":"","format":"standard","meta":{"newspack_ads_suppress_ads":false,"newspack_popups_has_disabled_popups":false,"newspack_sponsor_sponsorship_scope":"","newspack_sponsor_native_byline_display":"inherit","newspack_sponsor_native_category_display":"inherit","newspack_sponsor_underwriter_style":"inherit","newspack_sponsor_underwriter_placement":"inherit","_EventAllDay":false,"_EventTimezone":"","_EventStartDate":"","_EventEndDate":"","_EventStartDateUTC":"","_EventEndDateUTC":"","_EventShowMap":false,"_EventShowMapLink":false,"_EventURL":"","_EventCost":"","_EventCostDescription":"","_EventCurrencySymbol":"","_EventCurrencyCode":"","_EventCurrencyPosition":"","_EventDateTimeSeparator":"","_EventTimeRangeSeparator":"","_EventOrganizerID":[],"_EventVenueID":[],"_OrganizerEmail":"","_OrganizerPhone":"","_OrganizerWebsite":"","_VenueAddress":"","_VenueCity":"","_VenueCountry":"","_VenueProvince":"","_VenueState":"","_VenueZip":"","_VenuePhone":"","_VenueURL":"","_VenueStateProvince":"","_VenueLat":"","_VenueLng":"","_VenueShowMap":false,"_VenueShowMapLink":false,"_newspack_byline_active":false,"_newspack_byline":"","newspack_hide_updated_date":false,"newspack_show_updated_date":false,"newspack_featured_image_position":"","newspack_post_subtitle":"","newspack_article_summary_title":"Overview:","newspack_article_summary":"","_jetpack_memberships_contains_paid_content":false,"footnotes":""},"categories":[334],"tags":[368,421,1542],"newspack_spnsrs_tax":[],"coauthors":[3820],"class_list":["post-5627","post","type-post","status-publish","format-standard","has-post-thumbnail","hentry","category-noticias-del-dia","tag-colombia-pais","tag-el-eln","tag-farc-ep","entry"],"parsely":{"version":"1.1.0","canonical_url":"https:\/\/insightcrime.org\/es\/noticias\/noticias-del-dia\/las-farc-y-el-eln-desean-proceso-de-paz-unificado\/","smart_links":{"inbound":0,"outbound":0},"traffic_boost_suggestions_count":0,"meta":{"@context":"https:\/\/schema.org","@type":"NewsArticle","headline":"Las FARC y el ELN Desean Proceso de Paz Unificado","url":"http:\/\/insightcrime.org\/es\/noticias\/noticias-del-dia\/las-farc-y-el-eln-desean-proceso-de-paz-unificado\/","mainEntityOfPage":{"@type":"WebPage","@id":"http:\/\/insightcrime.org\/es\/noticias\/noticias-del-dia\/las-farc-y-el-eln-desean-proceso-de-paz-unificado\/"},"thumbnailUrl":"https:\/\/i0.wp.com\/insightcrime.org\/wp-content\/uploads\/2013\/07\/es-07adb7cde55b001f9a885ebeb6e9b019.jpg?resize=150%2C150&quality=100&ssl=1","image":{"@type":"ImageObject","url":"https:\/\/i0.wp.com\/insightcrime.org\/wp-content\/uploads\/2013\/07\/es-07adb7cde55b001f9a885ebeb6e9b019.jpg?fit=280%2C169&quality=100&ssl=1"},"articleSection":"Noticias del d\u00eda","author":[{"@type":"Person","name":"Marguerite Cawley"}],"creator":["Marguerite Cawley"],"publisher":{"@type":"Organization","name":"InSight Crime","logo":"https:\/\/insightcrime.org\/wp-content\/uploads\/2023\/08\/logo.png"},"keywords":["colombia","eln","farc"],"dateCreated":"2017-03-27T23:54:39Z","datePublished":"2017-03-27T23:54:39Z","dateModified":"2023-04-24T20:31:45Z"},"rendered":"<meta name=\"parsely-title\" content=\"Las FARC y el ELN Desean Proceso de Paz Unificado\" \/>\n<meta name=\"parsely-link\" content=\"http:\/\/insightcrime.org\/es\/noticias\/noticias-del-dia\/las-farc-y-el-eln-desean-proceso-de-paz-unificado\/\" \/>\n<meta name=\"parsely-type\" content=\"post\" \/>\n<meta name=\"parsely-image-url\" content=\"https:\/\/i0.wp.com\/insightcrime.org\/wp-content\/uploads\/2013\/07\/es-07adb7cde55b001f9a885ebeb6e9b019.jpg?resize=150%2C150&amp;quality=100&amp;ssl=1\" \/>\n<meta name=\"parsely-pub-date\" content=\"2017-03-27T23:54:39Z\" \/>\n<meta name=\"parsely-section\" content=\"Noticias del d\u00eda\" \/>\n<meta name=\"parsely-tags\" content=\"colombia,eln,farc\" \/>\n<meta name=\"parsely-author\" content=\"Marguerite Cawley\" \/>","tracker_url":"https:\/\/cdn.parsely.com\/keys\/insightcrime.org\/p.js"},"jetpack_sharing_enabled":true,"jetpack-related-posts":[{"id":232681,"url":"https:\/\/insightcrime.org\/es\/noticias\/seis-meses-dialogo-gobierno-colombia-eln\/","url_meta":{"origin":5627,"position":0},"title":"Los seis espinosos meses de di\u00e1logos entre el gobierno de Colombia y el ELN","author":"Juan Diego Posada","date":"19 de mayo de 2023","format":false,"excerpt":"Tras seis meses de negociaciones con el ELN, la \"Paz Total\" de Colombia se enfrenta a un futuro incierto. Se han producido algunos avances, pero los continuos ataques contra la fuerzas de seguridad colombianas, el reclutamiento de menores y la incapacidad para alcanzar un alto el fuego amenazan el ambicioso\u2026","rel":"","context":"En \u00abNoticias\u00bb","block_context":{"text":"Noticias","link":"https:\/\/insightcrime.org\/es\/category\/noticias\/"},"img":{"alt_text":"","src":"https:\/\/i0.wp.com\/insightcrime.org\/wp-content\/uploads\/2023\/09\/Jose-Otty-Patino-Nicolas-Rodriguez-Gabino-Pablo-Beltran-Negotiations-between-the-ELN-and-the-Colombian-government-May-2023-23122598966924-A2-1.jpg?fit=1200%2C690&quality=100&ssl=1&resize=350%2C200","width":350,"height":200,"srcset":"https:\/\/i0.wp.com\/insightcrime.org\/wp-content\/uploads\/2023\/09\/Jose-Otty-Patino-Nicolas-Rodriguez-Gabino-Pablo-Beltran-Negotiations-between-the-ELN-and-the-Colombian-government-May-2023-23122598966924-A2-1.jpg?fit=1200%2C690&quality=100&ssl=1&resize=350%2C200 1x, https:\/\/i0.wp.com\/insightcrime.org\/wp-content\/uploads\/2023\/09\/Jose-Otty-Patino-Nicolas-Rodriguez-Gabino-Pablo-Beltran-Negotiations-between-the-ELN-and-the-Colombian-government-May-2023-23122598966924-A2-1.jpg?fit=1200%2C690&quality=100&ssl=1&resize=525%2C300 1.5x, https:\/\/i0.wp.com\/insightcrime.org\/wp-content\/uploads\/2023\/09\/Jose-Otty-Patino-Nicolas-Rodriguez-Gabino-Pablo-Beltran-Negotiations-between-the-ELN-and-the-Colombian-government-May-2023-23122598966924-A2-1.jpg?fit=1200%2C690&quality=100&ssl=1&resize=700%2C400 2x, https:\/\/i0.wp.com\/insightcrime.org\/wp-content\/uploads\/2023\/09\/Jose-Otty-Patino-Nicolas-Rodriguez-Gabino-Pablo-Beltran-Negotiations-between-the-ELN-and-the-Colombian-government-May-2023-23122598966924-A2-1.jpg?fit=1200%2C690&quality=100&ssl=1&resize=1050%2C600 3x"},"classes":[]},{"id":201527,"url":"https:\/\/insightcrime.org\/es\/noticias\/arauca-obstaculo-en-el-camino-para-la-paz-del-eln-con-colombia\/","url_meta":{"origin":5627,"position":1},"title":"Arauca: \u00bfun obst\u00e1culo en el camino para la paz del ELN con Colombia?","author":"Javier Lizcano Villalba","date":"14 de octubre de 2022","format":false,"excerpt":"Arauca podr\u00eda convertirse en el mayor problema para la paz entre Colombia y el ELN","rel":"","context":"En \u00abNoticias\u00bb","block_context":{"text":"Noticias","link":"https:\/\/insightcrime.org\/es\/category\/noticias\/"},"img":{"alt_text":"Dos miembros uniformados del ELN en medio de la selva","src":"https:\/\/i0.wp.com\/insightcrime.org\/wp-content\/uploads\/2022\/10\/ELN-Arauca-Nuestro-Llano-TV-2020.jpg?fit=350%2C250&quality=100&ssl=1&resize=350%2C200","width":350,"height":200},"classes":[]},{"id":275021,"url":"https:\/\/insightcrime.org\/es\/noticias\/paz-total-paz-parcial-dialogos-grupos-criminales-colombia-fragmentan\/","url_meta":{"origin":5627,"position":2},"title":"De la Paz Total a la paz parcial: Los di\u00e1logos con los grupos criminales en Colombia se fragmentan","author":"Henry Shuldiner","date":"3 de mayo de 2024","format":false,"excerpt":"La Paz Total se ha tambaleado desde que comenz\u00f3 a finales de 2022. Y ahora, las divisiones internas en torno a las conversaciones de paz han llevado al ELN y al EMC a una situaci\u00f3n de crisis.","rel":"","context":"En \u00abNoticias\u00bb","block_context":{"text":"Noticias","link":"https:\/\/insightcrime.org\/es\/category\/noticias\/"},"img":{"alt_text":"","src":"https:\/\/i0.wp.com\/insightcrime.org\/wp-content\/uploads\/2024\/05\/Colombia-A-guerrilla-from-the-FARC-EMC-stands-guard-on-a-road-at-a-checkpoint-in-Corinto-Colombia-AP24103628891009.jpg?fit=1200%2C690&quality=100&ssl=1&resize=350%2C200","width":350,"height":200,"srcset":"https:\/\/i0.wp.com\/insightcrime.org\/wp-content\/uploads\/2024\/05\/Colombia-A-guerrilla-from-the-FARC-EMC-stands-guard-on-a-road-at-a-checkpoint-in-Corinto-Colombia-AP24103628891009.jpg?fit=1200%2C690&quality=100&ssl=1&resize=350%2C200 1x, https:\/\/i0.wp.com\/insightcrime.org\/wp-content\/uploads\/2024\/05\/Colombia-A-guerrilla-from-the-FARC-EMC-stands-guard-on-a-road-at-a-checkpoint-in-Corinto-Colombia-AP24103628891009.jpg?fit=1200%2C690&quality=100&ssl=1&resize=525%2C300 1.5x, https:\/\/i0.wp.com\/insightcrime.org\/wp-content\/uploads\/2024\/05\/Colombia-A-guerrilla-from-the-FARC-EMC-stands-guard-on-a-road-at-a-checkpoint-in-Corinto-Colombia-AP24103628891009.jpg?fit=1200%2C690&quality=100&ssl=1&resize=700%2C400 2x, https:\/\/i0.wp.com\/insightcrime.org\/wp-content\/uploads\/2024\/05\/Colombia-A-guerrilla-from-the-FARC-EMC-stands-guard-on-a-road-at-a-checkpoint-in-Corinto-Colombia-AP24103628891009.jpg?fit=1200%2C690&quality=100&ssl=1&resize=1050%2C600 3x"},"classes":[]},{"id":199192,"url":"https:\/\/insightcrime.org\/es\/investigaciones\/venezuela-colombia-eln-encrucijada-paz\/","url_meta":{"origin":5627,"position":3},"title":"Venezuela, Colombia y el ELN en la encrucijada de la paz","author":"Unidad Investigativa de Venezuela","date":"3 de octubre de 2022","format":false,"excerpt":"El presidente Gustavo Petro le ha ofrecido a Colombia la tentadora perspectiva de la \u201cpaz total\u201d: las negociaciones que pondr\u00e1n fin a todos los conflictos armados que han asolado al pa\u00eds durante generaciones. En el primer lugar de su lista se encuentra el Ej\u00e9rcito de Liberaci\u00f3n Nacional (ELN).","rel":"","context":"En \u00abInvestigaciones\u00bb","block_context":{"text":"Investigaciones","link":"https:\/\/insightcrime.org\/es\/category\/investigaciones\/"},"img":{"alt_text":"President Nicolas Maduro of Venezuela maintains a complex relationship with the ELN.","src":"https:\/\/i0.wp.com\/insightcrime.org\/wp-content\/uploads\/2022\/10\/Venezuela-Guerrillas-Cover-Capitulo-5.png?fit=1200%2C438&quality=100&ssl=1&resize=350%2C200","width":350,"height":200,"srcset":"https:\/\/i0.wp.com\/insightcrime.org\/wp-content\/uploads\/2022\/10\/Venezuela-Guerrillas-Cover-Capitulo-5.png?fit=1200%2C438&quality=100&ssl=1&resize=350%2C200 1x, https:\/\/i0.wp.com\/insightcrime.org\/wp-content\/uploads\/2022\/10\/Venezuela-Guerrillas-Cover-Capitulo-5.png?fit=1200%2C438&quality=100&ssl=1&resize=525%2C300 1.5x, https:\/\/i0.wp.com\/insightcrime.org\/wp-content\/uploads\/2022\/10\/Venezuela-Guerrillas-Cover-Capitulo-5.png?fit=1200%2C438&quality=100&ssl=1&resize=700%2C400 2x, https:\/\/i0.wp.com\/insightcrime.org\/wp-content\/uploads\/2022\/10\/Venezuela-Guerrillas-Cover-Capitulo-5.png?fit=1200%2C438&quality=100&ssl=1&resize=1050%2C600 3x"},"classes":[]},{"id":191467,"url":"https:\/\/insightcrime.org\/es\/noticias\/eln-y-gobierno-colombia-historia-que-no-esta-condenada-repetirse\/","url_meta":{"origin":5627,"position":4},"title":"El ELN y el Gobierno de Colombia: una historia que no est\u00e1 condenada a repetirse","author":"Juan Diego Posada","date":"11 de agosto de 2022","format":false,"excerpt":"La propuesta de Paz Total con los actores armados elevada por el presidente llega en un momento donde se espera negociar con distintos grupos. El ELN podr\u00eda ser la piedra angular de las conversaciones de paz.","rel":"","context":"En \u00abNoticias\u00bb","block_context":{"text":"Noticias","link":"https:\/\/insightcrime.org\/es\/category\/noticias\/"},"img":{"alt_text":"Colombia's new president, Gustavo Petro, is seeking talks with the ELN","src":"https:\/\/i0.wp.com\/insightcrime.org\/wp-content\/uploads\/2022\/08\/Colombia-New-President-Gustavo-Petro-speaks-after-taking-the-oathAP_22219818060046.jpg?fit=1200%2C600&quality=100&ssl=1&resize=350%2C200","width":350,"height":200,"srcset":"https:\/\/i0.wp.com\/insightcrime.org\/wp-content\/uploads\/2022\/08\/Colombia-New-President-Gustavo-Petro-speaks-after-taking-the-oathAP_22219818060046.jpg?fit=1200%2C600&quality=100&ssl=1&resize=350%2C200 1x, https:\/\/i0.wp.com\/insightcrime.org\/wp-content\/uploads\/2022\/08\/Colombia-New-President-Gustavo-Petro-speaks-after-taking-the-oathAP_22219818060046.jpg?fit=1200%2C600&quality=100&ssl=1&resize=525%2C300 1.5x, https:\/\/i0.wp.com\/insightcrime.org\/wp-content\/uploads\/2022\/08\/Colombia-New-President-Gustavo-Petro-speaks-after-taking-the-oathAP_22219818060046.jpg?fit=1200%2C600&quality=100&ssl=1&resize=700%2C400 2x, https:\/\/i0.wp.com\/insightcrime.org\/wp-content\/uploads\/2022\/08\/Colombia-New-President-Gustavo-Petro-speaks-after-taking-the-oathAP_22219818060046.jpg?fit=1200%2C600&quality=100&ssl=1&resize=1050%2C600 3x"},"classes":[]},{"id":233348,"url":"https:\/\/insightcrime.org\/es\/noticias-crimen-organizado-colombia\/eln-colombia\/","url_meta":{"origin":5627,"position":5},"title":"Ej\u00e9rcito de Liberaci\u00f3n Nacional (ELN)","author":"InSight Crime","date":"12 de agosto de 2026","format":false,"excerpt":"Ej\u00e9rcito de Liberaci\u00f3n Nacional (ELN): qui\u00e9nes lo lideran, d\u00f3nde opera y c\u00f3mo se financia. Perfil completo y actualizado en 2026.","rel":"","context":"En \u00abColombia\u00bb","block_context":{"text":"Colombia","link":"https:\/\/insightcrime.org\/es\/category\/noticias-crimen-organizado-colombia\/"},"img":{"alt_text":"Ej\u00e9rcito de Liberaci\u00f3n Nacional (ELN), Colombia.","src":"https:\/\/i0.wp.com\/insightcrime.org\/wp-content\/uploads\/2026\/07\/Grupo-Criminal-ELN.jpg?fit=1200%2C900&quality=100&ssl=1&resize=350%2C200","width":350,"height":200,"srcset":"https:\/\/i0.wp.com\/insightcrime.org\/wp-content\/uploads\/2026\/07\/Grupo-Criminal-ELN.jpg?fit=1200%2C900&quality=100&ssl=1&resize=350%2C200 1x, https:\/\/i0.wp.com\/insightcrime.org\/wp-content\/uploads\/2026\/07\/Grupo-Criminal-ELN.jpg?fit=1200%2C900&quality=100&ssl=1&resize=525%2C300 1.5x, https:\/\/i0.wp.com\/insightcrime.org\/wp-content\/uploads\/2026\/07\/Grupo-Criminal-ELN.jpg?fit=1200%2C900&quality=100&ssl=1&resize=700%2C400 2x, https:\/\/i0.wp.com\/insightcrime.org\/wp-content\/uploads\/2026\/07\/Grupo-Criminal-ELN.jpg?fit=1200%2C900&quality=100&ssl=1&resize=1050%2C600 3x"},"classes":[]}],"jetpack_featured_media_url":"https:\/\/i0.wp.com\/insightcrime.org\/wp-content\/uploads\/2013\/07\/es-07adb7cde55b001f9a885ebeb6e9b019.jpg?fit=280%2C169&quality=100&ssl=1","_links":{"self":[{"href":"https:\/\/insightcrime.org\/es\/wp-json\/wp\/v2\/posts\/5627","targetHints":{"allow":["GET"]}}],"collection":[{"href":"https:\/\/insightcrime.org\/es\/wp-json\/wp\/v2\/posts"}],"about":[{"href":"https:\/\/insightcrime.org\/es\/wp-json\/wp\/v2\/types\/post"}],"author":[{"embeddable":true,"href":"https:\/\/insightcrime.org\/es\/wp-json\/wp\/v2\/users\/19"}],"replies":[{"embeddable":true,"href":"https:\/\/insightcrime.org\/es\/wp-json\/wp\/v2\/comments?post=5627"}],"version-history":[{"count":1,"href":"https:\/\/insightcrime.org\/es\/wp-json\/wp\/v2\/posts\/5627\/revisions"}],"predecessor-version":[{"id":20112,"href":"https:\/\/insightcrime.org\/es\/wp-json\/wp\/v2\/posts\/5627\/revisions\/20112"}],"wp:featuredmedia":[{"embeddable":true,"href":"https:\/\/insightcrime.org\/es\/wp-json\/wp\/v2\/media\/37992"}],"wp:attachment":[{"href":"https:\/\/insightcrime.org\/es\/wp-json\/wp\/v2\/media?parent=5627"}],"wp:term":[{"taxonomy":"category","embeddable":true,"href":"https:\/\/insightcrime.org\/es\/wp-json\/wp\/v2\/categories?post=5627"},{"taxonomy":"post_tag","embeddable":true,"href":"https:\/\/insightcrime.org\/es\/wp-json\/wp\/v2\/tags?post=5627"},{"taxonomy":"newspack_spnsrs_tax","embeddable":true,"href":"https:\/\/insightcrime.org\/es\/wp-json\/wp\/v2\/newspack_spnsrs_tax?post=5627"},{"taxonomy":"author","embeddable":true,"href":"https:\/\/insightcrime.org\/es\/wp-json\/wp\/v2\/coauthors?post=5627"}],"curies":[{"name":"wp","href":"https:\/\/api.w.org\/{rel}","templated":true}]}}