{"id":5636,"date":"2013-07-04T17:14:33","date_gmt":"2017-03-27T23:54:41","guid":{"rendered":"http:\/\/newwp.insightcrime.org?p=5636"},"modified":"2023-04-24T15:31:48","modified_gmt":"2023-04-24T20:31:48","slug":"victimas-desplazadas-por-bacrim-ganan-reconocimiento-legal-en-colombia","status":"publish","type":"post","link":"https:\/\/insightcrime.org\/es\/noticias\/noticias-del-dia\/victimas-desplazadas-por-bacrim-ganan-reconocimiento-legal-en-colombia\/","title":{"rendered":"V\u00edctimas Desplazadas por BACRIM Ganan Reconocimiento Legal en Colombia"},"content":{"rendered":"\n<p class=\"wp-block-paragraph\">La Corte Constitucional de Colombia ha decretado que el Registro \u00danico de V\u00edctimas debe cubrir a las personas desplazadas por las BACRIM, lo que marca una victoria para los miles de colombianos expulsados ??de sus hogares debido a la violencia criminal.<\/p>\n\n\n\n<p class=\"wp-block-paragraph\">El tribunal tambi\u00e9n decret\u00f3 que el gobierno no puede poner l\u00edmites a la inclusi\u00f3n de las personas desplazadas en el registro, <a href=\"https:\/\/www.elespectador.com\/noticias\/judicial\/articulo-431481-corte-ordeno-inclusion-de-desplazados-de-bandas-criminales-regis\" target=\"_blank\">inform\u00f3 El Espectador<\/a>. Seg\u00fan la decisi\u00f3n del tribunal, el gobierno no puede decir que una persona desplazada es v\u00edctima de la \u201cdelincuencia com\u00fan\u201d en lugar del \u201cconflicto armado\u201d, como una forma de negar el acceso a las reparaciones.<\/p>\n\n\n\n<p class=\"wp-block-paragraph\">El tribunal indic\u00f3 que las personas desplazadas no cuentan con \u201cmecanismos ordinarios\u201d para resolver su situaci\u00f3n, lo que significa que se encuentran en un estado de vulnerabilidad y cuentan con poca protecci\u00f3n del Estado.<\/p>\n\n\n\n<p class=\"wp-block-paragraph\"><a href=\"https:\/\/www.eltiempo.com\/justicia\/ARTICULO-WEB-NEW_NOTA_INTERIOR-12907434.html\" target=\"_blank\">Seg\u00fan El Tiempo<\/a>, el desplazamiento causado por las organizaciones criminales h\u00edbridas conocidas como BACRIM (Bandas Criminales) es m\u00e1s alto en las regiones costeras de Nari\u00f1o y en las zonas urbanas de Medell\u00edn y Buenaventura. El nuevo fallo de la corte significa que las v\u00edctimas podr\u00e1n registrarse siempre y cuando hayan sufrido de desplazamiento forzado, y el registro oficial ya no evaluar\u00e1 los casos para determinar si est\u00e1n relacionados con el conflicto armado.<\/p>\n\n\n\n<h3 class=\"wp-block-heading\">An\u00e1lisis de InSight Crime<\/h3>\n\n\n\n<p class=\"wp-block-paragraph\">La cuesti\u00f3n sobre si <a href=\"https:\/\/insightcrime.org\/news-analysis\/colombias-bacrim-common-criminals-or-actors-in-armed-conflict\" target=\"_blank\">las BACRIM deben considerarse como actores en el conflicto de Colombia <\/a>es un tema pol\u00e9mico, con amplias implicaciones en la forma como se atacan a los grupos -ilustrado por la reciente declaraci\u00f3n de los Urabe\u00f1os de ser tratados como el \u201ctercer actor\u201d en el conflicto de Colombia y que se le permita negociar con el gobierno-. No obstante, cualquiera que sea su estatus, el impacto de estos grupos en las v\u00edctimas, especialmente en el \u00e1rea de desplazamiento forzado, no es menos grave que el de grupos m\u00e1s abiertamente pol\u00edticos.<\/p>\n\n\n\n<p class=\"wp-block-paragraph\">En este sentido, el fallo del tribunal es un paso importante para brindar justicia a las <a href=\"https:\/\/es.insightcrime.org\/noticias\/noticias-del-dia\/colombia-lidera-el-desplazamiento-en-el-mundo-debido-al-conflicto-y-al-crimen-organizado\/\" target=\"_blank\">miles de personas desplazadas por las BACRIM en Colombia<\/a>, que anteriormente no hab\u00edan podido reclamar su reconocimiento como v\u00edctimas y no ten\u00edan ning\u00fan recurso para recuperar sus hogares o recibir reparaciones.<\/p>\n\n\n\n<p class=\"wp-block-paragraph\">Tambi\u00e9n significa que el gobierno puede comenzar a monitorear adecuadamente el verdadero impacto de las BACRIM, ya que hasta ahora no se han incluido a las personas desplazadas por las BACRIM en las estad\u00edsticas, lo que significa que el verdadero n\u00famero de personas desplazadas en Colombia, <a href=\"https:\/\/www.guardian.co.uk\/global-development\/picture\/2013\/apr\/29\/world-map-showing-where-people-displaced\" target=\"_blank\">siendo ya el m\u00e1s alto del mundo<\/a>, es mucho mayor que la cifra oficial de 4,9 millones a finales de 2012.<\/p>\n","protected":false},"excerpt":{"rendered":"<p>La Corte Constitucional de Colombia ha decretado que el Registro \u00danico de V\u00edctimas debe cubrir a las personas desplazadas por las BACRIM, lo que marca una victoria para los miles de colombianos expulsados ??de sus hogares debido a la violencia criminal.<\/p>\n","protected":false},"author":14,"featured_media":38008,"comment_status":"closed","ping_status":"closed","sticky":false,"template":"","format":"standard","meta":{"newspack_ads_suppress_ads":false,"newspack_popups_has_disabled_popups":false,"newspack_sponsor_sponsorship_scope":"","newspack_sponsor_native_byline_display":"inherit","newspack_sponsor_native_category_display":"inherit","newspack_sponsor_underwriter_style":"inherit","newspack_sponsor_underwriter_placement":"inherit","_EventAllDay":false,"_EventTimezone":"","_EventStartDate":"","_EventEndDate":"","_EventStartDateUTC":"","_EventEndDateUTC":"","_EventShowMap":false,"_EventShowMapLink":false,"_EventURL":"","_EventCost":"","_EventCostDescription":"","_EventCurrencySymbol":"","_EventCurrencyCode":"","_EventCurrencyPosition":"","_EventDateTimeSeparator":"","_EventTimeRangeSeparator":"","_EventOrganizerID":[],"_EventVenueID":[],"_OrganizerEmail":"","_OrganizerPhone":"","_OrganizerWebsite":"","_VenueAddress":"","_VenueCity":"","_VenueCountry":"","_VenueProvince":"","_VenueState":"","_VenueZip":"","_VenuePhone":"","_VenueURL":"","_VenueStateProvince":"","_VenueLat":"","_VenueLng":"","_VenueShowMap":false,"_VenueShowMapLink":false,"_newspack_byline_active":false,"_newspack_byline":"","newspack_hide_updated_date":false,"newspack_show_updated_date":false,"newspack_featured_image_position":"","newspack_post_subtitle":"","newspack_article_summary_title":"Overview:","newspack_article_summary":"","_jetpack_memberships_contains_paid_content":false,"footnotes":""},"categories":[334],"tags":[368,450,466],"newspack_spnsrs_tax":[],"coauthors":[3733],"class_list":["post-5636","post","type-post","status-publish","format-standard","has-post-thumbnail","hentry","category-noticias-del-dia","tag-colombia-pais","tag-derechos-humanos","tag-desplazados","entry"],"parsely":{"version":"1.1.0","canonical_url":"https:\/\/insightcrime.org\/es\/noticias\/noticias-del-dia\/victimas-desplazadas-por-bacrim-ganan-reconocimiento-legal-en-colombia\/","smart_links":{"inbound":0,"outbound":0},"traffic_boost_suggestions_count":0,"meta":{"@context":"https:\/\/schema.org","@type":"NewsArticle","headline":"V\u00edctimas Desplazadas por BACRIM Ganan Reconocimiento Legal en Colombia","url":"http:\/\/insightcrime.org\/es\/noticias\/noticias-del-dia\/victimas-desplazadas-por-bacrim-ganan-reconocimiento-legal-en-colombia\/","mainEntityOfPage":{"@type":"WebPage","@id":"http:\/\/insightcrime.org\/es\/noticias\/noticias-del-dia\/victimas-desplazadas-por-bacrim-ganan-reconocimiento-legal-en-colombia\/"},"thumbnailUrl":"https:\/\/i0.wp.com\/insightcrime.org\/wp-content\/uploads\/2013\/07\/es-9c730c88bba2903bb34838b8f78a4ee9.jpg?resize=150%2C150&quality=100&ssl=1","image":{"@type":"ImageObject","url":"https:\/\/i0.wp.com\/insightcrime.org\/wp-content\/uploads\/2013\/07\/es-9c730c88bba2903bb34838b8f78a4ee9.jpg?fit=280%2C169&quality=100&ssl=1"},"articleSection":"Noticias del d\u00eda","author":[{"@type":"Person","name":"Claire O'neill Mccleskey"}],"creator":["Claire O'neill Mccleskey"],"publisher":{"@type":"Organization","name":"InSight Crime","logo":"https:\/\/insightcrime.org\/wp-content\/uploads\/2023\/08\/logo.png"},"keywords":["colombia","derechos humanos","desplazados"],"dateCreated":"2017-03-27T23:54:41Z","datePublished":"2017-03-27T23:54:41Z","dateModified":"2023-04-24T20:31:48Z"},"rendered":"<meta name=\"parsely-title\" content=\"V\u00edctimas Desplazadas por BACRIM Ganan Reconocimiento Legal en Colombia\" \/>\n<meta name=\"parsely-link\" content=\"http:\/\/insightcrime.org\/es\/noticias\/noticias-del-dia\/victimas-desplazadas-por-bacrim-ganan-reconocimiento-legal-en-colombia\/\" \/>\n<meta name=\"parsely-type\" content=\"post\" \/>\n<meta name=\"parsely-image-url\" content=\"https:\/\/i0.wp.com\/insightcrime.org\/wp-content\/uploads\/2013\/07\/es-9c730c88bba2903bb34838b8f78a4ee9.jpg?resize=150%2C150&amp;quality=100&amp;ssl=1\" \/>\n<meta name=\"parsely-pub-date\" content=\"2017-03-27T23:54:41Z\" \/>\n<meta name=\"parsely-section\" content=\"Noticias del d\u00eda\" \/>\n<meta name=\"parsely-tags\" content=\"colombia,derechos humanos,desplazados\" \/>\n<meta name=\"parsely-author\" content=\"Claire O&#039;neill Mccleskey\" \/>","tracker_url":"https:\/\/cdn.parsely.com\/keys\/insightcrime.org\/p.js"},"jetpack_sharing_enabled":true,"jetpack-related-posts":[{"id":150190,"url":"https:\/\/insightcrime.org\/es\/noticias\/pandemia-no-detuvo-desplazamientos-colombia\/","url_meta":{"origin":5636,"position":0},"title":"La pandemia no detuvo los desplazamientos en Colombia","author":"Juan Diego Posada","date":"12 de julio de 2021","format":false,"excerpt":"La pandemia no ha hecho nada para reducir los enfrentamientos entre actores criminales en Colombia, con un aumento de la violencia a principios de 2021, lo que ha disparado el n\u00famero de personas que huyen de sus hogares.","rel":"","context":"En \u00abNoticias\u00bb","block_context":{"text":"Noticias","link":"https:\/\/insightcrime.org\/es\/category\/noticias\/"},"img":{"alt_text":"","src":"https:\/\/i0.wp.com\/insightcrime.org\/wp-content\/uploads\/2019\/03\/Colombia-Displacement.jpg?fit=350%2C250&quality=100&ssl=1&resize=350%2C200","width":350,"height":200},"classes":[]},{"id":236191,"url":"https:\/\/insightcrime.org\/es\/noticias\/colombia-examinara-el-rol-de-la-violencia-de-genero-en-el-conflicto-armado\/","url_meta":{"origin":5636,"position":1},"title":"Colombia examinar\u00e1 el rol de la violencia de g\u00e9nero en el conflicto armado","author":"Lara Loaiza","date":"29 de septiembre de 2023","format":false,"excerpt":"La Jurisdicci\u00f3n Especial para la Paz en Colombia abre la puerta para examinar a fondo el uso de la violencia sexual y de g\u00e9nero como estrategia de guerra por parte de grupos armados en el pa\u00eds. La apertura del caso es una esperanza para las v\u00edctimas que llevan a\u00f1os reclamando\u2026","rel":"","context":"En \u00abNoticias\u00bb","block_context":{"text":"Noticias","link":"https:\/\/insightcrime.org\/es\/category\/noticias\/"},"img":{"alt_text":"","src":"https:\/\/i0.wp.com\/insightcrime.org\/wp-content\/uploads\/2023\/09\/JEP-Magistrados-Caso-VBG-350x250-c-default.jpeg?fit=350%2C250&quality=100&ssl=1&resize=350%2C200","width":350,"height":200},"classes":[]},{"id":300346,"url":"https:\/\/insightcrime.org\/es\/noticias\/violencia-transforma-mapa-migratorio-ecuador\/","url_meta":{"origin":5636,"position":2},"title":"La violencia transforma el mapa migratorio de Ecuador","author":"In\u00e9s Fern\u00e1ndez","date":"21 de enero de 2025","format":false,"excerpt":"Un a\u00f1o despu\u00e9s de que el presidente ecuatoriano Daniel Noboa declarara la guerra contra el crimen organizado, el pa\u00eds se enfrenta a un aumento de los desplazamientos, ya que miles de personas huyen de la escalada de violencia y una nueva oleada de migrantes ha llegado a la frontera entre\u2026","rel":"","context":"En \u00abNoticias\u00bb","block_context":{"text":"Noticias","link":"https:\/\/insightcrime.org\/es\/category\/noticias\/"},"img":{"alt_text":"","src":"https:\/\/i0.wp.com\/insightcrime.org\/wp-content\/uploads\/2025\/01\/Cover-1336x768-EN-Migracion-Ecuador-InSightCrime-Ene-2025.jpg?fit=1200%2C690&quality=100&ssl=1&resize=350%2C200","width":350,"height":200,"srcset":"https:\/\/i0.wp.com\/insightcrime.org\/wp-content\/uploads\/2025\/01\/Cover-1336x768-EN-Migracion-Ecuador-InSightCrime-Ene-2025.jpg?fit=1200%2C690&quality=100&ssl=1&resize=350%2C200 1x, https:\/\/i0.wp.com\/insightcrime.org\/wp-content\/uploads\/2025\/01\/Cover-1336x768-EN-Migracion-Ecuador-InSightCrime-Ene-2025.jpg?fit=1200%2C690&quality=100&ssl=1&resize=525%2C300 1.5x, https:\/\/i0.wp.com\/insightcrime.org\/wp-content\/uploads\/2025\/01\/Cover-1336x768-EN-Migracion-Ecuador-InSightCrime-Ene-2025.jpg?fit=1200%2C690&quality=100&ssl=1&resize=700%2C400 2x, https:\/\/i0.wp.com\/insightcrime.org\/wp-content\/uploads\/2025\/01\/Cover-1336x768-EN-Migracion-Ecuador-InSightCrime-Ene-2025.jpg?fit=1200%2C690&quality=100&ssl=1&resize=1050%2C600 3x"},"classes":[]},{"id":349075,"url":"https:\/\/insightcrime.org\/es\/noticias\/ardillos-grupo-criminal-provocado-desplazamientos-masivos-mexico\/","url_meta":{"origin":5636,"position":3},"title":"Familias desplazadas por Los Ardillos regresan a sus hogares en Guerrero, M\u00e9xico","author":"Aranza Jimenez","date":"17 de agosto de 2026","format":false,"excerpt":"Los Ardillos provocaron el desplazamiento de m\u00e1s de 1.000 personas en Guerrero y ahora algunas familias comienzan a regresar. \u00bfQui\u00e9nes son, c\u00f3mo operan y c\u00f3mo gan\u00f3 poder este grupo criminal?","rel":"","context":"En \u00abNoticias\u00bb","block_context":{"text":"Noticias","link":"https:\/\/insightcrime.org\/es\/category\/noticias\/"},"img":{"alt_text":"","src":"https:\/\/i0.wp.com\/insightcrime.org\/wp-content\/uploads\/2026\/08\/Impact-Ardillos-Mexico.jpg?fit=1200%2C675&quality=100&ssl=1&resize=350%2C200","width":350,"height":200,"srcset":"https:\/\/i0.wp.com\/insightcrime.org\/wp-content\/uploads\/2026\/08\/Impact-Ardillos-Mexico.jpg?fit=1200%2C675&quality=100&ssl=1&resize=350%2C200 1x, https:\/\/i0.wp.com\/insightcrime.org\/wp-content\/uploads\/2026\/08\/Impact-Ardillos-Mexico.jpg?fit=1200%2C675&quality=100&ssl=1&resize=525%2C300 1.5x, https:\/\/i0.wp.com\/insightcrime.org\/wp-content\/uploads\/2026\/08\/Impact-Ardillos-Mexico.jpg?fit=1200%2C675&quality=100&ssl=1&resize=700%2C400 2x, https:\/\/i0.wp.com\/insightcrime.org\/wp-content\/uploads\/2026\/08\/Impact-Ardillos-Mexico.jpg?fit=1200%2C675&quality=100&ssl=1&resize=1050%2C600 3x"},"classes":[]},{"id":213479,"url":"https:\/\/insightcrime.org\/es\/noticias\/entrevistas\/los-riesgos-que-enfrentan-los-migrantes-en-america-latina-se-han-multiplicado\/","url_meta":{"origin":5636,"position":4},"title":"Los riesgos que enfrentan los migrantes en Am\u00e9rica Latina se han multiplicado","author":"Unidad Investigativa de Venezuela","date":"31 de marzo de 2023","format":false,"excerpt":"Un reciente informe analiza de manera detallada c\u00f3mo el crimen organizado se ha beneficiado de la crisis migratoria de Venezuela mediante diversas econom\u00edas criminales.","rel":"","context":"En \u00abQ&amp;A\u00bb","block_context":{"text":"Q&amp;A","link":"https:\/\/insightcrime.org\/es\/category\/noticias\/entrevistas\/"},"img":{"alt_text":"Migrantes cruzan un r\u00edo con sus maletas","src":"https:\/\/i0.wp.com\/insightcrime.org\/wp-content\/uploads\/2023\/03\/Migrantes-en-Suramerica.jpg?fit=350%2C250&quality=100&ssl=1&resize=350%2C200","width":350,"height":200},"classes":[]},{"id":174882,"url":"https:\/\/insightcrime.org\/es\/noticias\/ex-farc-mafia-va-por-todo-frontera-colombia-venezuela\/","url_meta":{"origin":5636,"position":5},"title":"\u00bfEx-FARC Mafia va por todo en la frontera Colombia-Venezuela?","author":"Juan Diego Posada","date":"11 de enero de 2022","format":false,"excerpt":"El Frente 10 de las disidencias de las FARC no se detiene. Despu\u00e9s de enfrentar varios enemigos simult\u00e1neamente en suelo venezolano, ahora parece lidiar con el mayor obst\u00e1culo criminal del territorio: el ELN. \u00bfTendr\u00e1 el poder para soportar?","rel":"","context":"En \u00abNews\u00bb","block_context":{"text":"News","link":"https:\/\/insightcrime.org\/category\/news\/"},"img":{"alt_text":"","src":"https:\/\/i0.wp.com\/insightcrime.org\/wp-content\/uploads\/2022\/01\/Venezuela-El-frente-10-Batalla-por-Apure-ExFarc-InSight-Crime-Sept-2021-1024x1022-1.jpg?resize=350%2C200&quality=100&ssl=1","width":350,"height":200,"srcset":"https:\/\/i0.wp.com\/insightcrime.org\/wp-content\/uploads\/2022\/01\/Venezuela-El-frente-10-Batalla-por-Apure-ExFarc-InSight-Crime-Sept-2021-1024x1022-1.jpg?resize=350%2C200&quality=100&ssl=1 1x, https:\/\/i0.wp.com\/insightcrime.org\/wp-content\/uploads\/2022\/01\/Venezuela-El-frente-10-Batalla-por-Apure-ExFarc-InSight-Crime-Sept-2021-1024x1022-1.jpg?resize=525%2C300&quality=100&ssl=1 1.5x, https:\/\/i0.wp.com\/insightcrime.org\/wp-content\/uploads\/2022\/01\/Venezuela-El-frente-10-Batalla-por-Apure-ExFarc-InSight-Crime-Sept-2021-1024x1022-1.jpg?resize=700%2C400&quality=100&ssl=1 2x"},"classes":[]}],"jetpack_featured_media_url":"https:\/\/i0.wp.com\/insightcrime.org\/wp-content\/uploads\/2013\/07\/es-9c730c88bba2903bb34838b8f78a4ee9.jpg?fit=280%2C169&quality=100&ssl=1","_links":{"self":[{"href":"https:\/\/insightcrime.org\/es\/wp-json\/wp\/v2\/posts\/5636","targetHints":{"allow":["GET"]}}],"collection":[{"href":"https:\/\/insightcrime.org\/es\/wp-json\/wp\/v2\/posts"}],"about":[{"href":"https:\/\/insightcrime.org\/es\/wp-json\/wp\/v2\/types\/post"}],"author":[{"embeddable":true,"href":"https:\/\/insightcrime.org\/es\/wp-json\/wp\/v2\/users\/14"}],"replies":[{"embeddable":true,"href":"https:\/\/insightcrime.org\/es\/wp-json\/wp\/v2\/comments?post=5636"}],"version-history":[{"count":1,"href":"https:\/\/insightcrime.org\/es\/wp-json\/wp\/v2\/posts\/5636\/revisions"}],"predecessor-version":[{"id":20128,"href":"https:\/\/insightcrime.org\/es\/wp-json\/wp\/v2\/posts\/5636\/revisions\/20128"}],"wp:featuredmedia":[{"embeddable":true,"href":"https:\/\/insightcrime.org\/es\/wp-json\/wp\/v2\/media\/38008"}],"wp:attachment":[{"href":"https:\/\/insightcrime.org\/es\/wp-json\/wp\/v2\/media?parent=5636"}],"wp:term":[{"taxonomy":"category","embeddable":true,"href":"https:\/\/insightcrime.org\/es\/wp-json\/wp\/v2\/categories?post=5636"},{"taxonomy":"post_tag","embeddable":true,"href":"https:\/\/insightcrime.org\/es\/wp-json\/wp\/v2\/tags?post=5636"},{"taxonomy":"newspack_spnsrs_tax","embeddable":true,"href":"https:\/\/insightcrime.org\/es\/wp-json\/wp\/v2\/newspack_spnsrs_tax?post=5636"},{"taxonomy":"author","embeddable":true,"href":"https:\/\/insightcrime.org\/es\/wp-json\/wp\/v2\/coauthors?post=5636"}],"curies":[{"name":"wp","href":"https:\/\/api.w.org\/{rel}","templated":true}]}}