{"id":5639,"date":"2013-07-05T15:02:10","date_gmt":"2017-03-27T23:54:42","guid":{"rendered":"http:\/\/newwp.insightcrime.org?p=5639"},"modified":"2023-04-24T15:31:52","modified_gmt":"2023-04-24T20:31:52","slug":"operacion-de-la-policia-de-brasil-destapa-vinculos-entre-crimen-organizado-y-politica","status":"publish","type":"post","link":"https:\/\/insightcrime.org\/es\/noticias\/noticias-del-dia\/operacion-de-la-policia-de-brasil-destapa-vinculos-entre-crimen-organizado-y-politica\/","title":{"rendered":"Operaci\u00f3n de la Polic\u00eda de Brasil Destapa V\u00ednculos entre Crimen Organizado y Pol\u00edtica"},"content":{"rendered":"\n<p class=\"wp-block-paragraph\">Hasta el momento, la polic\u00eda de Brasil ha detenido a 42 personas por un caso que vincula a pol\u00edticos brasile\u00f1os con narcotraficantes, poniendo de relieve el grado de corrupci\u00f3n entre la \u00e9lite pol\u00edtica de Brasil.<\/p>\n\n\n\n<p class=\"wp-block-paragraph\">Los sospechosos detenidos el 4 de julio, como resultado de una investigaci\u00f3n denominada \u201cOperaci\u00f3n Apocalipsis\u201d, incluyen tres concejales y el hijo del presidente de la Asamblea Legislativa en el departamento (provincia) de Rondonia en Brasil. El presidente de la Asamblea Legislativa, cuatro concejales y cinco diputados de Rondonia tambi\u00e9n est\u00e1n bajo investigaci\u00f3n.<\/p>\n\n\n\n<p class=\"wp-block-paragraph\">Los sospechosos est\u00e1n acusados ??de haber participado en un esquema en el que los narcotraficantes financiaron las campa\u00f1as de los funcionarios, quienes, una vez elegidos, nombraron a los criminales en cargos pol\u00edticos no existentes y les proporcionaron dinero malversado por el Estado. Uno de los presuntos l\u00edderes del esquema es un traficante de drogas que se encuentra en la c\u00e1rcel por su participaci\u00f3n en una masacre de 2002, y se cree que ha coordinado operaciones v\u00eda telef\u00f3nica, <a href=\"https:\/\/veja.abril.com.br\/noticia\/brasil\/trafico-financiou-campanhas-de-deputados-em-rondonia-diz-policia\" target=\"_blank\">seg\u00fan Veja<\/a>.<\/p>\n\n\n\n<p class=\"wp-block-paragraph\">S\u00f3lo en Rondonia, un departamento cerca de la frontera con Bolivia, se cree que el grupo ha movido m\u00e1s de US$ 4 millones y la polic\u00eda ya ha confiscado 200 veh\u00edculos, y&nbsp;embargado&nbsp;25 edificios y 30 compa\u00f1\u00edas, <a href=\"https:\/\/oglobo.globo.com\/pais\/tres-vereadores-de-porto-velho-sao-presos-em-operacao-da-policia-em-ro-8911923\" target=\"_blank\">inform\u00f3 O Globo.<\/a><\/p>\n\n\n\n<p class=\"wp-block-paragraph\">Los sospechosos probablemente ser\u00e1n acusados ??de tener v\u00ednculos con el narcotr\u00e1fico, y de malversaci\u00f3n y falsificaci\u00f3n de fondos, dijo la polic\u00eda.<\/p>\n\n\n\n<h3 class=\"wp-block-heading\">An\u00e1lisis de InSight Crime<\/h3>\n\n\n\n<p class=\"wp-block-paragraph\">El esquema pone de relieve los v\u00ednculos entre pol\u00edticos corruptos y el crimen organizado en Brasil, algo que tambi\u00e9n sali\u00f3 a la luz en un gran esc\u00e1ndalo en 2012, en el que se encontr\u00f3 que varios pol\u00edticos ten\u00edan conexiones con un <a href=\"https:\/\/insightcrime.org\/news-analysis\/corruption-case-exposes-influence-of-brazilian-animal-game-boss\" target=\"_blank\">negocio ilegal de juegos de azar, que lavaba las ganancias provenientes del crimen<\/a>. Ninguno de estos son casos aislados; seg\u00fan una estimaci\u00f3n de 2008, <a href=\"https:\/\/insightcrime.org\/news-briefs\/stricter-law-may-spell-trouble-for-brazils-money-laundering-politicians\" target=\"_blank\">hasta el 70 por ciento del dinero lavado en Brasil <\/a>est\u00e1 relacionado con la corrupci\u00f3n oficial. Seg\u00fan el<a href=\"https:\/\/www.state.gov\/j\/inl\/rls\/nrcrpt\/2013\/vol2\/204065.htm#Brazil\" target=\"_blank\"> Informe sobre la Estrategia Internacional de Control de Narc\u00f3ticos <\/a>(INCSR, por sus siglas en ingl\u00e9s) de 2013, la mayor\u00eda del lavado de dinero en Brasil est\u00e1 relacionado con el crimen dom\u00e9stico.<\/p>\n\n\n\n<p class=\"wp-block-paragraph\">Es de destacar que este m\u00e1s reciente esc\u00e1ndalo de corrupci\u00f3n involucra a un narcotraficante encarcelado, otro ejemplo de la facilidad con la que los principales criminales encarcelados en Brasil <a href=\"https:\/\/insightcrime.org\/news-briefs\/brazil-prison-gang-conducts-10-hour-conference-call\" target=\"_blank\">siguen haciendo operaciones externas<\/a>. La falta de control en las prisiones brasile\u00f1as, en parte estimulada por <a href=\"https:\/\/insightcrime.org\/news-analysis\/brazilian-prison-system-on-verge-of-collapse\" target=\"_blank\">la inmensa poblaci\u00f3n carcelaria del pa\u00eds<\/a>, ha permitido el surgimiento de poderosas pandillas en las prisiones.<\/p>\n","protected":false},"excerpt":{"rendered":"<p>Hasta el momento, la polic\u00eda de Brasil ha detenido a 42 personas por un caso que vincula a pol\u00edticos brasile\u00f1os con narcotraficantes, poniendo de relieve el grado de corrupci\u00f3n entre la \u00e9lite pol\u00edtica de Brasil.<\/p>\n","protected":false},"author":19,"featured_media":38014,"comment_status":"closed","ping_status":"closed","sticky":false,"template":"","format":"standard","meta":{"newspack_ads_suppress_ads":false,"newspack_popups_has_disabled_popups":false,"newspack_sponsor_sponsorship_scope":"","newspack_sponsor_native_byline_display":"inherit","newspack_sponsor_native_category_display":"inherit","newspack_sponsor_underwriter_style":"inherit","newspack_sponsor_underwriter_placement":"inherit","_EventAllDay":false,"_EventTimezone":"","_EventStartDate":"","_EventEndDate":"","_EventStartDateUTC":"","_EventEndDateUTC":"","_EventShowMap":false,"_EventShowMapLink":false,"_EventURL":"","_EventCost":"","_EventCostDescription":"","_EventCurrencySymbol":"","_EventCurrencyCode":"","_EventCurrencyPosition":"","_EventDateTimeSeparator":"","_EventTimeRangeSeparator":"","_EventOrganizerID":[],"_EventVenueID":[],"_OrganizerEmail":"","_OrganizerPhone":"","_OrganizerWebsite":"","_VenueAddress":"","_VenueCity":"","_VenueCountry":"","_VenueProvince":"","_VenueState":"","_VenueZip":"","_VenuePhone":"","_VenueURL":"","_VenueStateProvince":"","_VenueLat":"","_VenueLng":"","_VenueShowMap":false,"_VenueShowMapLink":false,"_newspack_byline_active":false,"_newspack_byline":"","newspack_hide_updated_date":false,"newspack_show_updated_date":false,"newspack_featured_image_position":"","newspack_post_subtitle":"","newspack_article_summary_title":"Overview:","newspack_article_summary":"","_jetpack_memberships_contains_paid_content":false,"footnotes":""},"categories":[334],"tags":[405],"newspack_spnsrs_tax":[],"coauthors":[3820],"class_list":["post-5639","post","type-post","status-publish","format-standard","has-post-thumbnail","hentry","category-noticias-del-dia","tag-brasil","entry"],"parsely":{"version":"1.1.0","canonical_url":"https:\/\/insightcrime.org\/es\/noticias\/noticias-del-dia\/operacion-de-la-policia-de-brasil-destapa-vinculos-entre-crimen-organizado-y-politica\/","smart_links":{"inbound":0,"outbound":0},"traffic_boost_suggestions_count":0,"meta":{"@context":"https:\/\/schema.org","@type":"NewsArticle","headline":"Operaci\u00f3n de la Polic\u00eda de Brasil Destapa V\u00ednculos entre Crimen Organizado y Pol\u00edtica","url":"http:\/\/insightcrime.org\/es\/noticias\/noticias-del-dia\/operacion-de-la-policia-de-brasil-destapa-vinculos-entre-crimen-organizado-y-politica\/","mainEntityOfPage":{"@type":"WebPage","@id":"http:\/\/insightcrime.org\/es\/noticias\/noticias-del-dia\/operacion-de-la-policia-de-brasil-destapa-vinculos-entre-crimen-organizado-y-politica\/"},"thumbnailUrl":"https:\/\/i0.wp.com\/insightcrime.org\/wp-content\/uploads\/2013\/07\/es-f50f95dd9de3e4adfe1d9138471578c5.jpg?resize=150%2C150&quality=100&ssl=1","image":{"@type":"ImageObject","url":"https:\/\/i0.wp.com\/insightcrime.org\/wp-content\/uploads\/2013\/07\/es-f50f95dd9de3e4adfe1d9138471578c5.jpg?fit=280%2C169&quality=100&ssl=1"},"articleSection":"Noticias del d\u00eda","author":[{"@type":"Person","name":"Marguerite Cawley"}],"creator":["Marguerite Cawley"],"publisher":{"@type":"Organization","name":"InSight Crime","logo":"https:\/\/insightcrime.org\/wp-content\/uploads\/2023\/08\/logo.png"},"keywords":["brasil"],"dateCreated":"2017-03-27T23:54:42Z","datePublished":"2017-03-27T23:54:42Z","dateModified":"2023-04-24T20:31:52Z"},"rendered":"<meta name=\"parsely-title\" content=\"Operaci\u00f3n de la Polic\u00eda de Brasil Destapa V\u00ednculos entre Crimen Organizado y Pol\u00edtica\" \/>\n<meta name=\"parsely-link\" content=\"http:\/\/insightcrime.org\/es\/noticias\/noticias-del-dia\/operacion-de-la-policia-de-brasil-destapa-vinculos-entre-crimen-organizado-y-politica\/\" \/>\n<meta name=\"parsely-type\" content=\"post\" \/>\n<meta name=\"parsely-image-url\" content=\"https:\/\/i0.wp.com\/insightcrime.org\/wp-content\/uploads\/2013\/07\/es-f50f95dd9de3e4adfe1d9138471578c5.jpg?resize=150%2C150&amp;quality=100&amp;ssl=1\" \/>\n<meta name=\"parsely-pub-date\" content=\"2017-03-27T23:54:42Z\" \/>\n<meta name=\"parsely-section\" content=\"Noticias del d\u00eda\" \/>\n<meta name=\"parsely-tags\" content=\"brasil\" \/>\n<meta name=\"parsely-author\" content=\"Marguerite Cawley\" \/>","tracker_url":"https:\/\/cdn.parsely.com\/keys\/insightcrime.org\/p.js"},"jetpack_sharing_enabled":true,"jetpack-related-posts":[{"id":232672,"url":"https:\/\/insightcrime.org\/es\/noticias\/pcc-mineria-ilegal-amazonas-brasil\/","url_meta":{"origin":5639,"position":0},"title":"PCC de Brasil complica erradicaci\u00f3n de miner\u00eda ilegal en Amazonas","author":"Sean Doherty","date":"26 de mayo de 2023","format":false,"excerpt":"El grupo criminal m\u00e1s prominente de Brasil, el PCC, apoya de diversas formas a los mineros de oro ilegales en la Amazon\u00eda brasile\u00f1a, obstaculizando los esfuerzos del gobierno por erradicar la miner\u00eda ilegal y la violencia contra la comunidad ind\u00edgena yanomami.","rel":"","context":"En \u00abNoticias\u00bb","block_context":{"text":"Noticias","link":"https:\/\/insightcrime.org\/es\/category\/noticias\/"},"img":{"alt_text":"Fuerzas federales de Brasil ante avioneta en llamas, en el Amazonas. PCC provee avionetas, maquinaria y armas a mineros ilegales.","src":"https:\/\/i0.wp.com\/insightcrime.org\/wp-content\/uploads\/2023\/09\/0420230511-NARCOGARIMPO-MINISTERIO-DE-MEDIO-AMBIENTE-Y-CAMBIO-CLIMATICO-e1685030408424-1.jpg?fit=350%2C250&quality=100&ssl=1&resize=350%2C200","width":350,"height":200},"classes":[]},{"id":287427,"url":"https:\/\/insightcrime.org\/es\/noticias\/lavado-dinero-criptomonedas-aumenta-brasil\/","url_meta":{"origin":5639,"position":1},"title":"Lavado de dinero con criptomonedas aumenta en Brasil","author":"Juan Diego C\u00e1rdenas","date":"19 de agosto de 2024","format":false,"excerpt":"La polic\u00eda de S\u00e3o Paulo desmantel\u00f3 un esquema de lavado de dinero en el que miembros del PCC estar\u00edan implicados tras usar criptomonedas.","rel":"","context":"En \u00abNoticias\u00bb","block_context":{"text":"Noticias","link":"https:\/\/insightcrime.org\/es\/category\/noticias\/"},"img":{"alt_text":"","src":"https:\/\/i0.wp.com\/insightcrime.org\/wp-content\/uploads\/2024\/08\/image_crypto-scaled.jpg?fit=1200%2C801&quality=100&ssl=1&resize=350%2C200","width":350,"height":200,"srcset":"https:\/\/i0.wp.com\/insightcrime.org\/wp-content\/uploads\/2024\/08\/image_crypto-scaled.jpg?fit=1200%2C801&quality=100&ssl=1&resize=350%2C200 1x, https:\/\/i0.wp.com\/insightcrime.org\/wp-content\/uploads\/2024\/08\/image_crypto-scaled.jpg?fit=1200%2C801&quality=100&ssl=1&resize=525%2C300 1.5x, https:\/\/i0.wp.com\/insightcrime.org\/wp-content\/uploads\/2024\/08\/image_crypto-scaled.jpg?fit=1200%2C801&quality=100&ssl=1&resize=700%2C400 2x, https:\/\/i0.wp.com\/insightcrime.org\/wp-content\/uploads\/2024\/08\/image_crypto-scaled.jpg?fit=1200%2C801&quality=100&ssl=1&resize=1050%2C600 3x"},"classes":[]},{"id":270784,"url":"https:\/\/insightcrime.org\/es\/noticias\/brasil-tacticas-policiales-recicladas-dan-mismos-resultados\/","url_meta":{"origin":5639,"position":2},"title":"En Brasil, t\u00e1cticas policiales recicladas dan los mismos resultados","author":"Christopher Newton","date":"14 de marzo de 2024","format":false,"excerpt":"Los asesinatos a manos de la polic\u00eda aumentaron dr\u00e1sticamente en el estado de S\u00e3o Paulo, Brasil, en los dos primeros meses de 2024, mientras las autoridades siguen confiando en las t\u00e1cticas represivas para intentar frenar la delincuencia, una estrategia que a\u00fan no ha dado resultados a largo plazo.","rel":"","context":"En \u00abNoticias\u00bb","block_context":{"text":"Noticias","link":"https:\/\/insightcrime.org\/es\/category\/noticias\/"},"img":{"alt_text":"Protest against civilian deaths under Operation Shield, in Baixada Santista. \nManifestaci\u00f3n contra las muertes provocadas por la Operaci\u00f3n Escudo, en la Baixada Santista. ","src":"https:\/\/i0.wp.com\/insightcrime.org\/wp-content\/uploads\/2024\/03\/brazil-operation-shield-police-violence-security-police-AFP.jpg?fit=350%2C250&quality=100&ssl=1&resize=350%2C200","width":350,"height":200},"classes":[]},{"id":233247,"url":"https:\/\/insightcrime.org\/es\/investigaciones\/caso-judicial-brasil-desorden-pcc\/","url_meta":{"origin":5639,"position":3},"title":"Caso judicial en Brasil muestra desorden al interior del PCC","author":"Steven Dudley","date":"16 de diciembre de 2020","format":false,"excerpt":"El PCC suele ser considerada la pandilla criminal m\u00e1s poderosa de Brasil, pero un caso judicial que se adelant\u00f3 recientemente en su contra traza una imagen que desmiente la reputaci\u00f3n del grupo como una organizaci\u00f3n criminal transnacional estricta y jer\u00e1rquica.","rel":"","context":"En \u00abInvestigaciones\u00bb","block_context":{"text":"Investigaciones","link":"https:\/\/insightcrime.org\/es\/category\/investigaciones\/"},"img":{"alt_text":"","src":"https:\/\/i0.wp.com\/insightcrime.org\/wp-content\/uploads\/2020\/12\/PCC-Chapter-4.jpg?fit=1200%2C450&quality=100&ssl=1&resize=350%2C200","width":350,"height":200,"srcset":"https:\/\/i0.wp.com\/insightcrime.org\/wp-content\/uploads\/2020\/12\/PCC-Chapter-4.jpg?fit=1200%2C450&quality=100&ssl=1&resize=350%2C200 1x, https:\/\/i0.wp.com\/insightcrime.org\/wp-content\/uploads\/2020\/12\/PCC-Chapter-4.jpg?fit=1200%2C450&quality=100&ssl=1&resize=525%2C300 1.5x, https:\/\/i0.wp.com\/insightcrime.org\/wp-content\/uploads\/2020\/12\/PCC-Chapter-4.jpg?fit=1200%2C450&quality=100&ssl=1&resize=700%2C400 2x, https:\/\/i0.wp.com\/insightcrime.org\/wp-content\/uploads\/2020\/12\/PCC-Chapter-4.jpg?fit=1200%2C450&quality=100&ssl=1&resize=1050%2C600 3x"},"classes":[]},{"id":273741,"url":"https:\/\/insightcrime.org\/es\/noticias\/pcc-entra-ruedo-contratos-municipales-brasil\/","url_meta":{"origin":5639,"position":4},"title":"El PCC entra al ruedo de los contratos municipales en Brasil","author":"Steven Dudley","date":"18 de abril de 2024","format":false,"excerpt":"Una serie de arrestos a pol\u00edticos vinculados con pandillas en el estado brasile\u00f1o de S\u00e3o Paulo ilustra la evoluci\u00f3n de la mayor red criminal del pa\u00eds.","rel":"","context":"En \u00abNoticias\u00bb","block_context":{"text":"Noticias","link":"https:\/\/insightcrime.org\/es\/category\/noticias\/"},"img":{"alt_text":"Police carry out operation and arrest 13 suspects linked to PCC in S\u00e3o Paulo. Polic\u00eda realiza operativo y arresta a 13 sospechosos relacionados con el PCC en S\u00e3o Paulo","src":"https:\/\/i0.wp.com\/insightcrime.org\/wp-content\/uploads\/2024\/04\/WhatsApp-Image-2024-04-16-at-17.09.32-1.jpeg?fit=350%2C250&quality=100&ssl=1&resize=350%2C200","width":350,"height":200},"classes":[]},{"id":214070,"url":"https:\/\/insightcrime.org\/es\/noticias\/paraguay-eslabon-esencial-ruta-cocaina-bolivia-europa\/","url_meta":{"origin":5639,"position":5},"title":"Paraguay, el eslab\u00f3n esencial en la ruta de la coca\u00edna Bolivia-Europa","author":"Gavin Voss","date":"11 de abril de 2023","format":false,"excerpt":"Un golpe asestado por autoridades de Suram\u00e9rica y Europa a una red narcotraficante que operaba a ambos lados del Atl\u00e1ntico pone de relieve la importancia de Paraguay para el tr\u00e1fico internacional de coca\u00edna.","rel":"","context":"En \u00abNoticias\u00bb","block_context":{"text":"Noticias","link":"https:\/\/insightcrime.org\/es\/category\/noticias\/"},"img":{"alt_text":"Rodrigo Alvarenga, presunto l\u00edder del grupo objetivo de la Operaci\u00f3n Hinterland, en medio de agentes paraguayos tras su captura.","src":"https:\/\/i0.wp.com\/insightcrime.org\/wp-content\/uploads\/2023\/04\/Fsd2vmMWAAEH15J-1.jpg?fit=350%2C250&quality=100&ssl=1&resize=350%2C200","width":350,"height":200},"classes":[]}],"jetpack_featured_media_url":"https:\/\/i0.wp.com\/insightcrime.org\/wp-content\/uploads\/2013\/07\/es-f50f95dd9de3e4adfe1d9138471578c5.jpg?fit=280%2C169&quality=100&ssl=1","_links":{"self":[{"href":"https:\/\/insightcrime.org\/es\/wp-json\/wp\/v2\/posts\/5639","targetHints":{"allow":["GET"]}}],"collection":[{"href":"https:\/\/insightcrime.org\/es\/wp-json\/wp\/v2\/posts"}],"about":[{"href":"https:\/\/insightcrime.org\/es\/wp-json\/wp\/v2\/types\/post"}],"author":[{"embeddable":true,"href":"https:\/\/insightcrime.org\/es\/wp-json\/wp\/v2\/users\/19"}],"replies":[{"embeddable":true,"href":"https:\/\/insightcrime.org\/es\/wp-json\/wp\/v2\/comments?post=5639"}],"version-history":[{"count":1,"href":"https:\/\/insightcrime.org\/es\/wp-json\/wp\/v2\/posts\/5639\/revisions"}],"predecessor-version":[{"id":20134,"href":"https:\/\/insightcrime.org\/es\/wp-json\/wp\/v2\/posts\/5639\/revisions\/20134"}],"wp:featuredmedia":[{"embeddable":true,"href":"https:\/\/insightcrime.org\/es\/wp-json\/wp\/v2\/media\/38014"}],"wp:attachment":[{"href":"https:\/\/insightcrime.org\/es\/wp-json\/wp\/v2\/media?parent=5639"}],"wp:term":[{"taxonomy":"category","embeddable":true,"href":"https:\/\/insightcrime.org\/es\/wp-json\/wp\/v2\/categories?post=5639"},{"taxonomy":"post_tag","embeddable":true,"href":"https:\/\/insightcrime.org\/es\/wp-json\/wp\/v2\/tags?post=5639"},{"taxonomy":"newspack_spnsrs_tax","embeddable":true,"href":"https:\/\/insightcrime.org\/es\/wp-json\/wp\/v2\/newspack_spnsrs_tax?post=5639"},{"taxonomy":"author","embeddable":true,"href":"https:\/\/insightcrime.org\/es\/wp-json\/wp\/v2\/coauthors?post=5639"}],"curies":[{"name":"wp","href":"https:\/\/api.w.org\/{rel}","templated":true}]}}