{"id":5755,"date":"2013-08-06T18:20:47","date_gmt":"2017-03-27T23:55:22","guid":{"rendered":"http:\/\/newwp.insightcrime.org?p=5755"},"modified":"2023-04-24T15:32:33","modified_gmt":"2023-04-24T20:32:33","slug":"tiroteos-provocan-militarizacion-de-prisiones-en-honduras","status":"publish","type":"post","link":"https:\/\/insightcrime.org\/es\/noticias\/noticias-del-dia\/tiroteos-provocan-militarizacion-de-prisiones-en-honduras\/","title":{"rendered":"Tiroteos provocan militarizaci\u00f3n de prisiones en Honduras"},"content":{"rendered":"\n<p class=\"wp-block-paragraph\">A ra\u00edz de un tiroteo en una c\u00e1rcel que dej\u00f3 tres muertos en Honduras, las autoridades han anunciado mayores medidas de seguridad para prevenir que m\u00e1s armas ingresen al sistema penitenciario, donde la falta de seguridad interna y las p\u00e9simas condiciones siguen alimentando la violencia.<\/p>\n\n\n\n<p class=\"wp-block-paragraph\">Tres reclusos murieron y otros 12 resultaron heridos en un enfrentamiento el 2 de agosto en la C\u00e1rcel Nacional Aurelio Soto Marco en Tamara, a las afueras de Tegucigalpa, en el que se utilizaron rifles de asalto AK-47 y granadas.<\/p>\n\n\n\n<p class=\"wp-block-paragraph\">Seg\u00fan funcionarios <a href=\"https:\/\/noticias.univision.com\/america-latina\/honduras\/article\/2013-08-04\/carcel-honduras-motin#axzz2bCdlQgaG\" target=\"_blank\">citados por Univisi\u00f3n<\/a>, el enfrentamiento se produjo despu\u00e9s de que un preso apuntara con un arma a un miembro de la pandilla Barrio 18, lo que provoc\u00f3 una represalia violenta; mientras que, por su parte,&nbsp;<a href=\"https:\/\/www.latribuna.hn\/2013\/08\/06\/cantidad-de-armas-y-municiones-sorprenden-a-los-investigadores\/\" target=\"_blank\">La Tribuna inform\u00f3<\/a> que los disparos provinieron de miembros de las pandillas de Barrio 18 y la Mara Salvatrucha (MS13).<\/p>\n\n\n\n<p class=\"wp-block-paragraph\">Tras el incidente, el ej\u00e9rcito y la polic\u00eda han tomado el control de la seguridad interna, por un per\u00edodo de 90 d\u00edas, de la c\u00e1rcel de Tamara y las c\u00e1rceles de San Pedro Sula,<a href=\"https:\/\/www.nacion.com\/mundo\/centroamerica\/Militares-policias-control-carceles-Honduras_0_1358264189.html\" target=\"_blank\"> inform\u00f3 La Naci\u00f3n<\/a>. El gobierno tambi\u00e9n anunci\u00f3 planes para comenzar a clasificar a los prisioneros y grabar sus llamadas telef\u00f3nicas, <a href=\"https:\/\/www.laprensa.hn\/Secciones-Principales\/Honduras\/Tegucigalpa\/Ahora-sera-imposible-ingresar-armas-a-centros-penales-en-Honduras-dice-Arturo-Corrales#.UgE_P6XIpES\" target=\"_blank\">escribi\u00f3 La Prensa<\/a>.<\/p>\n\n\n\n<p class=\"wp-block-paragraph\">Mientras se investiga el incidente, las autoridades encontraron AK-47, mini Uzis, 40 rev\u00f3lveres, y 11 granadas de fragmentaci\u00f3n; y dijeron que hab\u00eda m\u00e1s armas ocultas en caletas en las paredes y pisos de la prisi\u00f3n, seg\u00fan La Tribuna.<\/p>\n\n\n\n<h3 class=\"wp-block-heading\">An\u00e1lisis de InSight Crime<\/h3>\n\n\n\n<p class=\"wp-block-paragraph\">El sistema penitenciario hondure\u00f1o sufre de hacinamiento y la violencia es end\u00e9mica, -el pa\u00eds registr\u00f3 el <a href=\"\/noticias\/noticias-del-dia\/hacinamiento-en-prisiones-de-centroamerica-refleja-fracaso-de-politicas-de-mano-dura\" target=\"_blank\">mayor n\u00famero de muertes de prisioneros<\/a> en Centroam\u00e9rica entre 2011 y 2012 (aunque este n\u00famero fue inflado por un incendio que mat\u00f3 a cientos de reclusos)-. <a href=\"https:\/\/www.oas.org\/es\/cidh\/ppl\/docs\/pdf\/HONDURAS-PPL-2013ESP.pdf\" target=\"_blank\">Un informe publicado recientemente<\/a> por la Comisi\u00f3n Interamericana de Derechos Humanos (CIDH) se\u00f1al\u00f3 que 11.709 prisioneros est\u00e1n siendo detenidos en un sistema construido para 8.120, con s\u00f3lo cuatro de los 24 centros penitenciarios por debajo de su capacidad.<\/p>\n\n\n\n<p class=\"wp-block-paragraph\">El informe de la CIDH tambi\u00e9n se\u00f1al\u00f3 la falta de control y transparencia como serios problemas del sistema, siendo la seguridad interna a menudo controlada por los mismos presos. La prisi\u00f3n Marco Aurelio Soto est\u00e1 efectivamente controlada por los \u201ctoros\u201d -los jefes de los reclusos-, que cobran impuestos e imparten castigos a otros presos. Cualquier intento por romper este control criminal de la vida en prisi\u00f3n probablemente enfrentar\u00e1 una gran resistencia -y puede haber sido un factor en la reciente violencia-.<\/p>\n\n\n\n<p class=\"wp-block-paragraph\">Ya sea que el reciente brote de violencia estuvo relacionado con las rivalidades entre pandillas o con las tensiones con las autoridades, no presagia nada bueno para la <a href=\"\/noticias\/noticias-del-dia\/pandillas-hondurenas-buscan-replicar-la-tregua-de-el-salvador\" target=\"_blank\">naciente tregua de pandillas del pa\u00eds<\/a> -lo que pr\u00e1cticamente requerir\u00e1 el apoyo de los l\u00edderes pandilleros encarcelados para que funcione-.<\/p>\n","protected":false},"excerpt":{"rendered":"<p>A ra\u00edz de un tiroteo en una c\u00e1rcel que dej\u00f3 tres muertos en Honduras, las autoridades han anunciado mayores medidas de seguridad para prevenir que m\u00e1s armas ingresen al sistema penitenciario, donde la falta de seguridad interna y las p\u00e9simas condiciones siguen alimentando la violencia.<\/p>\n","protected":false},"author":19,"featured_media":38261,"comment_status":"closed","ping_status":"closed","sticky":false,"template":"","format":"standard","meta":{"newspack_ads_suppress_ads":false,"newspack_popups_has_disabled_popups":false,"newspack_sponsor_sponsorship_scope":"","newspack_sponsor_native_byline_display":"inherit","newspack_sponsor_native_category_display":"inherit","newspack_sponsor_underwriter_style":"inherit","newspack_sponsor_underwriter_placement":"inherit","_EventAllDay":false,"_EventTimezone":"","_EventStartDate":"","_EventEndDate":"","_EventStartDateUTC":"","_EventEndDateUTC":"","_EventShowMap":false,"_EventShowMapLink":false,"_EventURL":"","_EventCost":"","_EventCostDescription":"","_EventCurrencySymbol":"","_EventCurrencyCode":"","_EventCurrencyPosition":"","_EventDateTimeSeparator":"","_EventTimeRangeSeparator":"","_EventOrganizerID":[],"_EventVenueID":[],"_OrganizerEmail":"","_OrganizerPhone":"","_OrganizerWebsite":"","_VenueAddress":"","_VenueCity":"","_VenueCountry":"","_VenueProvince":"","_VenueState":"","_VenueZip":"","_VenuePhone":"","_VenueURL":"","_VenueStateProvince":"","_VenueLat":"","_VenueLng":"","_VenueShowMap":false,"_VenueShowMapLink":false,"_newspack_byline_active":false,"_newspack_byline":"","newspack_hide_updated_date":false,"newspack_show_updated_date":false,"newspack_featured_image_position":"","newspack_post_subtitle":"","newspack_article_summary_title":"Overview:","newspack_article_summary":"","_jetpack_memberships_contains_paid_content":false,"footnotes":""},"categories":[334],"tags":[398,3021],"newspack_spnsrs_tax":[],"coauthors":[3820],"class_list":["post-5755","post","type-post","status-publish","format-standard","has-post-thumbnail","hentry","category-noticias-del-dia","tag-honduras-pais","tag-prisiones-es","entry"],"parsely":{"version":"1.1.0","canonical_url":"https:\/\/insightcrime.org\/es\/noticias\/noticias-del-dia\/tiroteos-provocan-militarizacion-de-prisiones-en-honduras\/","smart_links":{"inbound":0,"outbound":0},"traffic_boost_suggestions_count":0,"meta":{"@context":"https:\/\/schema.org","@type":"NewsArticle","headline":"Tiroteos provocan militarizaci\u00f3n de prisiones en Honduras","url":"http:\/\/insightcrime.org\/es\/noticias\/noticias-del-dia\/tiroteos-provocan-militarizacion-de-prisiones-en-honduras\/","mainEntityOfPage":{"@type":"WebPage","@id":"http:\/\/insightcrime.org\/es\/noticias\/noticias-del-dia\/tiroteos-provocan-militarizacion-de-prisiones-en-honduras\/"},"thumbnailUrl":"https:\/\/i0.wp.com\/insightcrime.org\/wp-content\/uploads\/2013\/08\/es-046e136bc1e1213574933bfe2e6d89a5.jpg?resize=150%2C150&quality=100&ssl=1","image":{"@type":"ImageObject","url":"https:\/\/i0.wp.com\/insightcrime.org\/wp-content\/uploads\/2013\/08\/es-046e136bc1e1213574933bfe2e6d89a5.jpg?fit=280%2C169&quality=100&ssl=1"},"articleSection":"Noticias del d\u00eda","author":[{"@type":"Person","name":"Marguerite Cawley"}],"creator":["Marguerite Cawley"],"publisher":{"@type":"Organization","name":"InSight Crime","logo":"https:\/\/insightcrime.org\/wp-content\/uploads\/2023\/08\/logo.png"},"keywords":["honduras","prisiones"],"dateCreated":"2017-03-27T23:55:22Z","datePublished":"2017-03-27T23:55:22Z","dateModified":"2023-04-24T20:32:33Z"},"rendered":"<meta name=\"parsely-title\" content=\"Tiroteos provocan militarizaci\u00f3n de prisiones en Honduras\" \/>\n<meta name=\"parsely-link\" content=\"http:\/\/insightcrime.org\/es\/noticias\/noticias-del-dia\/tiroteos-provocan-militarizacion-de-prisiones-en-honduras\/\" \/>\n<meta name=\"parsely-type\" content=\"post\" \/>\n<meta name=\"parsely-image-url\" content=\"https:\/\/i0.wp.com\/insightcrime.org\/wp-content\/uploads\/2013\/08\/es-046e136bc1e1213574933bfe2e6d89a5.jpg?resize=150%2C150&amp;quality=100&amp;ssl=1\" \/>\n<meta name=\"parsely-pub-date\" content=\"2017-03-27T23:55:22Z\" \/>\n<meta name=\"parsely-section\" content=\"Noticias del d\u00eda\" \/>\n<meta name=\"parsely-tags\" content=\"honduras,prisiones\" \/>\n<meta name=\"parsely-author\" content=\"Marguerite Cawley\" \/>","tracker_url":"https:\/\/cdn.parsely.com\/keys\/insightcrime.org\/p.js"},"jetpack_sharing_enabled":true,"jetpack-related-posts":[{"id":297169,"url":"https:\/\/insightcrime.org\/es\/noticias\/masacres-aumentan-ecuador-medida-bandas-atomizan\/","url_meta":{"origin":5755,"position":0},"title":"Masacres aumentan en Ecuador a medida que bandas se atomizan","author":"Gavin Voss","date":"2 de diciembre de 2024","format":false,"excerpt":"Una reciente serie de masacres en Ecuador evidencia que un mayor acceso a armas de alta potencia, el aumento de la impunidad y un panorama criminal atomizado est\u00e1n dando lugar a m\u00e1s asesinatos en masa. Diez personas fueron asesinadas y descuartizadas en un tiroteo masivo el 1 de diciembre en\u2026","rel":"","context":"En \u00abEcuador\u00bb","block_context":{"text":"Ecuador","link":"https:\/\/insightcrime.org\/es\/category\/noticias-crimen-organizado-ecuador\/"},"img":{"alt_text":"","src":"https:\/\/i0.wp.com\/insightcrime.org\/wp-content\/uploads\/2024\/12\/Data-InSights-Massacres-Ecuador-InSight-Crime-Dic-2024.jpg?fit=1200%2C690&quality=100&ssl=1&resize=350%2C200","width":350,"height":200,"srcset":"https:\/\/i0.wp.com\/insightcrime.org\/wp-content\/uploads\/2024\/12\/Data-InSights-Massacres-Ecuador-InSight-Crime-Dic-2024.jpg?fit=1200%2C690&quality=100&ssl=1&resize=350%2C200 1x, https:\/\/i0.wp.com\/insightcrime.org\/wp-content\/uploads\/2024\/12\/Data-InSights-Massacres-Ecuador-InSight-Crime-Dic-2024.jpg?fit=1200%2C690&quality=100&ssl=1&resize=525%2C300 1.5x, https:\/\/i0.wp.com\/insightcrime.org\/wp-content\/uploads\/2024\/12\/Data-InSights-Massacres-Ecuador-InSight-Crime-Dic-2024.jpg?fit=1200%2C690&quality=100&ssl=1&resize=700%2C400 2x, https:\/\/i0.wp.com\/insightcrime.org\/wp-content\/uploads\/2024\/12\/Data-InSights-Massacres-Ecuador-InSight-Crime-Dic-2024.jpg?fit=1200%2C690&quality=100&ssl=1&resize=1050%2C600 3x"},"classes":[]},{"id":148965,"url":"https:\/\/insightcrime.org\/es\/noticias\/ejercito-honduras-duras-criticas-actos-violentos-carceles\/","url_meta":{"origin":5755,"position":1},"title":"Ej\u00e9rcito de Honduras recibe duras cr\u00edticas tras actos violentos en c\u00e1rceles","author":"Chris Dalby","date":"21 de junio de 2021","format":false,"excerpt":"Una masacre entre las pandillas Barrio 18 y MS13 en la prisi\u00f3n m\u00e1s tristemente c\u00e9lebre de Honduras plantea dudas acerca de si el papel del ej\u00e9rcito est\u00e1 siendo efectivo, tras haber asumido la responsabilidad de la seguridad de las prisiones en diciembre de 2019.","rel":"","context":"En \u00abNoticias\u00bb","block_context":{"text":"Noticias","link":"https:\/\/insightcrime.org\/es\/category\/noticias\/"},"img":{"alt_text":"An ambulance enters La Tolva Prison in Honduras","src":"https:\/\/i0.wp.com\/insightcrime.org\/wp-content\/uploads\/2021\/06\/Carcel-LaTolva.jpg?fit=350%2C250&quality=100&ssl=1&resize=350%2C200","width":350,"height":200},"classes":[]},{"id":297529,"url":"https:\/\/insightcrime.org\/es\/investigaciones\/evolucion-crisis-carcelaria-ecuador\/","url_meta":{"origin":5755,"position":2},"title":"La evoluci\u00f3n de la crisis carcelaria en Ecuador","author":"James Bargent","date":"3 de diciembre de 2024","format":false,"excerpt":"En los \u00faltimos cinco a\u00f1os, Ecuador se ha visto sumido en la violencia y en un caos criminal sin precedentes en su historia moderna. Las ra\u00edces de esta crisis de seguridad pueden rastrearse directamente en el sistema penitenciario del pa\u00eds y en las redes criminales que han crecido en su\u2026","rel":"","context":"En \u00abInvestigaciones\u00bb","block_context":{"text":"Investigaciones","link":"https:\/\/insightcrime.org\/es\/category\/investigaciones\/"},"img":{"alt_text":"","src":"https:\/\/i0.wp.com\/insightcrime.org\/wp-content\/uploads\/2024\/12\/Ecuador-Prisons-Cover-Cap-1-InSight-Crime-Nov-2024.jpg?fit=1200%2C690&quality=100&ssl=1&resize=350%2C200","width":350,"height":200,"srcset":"https:\/\/i0.wp.com\/insightcrime.org\/wp-content\/uploads\/2024\/12\/Ecuador-Prisons-Cover-Cap-1-InSight-Crime-Nov-2024.jpg?fit=1200%2C690&quality=100&ssl=1&resize=350%2C200 1x, https:\/\/i0.wp.com\/insightcrime.org\/wp-content\/uploads\/2024\/12\/Ecuador-Prisons-Cover-Cap-1-InSight-Crime-Nov-2024.jpg?fit=1200%2C690&quality=100&ssl=1&resize=525%2C300 1.5x, https:\/\/i0.wp.com\/insightcrime.org\/wp-content\/uploads\/2024\/12\/Ecuador-Prisons-Cover-Cap-1-InSight-Crime-Nov-2024.jpg?fit=1200%2C690&quality=100&ssl=1&resize=700%2C400 2x, https:\/\/i0.wp.com\/insightcrime.org\/wp-content\/uploads\/2024\/12\/Ecuador-Prisons-Cover-Cap-1-InSight-Crime-Nov-2024.jpg?fit=1200%2C690&quality=100&ssl=1&resize=1050%2C600 3x"},"classes":[]},{"id":127403,"url":"https:\/\/insightcrime.org\/es\/noticias\/desde-drones-cae-contrabando-en-prision-panama\/","url_meta":{"origin":5755,"position":3},"title":"Desde drones cae contrabando en prisi\u00f3n de Panam\u00e1","author":"Alessandro Ford","date":"26 de noviembre de 2020","format":false,"excerpt":"Una oleada de intentos de introducci\u00f3n de contrabando en el mayor complejo penitenciario de Panam\u00e1 cuestiona las pretensiones del gobierno sobre el \u00e9xito de las recientes reformas para reforzar la seguridad en las prisiones del pa\u00eds, y devela la diversidad y la persistencia de las t\u00e1cticas de contrabando en las\u2026","rel":"","context":"En \u00abNoticias\u00bb","block_context":{"text":"Noticias","link":"https:\/\/insightcrime.org\/es\/category\/noticias\/"},"img":{"alt_text":"","src":"https:\/\/i0.wp.com\/insightcrime.org\/wp-content\/uploads\/2020\/11\/Eg75zcHWoAMS-V5.jpeg?fit=350%2C250&quality=100&ssl=1&resize=350%2C200","width":350,"height":200},"classes":[]},{"id":135771,"url":"https:\/\/insightcrime.org\/es\/noticias\/ecuador-enfrenta-niveles-sin-precedentes-violencia-carcelaria\/","url_meta":{"origin":5755,"position":4},"title":"Ecuador enfrenta niveles de violencia carcelaria sin precedentes","author":"Chris Dalby","date":"24 de febrero de 2021","format":false,"excerpt":"Tensiones acumuladas entre pandillas de Ecuador finalmente estallaron en las c\u00e1rceles del pa\u00eds en varias revueltas que dejaron al menos 75 internos muertos, y que las autoridades consideran como los peores motines carcelarios en la historia del pa\u00eds.","rel":"","context":"En \u00abEcuador\u00bb","block_context":{"text":"Ecuador","link":"https:\/\/insightcrime.org\/es\/category\/noticias-crimen-organizado-ecuador\/"},"img":{"alt_text":"","src":"https:\/\/i0.wp.com\/insightcrime.org\/wp-content\/uploads\/2021\/02\/ecuador-kxWF-U130628905318CaE-624x385%40RC.jpg?fit=350%2C250&quality=100&ssl=1&resize=350%2C200","width":350,"height":200},"classes":[]},{"id":279081,"url":"https:\/\/insightcrime.org\/es\/noticias\/carceles-venezuela-siguen-fuera-control-despues-intervencion-estatal\/","url_meta":{"origin":5755,"position":5},"title":"C\u00e1rceles en Venezuela siguen fuera de control despu\u00e9s de intervenci\u00f3n estatal","author":"Unidad Investigativa de Venezuela","date":"12 de junio de 2024","format":false,"excerpt":"Pese a que las autoridades venezolanas celebraron el restablecimiento del orden carcelario, despu\u00e9s de varias operaciones para retomar el control de las prisiones \u2013en poder de l\u00edderes carcelarios, conocidos como pranes\u2013 los episodios de violencia y la crisis humanitaria del sistema penitenciario contin\u00faan.","rel":"","context":"En \u00abNoticias\u00bb","block_context":{"text":"Noticias","link":"https:\/\/insightcrime.org\/es\/category\/noticias\/"},"img":{"alt_text":"","src":"https:\/\/i0.wp.com\/insightcrime.org\/wp-content\/uploads\/2024\/06\/Huelga-pacifica-presos-Venezuela.jpg?fit=350%2C250&quality=100&ssl=1&resize=350%2C200","width":350,"height":200},"classes":[]}],"jetpack_featured_media_url":"https:\/\/i0.wp.com\/insightcrime.org\/wp-content\/uploads\/2013\/08\/es-046e136bc1e1213574933bfe2e6d89a5.jpg?fit=280%2C169&quality=100&ssl=1","_links":{"self":[{"href":"https:\/\/insightcrime.org\/es\/wp-json\/wp\/v2\/posts\/5755","targetHints":{"allow":["GET"]}}],"collection":[{"href":"https:\/\/insightcrime.org\/es\/wp-json\/wp\/v2\/posts"}],"about":[{"href":"https:\/\/insightcrime.org\/es\/wp-json\/wp\/v2\/types\/post"}],"author":[{"embeddable":true,"href":"https:\/\/insightcrime.org\/es\/wp-json\/wp\/v2\/users\/19"}],"replies":[{"embeddable":true,"href":"https:\/\/insightcrime.org\/es\/wp-json\/wp\/v2\/comments?post=5755"}],"version-history":[{"count":1,"href":"https:\/\/insightcrime.org\/es\/wp-json\/wp\/v2\/posts\/5755\/revisions"}],"predecessor-version":[{"id":20372,"href":"https:\/\/insightcrime.org\/es\/wp-json\/wp\/v2\/posts\/5755\/revisions\/20372"}],"wp:featuredmedia":[{"embeddable":true,"href":"https:\/\/insightcrime.org\/es\/wp-json\/wp\/v2\/media\/38261"}],"wp:attachment":[{"href":"https:\/\/insightcrime.org\/es\/wp-json\/wp\/v2\/media?parent=5755"}],"wp:term":[{"taxonomy":"category","embeddable":true,"href":"https:\/\/insightcrime.org\/es\/wp-json\/wp\/v2\/categories?post=5755"},{"taxonomy":"post_tag","embeddable":true,"href":"https:\/\/insightcrime.org\/es\/wp-json\/wp\/v2\/tags?post=5755"},{"taxonomy":"newspack_spnsrs_tax","embeddable":true,"href":"https:\/\/insightcrime.org\/es\/wp-json\/wp\/v2\/newspack_spnsrs_tax?post=5755"},{"taxonomy":"author","embeddable":true,"href":"https:\/\/insightcrime.org\/es\/wp-json\/wp\/v2\/coauthors?post=5755"}],"curies":[{"name":"wp","href":"https:\/\/api.w.org\/{rel}","templated":true}]}}