{"id":5769,"date":"2013-08-09T19:19:05","date_gmt":"2017-03-27T23:55:26","guid":{"rendered":"http:\/\/newwp.insightcrime.org?p=5769"},"modified":"2023-04-24T15:32:38","modified_gmt":"2023-04-24T20:32:38","slug":"vasquez-expresidente-de-uruguay-a-favor-de-la-regulacion-del-mercado-de-la-cocaina","status":"publish","type":"post","link":"https:\/\/insightcrime.org\/es\/noticias\/noticias-del-dia\/vasquez-expresidente-de-uruguay-a-favor-de-la-regulacion-del-mercado-de-la-cocaina\/","title":{"rendered":"V\u00e1squez, expresidente de Uruguay a favor de la regulaci\u00f3n del mercado de la coca\u00edna"},"content":{"rendered":"\n<p class=\"wp-block-paragraph\">En una sorpresa que se produce pocos d\u00edas despu\u00e9s de una votaci\u00f3n hist\u00f3rica en la C\u00e1mara de Representantes de Uruguay para legalizar la marihuana; el expresidente de Uruguay, Tabar\u00e9 V\u00e1squez, dijo que el pa\u00eds debe ahora examinar los medios \u201cpara regular\u201d el mercado de la coca\u00edna.<\/p>\n\n\n\n<p class=\"wp-block-paragraph\">V\u00e1squez, quien es candidato a la presidencia el pr\u00f3ximo a\u00f1o, y<a href=\"https:\/\/www.espectador.com\/noticias\/270895\/equipos-mori-vazquez-es-el-politico-mas-popular?idZona=\" target=\"_blank\"> tiene un 62 por ciento de aprobaci\u00f3n<\/a>, <a href=\"https:\/\/www.youtube.com\/watch?v=b9RPZEvgXVA&amp;feature=youtu.be\" target=\"_blank\">dijo en una entrevista televisiva<\/a> que la cuesti\u00f3n clave es la educaci\u00f3n, no el consumo (Vea la entrevista a continuaci\u00f3n).<\/p>\n\n\n\n<p class=\"wp-block-paragraph\">\u201cYo creo que (la legalizaci\u00f3n de la coca\u00edna) no es liberalizar el consumo de las drogas y hay que educar [a la poblaci\u00f3n] para que no se consuman drogas. Pero m\u00e1s que liberalizar, hay que regular el consumo de las drogas\u201d, dijo.<\/p>\n\n\n\n<p class=\"wp-block-paragraph\">Luego vincul\u00f3 la propuesta a la exitosa campa\u00f1a contra el tabaco de su gobierno a principios de este siglo.<\/p>\n\n\n\n<p class=\"wp-block-paragraph\">A comienzos de agosto, la C\u00e1mara Baja de Uruguay aprob\u00f3 una medida para <a href=\"\/noticias\/analisis\/legislacion-sobre-la-marihuana-en-uruguay-pasa-la-camara-aguarda-el-veredicto-mundial\" target=\"_blank\">legalizar la producci\u00f3n, venta y consumo de la marihuana<\/a>. El proyecto de ley pasar\u00e1 al Senado, donde se espera que pase f\u00e1cilmente, y luego se firmar\u00e1 para convertirse en ley, convirtiendo al pa\u00eds en el primer lugar en el mundo en legalizar por completo la droga.<\/p>\n\n\n\n<h3 class=\"wp-block-heading\">An\u00e1lisis de InSight Crime<\/h3>\n\n\n\n<p class=\"wp-block-paragraph\">El pronunciamiento de V\u00e1squez es sorprendente en varios niveles. V\u00e1squez hab\u00eda sido previamente evasivo sobre su posici\u00f3n con respecto a la legalizaci\u00f3n de la marihuana, y pocos esperaban que se presentara tan claramente en favor de la medida, y mucho menos que hablara tan abiertamente acerca de la coca\u00edna.<\/p>\n\n\n\n<p class=\"wp-block-paragraph\">El proyecto de ley sobre la marihuana no tuvo el apoyo popular (el 63 por ciento estaba en contra en las encuestas previas a la votaci\u00f3n de la C\u00e1mara), por lo que la posici\u00f3n de V\u00e1zquez sobre la coca\u00edna y la marihuana puede hacerle da\u00f1o en la campa\u00f1a.<\/p>\n\n\n\n<p class=\"wp-block-paragraph\"><strong>VEA TAMBI\u00c9N<\/strong>: <a href=\"\/series-especiales\/uruguay-legalizacion-marihuana\" target=\"_blank\">Uruguay: Marihuana, crimen organizado y la pol\u00edtica de drogas<\/a><\/p>\n\n\n\n<p class=\"wp-block-paragraph\">Sin duda, la legalizaci\u00f3n de la marihuana ha sido una tarea monumental para los defensores de la medida. Se necesit\u00f3 de una campa\u00f1a sofisticada, la cual incluy\u00f3 videos de YouTube (vea abajo) para familiarizar a los uruguayos con el asunto y convencer al propio partido de V\u00e1zquez, el cual apenas si logr\u00f3 aprobar el proyecto de ley en la C\u00e1mara Baja.<\/p>\n\n\n\n<p class=\"wp-block-paragraph\">Por \u00faltimo, la coca\u00edna no es la marihuana y hay poco consenso, incluso en el lado a favor de la marihuana, sobre c\u00f3mo \u201cregular\u201d su consumo. Es m\u00e1s, no existe una legislaci\u00f3n vigente en Uruguay en cuanto a su consumo, como la que hab\u00eda con la marihuana.<\/p>\n\n\n\n<p class=\"wp-block-paragraph\">No obstante, V\u00e1squez es uno de los muchos l\u00edderes de la regi\u00f3n que est\u00e1 tratando de convertir el debate sobre las drogas, de una pregunta de seguridad a una cuesti\u00f3n de salud. Conoce los temas de salud. \u00c9l mismo es un m\u00e9dico y se apresura a se\u00f1alar que sus esfuerzos est\u00e1n dirigidos a regular y legalizar el consumo de las drogas hoy il\u00edcitas.<\/p>\n\n\n\n<p class=\"wp-block-paragraph\">\u201cTenemos que educar a los (j\u00f3venes) para prevenir (el consumo)\u201d, dijo.<\/p>\n","protected":false},"excerpt":{"rendered":"<p>En una sorpresa que se produce pocos d\u00edas despu\u00e9s de una votaci\u00f3n hist\u00f3rica en la C\u00e1mara de Representantes de Uruguay para legalizar la marihuana; el expresidente de Uruguay, Tabar\u00e9 V\u00e1squez, dijo que el pa\u00eds debe ahora examinar los medios \u00abpara regular\u00bb el mercado de la coca\u00edna.<\/p>\n","protected":false},"author":3,"featured_media":38287,"comment_status":"closed","ping_status":"closed","sticky":false,"template":"","format":"standard","meta":{"newspack_ads_suppress_ads":false,"newspack_popups_has_disabled_popups":false,"newspack_sponsor_sponsorship_scope":"","newspack_sponsor_native_byline_display":"inherit","newspack_sponsor_native_category_display":"inherit","newspack_sponsor_underwriter_style":"inherit","newspack_sponsor_underwriter_placement":"inherit","_EventAllDay":false,"_EventTimezone":"","_EventStartDate":"","_EventEndDate":"","_EventStartDateUTC":"","_EventEndDateUTC":"","_EventShowMap":false,"_EventShowMapLink":false,"_EventURL":"","_EventCost":"","_EventCostDescription":"","_EventCurrencySymbol":"","_EventCurrencyCode":"","_EventCurrencyPosition":"","_EventDateTimeSeparator":"","_EventTimeRangeSeparator":"","_EventOrganizerID":[],"_EventVenueID":[],"_OrganizerEmail":"","_OrganizerPhone":"","_OrganizerWebsite":"","_VenueAddress":"","_VenueCity":"","_VenueCountry":"","_VenueProvince":"","_VenueState":"","_VenueZip":"","_VenuePhone":"","_VenueURL":"","_VenueStateProvince":"","_VenueLat":"","_VenueLng":"","_VenueShowMap":false,"_VenueShowMapLink":false,"_newspack_byline_active":false,"_newspack_byline":"","newspack_hide_updated_date":false,"newspack_show_updated_date":false,"newspack_featured_image_position":"","newspack_post_subtitle":"","newspack_article_summary_title":"Overview:","newspack_article_summary":"","_jetpack_memberships_contains_paid_content":false,"footnotes":""},"categories":[334],"tags":[472,427],"newspack_spnsrs_tax":[],"coauthors":[3658],"class_list":["post-5769","post","type-post","status-publish","format-standard","has-post-thumbnail","hentry","category-noticias-del-dia","tag-politica-de-drogas","tag-uruguay-pais","entry"],"parsely":{"version":"1.1.0","canonical_url":"https:\/\/insightcrime.org\/es\/noticias\/noticias-del-dia\/vasquez-expresidente-de-uruguay-a-favor-de-la-regulacion-del-mercado-de-la-cocaina\/","smart_links":{"inbound":0,"outbound":0},"traffic_boost_suggestions_count":0,"meta":{"@context":"https:\/\/schema.org","@type":"NewsArticle","headline":"V\u00e1squez, expresidente de Uruguay a favor de la regulaci\u00f3n del mercado de la coca\u00edna","url":"http:\/\/insightcrime.org\/es\/noticias\/noticias-del-dia\/vasquez-expresidente-de-uruguay-a-favor-de-la-regulacion-del-mercado-de-la-cocaina\/","mainEntityOfPage":{"@type":"WebPage","@id":"http:\/\/insightcrime.org\/es\/noticias\/noticias-del-dia\/vasquez-expresidente-de-uruguay-a-favor-de-la-regulacion-del-mercado-de-la-cocaina\/"},"thumbnailUrl":"https:\/\/i0.wp.com\/insightcrime.org\/wp-content\/uploads\/2013\/08\/es-86d6466d8b891f45551a27bfe9d0cfa5.jpg?resize=150%2C150&quality=100&ssl=1","image":{"@type":"ImageObject","url":"https:\/\/i0.wp.com\/insightcrime.org\/wp-content\/uploads\/2013\/08\/es-86d6466d8b891f45551a27bfe9d0cfa5.jpg?fit=280%2C169&quality=100&ssl=1"},"articleSection":"Noticias del d\u00eda","author":[{"@type":"Person","name":"Steven Dudley"}],"creator":["Steven Dudley"],"publisher":{"@type":"Organization","name":"InSight Crime","logo":"https:\/\/insightcrime.org\/wp-content\/uploads\/2023\/08\/logo.png"},"keywords":["pol\u00edtica de drogas","uruguay"],"dateCreated":"2017-03-27T23:55:26Z","datePublished":"2017-03-27T23:55:26Z","dateModified":"2023-04-24T20:32:38Z"},"rendered":"<meta name=\"parsely-title\" content=\"V\u00e1squez, expresidente de Uruguay a favor de la regulaci\u00f3n del mercado de la coca\u00edna\" \/>\n<meta name=\"parsely-link\" content=\"http:\/\/insightcrime.org\/es\/noticias\/noticias-del-dia\/vasquez-expresidente-de-uruguay-a-favor-de-la-regulacion-del-mercado-de-la-cocaina\/\" \/>\n<meta name=\"parsely-type\" content=\"post\" \/>\n<meta name=\"parsely-image-url\" content=\"https:\/\/i0.wp.com\/insightcrime.org\/wp-content\/uploads\/2013\/08\/es-86d6466d8b891f45551a27bfe9d0cfa5.jpg?resize=150%2C150&amp;quality=100&amp;ssl=1\" \/>\n<meta name=\"parsely-pub-date\" content=\"2017-03-27T23:55:26Z\" \/>\n<meta name=\"parsely-section\" content=\"Noticias del d\u00eda\" \/>\n<meta name=\"parsely-tags\" content=\"pol\u00edtica de drogas,uruguay\" \/>\n<meta name=\"parsely-author\" content=\"Steven Dudley\" \/>","tracker_url":"https:\/\/cdn.parsely.com\/keys\/insightcrime.org\/p.js"},"jetpack_sharing_enabled":true,"jetpack-related-posts":[{"id":197997,"url":"https:\/\/insightcrime.org\/es\/noticias\/adapta-uruguay-nuevo-rol-narcotrafico-internacional\/","url_meta":{"origin":5769,"position":0},"title":"\u00bfSe adaptar\u00e1 Uruguay a su nuevo rol en el narcotr\u00e1fico internacional?","author":"Chris Dalby","date":"15 de septiembre de 2022","format":false,"excerpt":"Con la proliferaci\u00f3n de decomisos de drogas, Uruguay se ve obligado a reevaluar r\u00e1pidamente su posici\u00f3n en el tr\u00e1fico global de drogas. Pero antes de plantear las soluciones adecuadas, las autoridades deben hacer las preguntas adecuadas.","rel":"","context":"En \u00abNoticias\u00bb","block_context":{"text":"Noticias","link":"https:\/\/insightcrime.org\/es\/category\/noticias\/"},"img":{"alt_text":"Alijo de coca\u00edna incautado en Uruguay","src":"https:\/\/i0.wp.com\/insightcrime.org\/wp-content\/uploads\/2022\/09\/1655163075356-1.jpeg?fit=350%2C250&quality=100&ssl=1&resize=350%2C200","width":350,"height":200},"classes":[]},{"id":188915,"url":"https:\/\/insightcrime.org\/es\/noticias\/entrevistas\/podra-gustavo-petro-legalizar-coca-cocaina-colombia\/","url_meta":{"origin":5769,"position":1},"title":"\u00bfPodr\u00e1 Gustavo Petro legalizar la coca y la coca\u00edna en Colombia?","author":"Gabrielle Gorder","date":"21 de junio de 2022","format":false,"excerpt":"Un pol\u00e9mico proyecto de ley que propone legalizar la hoja de coca y sus derivados, incluida la coca\u00edna, toma fuerza en Colombia. Existe la esperanza de que el gobierno entrante de Gustavo Petro lo vea incluso con buenos ojos.","rel":"","context":"En \u00abQ&amp;A\u00bb","block_context":{"text":"Q&amp;A","link":"https:\/\/insightcrime.org\/es\/category\/noticias\/entrevistas\/"},"img":{"alt_text":"legalizaci\u00f3n de la coca\u00edna en Colombia","src":"https:\/\/i0.wp.com\/insightcrime.org\/wp-content\/uploads\/2022\/06\/Una-comisio%CC%81n-del-Senado-de-Colombia-aprueba-el-proyecto-de-Ley-para-regular-la-coca-y-la-cocai%CC%81na-e1655737280571.jpg?fit=1200%2C514&quality=100&ssl=1&resize=350%2C200","width":350,"height":200,"srcset":"https:\/\/i0.wp.com\/insightcrime.org\/wp-content\/uploads\/2022\/06\/Una-comisio%CC%81n-del-Senado-de-Colombia-aprueba-el-proyecto-de-Ley-para-regular-la-coca-y-la-cocai%CC%81na-e1655737280571.jpg?fit=1200%2C514&quality=100&ssl=1&resize=350%2C200 1x, https:\/\/i0.wp.com\/insightcrime.org\/wp-content\/uploads\/2022\/06\/Una-comisio%CC%81n-del-Senado-de-Colombia-aprueba-el-proyecto-de-Ley-para-regular-la-coca-y-la-cocai%CC%81na-e1655737280571.jpg?fit=1200%2C514&quality=100&ssl=1&resize=525%2C300 1.5x, https:\/\/i0.wp.com\/insightcrime.org\/wp-content\/uploads\/2022\/06\/Una-comisio%CC%81n-del-Senado-de-Colombia-aprueba-el-proyecto-de-Ley-para-regular-la-coca-y-la-cocai%CC%81na-e1655737280571.jpg?fit=1200%2C514&quality=100&ssl=1&resize=700%2C400 2x, https:\/\/i0.wp.com\/insightcrime.org\/wp-content\/uploads\/2022\/06\/Una-comisio%CC%81n-del-Senado-de-Colombia-aprueba-el-proyecto-de-Ley-para-regular-la-coca-y-la-cocai%CC%81na-e1655737280571.jpg?fit=1200%2C514&quality=100&ssl=1&resize=1050%2C600 3x"},"classes":[]},{"id":183797,"url":"https:\/\/insightcrime.org\/es\/noticias\/aguas-negras-revelan-tendencias-consumo-drogas-europa\/","url_meta":{"origin":5769,"position":2},"title":"Algo huele mal: qu\u00e9 dicen las aguas negras sobre el consumo de drogas en Europa","author":"Douwe den Held","date":"3 de mayo de 2022","format":false,"excerpt":"Una d\u00e9cada de an\u00e1lisis de aguas residuales en Europa ofrece un panorama de la propagaci\u00f3n de sustancias il\u00edcitas, como metanfetaminas y coca\u00edna a ciudades que antes no se hab\u00edan considerado plazas fuertes para estas drogas.","rel":"","context":"En \u00abNoticias\u00bb","block_context":{"text":"Noticias","link":"https:\/\/insightcrime.org\/es\/category\/noticias\/"},"img":{"alt_text":"Residuos de metanfetaminas y coca\u00edna en Europa","src":"https:\/\/i0.wp.com\/insightcrime.org\/wp-content\/uploads\/2022\/04\/Cocaine-Meth-Wastewater-Europe-Report.png?fit=350%2C251&quality=100&ssl=1&resize=350%2C200","width":350,"height":200},"classes":[]},{"id":232616,"url":"https:\/\/insightcrime.org\/es\/noticias\/drogas-sinteticas-pequenos-mercados-auge-mundial\/","url_meta":{"origin":5769,"position":3},"title":"Drogas sint\u00e9ticas en Latinoam\u00e9rica: peque\u00f1os mercados en medio del auge mundial","author":"Gavin Voss","date":"27 de junio de 2023","format":false,"excerpt":"La producci\u00f3n de drogas sint\u00e9ticas ha aumentado en todo el mundo, pero los mercados de consumo en Am\u00e9rica Latina y el Caribe siguen siendo de peque\u00f1a escala, seg\u00fan un nuevo informe de la Oficina de las Naciones Unidas contra la Droga y el Delito.","rel":"","context":"En \u00abNoticias\u00bb","block_context":{"text":"Noticias","link":"https:\/\/insightcrime.org\/es\/category\/noticias\/"},"img":{"alt_text":"A seizure of tusi shown on a table in little packets.","src":"https:\/\/i0.wp.com\/insightcrime.org\/wp-content\/uploads\/2023\/09\/Panama-tusi-seizure-synthetic-drugs-mi-diario-1.jpg?fit=350%2C250&quality=100&ssl=1&resize=350%2C200","width":350,"height":200},"classes":[]},{"id":195042,"url":"https:\/\/insightcrime.org\/es\/noticias\/uruguay-realiza-incautacion-historica-metanfetamina-europea\/","url_meta":{"origin":5769,"position":4},"title":"Uruguay realiza incautaci\u00f3n hist\u00f3rica de metanfetamina europea","author":"Alessandro Ford","date":"10 de agosto de 2022","format":false,"excerpt":"El que habr\u00eda sido quiz\u00e1 el mayor cargamento de metanfetamina enviado de Europa a Am\u00e9rica Latina ha sido incautado en Uruguay, lo que significa un posible punto de inflexi\u00f3n en el comercio de drogas sint\u00e9ticas entre los dos continentes.","rel":"","context":"En \u00abNoticias\u00bb","block_context":{"text":"Noticias","link":"https:\/\/insightcrime.org\/es\/category\/noticias\/"},"img":{"alt_text":"Paquetes con 43 kilos de cristal de metanfetamina europea","src":"https:\/\/i0.wp.com\/insightcrime.org\/wp-content\/uploads\/2022\/08\/Uruguay-MethSeizure-SyntheticDrugsMethamphetamine-060822-AduanasUruguay.jpg?fit=350%2C250&quality=100&ssl=1&resize=350%2C200","width":350,"height":200},"classes":[]},{"id":177596,"url":"https:\/\/insightcrime.org\/es\/noticias\/exjefe-antinarcoticos-mira-bolivia-eeuu\/","url_meta":{"origin":5769,"position":5},"title":"Exjefe antinarc\u00f3ticos en la mira de Bolivia y EE. UU.","author":"Scott Mistler-Ferguson","date":"4 de febrero de 2022","format":false,"excerpt":"La imputaci\u00f3n de Estados Unidos contra el exjefe antinarc\u00f3ticos boliviano por cargos de drogas y armas implica que este podr\u00eda ser extraditado a Estados Unidos, una decisi\u00f3n que depende de Bolivia, tras ser capturado en ese pa\u00eds por enriquecimiento il\u00edcito.","rel":"","context":"En \u00abNoticias\u00bb","block_context":{"text":"Noticias","link":"https:\/\/insightcrime.org\/es\/category\/noticias\/"},"img":{"alt_text":"Maximiliano D\u00e1vila exjefe antinarc\u00f3ticos","src":"https:\/\/i0.wp.com\/insightcrime.org\/wp-content\/uploads\/2022\/02\/2022-02-03-Maximiliano-Davila-Perez1.jpeg?fit=350%2C250&quality=100&ssl=1&resize=350%2C200","width":350,"height":200},"classes":[]}],"jetpack_featured_media_url":"https:\/\/i0.wp.com\/insightcrime.org\/wp-content\/uploads\/2013\/08\/es-86d6466d8b891f45551a27bfe9d0cfa5.jpg?fit=280%2C169&quality=100&ssl=1","_links":{"self":[{"href":"https:\/\/insightcrime.org\/es\/wp-json\/wp\/v2\/posts\/5769","targetHints":{"allow":["GET"]}}],"collection":[{"href":"https:\/\/insightcrime.org\/es\/wp-json\/wp\/v2\/posts"}],"about":[{"href":"https:\/\/insightcrime.org\/es\/wp-json\/wp\/v2\/types\/post"}],"author":[{"embeddable":true,"href":"https:\/\/insightcrime.org\/es\/wp-json\/wp\/v2\/users\/3"}],"replies":[{"embeddable":true,"href":"https:\/\/insightcrime.org\/es\/wp-json\/wp\/v2\/comments?post=5769"}],"version-history":[{"count":1,"href":"https:\/\/insightcrime.org\/es\/wp-json\/wp\/v2\/posts\/5769\/revisions"}],"predecessor-version":[{"id":20398,"href":"https:\/\/insightcrime.org\/es\/wp-json\/wp\/v2\/posts\/5769\/revisions\/20398"}],"wp:featuredmedia":[{"embeddable":true,"href":"https:\/\/insightcrime.org\/es\/wp-json\/wp\/v2\/media\/38287"}],"wp:attachment":[{"href":"https:\/\/insightcrime.org\/es\/wp-json\/wp\/v2\/media?parent=5769"}],"wp:term":[{"taxonomy":"category","embeddable":true,"href":"https:\/\/insightcrime.org\/es\/wp-json\/wp\/v2\/categories?post=5769"},{"taxonomy":"post_tag","embeddable":true,"href":"https:\/\/insightcrime.org\/es\/wp-json\/wp\/v2\/tags?post=5769"},{"taxonomy":"newspack_spnsrs_tax","embeddable":true,"href":"https:\/\/insightcrime.org\/es\/wp-json\/wp\/v2\/newspack_spnsrs_tax?post=5769"},{"taxonomy":"author","embeddable":true,"href":"https:\/\/insightcrime.org\/es\/wp-json\/wp\/v2\/coauthors?post=5769"}],"curies":[{"name":"wp","href":"https:\/\/api.w.org\/{rel}","templated":true}]}}