{"id":5787,"date":"2013-08-15T14:33:40","date_gmt":"2017-03-27T23:55:31","guid":{"rendered":"http:\/\/newwp.insightcrime.org?p=5787"},"modified":"2023-04-24T15:32:44","modified_gmt":"2023-04-24T20:32:44","slug":"jefe-de-pasaportes-de-guatemala-arrestado-por-trafico-de-personas","status":"publish","type":"post","link":"https:\/\/insightcrime.org\/es\/noticias\/noticias-del-dia\/jefe-de-pasaportes-de-guatemala-arrestado-por-trafico-de-personas\/","title":{"rendered":"Jefe de pasaportes de Guatemala arrestado por tr\u00e1fico de personas"},"content":{"rendered":"\n<p class=\"wp-block-paragraph\">El jefe de pasaportes de la Direcci\u00f3n General de Migraci\u00f3n de Guatemala ha sido arrestado por cargos de tr\u00e1fico de personas, resaltando el papel de Guatemala como epicentro de la inmigraci\u00f3n ilegal y los documentos falsos.<\/p>\n\n\n\n<p class=\"wp-block-paragraph\">Jos\u00e9 Alberto de Le\u00f3n Gramajo fue arrestado por los fiscales especiales de la Fiscal\u00eda Especial contra la Impunidad del Ministerio P\u00fablico, acusado de tr\u00e1nsito ilegal de personas y concierto para delinquir, <a href=\"https:\/\/www.s21.com.gt\/nacionales\/2013\/08\/14\/detienen-jefe-migracion-trata-personas\" target=\"_blank\">inform\u00f3 EFE<\/a>.<\/p>\n\n\n\n<p class=\"wp-block-paragraph\">En relaci\u00f3n con el caso, las autoridades tambi\u00e9n arrestaron a Jos\u00e9 Antonio Samayoa Cano, el ex gerente de la empresa responsable de la expedici\u00f3n de pasaportes. Samayoa se enfrenta a los mismos cargos que de Le\u00f3n, m\u00e1s un cargo adicional de falsedad ideol\u00f3gica.<\/p>\n\n\n\n<p class=\"wp-block-paragraph\">La investigaci\u00f3n sobre los detenidos comenz\u00f3 despu\u00e9s que las autoridades detuvieron a dos colombianos tratando de llegar a los Pa\u00edses Bajos, con pasaportes falsos en el aeropuerto de La Aurora en Ciudad de Guatemala en 2011.<\/p>\n\n\n\n<p class=\"wp-block-paragraph\"><strong>VEA TAMBI\u00c9N:<\/strong> <a href=\"\/noticias-sobre-crimen-organizado-en-guatemala\" target=\"_blank\">Noticias y perfiles de Guatemala<\/a><\/p>\n\n\n\n<p class=\"wp-block-paragraph\">Los colombianos revelaron c\u00f3mo obtuvieron los pasaportes, proceso que involucraba la organizaci\u00f3n de los documentos antes de partir a Guatemala. Luego las autoridades rastrearon los documentos ilegales hasta los arrestados despu\u00e9s de revisar testimonios, datos y videos de c\u00e1maras de seguridad.<\/p>\n\n\n\n<h3 class=\"wp-block-heading\">An\u00e1lisis de InSight Crime<\/h3>\n\n\n\n<p class=\"wp-block-paragraph\">La existencia de redes de tr\u00e1fico de personas que proporcionan documentaci\u00f3n falsa en Guatemala no es un fen\u00f3meno nuevo. El caso de <a href=\"\/news\/analysis\/indian-authorities-arrest-human-trafficker-with-guatemalan-passports\" target=\"_blank\">un hombre indio detenido en 2010<\/a> con 31 pasaportes guatemaltecos evidenci\u00f3 que el pa\u00eds sirve como un centro para los asi\u00e1ticos del sur que buscan llegar a Estados Unidos o Europa. Esto impuls\u00f3 <a href=\"\/news\/analysis\/thousands-from-india-cross-us-mexico-border-in-new-wave-of-immigration\" target=\"_blank\">un aumento en la inmigraci\u00f3n procedente de India<\/a>, con m\u00e1s de 650 indios detenidos en Texas en 2010, en comparaci\u00f3n con s\u00f3lo 99 a lo largo de la frontera suroeste el a\u00f1o anterior.<\/p>\n\n\n\n<p class=\"wp-block-paragraph\">Este \u00faltimo caso es de la misma \u00e9poca, y puede haber implicado a la misma red. De cualquier manera, muestra c\u00f3mo las redes que controlan el comercio no se limitaron a explotar a los inmigrantes del subcontinente sino que tambi\u00e9n lograron un alcance profundo en Latinoam\u00e9rica.<\/p>\n\n\n\n<p class=\"wp-block-paragraph\">Los roles de los dos hombres arrestados resaltan c\u00f3mo la corrupci\u00f3n oficial facilita el comercio. De lejos, la manera m\u00e1s eficaz y eficiente de obtener documentos falsos es a trav\u00e9s de funcionarios corruptos con acceso a los originales.<\/p>\n\n\n\n<p class=\"wp-block-paragraph\">El tr\u00e1fico de documentos falsos en Guatemala es tambi\u00e9n un legado de los Cuerpos Ilegales y Aparatos Clandestinos de Seguridad o CIACS, como son conocidos \u2013redes criminales y pol\u00edticas establecidas por los miembros corruptos de las fuerzas de seguridad del Estado\u2013. Un vestigio de la guerra civil de Guatemala, los CIACS se disolvieron en gran medida, pero hay remanentes que todav\u00eda est\u00e1n involucrados en el mercado de los pasaportes falsos, as\u00ed como en el tr\u00e1fico de drogas, las adopciones ilegales y el contrabando.<\/p>\n\n\n\n<p class=\"wp-block-paragraph\"><strong>VEA TAMBI\u00c9N:<\/strong> <a href=\"\/grupos-guatemala\/ciacs\" target=\"_blank\">Perfil de los CIACS<\/a><\/p>\n","protected":false},"excerpt":{"rendered":"<p>El jefe de pasaportes de la Direcci\u00f3n General de Migraci\u00f3n de Guatemala ha sido arrestado por cargos de tr\u00e1fico de personas, resaltando el papel de Guatemala como epicentro de la inmigraci\u00f3n ilegal y los documentos falsos.<\/p>\n","protected":false},"author":16,"featured_media":38326,"comment_status":"closed","ping_status":"closed","sticky":false,"template":"","format":"standard","meta":{"newspack_ads_suppress_ads":false,"newspack_popups_has_disabled_popups":false,"newspack_sponsor_sponsorship_scope":"","newspack_sponsor_native_byline_display":"inherit","newspack_sponsor_native_category_display":"inherit","newspack_sponsor_underwriter_style":"inherit","newspack_sponsor_underwriter_placement":"inherit","_EventAllDay":false,"_EventTimezone":"","_EventStartDate":"","_EventEndDate":"","_EventStartDateUTC":"","_EventEndDateUTC":"","_EventShowMap":false,"_EventShowMapLink":false,"_EventURL":"","_EventCost":"","_EventCostDescription":"","_EventCurrencySymbol":"","_EventCurrencyCode":"","_EventCurrencyPosition":"","_EventDateTimeSeparator":"","_EventTimeRangeSeparator":"","_EventOrganizerID":[],"_EventVenueID":[],"_OrganizerEmail":"","_OrganizerPhone":"","_OrganizerWebsite":"","_VenueAddress":"","_VenueCity":"","_VenueCountry":"","_VenueProvince":"","_VenueState":"","_VenueZip":"","_VenuePhone":"","_VenueURL":"","_VenueStateProvince":"","_VenueLat":"","_VenueLng":"","_VenueShowMap":false,"_VenueShowMapLink":false,"_newspack_byline_active":false,"_newspack_byline":"","newspack_hide_updated_date":false,"newspack_show_updated_date":false,"newspack_featured_image_position":"","newspack_post_subtitle":"","newspack_article_summary_title":"Overview:","newspack_article_summary":"","_jetpack_memberships_contains_paid_content":false,"footnotes":""},"categories":[334],"tags":[374,433],"newspack_spnsrs_tax":[],"coauthors":[3821],"class_list":["post-5787","post","type-post","status-publish","format-standard","has-post-thumbnail","hentry","category-noticias-del-dia","tag-guatemala-pais","tag-trafico-humano","entry"],"parsely":{"version":"1.1.0","canonical_url":"https:\/\/insightcrime.org\/es\/noticias\/noticias-del-dia\/jefe-de-pasaportes-de-guatemala-arrestado-por-trafico-de-personas\/","smart_links":{"inbound":0,"outbound":0},"traffic_boost_suggestions_count":0,"meta":{"@context":"https:\/\/schema.org","@type":"NewsArticle","headline":"Jefe de pasaportes de Guatemala arrestado por tr\u00e1fico de personas","url":"http:\/\/insightcrime.org\/es\/noticias\/noticias-del-dia\/jefe-de-pasaportes-de-guatemala-arrestado-por-trafico-de-personas\/","mainEntityOfPage":{"@type":"WebPage","@id":"http:\/\/insightcrime.org\/es\/noticias\/noticias-del-dia\/jefe-de-pasaportes-de-guatemala-arrestado-por-trafico-de-personas\/"},"thumbnailUrl":"https:\/\/i0.wp.com\/insightcrime.org\/wp-content\/uploads\/2013\/08\/es-911d43c81faf70f5d193b0df7ffc5aa6.jpg?resize=150%2C150&quality=100&ssl=1","image":{"@type":"ImageObject","url":"https:\/\/i0.wp.com\/insightcrime.org\/wp-content\/uploads\/2013\/08\/es-911d43c81faf70f5d193b0df7ffc5aa6.jpg?fit=280%2C169&quality=100&ssl=1"},"articleSection":"Noticias del d\u00eda","author":[{"@type":"Person","name":"James Bargent"}],"creator":["James Bargent"],"publisher":{"@type":"Organization","name":"InSight Crime","logo":"https:\/\/insightcrime.org\/wp-content\/uploads\/2023\/08\/logo.png"},"keywords":["guatemala","tr\u00e1fico de personas"],"dateCreated":"2017-03-27T23:55:31Z","datePublished":"2017-03-27T23:55:31Z","dateModified":"2023-04-24T20:32:44Z"},"rendered":"<meta name=\"parsely-title\" content=\"Jefe de pasaportes de Guatemala arrestado por tr\u00e1fico de personas\" \/>\n<meta name=\"parsely-link\" content=\"http:\/\/insightcrime.org\/es\/noticias\/noticias-del-dia\/jefe-de-pasaportes-de-guatemala-arrestado-por-trafico-de-personas\/\" \/>\n<meta name=\"parsely-type\" content=\"post\" \/>\n<meta name=\"parsely-image-url\" content=\"https:\/\/i0.wp.com\/insightcrime.org\/wp-content\/uploads\/2013\/08\/es-911d43c81faf70f5d193b0df7ffc5aa6.jpg?resize=150%2C150&amp;quality=100&amp;ssl=1\" \/>\n<meta name=\"parsely-pub-date\" content=\"2017-03-27T23:55:31Z\" \/>\n<meta name=\"parsely-section\" content=\"Noticias del d\u00eda\" \/>\n<meta name=\"parsely-tags\" content=\"guatemala,tr\u00e1fico de personas\" \/>\n<meta name=\"parsely-author\" content=\"James Bargent\" \/>","tracker_url":"https:\/\/cdn.parsely.com\/keys\/insightcrime.org\/p.js"},"jetpack_sharing_enabled":true,"jetpack-related-posts":[{"id":164866,"url":"https:\/\/insightcrime.org\/es\/noticias\/trafico-migrantes-llena-bolsillos-alcaldes-el-salvador\/","url_meta":{"origin":5787,"position":0},"title":"Tr\u00e1fico de migrantes llena los bolsillos de alcaldes de El Salvador","author":"Alex Papadovassilakis","date":"5 de agosto de 2021","format":false,"excerpt":"En dos casos diferentes en El Salvador, se acus\u00f3 a alcaldes de liderar redes de tr\u00e1fico de migrantes, un delito que, como sucede con el narcotr\u00e1fico, los funcionarios locales en regiones fronterizas pueden facilitar desde su posici\u00f3n de privilegio.","rel":"","context":"En \u00abNoticias\u00bb","block_context":{"text":"Noticias","link":"https:\/\/insightcrime.org\/es\/category\/noticias\/"},"img":{"alt_text":"Jos\u00e9 Narciso Ram\u00edrez Ventura, former mayor of San Francisco Men\u00e9ndez, in El Salvador","src":"https:\/\/i0.wp.com\/insightcrime.org\/wp-content\/uploads\/2021\/08\/main_1524936696_dbugx3euwaaatab.jpg?fit=350%2C250&quality=100&ssl=1&resize=350%2C200","width":350,"height":200},"classes":[]},{"id":305679,"url":"https:\/\/insightcrime.org\/es\/noticias\/captura-fugitivo-buscado-guatemala-sacudira-submundo-narcotrafico\/","url_meta":{"origin":5787,"position":1},"title":"\u00bfCaptura del fugitivo m\u00e1s buscado de Guatemala sacudir\u00e1 el submundo del narcotr\u00e1fico?","author":"Alex Papadovassilakis","date":"14 de marzo de 2025","format":false,"excerpt":"La captura del fugitivo m\u00e1s buscado de Guatemala marca un avance en una campa\u00f1a de a\u00f1os para desmantelar una de las principales redes de narcotr\u00e1fico del pa\u00eds. Sin embargo, su arresto por s\u00ed solo podr\u00eda no ser suficiente para frenar las operaciones del grupo.","rel":"","context":"En \u00abNoticias\u00bb","block_context":{"text":"Noticias","link":"https:\/\/insightcrime.org\/es\/category\/noticias\/"},"img":{"alt_text":"Alleged leader of the Huistas drug clan, Aler Samayoa Recinos, alias \"Chicharra,\" in jail. \n","src":"https:\/\/i0.wp.com\/insightcrime.org\/wp-content\/uploads\/2025\/03\/Arrest-chicharra-huistas-guatemala-afp.jpg?fit=350%2C250&quality=100&ssl=1&resize=350%2C200","width":350,"height":200},"classes":[]},{"id":180674,"url":"https:\/\/insightcrime.org\/es\/noticias\/sanciones-eeuu-suben-apuestas-contra-huistas-guatemala\/","url_meta":{"origin":5787,"position":2},"title":"Sanciones de EE. UU. van tras Los Huistas en Guatemala","author":"Alex Papadovassilakis","date":"23 de marzo de 2022","format":false,"excerpt":"El gobierno de Estados Unidos ha redoblado la persecuci\u00f3n de uno de los clanes narco m\u00e1s resistentes de Guatemala \u2014Los Huistas\u2014, cuyos cabecillas han evadido por a\u00f1os a las autoridades de ambos pa\u00edses.","rel":"","context":"En \u00abNoticias\u00bb","block_context":{"text":"Noticias","link":"https:\/\/insightcrime.org\/es\/category\/noticias\/"},"img":{"alt_text":"","src":"https:\/\/i0.wp.com\/insightcrime.org\/wp-content\/uploads\/2022\/03\/Huistas-Guatemala.jpeg?fit=300%2C200&quality=100&ssl=1&resize=350%2C200","width":350,"height":200},"classes":[]},{"id":177571,"url":"https:\/\/insightcrime.org\/es\/noticias\/masacre-migrantes-mexico-vinculada-red-trafico-ilicito-guatemala\/","url_meta":{"origin":5787,"position":3},"title":"Masacre de migrantes en M\u00e9xico vinculada a red de tr\u00e1fico il\u00edcito en Guatemala","author":"Alex Papadovassilakis","date":"4 de febrero de 2022","format":false,"excerpt":"El exalcalde de un municipio de Guatemala y su familia han sido acusados de traficar a m\u00e1s de una docena de migrantes, quienes luego fueron masacrados en M\u00e9xico, un caso que da cuenta de la sofisticaci\u00f3n y el lucrativo negocio de los traficantes de personas en la frontera entre los\u2026","rel":"","context":"En \u00abNoticias\u00bb","block_context":{"text":"Noticias","link":"https:\/\/insightcrime.org\/es\/category\/noticias\/"},"img":{"alt_text":"","src":"https:\/\/i0.wp.com\/insightcrime.org\/wp-content\/uploads\/2022\/02\/1615568014_648755_1615570517_album_normal.jpeg?fit=300%2C200&quality=100&ssl=1&resize=350%2C200","width":350,"height":200},"classes":[]},{"id":4889,"url":"https:\/\/insightcrime.org\/es\/noticias-crimen-organizado-guatemala\/los-lorenzana\/","url_meta":{"origin":5787,"position":4},"title":"Los Lorenzana","author":"InSight Crime","date":"30 de junio de 2026","format":false,"excerpt":"Los Lorenzana son una familia guatemalteca tradicional del contrabando que eventualmente se involucr\u00f3 fuertemente en el lucrativo comercio del tr\u00e1fico de drogas.\u00a0","rel":"","context":"En \u00abGuatemala\u00bb","block_context":{"text":"Guatemala","link":"https:\/\/insightcrime.org\/es\/category\/noticias-crimen-organizado-guatemala\/"},"img":{"alt_text":"Los Lorenzana","src":"https:\/\/i0.wp.com\/insightcrime.org\/wp-content\/uploads\/2026\/06\/Grupo-Criminal-Los-Lorenzana.jpg?fit=1200%2C900&quality=100&ssl=1&resize=350%2C200","width":350,"height":200,"srcset":"https:\/\/i0.wp.com\/insightcrime.org\/wp-content\/uploads\/2026\/06\/Grupo-Criminal-Los-Lorenzana.jpg?fit=1200%2C900&quality=100&ssl=1&resize=350%2C200 1x, https:\/\/i0.wp.com\/insightcrime.org\/wp-content\/uploads\/2026\/06\/Grupo-Criminal-Los-Lorenzana.jpg?fit=1200%2C900&quality=100&ssl=1&resize=525%2C300 1.5x, https:\/\/i0.wp.com\/insightcrime.org\/wp-content\/uploads\/2026\/06\/Grupo-Criminal-Los-Lorenzana.jpg?fit=1200%2C900&quality=100&ssl=1&resize=700%2C400 2x, https:\/\/i0.wp.com\/insightcrime.org\/wp-content\/uploads\/2026\/06\/Grupo-Criminal-Los-Lorenzana.jpg?fit=1200%2C900&quality=100&ssl=1&resize=1050%2C600 3x"},"classes":[]},{"id":146424,"url":"https:\/\/insightcrime.org\/es\/noticias\/venganza-leones-fallido-intento-extorsion-guatemala\/","url_meta":{"origin":5787,"position":5},"title":"La venganza de Los Leones: un fallido intento de extorsi\u00f3n en Guatemala","author":"Chris Dalby","date":"25 de mayo de 2021","format":false,"excerpt":"Al menos ocho personas murieron tras un ajuste de cuentas en Guatemala, cuando el hijo de un difunto narcotraficante tom\u00f3 venganza por el asesinato de su esposa, lo que vuelve a demostrar que estar tras las rejas no es una barrera para los criminales.","rel":"","context":"En \u00abNoticias\u00bb","block_context":{"text":"Noticias","link":"https:\/\/insightcrime.org\/es\/category\/noticias\/"},"img":{"alt_text":"","src":"https:\/\/i0.wp.com\/insightcrime.org\/wp-content\/uploads\/2021\/05\/E1ztZ_1XMAA6gV2.jpg?fit=350%2C250&quality=100&ssl=1&resize=350%2C200","width":350,"height":200},"classes":[]}],"jetpack_featured_media_url":"https:\/\/i0.wp.com\/insightcrime.org\/wp-content\/uploads\/2013\/08\/es-911d43c81faf70f5d193b0df7ffc5aa6.jpg?fit=280%2C169&quality=100&ssl=1","_links":{"self":[{"href":"https:\/\/insightcrime.org\/es\/wp-json\/wp\/v2\/posts\/5787","targetHints":{"allow":["GET"]}}],"collection":[{"href":"https:\/\/insightcrime.org\/es\/wp-json\/wp\/v2\/posts"}],"about":[{"href":"https:\/\/insightcrime.org\/es\/wp-json\/wp\/v2\/types\/post"}],"author":[{"embeddable":true,"href":"https:\/\/insightcrime.org\/es\/wp-json\/wp\/v2\/users\/16"}],"replies":[{"embeddable":true,"href":"https:\/\/insightcrime.org\/es\/wp-json\/wp\/v2\/comments?post=5787"}],"version-history":[{"count":1,"href":"https:\/\/insightcrime.org\/es\/wp-json\/wp\/v2\/posts\/5787\/revisions"}],"predecessor-version":[{"id":20436,"href":"https:\/\/insightcrime.org\/es\/wp-json\/wp\/v2\/posts\/5787\/revisions\/20436"}],"wp:featuredmedia":[{"embeddable":true,"href":"https:\/\/insightcrime.org\/es\/wp-json\/wp\/v2\/media\/38326"}],"wp:attachment":[{"href":"https:\/\/insightcrime.org\/es\/wp-json\/wp\/v2\/media?parent=5787"}],"wp:term":[{"taxonomy":"category","embeddable":true,"href":"https:\/\/insightcrime.org\/es\/wp-json\/wp\/v2\/categories?post=5787"},{"taxonomy":"post_tag","embeddable":true,"href":"https:\/\/insightcrime.org\/es\/wp-json\/wp\/v2\/tags?post=5787"},{"taxonomy":"newspack_spnsrs_tax","embeddable":true,"href":"https:\/\/insightcrime.org\/es\/wp-json\/wp\/v2\/newspack_spnsrs_tax?post=5787"},{"taxonomy":"author","embeddable":true,"href":"https:\/\/insightcrime.org\/es\/wp-json\/wp\/v2\/coauthors?post=5787"}],"curies":[{"name":"wp","href":"https:\/\/api.w.org\/{rel}","templated":true}]}}