{"id":5851,"date":"2013-09-02T18:47:52","date_gmt":"2017-03-27T23:55:48","guid":{"rendered":"http:\/\/newwp.insightcrime.org?p=5851"},"modified":"2023-04-24T15:33:06","modified_gmt":"2023-04-24T20:33:06","slug":"presunto-lider-del-cartel-de-juarez-es-arrestado-en-mexico","status":"publish","type":"post","link":"https:\/\/insightcrime.org\/es\/noticias\/noticias-del-dia\/presunto-lider-del-cartel-de-juarez-es-arrestado-en-mexico\/","title":{"rendered":"Presunto l\u00edder del Cartel de Ju\u00e1rez es arrestado en M\u00e9xico"},"content":{"rendered":"\n<p class=\"wp-block-paragraph\">La polic\u00eda de M\u00e9xico ha detenido al presunto l\u00edder del Cartel de Ju\u00e1rez, quien es tambi\u00e9n hermano del fallecido fundador del cartel, planteando la cuesti\u00f3n de lo que suceder\u00e1 a la ya socavada organizaci\u00f3n.<\/p>\n\n\n\n<p class=\"wp-block-paragraph\">Alberto Carrillo Fuentes alias \u201cBetty la Fea\u201d -un apodo que hace referencia a una popular telenovela colombiana- fue arrestado en el estado de Nayarit el 31 de agosto por cargos de crimen organizado y homicidio, <a href=\"https:\/\/www.excelsior.com.mx\/nacional\/2013\/09\/02\/916554\" target=\"_blank\">inform\u00f3 Excelsior<\/a>. \u00c9l es hermano de Amado Carrillo Fuentes, alias \u201cEl Se\u00f1or de los Cielos\u201d, el legendario fundador del Cartel de Ju\u00e1rez, quien <a href=\"\/news\/analysis\/mexicos-top-10-narco-conspiracy-theories\" target=\"_blank\">supuestamente muri\u00f3<\/a> en una operaci\u00f3n de cirug\u00eda pl\u00e1stica en 1997.<\/p>\n\n\n\n<p class=\"wp-block-paragraph\">Se cree que el traficante capturado es el jefe de una <a href=\"\/news\/analysis\/what-the-rise-of-a-new-gang-means-for-juarez\" target=\"_blank\">versi\u00f3n reestructurada del Cartel de Ju\u00e1rez<\/a>, conocida como el Nuevo Cartel de Ju\u00e1rez (NCJ). El nombre de Alberto Carrillo comenz\u00f3 a aparecer en \u201cnarcomantas\u201d -banderas colgadas por grupos narcotraficantes- en Ciudad Ju\u00e1rez, estado de Chihuahua en 2012, <a href=\"https:\/\/www.milenio.com\/cdb\/doc\/noticias2011\/d99a72c988823782ab7f4ad57a1fc3db\" target=\"_blank\">se\u00f1al\u00f3 Milenio<\/a>.<\/p>\n\n\n\n<p class=\"wp-block-paragraph\">Las autoridades mexicanas han se\u00f1alado que dos de los hijos de Amado Carrillo podr\u00edan asumir el control despu\u00e9s de la detenci\u00f3n de Alberto, <a href=\"https:\/\/www.eluniversal.com.mx\/nacion-mexico\/2013\/impreso\/pf-arresta-a-alberto-carrillo-fuentes-208769.html\" target=\"_blank\">inform\u00f3 El Universal<\/a>.<\/p>\n\n\n\n<h3 class=\"wp-block-heading\">An\u00e1lisis de InSight Crime<\/h3>\n\n\n\n<p class=\"wp-block-paragraph\">El Cartel de Ju\u00e1rez estuvo a cargo de otro de los hermanos, Vicente Carrillo Fuentes, alias \u201cEl Viceroy\u201d, tras la muerte de Amado Carrillo; pero, se cree que ha huido de Chihuahua despu\u00e9s de que el Cartel de Sinaloa <a href=\"\/juarez-despues-guerra\/de-como-la-policia-el-ejercito-politicos-y-fiscales-determinaron-quien-gano-la-plaza-de-juarez\" target=\"_blank\">obtuvo una victoria tenue <\/a>sobre el Cartel de Ju\u00e1rez en Ciudad Ju\u00e1rez en 2011. La guerra con sus rivales debilit\u00f3 en gran medida al Cartel de Ju\u00e1rez, otrora uno de los grupos criminales m\u00e1s poderosos de M\u00e9xico.<\/p>\n\n\n\n<p class=\"wp-block-paragraph\"><strong> VEA TAMBI\u00c9N<\/strong>: <a href=\"\/profile-groups-mexico\/juarez-cartel-mexico\" target=\"_blank\">El perfil del Cartel de Ju\u00e1rez<\/a>, y <a href=\"\/series-especiales\/juarez-despues-de-la-guerra\" target=\"_blank\">Ju\u00e1rez despu\u00e9s de la guerra<\/a><\/p>\n\n\n\n<p class=\"wp-block-paragraph\">Un<a href=\"https:\/\/www.proceso.com.mx\/?p=341742\" target=\"_blank\"> informe reciente de Proceso<\/a> confirm\u00f3 que \u201cBetty la Fea\u201d era el l\u00edder del NCJ, el cual&nbsp;<a href=\"\/news\/analysis\/what-the-rise-of-a-new-gang-means-for-juarez\" target=\"_blank\">surgi\u00f3 en febrero de 2011<\/a> y es apoyado por las mismas bandas que el viejo cartel: Barrio Azteca y La L\u00ednea. El NCJ ha continuado la lucha contra el cartel de Joaqu\u00edn \u201cEl Chapo\u201d Guzm\u00e1n, y tambi\u00e9n se cree que est\u00e1 aliado con la Organizaci\u00f3n de los Beltr\u00e1n Leyva (OBL) y los Zetas.<\/p>\n\n\n\n<p class=\"wp-block-paragraph\">A\u00fan no est\u00e1 claro si la nueva manifestaci\u00f3n del Cartel de Ju\u00e1rez puede enfrentarse con \u00e9xito contra Guzm\u00e1n y si la captura de Alberto Carrillo puede obstaculizar esos planes. No obstante, pese a que la violencia de Ciudad Ju\u00e1rez se redujo dr\u00e1sticamente despu\u00e9s de la victoria de 2011 del Cartel de Sinaloa, atribuida en parte al declive de La L\u00ednea, una reciente ola de homicidios podr\u00eda ser una se\u00f1al de que <a href=\"\/noticias\/analisis\/\u00bfla-violencia-esta-volviendo-a-ciudad-juarez\" target=\"_blank\">la guerra entre Sinaloa y Ju\u00e1rez no ha terminado<\/a>.&nbsp;<\/p>\n","protected":false},"excerpt":{"rendered":"<p>La polic\u00eda de M\u00e9xico ha detenido al presunto l\u00edder del Cartel de Ju\u00e1rez, quien es tambi\u00e9n hermano del fallecido fundador del cartel, planteando la cuesti\u00f3n de lo que suceder\u00e1 a la ya socavada organizaci\u00f3n.<\/p>\n","protected":false},"author":19,"featured_media":38450,"comment_status":"closed","ping_status":"closed","sticky":false,"template":"","format":"standard","meta":{"newspack_ads_suppress_ads":false,"newspack_popups_has_disabled_popups":false,"newspack_sponsor_sponsorship_scope":"","newspack_sponsor_native_byline_display":"inherit","newspack_sponsor_native_category_display":"inherit","newspack_sponsor_underwriter_style":"inherit","newspack_sponsor_underwriter_placement":"inherit","_EventAllDay":false,"_EventTimezone":"","_EventStartDate":"","_EventEndDate":"","_EventStartDateUTC":"","_EventEndDateUTC":"","_EventShowMap":false,"_EventShowMapLink":false,"_EventURL":"","_EventCost":"","_EventCostDescription":"","_EventCurrencySymbol":"","_EventCurrencyCode":"","_EventCurrencyPosition":"","_EventDateTimeSeparator":"","_EventTimeRangeSeparator":"","_EventOrganizerID":[],"_EventVenueID":[],"_OrganizerEmail":"","_OrganizerPhone":"","_OrganizerWebsite":"","_VenueAddress":"","_VenueCity":"","_VenueCountry":"","_VenueProvince":"","_VenueState":"","_VenueZip":"","_VenuePhone":"","_VenueURL":"","_VenueStateProvince":"","_VenueLat":"","_VenueLng":"","_VenueShowMap":false,"_VenueShowMapLink":false,"_newspack_byline_active":false,"_newspack_byline":"","newspack_hide_updated_date":false,"newspack_show_updated_date":false,"newspack_featured_image_position":"","newspack_post_subtitle":"","newspack_article_summary_title":"Overview:","newspack_article_summary":"","_jetpack_memberships_contains_paid_content":false,"footnotes":""},"categories":[334],"tags":[542,549],"newspack_spnsrs_tax":[],"coauthors":[3820],"class_list":["post-5851","post","type-post","status-publish","format-standard","has-post-thumbnail","hentry","category-noticias-del-dia","tag-juarez-cartel","tag-mexico","entry"],"parsely":{"version":"1.1.0","canonical_url":"https:\/\/insightcrime.org\/es\/noticias\/noticias-del-dia\/presunto-lider-del-cartel-de-juarez-es-arrestado-en-mexico\/","smart_links":{"inbound":0,"outbound":0},"traffic_boost_suggestions_count":0,"meta":{"@context":"https:\/\/schema.org","@type":"NewsArticle","headline":"Presunto l\u00edder del Cartel de Ju\u00e1rez es arrestado en M\u00e9xico","url":"http:\/\/insightcrime.org\/es\/noticias\/noticias-del-dia\/presunto-lider-del-cartel-de-juarez-es-arrestado-en-mexico\/","mainEntityOfPage":{"@type":"WebPage","@id":"http:\/\/insightcrime.org\/es\/noticias\/noticias-del-dia\/presunto-lider-del-cartel-de-juarez-es-arrestado-en-mexico\/"},"thumbnailUrl":"https:\/\/i0.wp.com\/insightcrime.org\/wp-content\/uploads\/2013\/09\/en-a758947fd48f09c08bb790ee223ce65f.jpg?resize=150%2C150&quality=100&ssl=1","image":{"@type":"ImageObject","url":"https:\/\/i0.wp.com\/insightcrime.org\/wp-content\/uploads\/2013\/09\/en-a758947fd48f09c08bb790ee223ce65f.jpg?fit=400%2C242&quality=100&ssl=1"},"articleSection":"Noticias del d\u00eda","author":[{"@type":"Person","name":"Marguerite Cawley"}],"creator":["Marguerite Cawley"],"publisher":{"@type":"Organization","name":"InSight Crime","logo":"https:\/\/insightcrime.org\/wp-content\/uploads\/2023\/08\/logo.png"},"keywords":["cartel de ju\u00e1rez","m\u00e9xico"],"dateCreated":"2017-03-27T23:55:48Z","datePublished":"2017-03-27T23:55:48Z","dateModified":"2023-04-24T20:33:06Z"},"rendered":"<meta name=\"parsely-title\" content=\"Presunto l\u00edder del Cartel de Ju\u00e1rez es arrestado en M\u00e9xico\" \/>\n<meta name=\"parsely-link\" content=\"http:\/\/insightcrime.org\/es\/noticias\/noticias-del-dia\/presunto-lider-del-cartel-de-juarez-es-arrestado-en-mexico\/\" \/>\n<meta name=\"parsely-type\" content=\"post\" \/>\n<meta name=\"parsely-image-url\" content=\"https:\/\/i0.wp.com\/insightcrime.org\/wp-content\/uploads\/2013\/09\/en-a758947fd48f09c08bb790ee223ce65f.jpg?resize=150%2C150&amp;quality=100&amp;ssl=1\" \/>\n<meta name=\"parsely-pub-date\" content=\"2017-03-27T23:55:48Z\" \/>\n<meta name=\"parsely-section\" content=\"Noticias del d\u00eda\" \/>\n<meta name=\"parsely-tags\" content=\"cartel de ju\u00e1rez,m\u00e9xico\" \/>\n<meta name=\"parsely-author\" content=\"Marguerite Cawley\" \/>","tracker_url":"https:\/\/cdn.parsely.com\/keys\/insightcrime.org\/p.js"},"jetpack_sharing_enabled":true,"jetpack-related-posts":[{"id":66150,"url":"https:\/\/insightcrime.org\/es\/noticias-crimen-organizado-mexico\/organizacion-beltran-leyva\/","url_meta":{"origin":5851,"position":0},"title":"Organizaci\u00f3n Beltr\u00e1n Leyva","author":"InSight Crime","date":"6 de octubre de 2021","format":false,"excerpt":"Liderada por los hermanos Beltr\u00e1n Leyva, esta organizaci\u00f3n narcotraficante mexicana trabaj\u00f3 con el Cartel de Sinaloa hasta 2008, cuando se separaron y se desat\u00f3 una sangrienta batalla entre los dos grupos. La OBL, una de las organizaciones criminales m\u00e1s poderosas de M\u00e9xico, se ha visto gravemente debilitada por numerosos arrestos\u2026","rel":"","context":"En \u00abM\u00e9xico\u00bb","block_context":{"text":"M\u00e9xico","link":"https:\/\/insightcrime.org\/es\/category\/noticias-crimen-organizado-mexico\/"},"img":{"alt_text":"Organizaci\u00f3n Beltr\u00e1n Leyva","src":"https:\/\/i0.wp.com\/insightcrime.org\/wp-content\/uploads\/2026\/06\/Grupo-Criminal-Organizacion-Beltran-Leyva-1.jpg?fit=1200%2C900&quality=100&ssl=1&resize=350%2C200","width":350,"height":200,"srcset":"https:\/\/i0.wp.com\/insightcrime.org\/wp-content\/uploads\/2026\/06\/Grupo-Criminal-Organizacion-Beltran-Leyva-1.jpg?fit=1200%2C900&quality=100&ssl=1&resize=350%2C200 1x, https:\/\/i0.wp.com\/insightcrime.org\/wp-content\/uploads\/2026\/06\/Grupo-Criminal-Organizacion-Beltran-Leyva-1.jpg?fit=1200%2C900&quality=100&ssl=1&resize=525%2C300 1.5x, https:\/\/i0.wp.com\/insightcrime.org\/wp-content\/uploads\/2026\/06\/Grupo-Criminal-Organizacion-Beltran-Leyva-1.jpg?fit=1200%2C900&quality=100&ssl=1&resize=700%2C400 2x, https:\/\/i0.wp.com\/insightcrime.org\/wp-content\/uploads\/2026\/06\/Grupo-Criminal-Organizacion-Beltran-Leyva-1.jpg?fit=1200%2C900&quality=100&ssl=1&resize=1050%2C600 3x"},"classes":[]},{"id":6999,"url":"https:\/\/insightcrime.org\/es\/noticias-crimen-organizado-mexico\/chapo-isidro\/","url_meta":{"origin":5851,"position":1},"title":"Fausto Isidro Meza, alias \u2018Chapo Isidro\u2019","author":"InSight Crime","date":"7 de febrero de 2025","format":false,"excerpt":"Fausto Isidro Meza Flores, alias \u201cChapo\u201d Isidro, es el presunto l\u00edder de la organizaci\u00f3n Meza Flores, tambi\u00e9n llamada el Cartel de Guasave.","rel":"","context":"En \u00abM\u00e9xico\u00bb","block_context":{"text":"M\u00e9xico","link":"https:\/\/insightcrime.org\/es\/category\/noticias-crimen-organizado-mexico\/"},"img":{"alt_text":"","src":"","width":0,"height":0},"classes":[]},{"id":4849,"url":"https:\/\/insightcrime.org\/es\/mexico-organized-crime-news\/mexico\/","url_meta":{"origin":5851,"position":2},"title":"Perfil de M\u00e9xico","author":"InSight Crime","date":"19 de enero de 2024","format":false,"excerpt":"M\u00e9xico y el crimen organizado: conozca su historia criminal, los principales grupos y carteles, las principales actividades il\u00edcitas y la evoluci\u00f3n del poder criminal.","rel":"","context":"En \u00abMexico\u00bb","block_context":{"text":"Mexico","link":"https:\/\/insightcrime.org\/category\/mexico-organized-crime-news\/"},"img":{"alt_text":"","src":"","width":0,"height":0},"classes":[]},{"id":318518,"url":"https:\/\/insightcrime.org\/es\/noticias-crimen-organizado-mexico\/la-linea\/","url_meta":{"origin":5851,"position":3},"title":"La L\u00ednea","author":"InSight Crime","date":"22 de agosto de 2025","format":false,"excerpt":"La L\u00ednea es una de las principales fuerzas criminales en el estado mexicano de Chihuahua, involucrada en actividades que van desde el tr\u00e1fico de migrantes hasta el narcotr\u00e1fico. Su base principal es Ciudad Ju\u00e1rez, desde donde proyecta su poder a lo largo de un tramo clave de la frontera entre\u2026","rel":"","context":"En \u00abM\u00e9xico\u00bb","block_context":{"text":"M\u00e9xico","link":"https:\/\/insightcrime.org\/es\/category\/noticias-crimen-organizado-mexico\/"},"img":{"alt_text":"","src":"https:\/\/i0.wp.com\/insightcrime.org\/wp-content\/uploads\/2026\/06\/Grupo-Criminal-La-Linea-1.jpg?fit=1200%2C900&quality=100&ssl=1&resize=350%2C200","width":350,"height":200,"srcset":"https:\/\/i0.wp.com\/insightcrime.org\/wp-content\/uploads\/2026\/06\/Grupo-Criminal-La-Linea-1.jpg?fit=1200%2C900&quality=100&ssl=1&resize=350%2C200 1x, https:\/\/i0.wp.com\/insightcrime.org\/wp-content\/uploads\/2026\/06\/Grupo-Criminal-La-Linea-1.jpg?fit=1200%2C900&quality=100&ssl=1&resize=525%2C300 1.5x, https:\/\/i0.wp.com\/insightcrime.org\/wp-content\/uploads\/2026\/06\/Grupo-Criminal-La-Linea-1.jpg?fit=1200%2C900&quality=100&ssl=1&resize=700%2C400 2x, https:\/\/i0.wp.com\/insightcrime.org\/wp-content\/uploads\/2026\/06\/Grupo-Criminal-La-Linea-1.jpg?fit=1200%2C900&quality=100&ssl=1&resize=1050%2C600 3x"},"classes":[]},{"id":75057,"url":"https:\/\/insightcrime.org\/es\/noticias-crimen-organizado-mexico\/nemesio-oseguera-cervantes-alias-mencho\/","url_meta":{"origin":5851,"position":4},"title":"Nemesio Oseguera Cervantes, alias \u2018El Mencho\u2019","author":"InSight Crime","date":"23 de febrero de 2026","format":false,"excerpt":"Nemesio Oseguera Cervantes, alias \u201cEl Mencho\u201d, fue el fundador y l\u00edder del Cartel de Jalisco Nueva Generaci\u00f3n (CJNG). Muri\u00f3 el 22 de febrero de 2026 tras una operaci\u00f3n militar en M\u00e9xico.","rel":"","context":"En \u00abM\u00e9xico\u00bb","block_context":{"text":"M\u00e9xico","link":"https:\/\/insightcrime.org\/es\/category\/noticias-crimen-organizado-mexico\/"},"img":{"alt_text":"","src":"https:\/\/i0.wp.com\/insightcrime.org\/wp-content\/uploads\/2026\/05\/Perfil-criminal-El-Mencho.jpeg?fit=1200%2C900&quality=100&ssl=1&resize=350%2C200","width":350,"height":200,"srcset":"https:\/\/i0.wp.com\/insightcrime.org\/wp-content\/uploads\/2026\/05\/Perfil-criminal-El-Mencho.jpeg?fit=1200%2C900&quality=100&ssl=1&resize=350%2C200 1x, https:\/\/i0.wp.com\/insightcrime.org\/wp-content\/uploads\/2026\/05\/Perfil-criminal-El-Mencho.jpeg?fit=1200%2C900&quality=100&ssl=1&resize=525%2C300 1.5x, https:\/\/i0.wp.com\/insightcrime.org\/wp-content\/uploads\/2026\/05\/Perfil-criminal-El-Mencho.jpeg?fit=1200%2C900&quality=100&ssl=1&resize=700%2C400 2x, https:\/\/i0.wp.com\/insightcrime.org\/wp-content\/uploads\/2026\/05\/Perfil-criminal-El-Mencho.jpeg?fit=1200%2C900&quality=100&ssl=1&resize=1050%2C600 3x"},"classes":[]},{"id":4865,"url":"https:\/\/insightcrime.org\/es\/noticias-crimen-organizado-mexico\/ismael-zambada-garcia-el-mayo\/","url_meta":{"origin":5851,"position":5},"title":"Ismael Zambada Garc\u00eda, alias &#8216;El Mayo&#8217;","author":"InSight Crime","date":"5 de agosto de 2026","format":false,"excerpt":"Ismael \u201cEl Mayo\u201d Zambada fue condenado a cadena perpetua en Estados Unidos. Su historia, su papel en el Cartel de Sinaloa, todo en nuestro perfil completo actualizado de 2026.","rel":"","context":"En \u00abM\u00e9xico\u00bb","block_context":{"text":"M\u00e9xico","link":"https:\/\/insightcrime.org\/es\/category\/noticias-crimen-organizado-mexico\/"},"img":{"alt_text":"Ismael \"El Mayo\" Zambada - La Mayiza - Cartel de M\u00e9xico","src":"https:\/\/i0.wp.com\/insightcrime.org\/wp-content\/uploads\/2026\/06\/Perfil-Criminal-Alias-El-Mayo-Zambada.jpg?fit=1200%2C900&quality=100&ssl=1&resize=350%2C200","width":350,"height":200,"srcset":"https:\/\/i0.wp.com\/insightcrime.org\/wp-content\/uploads\/2026\/06\/Perfil-Criminal-Alias-El-Mayo-Zambada.jpg?fit=1200%2C900&quality=100&ssl=1&resize=350%2C200 1x, https:\/\/i0.wp.com\/insightcrime.org\/wp-content\/uploads\/2026\/06\/Perfil-Criminal-Alias-El-Mayo-Zambada.jpg?fit=1200%2C900&quality=100&ssl=1&resize=525%2C300 1.5x, https:\/\/i0.wp.com\/insightcrime.org\/wp-content\/uploads\/2026\/06\/Perfil-Criminal-Alias-El-Mayo-Zambada.jpg?fit=1200%2C900&quality=100&ssl=1&resize=700%2C400 2x, https:\/\/i0.wp.com\/insightcrime.org\/wp-content\/uploads\/2026\/06\/Perfil-Criminal-Alias-El-Mayo-Zambada.jpg?fit=1200%2C900&quality=100&ssl=1&resize=1050%2C600 3x"},"classes":[]}],"jetpack_featured_media_url":"https:\/\/i0.wp.com\/insightcrime.org\/wp-content\/uploads\/2013\/09\/en-a758947fd48f09c08bb790ee223ce65f.jpg?fit=400%2C242&quality=100&ssl=1","_links":{"self":[{"href":"https:\/\/insightcrime.org\/es\/wp-json\/wp\/v2\/posts\/5851","targetHints":{"allow":["GET"]}}],"collection":[{"href":"https:\/\/insightcrime.org\/es\/wp-json\/wp\/v2\/posts"}],"about":[{"href":"https:\/\/insightcrime.org\/es\/wp-json\/wp\/v2\/types\/post"}],"author":[{"embeddable":true,"href":"https:\/\/insightcrime.org\/es\/wp-json\/wp\/v2\/users\/19"}],"replies":[{"embeddable":true,"href":"https:\/\/insightcrime.org\/es\/wp-json\/wp\/v2\/comments?post=5851"}],"version-history":[{"count":1,"href":"https:\/\/insightcrime.org\/es\/wp-json\/wp\/v2\/posts\/5851\/revisions"}],"predecessor-version":[{"id":20559,"href":"https:\/\/insightcrime.org\/es\/wp-json\/wp\/v2\/posts\/5851\/revisions\/20559"}],"wp:featuredmedia":[{"embeddable":true,"href":"https:\/\/insightcrime.org\/es\/wp-json\/wp\/v2\/media\/38450"}],"wp:attachment":[{"href":"https:\/\/insightcrime.org\/es\/wp-json\/wp\/v2\/media?parent=5851"}],"wp:term":[{"taxonomy":"category","embeddable":true,"href":"https:\/\/insightcrime.org\/es\/wp-json\/wp\/v2\/categories?post=5851"},{"taxonomy":"post_tag","embeddable":true,"href":"https:\/\/insightcrime.org\/es\/wp-json\/wp\/v2\/tags?post=5851"},{"taxonomy":"newspack_spnsrs_tax","embeddable":true,"href":"https:\/\/insightcrime.org\/es\/wp-json\/wp\/v2\/newspack_spnsrs_tax?post=5851"},{"taxonomy":"author","embeddable":true,"href":"https:\/\/insightcrime.org\/es\/wp-json\/wp\/v2\/coauthors?post=5851"}],"curies":[{"name":"wp","href":"https:\/\/api.w.org\/{rel}","templated":true}]}}