{"id":5852,"date":"2016-11-17T00:00:00","date_gmt":"2016-11-17T05:00:00","guid":{"rendered":"http:\/\/newwp.insightcrime.org?p=5852"},"modified":"2026-08-21T14:53:56","modified_gmt":"2026-08-21T19:53:56","slug":"megateo","status":"publish","type":"post","link":"https:\/\/insightcrime.org\/es\/colombia-organized-crime-news\/megateo\/","title":{"rendered":"V\u00edctor Navarro, alias &#8216;Megateo&#8217;"},"content":{"rendered":"\n<p class=\"wp-block-paragraph\">V\u00edctor Ram\u00f3n Navarro Serrano, alias \u201cMegateo\u201d, encabezaba la \u00fanica facci\u00f3n restante del movimiento guerrillero EPL. Megateo era considerado el narcotraficante m\u00e1s importante del Norte de Santander; el gobierno colombiano ofrec\u00eda US$1 mill\u00f3n por su cabeza y era buscado por las autoridades de Estados Unidos por cargos de narcotr\u00e1fico internacional. En agosto del 2015, surgieron informes que afirmaban que hab\u00eda sido abatido durante una operaci\u00f3n militar.<\/p>\n\n\n\n<h2 class=\"wp-block-heading\">Historia<\/h2>\n\n\n\n<p class=\"wp-block-paragraph\">Megateo era el l\u00edder del Frente \u201cLibardo Mora Toro\u201d, la \u00fanica unidad remanente del grupo guerrillero mao\u00edsta el Ej\u00e9rcito Popular de Liberaci\u00f3n (EPL), que a su vez es parte de una facci\u00f3n que no se desmoviliz\u00f3 en 1991 tras la firma de un acuerdo de paz con el gobierno colombiano. Megateo ten\u00eda 15 a\u00f1os al momento de la desmovilizaci\u00f3n, apenas sab\u00eda leer y escribir, y todav\u00eda viv\u00eda en su municipio natal de San Calixto, en el departamento colombiano de Norte de Santander. Como muchos otros j\u00f3venes de la regi\u00f3n en esa \u00e9poca, era miembro de las milicias urbanas donde se entrenaba a los futuros guerrilleros y las cuales le proporcionaban apoyo log\u00edstico y de inteligencia al EPL.<\/p>\n\n\n\n<p class=\"wp-block-paragraph\">La primera vez que el EPL se disolvi\u00f3, la facci\u00f3n restante fue dirigida por Francisco Caraballo hasta que fue detenido junto con su segundo hombre al mando en 1994. El Frente Libardo Mora Toro fue uno de los cuatro que continuaron activos luego de la captura de Caraballo. Los miembros remanentes del EPL continuaron sufriendo reveses durante los a\u00f1os noventa y se vieron obligados a retirarse a la zona aleda\u00f1a a la ciudad natal de Megateo.<\/p>\n\n\n\n<p class=\"wp-block-paragraph\">Megateo se convertir\u00eda en uno de los principales l\u00edderes de los remanentes del EPL a finales de los a\u00f1os noventa y principios de 2000, por la misma \u00e9poca en que las incursiones paramilitares y las fumigaciones a\u00e9reas obligaron a los cultivadores de coca a trasladarse a la zona de Oca\u00f1a, en Norte de Santander, cerca de San Calixto. Esto condujo al desarrollo de nuevas rutas de tr\u00e1fico de coca\u00edna, principalmente entre Oca\u00f1a, Aguachica y la Costa Caribe, o la ruta entre Oca\u00f1a, C\u00facuta y Venezuela.&nbsp;Megateo y su grupo lograron el control de una parte del comercio<\/p>\n\n\n\n<p class=\"wp-block-paragraph\">El capo de la droga del Norte de Santander se convirti\u00f3 en el principal blanco de las autoridades colombianas en abril de 2006, cuando miembros del EPL emboscaron y mataron a 10 agentes del Departamento Administrativo de Seguridad (DAS) y a siete soldados que hab\u00edan sido enviados para realizar una operaci\u00f3n en contra del grupo en Hacar\u00ed, Norte de Santander. El grupo seguir\u00eda enfrent\u00e1ndose con las fuerzas de seguridad (hacia finales 2010 mataron a cinco polic\u00edas e hirieron a una docena de personas), y en junio de 2011 el grupo tuvo un fuerte enfrentamiento con la polic\u00eda en San Calixto. Las autoridades colombianas ofrec\u00edan una recompensa de US$1 mill\u00f3n por su captura y, a pesar del reducido tama\u00f1o de su ej\u00e9rcito en comparaci\u00f3n con las Fuerzas Armadas Revolucionarias de Colombia (FARC) y el Ej\u00e9rcito de Liberaci\u00f3n Nacional (ELN),&nbsp;lo se\u00f1alaban como la figura principal detr\u00e1s del conflicto en la regi\u00f3n.<\/p>\n\n\n\n<p class=\"wp-block-paragraph\">Seg\u00fan los informes, la facci\u00f3n de Megateo contaba con cerca de 50 miembros y controlaba gran parte de la coca\u00edna que se mov\u00eda a trav\u00e9s de la regi\u00f3n del Catatumbo, en el Norte de Santander. El grupo trabajaba con las FARC y el ELN, ambos con una fuerte presencia en la regi\u00f3n, suministrando base de coca y coca\u00edna a diferentes grupos criminales, incluyendo a Los Rastrojos. Esta conexi\u00f3n qued\u00f3 en evidencia tras el descubrimiento de 44 laboratorios de coca\u00edna en Norte de Santander en abril de 2013, los cuales, seg\u00fan informaci\u00f3n proporcionada por la polic\u00eda, eran manejados por las FARC y el ELN, quienes luego vend\u00edan la coca\u00edna procesada a Megateo para su distribuci\u00f3n.<\/p>\n\n\n\n<p class=\"wp-block-paragraph\">Funcionarios del DAS aseguran que Megateo era el propietario de grandes extensiones de tierra en el Catatumbo, donde hay laboratorios que producen hasta dos toneladas de coca\u00edna al mes, con una red de apoyo en C\u00facuta que facilitar\u00eda el transporte del producto hacia Venezuela. En una entrevista con la revista Semana en julio de 2013, Megateo admiti\u00f3 cobrar un \u201cimpuesto de guerra\u201d de US$200 el kilo al tr\u00e1fico de coca\u00edna en la regi\u00f3n. Las autoridades estadounidenses tambi\u00e9n han se\u00f1alado que Megateo suministraba coca\u00edna a Canad\u00e1 y Rep\u00fablica Dominicana.<\/p>\n\n\n\n<p class=\"wp-block-paragraph\">Los remanentes del EPL han sufrido varios golpes en los \u00faltimos a\u00f1os, incluyendo el arresto en 2009 de 21 guerrilleros de este grupo, la captura de la novia de Megateo en junio de 2012 y la de otros 14 integrantes en septiembre de ese mismo a\u00f1o (los cuales eran acusados de narcotr\u00e1fico internacional). Pero Megateo hab\u00eda logrado impedir su captura, con la excepci\u00f3n de un breve incidente en julio de 2008, cuando dos de sus hombres de confianza lo drogaron con el fin de entreg\u00e1rlo al DAS. No est\u00e1 claro qu\u00e9 sucedi\u00f3 despu\u00e9s, aunque <a href=\"https:\/\/www.semana.com\/nacion\/articulo\/megateo-capo-del-catatumbo\/351401-3\" target=\"_blank\" rel=\"noopener\">en entrevista con Semana<\/a> Megateo declar\u00f3 que hab\u00eda escapado debido a la \u201cnegligencia\u201d de sus captores<\/p>\n\n\n\n<p class=\"wp-block-paragraph\">El capo goz\u00f3 de una gran influencia y de un fuerte apoyo popular. Seg\u00fan Semana, que lo llam\u00f3 \u201cun Robin Hood con el dinero del narcotr\u00e1fico\u201d, Megateo repart\u00eda \u00fatiles escolares y regalos de Navidad a los campesinos de la zona. Tambi\u00e9n recibi\u00f3 ayuda de funcionarios corruptos (en sus declaraciones con la revista Semana, Megateo se\u00f1al\u00f3 que la informaci\u00f3n acerca de la operaci\u00f3n en su contra en 2006 la obtuvo de algunos agentes del DAS).<\/p>\n\n\n\n<h2 class=\"wp-block-heading\">Actividades criminales<\/h2>\n\n\n\n<p class=\"wp-block-paragraph\">Megateo estaba involucrado principalmente el negocio del tr\u00e1fico de coca\u00edna, como l\u00edder de la \u00fanica facci\u00f3n restante del EPL.<\/p>\n\n\n\n<h2 class=\"wp-block-heading\">Geograf\u00eda<\/h2>\n\n\n\n<p class=\"wp-block-paragraph\">Megateo operaba en el departamento del Norte de Santander, principalmente en la regi\u00f3n del Catatumbo.<\/p>\n\n\n\n<h2 class=\"wp-block-heading\">Aliados y enemigos<\/h2>\n\n\n\n<p class=\"wp-block-paragraph\">Megateo presuntamente trabaja con las FARC y el ELN suministrando base de coca y coca\u00edna a grupos criminales como Los Rastrojos.<\/p>\n\n\n\n<h2 class=\"wp-block-heading\">Perspectivas<\/h2>\n\n\n\n<p class=\"wp-block-paragraph\">Se cree que el EPL controlar\u00eda gran parte de la coca\u00edna que sale de Colombia a trav\u00e9s del departamento de Norte de Santander y se cree que su influencia podr\u00eda seguir creciendo . Aunque el grupo es peque\u00f1o en n\u00famero, parecer\u00eda tener una amplia red de influencia y conexiones, y Megateo contaba con un amplio apoyo regional.<\/p>\n\n\n\n<div id=\"_mcePaste\" class=\"mcePaste\" style=\"width: 1px; height: 1px; overflow: hidden;\"><span style=\"font-size: 12.0pt; line-height: 115%; font-family: 'Arial','sans-serif'; color: black; background: yellow;\">Tambi\u00e9n se cree que el EPL tiene excelentes capacidades para realizar inteligencia<\/span><\/div>\n","protected":false},"excerpt":{"rendered":"<p>Victor Navarro, alias \u201cMegateo\u201d, liderado a la facci\u00f3n disidente de la guerrilla del EPL hasta su muerte en 2014.<\/p>\n","protected":false},"author":188,"featured_media":349612,"comment_status":"closed","ping_status":"closed","sticky":false,"template":"","format":"standard","meta":{"newspack_ads_suppress_ads":false,"newspack_popups_has_disabled_popups":false,"newspack_sponsor_sponsorship_scope":"","newspack_sponsor_native_byline_display":"inherit","newspack_sponsor_native_category_display":"inherit","newspack_sponsor_underwriter_style":"inherit","newspack_sponsor_underwriter_placement":"inherit","_EventAllDay":false,"_EventTimezone":"","_EventStartDate":"","_EventEndDate":"","_EventStartDateUTC":"","_EventEndDateUTC":"","_EventShowMap":false,"_EventShowMapLink":false,"_EventURL":"","_EventCost":"","_EventCostDescription":"","_EventCurrencySymbol":"","_EventCurrencyCode":"","_EventCurrencyPosition":"","_EventDateTimeSeparator":"","_EventTimeRangeSeparator":"","_EventOrganizerID":[],"_EventVenueID":[],"_OrganizerEmail":"","_OrganizerPhone":"","_OrganizerWebsite":"","_VenueAddress":"","_VenueCity":"","_VenueCountry":"","_VenueProvince":"","_VenueState":"","_VenueZip":"","_VenuePhone":"","_VenueURL":"","_VenueStateProvince":"","_VenueLat":"","_VenueLng":"","_VenueShowMap":false,"_VenueShowMapLink":false,"_newspack_byline_active":false,"_newspack_byline":"","newspack_hide_updated_date":false,"newspack_show_updated_date":false,"newspack_featured_image_position":"","newspack_post_subtitle":"","newspack_article_summary_title":"Overview:","newspack_article_summary":"","_jetpack_memberships_contains_paid_content":false,"footnotes":""},"categories":[330],"tags":[547,686,687,579],"newspack_spnsrs_tax":[],"coauthors":[4351],"class_list":["post-5852","post","type-post","status-publish","format-standard","has-post-thumbnail","hentry","category-colombia-organized-crime-news","tag-colombia","tag-epl","tag-megateo","tag-colombia-personalities","entry"],"parsely":{"version":"1.1.0","canonical_url":"https:\/\/insightcrime.org\/es\/colombia-organized-crime-news\/megateo\/","smart_links":{"inbound":0,"outbound":0},"traffic_boost_suggestions_count":0,"meta":{"@context":"https:\/\/schema.org","@type":"NewsArticle","headline":"V\u00edctor Navarro, alias &#8216;Megateo&#8217;","url":"http:\/\/insightcrime.org\/es\/colombia-organized-crime-news\/megateo\/","mainEntityOfPage":{"@type":"WebPage","@id":"http:\/\/insightcrime.org\/es\/colombia-organized-crime-news\/megateo\/"},"thumbnailUrl":"https:\/\/i0.wp.com\/insightcrime.org\/wp-content\/uploads\/2026\/08\/Perfil-Criminal-Alias-Megateo-Colombia.jpg?resize=150%2C150&quality=100&ssl=1","image":{"@type":"ImageObject","url":"https:\/\/i0.wp.com\/insightcrime.org\/wp-content\/uploads\/2026\/08\/Perfil-Criminal-Alias-Megateo-Colombia.jpg?fit=1200%2C900&quality=100&ssl=1"},"articleSection":"Colombia","author":[{"@type":"Person","name":"InSight Crime"}],"creator":["InSight Crime"],"publisher":{"@type":"Organization","name":"InSight Crime","logo":"https:\/\/insightcrime.org\/wp-content\/uploads\/2023\/08\/logo.png"},"keywords":["colombia","epl","megateo","personajes de colombia"],"dateCreated":"2016-11-17T05:00:00Z","datePublished":"2016-11-17T05:00:00Z","dateModified":"2026-08-21T19:53:56Z"},"rendered":"<meta name=\"parsely-title\" content=\"V\u00edctor Navarro, alias &#8216;Megateo&#8217;\" \/>\n<meta name=\"parsely-link\" content=\"http:\/\/insightcrime.org\/es\/colombia-organized-crime-news\/megateo\/\" \/>\n<meta name=\"parsely-type\" content=\"post\" \/>\n<meta name=\"parsely-image-url\" content=\"https:\/\/i0.wp.com\/insightcrime.org\/wp-content\/uploads\/2026\/08\/Perfil-Criminal-Alias-Megateo-Colombia.jpg?resize=150%2C150&amp;quality=100&amp;ssl=1\" \/>\n<meta name=\"parsely-pub-date\" content=\"2016-11-17T05:00:00Z\" \/>\n<meta name=\"parsely-section\" content=\"Colombia\" \/>\n<meta name=\"parsely-tags\" content=\"colombia,epl,megateo,personajes de colombia\" \/>\n<meta name=\"parsely-author\" content=\"InSight Crime\" \/>","tracker_url":"https:\/\/cdn.parsely.com\/keys\/insightcrime.org\/p.js"},"jetpack_sharing_enabled":true,"jetpack-related-posts":[{"id":80009,"url":"https:\/\/insightcrime.org\/es\/noticias-crimen-organizado-colombia\/epl\/","url_meta":{"origin":5852,"position":0},"title":"EPL","author":"InSight Crime","date":"29 de julio de 2024","format":false,"excerpt":"Lo que se conoce hoy en d\u00eda como el Ej\u00e9rcito de Liberaci\u00f3n Popular (EPL) o Los Pelusos, es un grupo disidente del Frente Libardo Mora del EPL que no se desmoviliz\u00f3 con el resto de la guerrilla en 1991. Su principal centro de operaciones se encuentra en la regi\u00f3n fronteriza\u2026","rel":"","context":"En \u00abColombia\u00bb","block_context":{"text":"Colombia","link":"https:\/\/insightcrime.org\/es\/category\/noticias-crimen-organizado-colombia\/"},"img":{"alt_text":"Ej\u00e9rcito Popular de Liberaci\u00f3n (EPL)","src":"https:\/\/i0.wp.com\/insightcrime.org\/wp-content\/uploads\/2026\/06\/Grupo-Criminal-Ejercito-Popular-de-Liberacion-EPL.jpg?fit=1200%2C900&quality=100&ssl=1&resize=350%2C200","width":350,"height":200,"srcset":"https:\/\/i0.wp.com\/insightcrime.org\/wp-content\/uploads\/2026\/06\/Grupo-Criminal-Ejercito-Popular-de-Liberacion-EPL.jpg?fit=1200%2C900&quality=100&ssl=1&resize=350%2C200 1x, https:\/\/i0.wp.com\/insightcrime.org\/wp-content\/uploads\/2026\/06\/Grupo-Criminal-Ejercito-Popular-de-Liberacion-EPL.jpg?fit=1200%2C900&quality=100&ssl=1&resize=525%2C300 1.5x, https:\/\/i0.wp.com\/insightcrime.org\/wp-content\/uploads\/2026\/06\/Grupo-Criminal-Ejercito-Popular-de-Liberacion-EPL.jpg?fit=1200%2C900&quality=100&ssl=1&resize=700%2C400 2x, https:\/\/i0.wp.com\/insightcrime.org\/wp-content\/uploads\/2026\/06\/Grupo-Criminal-Ejercito-Popular-de-Liberacion-EPL.jpg?fit=1200%2C900&quality=100&ssl=1&resize=1050%2C600 3x"},"classes":[]},{"id":141267,"url":"https:\/\/insightcrime.org\/es\/noticias\/decision-anunciaria-caida-epl-colombia\/","url_meta":{"origin":5852,"position":1},"title":"Decisi\u00f3n anuncia la ca\u00edda del EPL como amenaza en Colombia","author":"Juan Diego C\u00e1rdenas","date":"19 de abril de 2021","format":false,"excerpt":"La decisi\u00f3n de bajar de categor\u00eda al EPL, una de las amenazas criminales de m\u00e1s vieja data en Colombia, demuestra la preocupante rapidez con la que el grupo se debilita en una espiral en picada.","rel":"","context":"En \u00abNoticias\u00bb","block_context":{"text":"Noticias","link":"https:\/\/insightcrime.org\/es\/category\/noticias\/"},"img":{"alt_text":"","src":"","width":0,"height":0},"classes":[]},{"id":178616,"url":"https:\/\/insightcrime.org\/es\/noticias\/militares-retirados-en-colombia-vinculados-crimen-organizado\/","url_meta":{"origin":5852,"position":2},"title":"Militares retirados en Colombia, vinculados con el crimen organizado","author":"Lara Loaiza","date":"21 de febrero de 2022","format":false,"excerpt":"Tres altos mandos retirados del Ej\u00e9rcito colombiano han sido acusados de pertenecer a una red criminal que prestaba servicios a Los Urabe\u00f1os en el Pac\u00edfico colombiano, agregando un cap\u00edtulo m\u00e1s a la larga historia de cooperaci\u00f3n entre el crimen organizado y los militares en Colombia.","rel":"","context":"En \u00abNoticias\u00bb","block_context":{"text":"Noticias","link":"https:\/\/insightcrime.org\/es\/category\/noticias\/"},"img":{"alt_text":"General retirado Leonardo Barrera es se\u00f1alado de tener v\u00ednculos con narcos","src":"https:\/\/i0.wp.com\/insightcrime.org\/wp-content\/uploads\/2022\/02\/Barrero-1.jpg?fit=350%2C250&quality=100&ssl=1&resize=350%2C200","width":350,"height":200},"classes":[]},{"id":209122,"url":"https:\/\/insightcrime.org\/es\/noticias\/otoniel-se-declara-culpable-adios-al-ultimo-capo-de-colombia\/","url_meta":{"origin":5852,"position":3},"title":"Otoniel se declara culpable: adi\u00f3s a la vieja guardia de capos de Colombia","author":"Juan Diego Posada","date":"26 de enero de 2023","format":false,"excerpt":"Otoniel, el antiguo jefe de los Urabe\u00f1os, se declar\u00f3 culpable de varios delitos ante una jueza en Estados Unidos. Su declaraci\u00f3n pone fin a una era dominada por los capos de Colombia en el narcotr\u00e1fico mundial. El bajo mundo criminal de Colombia ya no est\u00e1 dominado por poderosos capos de\u2026","rel":"","context":"En \u00abNoticias\u00bb","block_context":{"text":"Noticias","link":"https:\/\/insightcrime.org\/es\/category\/noticias\/"},"img":{"alt_text":"","src":"https:\/\/i0.wp.com\/insightcrime.org\/wp-content\/uploads\/2023\/01\/Colombia-police-escort-Dairo-Antonio-Usuga-Otoniel-May-2022-AP23025714047594-A2.jpg?fit=1200%2C690&quality=100&ssl=1&resize=350%2C200","width":350,"height":200,"srcset":"https:\/\/i0.wp.com\/insightcrime.org\/wp-content\/uploads\/2023\/01\/Colombia-police-escort-Dairo-Antonio-Usuga-Otoniel-May-2022-AP23025714047594-A2.jpg?fit=1200%2C690&quality=100&ssl=1&resize=350%2C200 1x, https:\/\/i0.wp.com\/insightcrime.org\/wp-content\/uploads\/2023\/01\/Colombia-police-escort-Dairo-Antonio-Usuga-Otoniel-May-2022-AP23025714047594-A2.jpg?fit=1200%2C690&quality=100&ssl=1&resize=525%2C300 1.5x, https:\/\/i0.wp.com\/insightcrime.org\/wp-content\/uploads\/2023\/01\/Colombia-police-escort-Dairo-Antonio-Usuga-Otoniel-May-2022-AP23025714047594-A2.jpg?fit=1200%2C690&quality=100&ssl=1&resize=700%2C400 2x, https:\/\/i0.wp.com\/insightcrime.org\/wp-content\/uploads\/2023\/01\/Colombia-police-escort-Dairo-Antonio-Usuga-Otoniel-May-2022-AP23025714047594-A2.jpg?fit=1200%2C690&quality=100&ssl=1&resize=1050%2C600 3x"},"classes":[]},{"id":4882,"url":"https:\/\/insightcrime.org\/es\/colombia-organized-crime-news\/dairo-antonio-usuga-alias-otoniel\/","url_meta":{"origin":5852,"position":4},"title":"Dairo Antonio \u00dasuga, alias &#8216;Otoniel&#8217;","author":"InSight Crime","date":"30 de enero de 2023","format":false,"excerpt":"Dairo Antonio \u00dasuga, alias \u201cOtoniel\u201d, fue el comandante en jefe de la organizaci\u00f3n criminal m\u00e1s poderosa de Colombia, y el hombre m\u00e1s buscado del pa\u00eds.","rel":"","context":"En \u00abColombia\u00bb","block_context":{"text":"Colombia","link":"https:\/\/insightcrime.org\/category\/colombia-organized-crime-news\/"},"img":{"alt_text":"Alias \"Otoniel\"","src":"https:\/\/i0.wp.com\/insightcrime.org\/wp-content\/uploads\/2026\/06\/Perfil-Criminal-Alias-Otoniel-1.jpg?fit=1200%2C900&quality=100&ssl=1&resize=350%2C200","width":350,"height":200,"srcset":"https:\/\/i0.wp.com\/insightcrime.org\/wp-content\/uploads\/2026\/06\/Perfil-Criminal-Alias-Otoniel-1.jpg?fit=1200%2C900&quality=100&ssl=1&resize=350%2C200 1x, https:\/\/i0.wp.com\/insightcrime.org\/wp-content\/uploads\/2026\/06\/Perfil-Criminal-Alias-Otoniel-1.jpg?fit=1200%2C900&quality=100&ssl=1&resize=525%2C300 1.5x, https:\/\/i0.wp.com\/insightcrime.org\/wp-content\/uploads\/2026\/06\/Perfil-Criminal-Alias-Otoniel-1.jpg?fit=1200%2C900&quality=100&ssl=1&resize=700%2C400 2x, https:\/\/i0.wp.com\/insightcrime.org\/wp-content\/uploads\/2026\/06\/Perfil-Criminal-Alias-Otoniel-1.jpg?fit=1200%2C900&quality=100&ssl=1&resize=1050%2C600 3x"},"classes":[]},{"id":66349,"url":"https:\/\/insightcrime.org\/es\/noticias-crimen-organizado-colombia\/don-berna\/","url_meta":{"origin":5852,"position":5},"title":"Diego Fernando Murillo, alias &#8216;Don Berna&#8217;","author":"InSight Crime","date":"3 de julio de 2024","format":false,"excerpt":"Hasta su extradici\u00f3n a Estados Unidos en 2008, Diego Fernando Murillo, alias \u201cDon Berna\u201d, fue el l\u00edder del grupo mafioso de la Oficina de Envigado, el cual creci\u00f3 de las cenizas del Cartel de Medell\u00edn de Pablo Escobar.","rel":"","context":"En \u00abColombia\u00bb","block_context":{"text":"Colombia","link":"https:\/\/insightcrime.org\/es\/category\/noticias-crimen-organizado-colombia\/"},"img":{"alt_text":"Perfil criminal - Diego Fernando Murillo, alias 'Don Berna' - Colombia.","src":"https:\/\/i0.wp.com\/insightcrime.org\/wp-content\/uploads\/2026\/08\/Perfil-Criminal-Alias-Don-Berna-Colombia.jpg?fit=1200%2C900&quality=100&ssl=1&resize=350%2C200","width":350,"height":200,"srcset":"https:\/\/i0.wp.com\/insightcrime.org\/wp-content\/uploads\/2026\/08\/Perfil-Criminal-Alias-Don-Berna-Colombia.jpg?fit=1200%2C900&quality=100&ssl=1&resize=350%2C200 1x, https:\/\/i0.wp.com\/insightcrime.org\/wp-content\/uploads\/2026\/08\/Perfil-Criminal-Alias-Don-Berna-Colombia.jpg?fit=1200%2C900&quality=100&ssl=1&resize=525%2C300 1.5x, https:\/\/i0.wp.com\/insightcrime.org\/wp-content\/uploads\/2026\/08\/Perfil-Criminal-Alias-Don-Berna-Colombia.jpg?fit=1200%2C900&quality=100&ssl=1&resize=700%2C400 2x, https:\/\/i0.wp.com\/insightcrime.org\/wp-content\/uploads\/2026\/08\/Perfil-Criminal-Alias-Don-Berna-Colombia.jpg?fit=1200%2C900&quality=100&ssl=1&resize=1050%2C600 3x"},"classes":[]}],"jetpack_featured_media_url":"https:\/\/i0.wp.com\/insightcrime.org\/wp-content\/uploads\/2026\/08\/Perfil-Criminal-Alias-Megateo-Colombia.jpg?fit=1200%2C900&quality=100&ssl=1","_links":{"self":[{"href":"https:\/\/insightcrime.org\/es\/wp-json\/wp\/v2\/posts\/5852","targetHints":{"allow":["GET"]}}],"collection":[{"href":"https:\/\/insightcrime.org\/es\/wp-json\/wp\/v2\/posts"}],"about":[{"href":"https:\/\/insightcrime.org\/es\/wp-json\/wp\/v2\/types\/post"}],"author":[{"embeddable":true,"href":"https:\/\/insightcrime.org\/es\/wp-json\/wp\/v2\/users\/188"}],"replies":[{"embeddable":true,"href":"https:\/\/insightcrime.org\/es\/wp-json\/wp\/v2\/comments?post=5852"}],"version-history":[{"count":9,"href":"https:\/\/insightcrime.org\/es\/wp-json\/wp\/v2\/posts\/5852\/revisions"}],"predecessor-version":[{"id":335199,"href":"https:\/\/insightcrime.org\/es\/wp-json\/wp\/v2\/posts\/5852\/revisions\/335199"}],"wp:featuredmedia":[{"embeddable":true,"href":"https:\/\/insightcrime.org\/es\/wp-json\/wp\/v2\/media\/349612"}],"wp:attachment":[{"href":"https:\/\/insightcrime.org\/es\/wp-json\/wp\/v2\/media?parent=5852"}],"wp:term":[{"taxonomy":"category","embeddable":true,"href":"https:\/\/insightcrime.org\/es\/wp-json\/wp\/v2\/categories?post=5852"},{"taxonomy":"post_tag","embeddable":true,"href":"https:\/\/insightcrime.org\/es\/wp-json\/wp\/v2\/tags?post=5852"},{"taxonomy":"newspack_spnsrs_tax","embeddable":true,"href":"https:\/\/insightcrime.org\/es\/wp-json\/wp\/v2\/newspack_spnsrs_tax?post=5852"},{"taxonomy":"author","embeddable":true,"href":"https:\/\/insightcrime.org\/es\/wp-json\/wp\/v2\/coauthors?post=5852"}],"curies":[{"name":"wp","href":"https:\/\/api.w.org\/{rel}","templated":true}]}}