{"id":5897,"date":"2013-09-13T19:58:08","date_gmt":"2017-03-27T23:56:01","guid":{"rendered":"http:\/\/newwp.insightcrime.org?p=5897"},"modified":"2023-04-24T15:33:21","modified_gmt":"2023-04-24T20:33:21","slug":"uruguay-considera-deportar-a-presos-extranjeros","status":"publish","type":"post","link":"https:\/\/insightcrime.org\/es\/noticias\/noticias-del-dia\/uruguay-considera-deportar-a-presos-extranjeros\/","title":{"rendered":"Uruguay considera deportar a presos extranjeros"},"content":{"rendered":"\n<p class=\"wp-block-paragraph\">Uruguay est\u00e1 considerando la posibilidad de deportar a criminales extranjeros de vuelta a su pa\u00eds de origen; una medida que podr\u00eda desobstruir el sistema penitenciario y ayudar a prevenir que el crimen organizado se arraigue en el pa\u00eds, o podr\u00eda ser contraproducente y causar estragos, tanto adentro como afuera de las c\u00e1rceles.<\/p>\n\n\n\n<p class=\"wp-block-paragraph\">La noticia llega tras la controversia en Uruguay sobre la liberaci\u00f3n por parte de Argentina del ladr\u00f3n de bancos y de joyas uruguayo de alto perfil Luis Mario Vitette, <a href=\"https:\/\/www.elpais.com.uy\/informacion\/ladron-uruguayo-famoso-quedo-libre.html\" target=\"_blank\">quien fue liberado<\/a> y enviado de vuelta a su pa\u00eds de origen despu\u00e9s de cumplir una condena de menos de ocho a\u00f1os de una condena original de 21 a\u00f1os, <a href=\"https:\/\/www.elobservador.com.uy\/noticia\/259839\/uruguay-exporta-casi-tres-veces-mas-delincuentes-de-los-que-recibe\/\" target=\"_blank\">inform\u00f3 El Observador<\/a>.<\/p>\n\n\n\n<p class=\"wp-block-paragraph\">La movida condujo al ministro del Interior uruguayo, Eduardo Bonomi, a <a href=\"https:\/\/www.espectador.com\/noticias\/272807\/liberacion-en-argentina-de-presos-preocupa-a-bonomi\" target=\"_blank\">expresar su preocupaci\u00f3n<\/a> sobre la pr\u00e1ctica de Argentina de liberar y deportar criminales extranjeros al cumplir la mitad de su condena en la c\u00e1rcel.<\/p>\n\n\n\n<p class=\"wp-block-paragraph\">Seg\u00fan El Observador, el viceministro del Interior de Uruguay Jorge V\u00e1zquez, consider\u00f3 imitar la pol\u00edtica de Argentina. Pero Bonomi dej\u00f3 claro en una conferencia de prensa el 11 de septiembre que los criminales deportados de Uruguay deber\u00e1n completar sus condenas en su pa\u00eds de origen.<\/p>\n\n\n\n<p class=\"wp-block-paragraph\">El n\u00famero de uruguayos detenidos en el extranjero -incluyendo 600 en Argentina- es m\u00e1s del triple de la poblaci\u00f3n reclusa extranjera en Uruguay. Casi la mitad de la poblaci\u00f3n reclusa extranjera de Uruguay est\u00e1 vinculada al narcotr\u00e1fico, seg\u00fan El Observador.<\/p>\n\n\n\n<p class=\"wp-block-paragraph\">En los \u00faltimos dos a\u00f1os, Argentina ha liberado y deportado a 150 uruguayos, <a href=\"https:\/\/www.elpais.com.uy\/informacion\/fiscal-corte-cree-conveniente-expulsar.html\" target=\"_blank\">inform\u00f3 El Pa\u00eds<\/a>.<\/p>\n\n\n\n<figure class=\"wp-block-image is-resized\"><img data-recalc-dims=\"1\" loading=\"lazy\" decoding=\"async\" src=\"https:\/\/i0.wp.com\/es.insightcrime.org\/images\/UruguayMap.jpg?resize=654%2C718&#038;quality=100&#038;ssl=1\" alt=\"UruguayMap\" height=\"718\" width=\"654\"\/><\/figure>\n\n\n\n<h3 class=\"wp-block-heading\">An\u00e1lisis de InSight Crime<\/h3>\n\n\n\n<p class=\"wp-block-paragraph\">Si bien la cuesti\u00f3n de las deportaciones de prisioneros parece haber llegado a la agenda en Uruguay, debido a la indignaci\u00f3n por el caso de Vitette, tambi\u00e9n puede servir como una forma de desobstruir los sistemas penitenciarios de Uruguay.<\/p>\n\n\n\n<p class=\"wp-block-paragraph\">Otro posible efecto de esa medida ser\u00eda la prevenci\u00f3n de la infiltraci\u00f3n del crimen organizado en el pa\u00eds, que sigue siendo uno de los pa\u00edses menos contaminados por los grupos criminales de la regi\u00f3n, ya que el crimen organizado a menudo <a href=\"\/investigaciones\/parte-ii-pandillas-deportaciones-y-violencia-en-centroamerica-*\" target=\"_blank\">migra a trav\u00e9s del sistema penitenciario.<\/a><\/p>\n\n\n\n<p class=\"wp-block-paragraph\">En Venezuela, Brasil y a lo largo del Tri\u00e1ngulo del Norte de Centroam\u00e9rica -Guatemala, El Salvador y Honduras-, las prisiones han sido un caldo de cultivo para las pandillas y los grupos criminales, y en cada uno de esos lugares<a href=\"\/news\/analysis\/venezuela-prison-abandoned-massacre-61-dead\" target=\"_blank\"> las pandillas manejan el sistema penitenciario.<\/a><\/p>\n\n\n\n<p class=\"wp-block-paragraph\"><strong>VEA TAMBI\u00c9N<\/strong>: <a href=\"\/tregua-pandillas-el-salvador\/una-mirada-al-interior-de-la-pesadilla-en-la-prision-en-el-salvador-video\" target=\"_blank\">Una mirada al interior de la prisi\u00f3n en El Salvador<\/a><\/p>\n\n\n\n<p class=\"wp-block-paragraph\">Sin embargo, dado el desequilibrio entre los uruguayos detenidos en el extranjero en comparaci\u00f3n con la poblaci\u00f3n reclusa extranjera en el pa\u00eds, cualquier movimiento para iniciar la deportaci\u00f3n de presos podr\u00eda causar estragos en Uruguay si los pa\u00edses que reciben presos siguen su ejemplo. No s\u00f3lo Uruguay probablemente recibir\u00eda muchos m\u00e1s presos de los que deportar\u00eda, sino que esos presos vendr\u00edan de pa\u00edses donde el <a href=\"\/news\/briefs\/brazil-prison-gang-conducted-10-hour-conference-call\" target=\"_blank\">crimen organizado est\u00e1 mucho m\u00e1s arraigado<\/a>. Esto podr\u00eda resultar en la importaci\u00f3n de la criminalidad, como se vio entre las pandillas \u201cmaras\u201d en Centroam\u00e9rica, que se originaron en el sistema penitenciario de Estados Unidos.<\/p>\n","protected":false},"excerpt":{"rendered":"<p>Uruguay est\u00e1 considerando la posibilidad de deportar a criminales extranjeros de vuelta a su pa\u00eds de origen; una medida que podr\u00eda desobstruir el sistema penitenciario y ayudar a prevenir que el crimen organizado se arraigue en el pa\u00eds, o podr\u00eda ser contraproducente y causar estragos, tanto adentro como afuera de las c\u00e1rceles.<\/p>\n","protected":false},"author":22,"featured_media":38537,"comment_status":"closed","ping_status":"closed","sticky":false,"template":"","format":"standard","meta":{"newspack_ads_suppress_ads":false,"newspack_popups_has_disabled_popups":false,"newspack_sponsor_sponsorship_scope":"","newspack_sponsor_native_byline_display":"inherit","newspack_sponsor_native_category_display":"inherit","newspack_sponsor_underwriter_style":"inherit","newspack_sponsor_underwriter_placement":"inherit","_EventAllDay":false,"_EventTimezone":"","_EventStartDate":"","_EventEndDate":"","_EventStartDateUTC":"","_EventEndDateUTC":"","_EventShowMap":false,"_EventShowMapLink":false,"_EventURL":"","_EventCost":"","_EventCostDescription":"","_EventCurrencySymbol":"","_EventCurrencyCode":"","_EventCurrencyPosition":"","_EventDateTimeSeparator":"","_EventTimeRangeSeparator":"","_EventOrganizerID":[],"_EventVenueID":[],"_OrganizerEmail":"","_OrganizerPhone":"","_OrganizerWebsite":"","_VenueAddress":"","_VenueCity":"","_VenueCountry":"","_VenueProvince":"","_VenueState":"","_VenueZip":"","_VenuePhone":"","_VenueURL":"","_VenueStateProvince":"","_VenueLat":"","_VenueLng":"","_VenueShowMap":false,"_VenueShowMapLink":false,"_newspack_byline_active":false,"_newspack_byline":"","newspack_hide_updated_date":false,"newspack_show_updated_date":false,"newspack_featured_image_position":"","newspack_post_subtitle":"","newspack_article_summary_title":"Overview:","newspack_article_summary":"","_jetpack_memberships_contains_paid_content":false,"footnotes":""},"categories":[334],"tags":[455,3021,427],"newspack_spnsrs_tax":[],"coauthors":[3847],"class_list":["post-5897","post","type-post","status-publish","format-standard","has-post-thumbnail","hentry","category-noticias-del-dia","tag-infografias","tag-prisiones-es","tag-uruguay-pais","entry"],"parsely":{"version":"1.1.0","canonical_url":"https:\/\/insightcrime.org\/es\/noticias\/noticias-del-dia\/uruguay-considera-deportar-a-presos-extranjeros\/","smart_links":{"inbound":0,"outbound":0},"traffic_boost_suggestions_count":0,"meta":{"@context":"https:\/\/schema.org","@type":"NewsArticle","headline":"Uruguay considera deportar a presos extranjeros","url":"http:\/\/insightcrime.org\/es\/noticias\/noticias-del-dia\/uruguay-considera-deportar-a-presos-extranjeros\/","mainEntityOfPage":{"@type":"WebPage","@id":"http:\/\/insightcrime.org\/es\/noticias\/noticias-del-dia\/uruguay-considera-deportar-a-presos-extranjeros\/"},"thumbnailUrl":"https:\/\/i0.wp.com\/insightcrime.org\/wp-content\/uploads\/2013\/09\/es-45236d948a2e9f986024323d7d6adfed.jpg?resize=150%2C150&quality=100&ssl=1","image":{"@type":"ImageObject","url":"https:\/\/i0.wp.com\/insightcrime.org\/wp-content\/uploads\/2013\/09\/es-45236d948a2e9f986024323d7d6adfed.jpg?fit=280%2C169&quality=100&ssl=1"},"articleSection":"Noticias del d\u00eda","author":[{"@type":"Person","name":"Charles Parkinson"}],"creator":["Charles Parkinson"],"publisher":{"@type":"Organization","name":"InSight Crime","logo":"https:\/\/insightcrime.org\/wp-content\/uploads\/2023\/08\/logo.png"},"keywords":["infograf\u00edas","prisiones","uruguay"],"dateCreated":"2017-03-27T23:56:01Z","datePublished":"2017-03-27T23:56:01Z","dateModified":"2023-04-24T20:33:21Z"},"rendered":"<meta name=\"parsely-title\" content=\"Uruguay considera deportar a presos extranjeros\" \/>\n<meta name=\"parsely-link\" content=\"http:\/\/insightcrime.org\/es\/noticias\/noticias-del-dia\/uruguay-considera-deportar-a-presos-extranjeros\/\" \/>\n<meta name=\"parsely-type\" content=\"post\" \/>\n<meta name=\"parsely-image-url\" content=\"https:\/\/i0.wp.com\/insightcrime.org\/wp-content\/uploads\/2013\/09\/es-45236d948a2e9f986024323d7d6adfed.jpg?resize=150%2C150&amp;quality=100&amp;ssl=1\" \/>\n<meta name=\"parsely-pub-date\" content=\"2017-03-27T23:56:01Z\" \/>\n<meta name=\"parsely-section\" content=\"Noticias del d\u00eda\" \/>\n<meta name=\"parsely-tags\" content=\"infograf\u00edas,prisiones,uruguay\" \/>\n<meta name=\"parsely-author\" content=\"Charles Parkinson\" \/>","tracker_url":"https:\/\/cdn.parsely.com\/keys\/insightcrime.org\/p.js"},"jetpack_sharing_enabled":true,"jetpack-related-posts":[{"id":138210,"url":"https:\/\/insightcrime.org\/es\/noticias\/uruguay-foco-trata-mujeres-europa\/","url_meta":{"origin":5897,"position":0},"title":"Uruguay sigue siendo foco de trata de mujeres hacia Europa","author":"Gabrielle Gorder","date":"16 de marzo de 2021","format":false,"excerpt":"Una colaboraci\u00f3n entre las autoridades de Uruguay y Espa\u00f1a para desmantelar una red internacional de tr\u00e1fico sexual revela que el pa\u00eds suramericano sigue siendo una fuente de env\u00edo de mujeres esclavizadas hacia Europa.","rel":"","context":"En \u00abNoticias\u00bb","block_context":{"text":"Noticias","link":"https:\/\/insightcrime.org\/es\/category\/noticias\/"},"img":{"alt_text":"","src":"https:\/\/i0.wp.com\/insightcrime.org\/wp-content\/uploads\/2021\/03\/Uruguay-Spain-International-Human-Trafficking-Ring-2021-03-16.jpg?fit=395%2C282&quality=100&ssl=1&resize=350%2C200","width":350,"height":200},"classes":[]},{"id":320891,"url":"https:\/\/insightcrime.org\/es\/noticias\/fiscal-general-de-uruguay-atacada-tras-incautacion-ligada-marset\/","url_meta":{"origin":5897,"position":1},"title":"Fiscal general de Uruguay atacada tras incautaci\u00f3n ligada a Marset","author":"Christopher Newton","date":"30 de septiembre de 2025","format":false,"excerpt":"Un atentado contra la fiscal general interina de Uruguay M\u00f3nica Ferrero evidencia el creciente poder de las organizaciones de narcotr\u00e1fico y los posibles v\u00ednculos de Sebasti\u00e1n Marset, en un pa\u00eds que rara vez enfrenta ataques contra funcionarios pero que gana peso en el tr\u00e1nsito internacional de coca\u00edna.","rel":"","context":"En \u00abNoticias\u00bb","block_context":{"text":"Noticias","link":"https:\/\/insightcrime.org\/es\/category\/noticias\/"},"img":{"alt_text":"","src":"https:\/\/i0.wp.com\/insightcrime.org\/wp-content\/uploads\/2025\/09\/punta-espinillo-los-albin-cocaina.png?fit=350%2C250&quality=100&ssl=1&resize=350%2C200","width":350,"height":200},"classes":[]},{"id":195232,"url":"https:\/\/insightcrime.org\/es\/noticias\/uruguay-cobra-importancia-trafico-de-armas-entre-argentina-y-brasil\/","url_meta":{"origin":5897,"position":2},"title":"Uruguay cobra importancia en tr\u00e1fico de armas entre Argentina y Brasil","author":"Gabrielle Gorder","date":"12 de agosto de 2022","format":false,"excerpt":"Una seguidilla de casos de tr\u00e1fico de armas, peque\u00f1os pero seguidos uno tras otro en Uruguay muestra c\u00f3mo el pa\u00eds se ha convertido en foco de tr\u00e1nsito para el env\u00edo ilegal de armas desde Argentina hacia Brasil.","rel":"","context":"En \u00abNoticias\u00bb","block_context":{"text":"Noticias","link":"https:\/\/insightcrime.org\/es\/category\/noticias\/"},"img":{"alt_text":"Armas incautadas por las autoridades uruguayas","src":"https:\/\/i0.wp.com\/insightcrime.org\/wp-content\/uploads\/2022\/08\/Uruguay-Navy-4822.png?fit=783%2C586&quality=100&ssl=1&resize=350%2C200","width":350,"height":200,"srcset":"https:\/\/i0.wp.com\/insightcrime.org\/wp-content\/uploads\/2022\/08\/Uruguay-Navy-4822.png?fit=783%2C586&quality=100&ssl=1&resize=350%2C200 1x, https:\/\/i0.wp.com\/insightcrime.org\/wp-content\/uploads\/2022\/08\/Uruguay-Navy-4822.png?fit=783%2C586&quality=100&ssl=1&resize=525%2C300 1.5x, https:\/\/i0.wp.com\/insightcrime.org\/wp-content\/uploads\/2022\/08\/Uruguay-Navy-4822.png?fit=783%2C586&quality=100&ssl=1&resize=700%2C400 2x"},"classes":[]},{"id":5717,"url":"https:\/\/insightcrime.org\/es\/noticias-crimen-organizado-uruguay\/uruguay\/","url_meta":{"origin":5897,"position":3},"title":"Perfil de Uruguay","author":"InSight Crime","date":"17 de marzo de 2022","format":false,"excerpt":"Aunque Uruguay sigue siendo una de las naciones m\u00e1s estables del continente, su creciente papel en el tr\u00e1fico internacional de coca\u00edna y el deterioro de su sistema penitenciario representan riesgos importantes para su seguridad.","rel":"","context":"En \u00abUruguay\u00bb","block_context":{"text":"Uruguay","link":"https:\/\/insightcrime.org\/es\/category\/noticias-crimen-organizado-uruguay\/"},"img":{"alt_text":"","src":"https:\/\/i0.wp.com\/insightcrime.org\/wp-content\/uploads\/2022\/03\/Operativo-fiestas-DB_15.jpg?fit=350%2C250&quality=100&ssl=1&resize=350%2C200","width":350,"height":200},"classes":[]},{"id":232475,"url":"https:\/\/insightcrime.org\/es\/noticias\/3-obstaculos-lucha-contra-lavado-dinero-uruguay\/","url_meta":{"origin":5897,"position":4},"title":"3 obst\u00e1culos para la lucha contra el lavado de dinero en Uruguay","author":"Christopher Newton","date":"4 de septiembre de 2023","format":false,"excerpt":"Seg\u00fan un reciente informe del gobierno de Uruguay, los casos de lavado de dinero vinculados al narcotr\u00e1fico pr\u00e1cticamente se duplicaron en los \u00faltimos cinco a\u00f1os, lo que lleva a pensar que los criminales se est\u00e1n aprovechando de las laxas regulaciones del pa\u00eds. El 1 de septiembre, la Secretar\u00eda Nacional para\u2026","rel":"","context":"En \u00abNoticias\u00bb","block_context":{"text":"Noticias","link":"https:\/\/insightcrime.org\/es\/category\/noticias\/"},"img":{"alt_text":"Uruguay's Central Bank","src":"https:\/\/i0.wp.com\/insightcrime.org\/wp-content\/uploads\/2023\/09\/banco_central_uy-1.jpg?fit=350%2C250&quality=100&ssl=1&resize=350%2C200","width":350,"height":200},"classes":[]},{"id":344754,"url":"https:\/\/insightcrime.org\/es\/noticias\/on-the-radar-reacomodos-criminales-ecuador-y-venezuela-y-segunda-vuelta-marcada-por-seguridad-colombia\/","url_meta":{"origin":5897,"position":5},"title":"On the Radar: Reacomodos criminales en Ecuador y Venezuela, y  segunda vuelta electoral en Colombia\u00a0","author":"Creusa Mu\u00f1oz","date":"18 de junio de 2026","format":false,"excerpt":"La captura en Ecuador del hermano de alias \u201cFito\u201d, la muerte de \u201cNi\u00f1o Guerrero\u201d en Venezuela y las propuestas de seguridad que atraviesan la segunda vuelta presidencial en Colombia marcan la edici\u00f3n de esta semana de On the Radar.","rel":"","context":"En \u00abNoticias\u00bb","block_context":{"text":"Noticias","link":"https:\/\/insightcrime.org\/es\/category\/noticias\/"},"img":{"alt_text":"","src":"https:\/\/i0.wp.com\/insightcrime.org\/wp-content\/uploads\/2026\/06\/Junio-OTR-template-featured-image-website-2026-2.jpg?fit=1200%2C675&quality=100&ssl=1&resize=350%2C200","width":350,"height":200,"srcset":"https:\/\/i0.wp.com\/insightcrime.org\/wp-content\/uploads\/2026\/06\/Junio-OTR-template-featured-image-website-2026-2.jpg?fit=1200%2C675&quality=100&ssl=1&resize=350%2C200 1x, https:\/\/i0.wp.com\/insightcrime.org\/wp-content\/uploads\/2026\/06\/Junio-OTR-template-featured-image-website-2026-2.jpg?fit=1200%2C675&quality=100&ssl=1&resize=525%2C300 1.5x, https:\/\/i0.wp.com\/insightcrime.org\/wp-content\/uploads\/2026\/06\/Junio-OTR-template-featured-image-website-2026-2.jpg?fit=1200%2C675&quality=100&ssl=1&resize=700%2C400 2x, https:\/\/i0.wp.com\/insightcrime.org\/wp-content\/uploads\/2026\/06\/Junio-OTR-template-featured-image-website-2026-2.jpg?fit=1200%2C675&quality=100&ssl=1&resize=1050%2C600 3x"},"classes":[]}],"jetpack_featured_media_url":"https:\/\/i0.wp.com\/insightcrime.org\/wp-content\/uploads\/2013\/09\/es-45236d948a2e9f986024323d7d6adfed.jpg?fit=280%2C169&quality=100&ssl=1","_links":{"self":[{"href":"https:\/\/insightcrime.org\/es\/wp-json\/wp\/v2\/posts\/5897","targetHints":{"allow":["GET"]}}],"collection":[{"href":"https:\/\/insightcrime.org\/es\/wp-json\/wp\/v2\/posts"}],"about":[{"href":"https:\/\/insightcrime.org\/es\/wp-json\/wp\/v2\/types\/post"}],"author":[{"embeddable":true,"href":"https:\/\/insightcrime.org\/es\/wp-json\/wp\/v2\/users\/22"}],"replies":[{"embeddable":true,"href":"https:\/\/insightcrime.org\/es\/wp-json\/wp\/v2\/comments?post=5897"}],"version-history":[{"count":2,"href":"https:\/\/insightcrime.org\/es\/wp-json\/wp\/v2\/posts\/5897\/revisions"}],"predecessor-version":[{"id":66416,"href":"https:\/\/insightcrime.org\/es\/wp-json\/wp\/v2\/posts\/5897\/revisions\/66416"}],"wp:featuredmedia":[{"embeddable":true,"href":"https:\/\/insightcrime.org\/es\/wp-json\/wp\/v2\/media\/38537"}],"wp:attachment":[{"href":"https:\/\/insightcrime.org\/es\/wp-json\/wp\/v2\/media?parent=5897"}],"wp:term":[{"taxonomy":"category","embeddable":true,"href":"https:\/\/insightcrime.org\/es\/wp-json\/wp\/v2\/categories?post=5897"},{"taxonomy":"post_tag","embeddable":true,"href":"https:\/\/insightcrime.org\/es\/wp-json\/wp\/v2\/tags?post=5897"},{"taxonomy":"newspack_spnsrs_tax","embeddable":true,"href":"https:\/\/insightcrime.org\/es\/wp-json\/wp\/v2\/newspack_spnsrs_tax?post=5897"},{"taxonomy":"author","embeddable":true,"href":"https:\/\/insightcrime.org\/es\/wp-json\/wp\/v2\/coauthors?post=5897"}],"curies":[{"name":"wp","href":"https:\/\/api.w.org\/{rel}","templated":true}]}}