{"id":5917,"date":"2013-09-19T18:55:00","date_gmt":"2017-03-27T23:56:07","guid":{"rendered":"http:\/\/newwp.insightcrime.org?p=5917"},"modified":"2023-04-24T15:33:28","modified_gmt":"2023-04-24T20:33:28","slug":"bolivia-promulga-primera-ley-de-control-de-armas","status":"publish","type":"post","link":"https:\/\/insightcrime.org\/es\/noticias\/noticias-del-dia\/bolivia-promulga-primera-ley-de-control-de-armas\/","title":{"rendered":"Bolivia promulga primera ley de control de armas"},"content":{"rendered":"\n<p class=\"wp-block-paragraph\">Bolivia ha promulgado la primera ley de armas, la cual es poco probable que tenga un impacto dram\u00e1tico en la ya baja tasa de homicidios del pa\u00eds, pero al menos, proporcionar\u00e1 herramientas al Estado para combatir el tr\u00e1fico de armas.<\/p>\n\n\n\n<p class=\"wp-block-paragraph\">La Ley de Control de Armas de Fuego, Municiones, Explosivos y otros materiales relacionados se aprob\u00f3 el 18 de septiembre \u2013cuatro a\u00f1os despu\u00e9s de haber sido&nbsp;<a href=\"https:\/\/eju.tv\/2009\/01\/proyecto-de-ley-de-armas-municiones-explosivos-y-otros-relacionados\/\" target=\"_blank\">propuesta por primera vez<\/a>&nbsp;en 2009\u2013&nbsp;<a href=\"https:\/\/www.eldiario.net\/noticias\/2013\/2013_09\/nt130919\/principal.php?n=79&amp;-trafico-ilicito-de-armas-es-delito-penal-sancionado-con-15-y-30-anios\" target=\"_blank\">inform\u00f3 El Diario<\/a>, y establece los l\u00edmites estrictos sobre qui\u00e9n puede tener un arma.&nbsp;<\/p>\n\n\n\n<p class=\"wp-block-paragraph\">La legislaci\u00f3n establece un plazo de seis meses para que los propietarios de armas registren o entreguen las armas antes de ser sometidos a una sentencia de un m\u00e1ximo de seis a\u00f1os en prisi\u00f3n por tenencia ilegal o cinco a\u00f1os por posesi\u00f3n ilegal, con sentencias m\u00e1s largas para armas de uso militar, <a href=\"https:\/\/www.lostiempos.com\/diario\/actualidad\/nacional\/20130919\/dan-6-meses-para-regularizar-armas_228742_494619.html\" target=\"_blank\">se\u00f1al\u00f3 Los Tiempos<\/a>. Asimismo, establece una pena m\u00e1xima de 30 a\u00f1os para cualquier miembro de las fuerzas de seguridad capturado por tr\u00e1fico de armas.<\/p>\n\n\n\n<p class=\"wp-block-paragraph\">Adem\u00e1s de regular las armas, la ley permite la producci\u00f3n de \u201ccualquier tipo\u201d de arma, a petici\u00f3n de las fuerzas armadas o la polic\u00eda, con la aprobaci\u00f3n de los ministerios de Gobierno y Defensa, <a href=\"https:\/\/www.la-razon.com\/nacional\/seguridad_nacional\/Bolivia-fabricar-armas-fuego-nueva_0_1909609037.html\" target=\"_blank\">inform\u00f3 La Raz\u00f3n<\/a>.<\/p>\n\n\n\n<p class=\"wp-block-paragraph\">Aunque no existen cifras oficiales sobre la propiedad civil de armas, el observatorio internacional de armas de fuego <a href=\"https:\/\/www.gunpolicy.org\/firearms\/region\/bolivia\" target=\"_blank\">Gun Policy reporta<\/a> que hay unas 260.000 armas de fuego en manos de civiles en circulaci\u00f3n, legales e ilegales.<\/p>\n\n\n\n<h3 class=\"wp-block-heading\">An\u00e1lisis de InSight Crime<\/h3>\n\n\n\n<p class=\"wp-block-paragraph\">Si bien las estad\u00edsticas de homicidios con armas no est\u00e1n disponibles en Bolivia, seg\u00fan el \u201c<a href=\"https:\/\/www.oas.org\/dsp\/alertamerica\/Report\/Alertamerica2012.pdf\" target=\"_blank\">Informe sobre seguridad ciudadana en las Am\u00e9ricas<\/a>\u201d de 2012 de la Organizaci\u00f3n de los Estados Americanos (OEA), el pa\u00eds tiene la cuarta tasa m\u00e1s baja de homicidios intencionales en Latinoam\u00e9rica continental \u2013detr\u00e1s de Chile, Argentina y Uruguay\u2013 con base en cifras de 2010. No obstante, como se\u00f1al\u00f3 la Oficina de las Naciones Unidas contra la Droga y el Delito (ONUDD) en su \u201c<a href=\"https:\/\/www.unodc.org\/documents\/data-and-analysis\/statistics\/Homicide\/Globa_study_on_homicide_2011_web.pdf\" target=\"_blank\">Estudio global sobre homicidios<\/a>\u201d de 2011 (en ingl\u00e9s), la tasa de homicidios en Bolivia ha aumentado en los \u00faltimos a\u00f1os \u2013de 6,5 por cada 100.000 habitantes en 2005 a 8,9 en 2010, mientras que las m\u00e1s reciente <a href=\"https:\/\/www.eldia.com.bo\/index.php?cat=1&amp;pla=3&amp;id_articulo=120850\" target=\"_blank\">cifras dadas a conocer por el gobierno<\/a> registraron una tasa de 11 por cada 100.000 habitantes\u2013.<\/p>\n\n\n\n<p class=\"wp-block-paragraph\">Pese a que la introducci\u00f3n de una nueva ley de armas estricta ubica a Bolivia a la vanguardia de la legislaci\u00f3n de armas \u2013un tema relevante en los dos pa\u00edses m\u00e1s violentos de la regi\u00f3n: Honduras y Venezuela\u2013 la <a href=\"\/noticias\/analisis\/%C2%BFleyes-de-armas-mas-estrictas-reducen-la-violencia-en-latinoamerica\" target=\"_blank\">investigaci\u00f3n sugiere<\/a> que dicha legislaci\u00f3n por s\u00ed sola no garantiza una reducci\u00f3n de la violencia armada.<\/p>\n\n\n\n<p class=\"wp-block-paragraph\">Pero, al menos introducir\u00e1 un marco jur\u00eddico para combatir el tr\u00e1fico de armas, que en el pasado ha estado vinculado tanto a las <a href=\"\/news\/briefs\/in-midst-of-gun-control-debate-bolivia-breaks-up-arm-trafficking-ring\" target=\"_blank\">fuerzas de seguridad<\/a> bolivianas como a <a href=\"\/news\/briefs\/bolivia-dismantles-gun-trafficking-ring\" target=\"_blank\">grupos extranjeros<\/a>. En este sentido, es particularmente notable que la nueva ley establezca penas duras para el tr\u00e1fico de armas llevado a cabo por las fuerzas de seguridad, las cuales tienen una reputaci\u00f3n de corrupci\u00f3n end\u00e9mica y <a href=\"\/news\/analysis\/bolivia-investigates-police-drug-cartels\" target=\"_blank\">han estado vinculadas<\/a> al crimen organizado.<\/p>\n","protected":false},"excerpt":{"rendered":"<p>Bolivia ha promulgado la primera ley de armas, la cual es poco probable que tenga un impacto dram\u00e1tico en la ya baja tasa de homicidios del pa\u00eds, pero al menos, proporcionar\u00e1 herramientas al Estado para combatir el tr\u00e1fico de armas.<\/p>\n","protected":false},"author":22,"featured_media":38578,"comment_status":"closed","ping_status":"closed","sticky":false,"template":"","format":"standard","meta":{"newspack_ads_suppress_ads":false,"newspack_popups_has_disabled_popups":false,"newspack_sponsor_sponsorship_scope":"","newspack_sponsor_native_byline_display":"inherit","newspack_sponsor_native_category_display":"inherit","newspack_sponsor_underwriter_style":"inherit","newspack_sponsor_underwriter_placement":"inherit","_EventAllDay":false,"_EventTimezone":"","_EventStartDate":"","_EventEndDate":"","_EventStartDateUTC":"","_EventEndDateUTC":"","_EventShowMap":false,"_EventShowMapLink":false,"_EventURL":"","_EventCost":"","_EventCostDescription":"","_EventCurrencySymbol":"","_EventCurrencyCode":"","_EventCurrencyPosition":"","_EventDateTimeSeparator":"","_EventTimeRangeSeparator":"","_EventOrganizerID":[],"_EventVenueID":[],"_OrganizerEmail":"","_OrganizerPhone":"","_OrganizerWebsite":"","_VenueAddress":"","_VenueCity":"","_VenueCountry":"","_VenueProvince":"","_VenueState":"","_VenueZip":"","_VenuePhone":"","_VenueURL":"","_VenueStateProvince":"","_VenueLat":"","_VenueLng":"","_VenueShowMap":false,"_VenueShowMapLink":false,"_newspack_byline_active":false,"_newspack_byline":"","newspack_hide_updated_date":false,"newspack_show_updated_date":false,"newspack_featured_image_position":"","newspack_post_subtitle":"","newspack_article_summary_title":"Overview:","newspack_article_summary":"","_jetpack_memberships_contains_paid_content":false,"footnotes":""},"categories":[334],"tags":[403,448],"newspack_spnsrs_tax":[],"coauthors":[3847],"class_list":["post-5917","post","type-post","status-publish","format-standard","has-post-thumbnail","hentry","category-noticias-del-dia","tag-bolivia-pais","tag-trafico-de-armas","entry"],"parsely":{"version":"1.1.0","canonical_url":"https:\/\/insightcrime.org\/es\/noticias\/noticias-del-dia\/bolivia-promulga-primera-ley-de-control-de-armas\/","smart_links":{"inbound":0,"outbound":0},"traffic_boost_suggestions_count":0,"meta":{"@context":"https:\/\/schema.org","@type":"NewsArticle","headline":"Bolivia promulga primera ley de control de armas","url":"http:\/\/insightcrime.org\/es\/noticias\/noticias-del-dia\/bolivia-promulga-primera-ley-de-control-de-armas\/","mainEntityOfPage":{"@type":"WebPage","@id":"http:\/\/insightcrime.org\/es\/noticias\/noticias-del-dia\/bolivia-promulga-primera-ley-de-control-de-armas\/"},"thumbnailUrl":"https:\/\/i0.wp.com\/insightcrime.org\/wp-content\/uploads\/2013\/09\/es-e4210687fa864c72dcbfd1fbb3f624b2.jpg?resize=150%2C150&quality=100&ssl=1","image":{"@type":"ImageObject","url":"https:\/\/i0.wp.com\/insightcrime.org\/wp-content\/uploads\/2013\/09\/es-e4210687fa864c72dcbfd1fbb3f624b2.jpg?fit=280%2C169&quality=100&ssl=1"},"articleSection":"Noticias del d\u00eda","author":[{"@type":"Person","name":"Charles Parkinson"}],"creator":["Charles Parkinson"],"publisher":{"@type":"Organization","name":"InSight Crime","logo":"https:\/\/insightcrime.org\/wp-content\/uploads\/2023\/08\/logo.png"},"keywords":["bolivia","tr\u00e1fico de armas"],"dateCreated":"2017-03-27T23:56:07Z","datePublished":"2017-03-27T23:56:07Z","dateModified":"2023-04-24T20:33:28Z"},"rendered":"<meta name=\"parsely-title\" content=\"Bolivia promulga primera ley de control de armas\" \/>\n<meta name=\"parsely-link\" content=\"http:\/\/insightcrime.org\/es\/noticias\/noticias-del-dia\/bolivia-promulga-primera-ley-de-control-de-armas\/\" \/>\n<meta name=\"parsely-type\" content=\"post\" \/>\n<meta name=\"parsely-image-url\" content=\"https:\/\/i0.wp.com\/insightcrime.org\/wp-content\/uploads\/2013\/09\/es-e4210687fa864c72dcbfd1fbb3f624b2.jpg?resize=150%2C150&amp;quality=100&amp;ssl=1\" \/>\n<meta name=\"parsely-pub-date\" content=\"2017-03-27T23:56:07Z\" \/>\n<meta name=\"parsely-section\" content=\"Noticias del d\u00eda\" \/>\n<meta name=\"parsely-tags\" content=\"bolivia,tr\u00e1fico de armas\" \/>\n<meta name=\"parsely-author\" content=\"Charles Parkinson\" \/>","tracker_url":"https:\/\/cdn.parsely.com\/keys\/insightcrime.org\/p.js"},"jetpack_sharing_enabled":true,"jetpack-related-posts":[{"id":183561,"url":"https:\/\/insightcrime.org\/es\/noticias\/chile-preocupa-trafico-armas-argentina\/","url_meta":{"origin":5917,"position":0},"title":"Chile ve con preocupaci\u00f3n tr\u00e1fico de armas desde Argentina","author":"Gabrielle Gorder","date":"26 de abril de 2022","format":false,"excerpt":"Las autoridades en Chile est\u00e1n encendiendo las alarmas por los repetidos decomisos de armas en peque\u00f1as cantidades que se est\u00e1n traficando por Argentina, en un momento en que la naci\u00f3n del Pac\u00edfico busca controlar el crimen organizado y mantener a raya las tasas de homicidios.","rel":"","context":"En \u00abNoticias\u00bb","block_context":{"text":"Noticias","link":"https:\/\/insightcrime.org\/es\/category\/noticias\/"},"img":{"alt_text":"tr\u00e1fico de armas a Chile","src":"https:\/\/i0.wp.com\/insightcrime.org\/wp-content\/uploads\/2022\/04\/ZYVNQSFEWRGRHNN33YHAGKKANU-e1650947454536.webp?fit=879%2C1174&quality=100&ssl=1&resize=350%2C200","width":350,"height":200,"srcset":"https:\/\/i0.wp.com\/insightcrime.org\/wp-content\/uploads\/2022\/04\/ZYVNQSFEWRGRHNN33YHAGKKANU-e1650947454536.webp?fit=879%2C1174&quality=100&ssl=1&resize=350%2C200 1x, https:\/\/i0.wp.com\/insightcrime.org\/wp-content\/uploads\/2022\/04\/ZYVNQSFEWRGRHNN33YHAGKKANU-e1650947454536.webp?fit=879%2C1174&quality=100&ssl=1&resize=525%2C300 1.5x, https:\/\/i0.wp.com\/insightcrime.org\/wp-content\/uploads\/2022\/04\/ZYVNQSFEWRGRHNN33YHAGKKANU-e1650947454536.webp?fit=879%2C1174&quality=100&ssl=1&resize=700%2C400 2x"},"classes":[]},{"id":195921,"url":"https:\/\/insightcrime.org\/es\/noticias\/puede-nueva-norma-estados-unidos-detener-flujo-armas-fuego-america-latina\/","url_meta":{"origin":5917,"position":1},"title":"\u00bfPuede nueva norma de EE. UU. detener el flujo de armas hacia Am\u00e9rica Latina?","author":"Anastasia Austin","date":"24 de agosto de 2022","format":false,"excerpt":"Una nueva legislaci\u00f3n en Estados Unidos pretende solucionar varias lagunas que han posibilitado la proliferaci\u00f3n del tr\u00e1fico de armas.","rel":"","context":"En \u00abNoticias\u00bb","block_context":{"text":"Noticias","link":"https:\/\/insightcrime.org\/es\/category\/noticias\/"},"img":{"alt_text":"Guns seized in Mexico after being smuggled in from the US","src":"https:\/\/i0.wp.com\/insightcrime.org\/wp-content\/uploads\/2022\/08\/Mexico-Guns-sit-on-display-Arsenal-seized-Gulf-Cartel-Nov-2008-AP_081107022709-A2-1.jpg?fit=1200%2C690&quality=100&ssl=1&resize=350%2C200","width":350,"height":200,"srcset":"https:\/\/i0.wp.com\/insightcrime.org\/wp-content\/uploads\/2022\/08\/Mexico-Guns-sit-on-display-Arsenal-seized-Gulf-Cartel-Nov-2008-AP_081107022709-A2-1.jpg?fit=1200%2C690&quality=100&ssl=1&resize=350%2C200 1x, https:\/\/i0.wp.com\/insightcrime.org\/wp-content\/uploads\/2022\/08\/Mexico-Guns-sit-on-display-Arsenal-seized-Gulf-Cartel-Nov-2008-AP_081107022709-A2-1.jpg?fit=1200%2C690&quality=100&ssl=1&resize=525%2C300 1.5x, https:\/\/i0.wp.com\/insightcrime.org\/wp-content\/uploads\/2022\/08\/Mexico-Guns-sit-on-display-Arsenal-seized-Gulf-Cartel-Nov-2008-AP_081107022709-A2-1.jpg?fit=1200%2C690&quality=100&ssl=1&resize=700%2C400 2x, https:\/\/i0.wp.com\/insightcrime.org\/wp-content\/uploads\/2022\/08\/Mexico-Guns-sit-on-display-Arsenal-seized-Gulf-Cartel-Nov-2008-AP_081107022709-A2-1.jpg?fit=1200%2C690&quality=100&ssl=1&resize=1050%2C600 3x"},"classes":[]},{"id":213862,"url":"https:\/\/insightcrime.org\/es\/noticias\/ecuador-facilita-acceso-armas-repunte-violencia\/","url_meta":{"origin":5917,"position":2},"title":"Ecuador facilita acceso a armas en medio de un repunte de violencia","author":"Sean Doherty","date":"7 de abril de 2023","format":false,"excerpt":"Ecuador permitir\u00e1 que los civiles porten armas como respuesta a la creciente inseguridad en el pa\u00eds, lo que podr\u00eda agravar la violencia al dar a los criminales un mayor acceso a las armas.","rel":"","context":"En \u00abNoticias\u00bb","block_context":{"text":"Noticias","link":"https:\/\/insightcrime.org\/es\/category\/noticias\/"},"img":{"alt_text":"Guillermo Lasso, presidente de Ecuador, hablando al pa\u00eds","src":"https:\/\/i0.wp.com\/insightcrime.org\/wp-content\/uploads\/2023\/04\/Guillermo-Lasso-TV-Armas-size.jpg?fit=350%2C250&quality=100&ssl=1&resize=350%2C200","width":350,"height":200},"classes":[]},{"id":232737,"url":"https:\/\/insightcrime.org\/es\/news\/interview\/gobiernos-latinoamerica-continuan-intentando-detener-flujo-armas\/","url_meta":{"origin":5917,"position":3},"title":"Gobiernos de Latinoam\u00e9rica contin\u00faan intentando detener el flujo de armas","author":"Henry Shuldiner","date":"24 de abril de 2023","format":false,"excerpt":"Entre los l\u00edderes latinoamericanos hay un renovado inter\u00e9s por enfrentar el tr\u00e1fico de armas hacia sus pa\u00edses, pero no est\u00e1 claro hasta qu\u00e9 punto podr\u00e1n debilitar este complicado comercio criminal transnacional.","rel":"","context":"En \u00abQ&amp;A\u00bb","block_context":{"text":"Q&amp;A","link":"https:\/\/insightcrime.org\/category\/news\/interview\/"},"img":{"alt_text":"Autoridades paraguayas con hombres arrestados por tr\u00e1fico de armas en una operaci\u00f3n internacional dirigida por Interpol.","src":"https:\/\/i0.wp.com\/insightcrime.org\/wp-content\/uploads\/2023\/09\/Mexic-Arms-Traffickong-Interpol-1804231-1.jpg?fit=350%2C250&quality=100&ssl=1&resize=350%2C200","width":350,"height":200},"classes":[]},{"id":147191,"url":"https:\/\/insightcrime.org\/es\/noticias\/barbados-encrucijada-alza-tasa-homicidios\/","url_meta":{"origin":5917,"position":4},"title":"Barbados en encrucijada por alza en tasa de homicidios","author":"Chris Dalby","date":"1 de junio de 2021","format":false,"excerpt":"Con tasas de homicidio m\u00e1s altas que nunca en 2019 y 2020, Barbados se enfrenta a un dilema: \u00bfpodr\u00e1 reducir la violencia o se pondr\u00e1 a la par de sus vecinos en el Caribe?","rel":"","context":"En \u00abNoticias\u00bb","block_context":{"text":"Noticias","link":"https:\/\/insightcrime.org\/es\/category\/noticias\/"},"img":{"alt_text":"Barbados police responding to a homicide","src":"https:\/\/i0.wp.com\/insightcrime.org\/wp-content\/uploads\/2021\/06\/M7kF0xA5rx.jpg?fit=350%2C250&quality=100&ssl=1&resize=350%2C200","width":350,"height":200},"classes":[]},{"id":194848,"url":"https:\/\/insightcrime.org\/es\/noticias\/tren-aragua-narcotrafico-disparan-homicidios-norte-chile\/","url_meta":{"origin":5917,"position":5},"title":"Tren de Aragua y narcotr\u00e1fico disparan homicidios en norte de Chile","author":"Henry Shuldiner","date":"9 de agosto de 2022","format":false,"excerpt":"Hay conmoci\u00f3n en la arena pol\u00edtica chilena con la oleada de homicidios en la regi\u00f3n de Tarapac\u00e1, al norte del pa\u00eds en la frontera con Bolivia, cuya tasa de homicidios alcanza niveles alarmantes.","rel":"","context":"En \u00abNoticias\u00bb","block_context":{"text":"Noticias","link":"https:\/\/insightcrime.org\/es\/category\/noticias\/"},"img":{"alt_text":"Manifestantes protestan contra violencia en Iquique, Chile","src":"https:\/\/i0.wp.com\/insightcrime.org\/wp-content\/uploads\/2022\/08\/Chile-Iquique-Violence-Financial-Journal-04072022.jpg?fit=350%2C250&quality=100&ssl=1&resize=350%2C200","width":350,"height":200},"classes":[]}],"jetpack_featured_media_url":"https:\/\/i0.wp.com\/insightcrime.org\/wp-content\/uploads\/2013\/09\/es-e4210687fa864c72dcbfd1fbb3f624b2.jpg?fit=280%2C169&quality=100&ssl=1","_links":{"self":[{"href":"https:\/\/insightcrime.org\/es\/wp-json\/wp\/v2\/posts\/5917","targetHints":{"allow":["GET"]}}],"collection":[{"href":"https:\/\/insightcrime.org\/es\/wp-json\/wp\/v2\/posts"}],"about":[{"href":"https:\/\/insightcrime.org\/es\/wp-json\/wp\/v2\/types\/post"}],"author":[{"embeddable":true,"href":"https:\/\/insightcrime.org\/es\/wp-json\/wp\/v2\/users\/22"}],"replies":[{"embeddable":true,"href":"https:\/\/insightcrime.org\/es\/wp-json\/wp\/v2\/comments?post=5917"}],"version-history":[{"count":1,"href":"https:\/\/insightcrime.org\/es\/wp-json\/wp\/v2\/posts\/5917\/revisions"}],"predecessor-version":[{"id":20686,"href":"https:\/\/insightcrime.org\/es\/wp-json\/wp\/v2\/posts\/5917\/revisions\/20686"}],"wp:featuredmedia":[{"embeddable":true,"href":"https:\/\/insightcrime.org\/es\/wp-json\/wp\/v2\/media\/38578"}],"wp:attachment":[{"href":"https:\/\/insightcrime.org\/es\/wp-json\/wp\/v2\/media?parent=5917"}],"wp:term":[{"taxonomy":"category","embeddable":true,"href":"https:\/\/insightcrime.org\/es\/wp-json\/wp\/v2\/categories?post=5917"},{"taxonomy":"post_tag","embeddable":true,"href":"https:\/\/insightcrime.org\/es\/wp-json\/wp\/v2\/tags?post=5917"},{"taxonomy":"newspack_spnsrs_tax","embeddable":true,"href":"https:\/\/insightcrime.org\/es\/wp-json\/wp\/v2\/newspack_spnsrs_tax?post=5917"},{"taxonomy":"author","embeddable":true,"href":"https:\/\/insightcrime.org\/es\/wp-json\/wp\/v2\/coauthors?post=5917"}],"curies":[{"name":"wp","href":"https:\/\/api.w.org\/{rel}","templated":true}]}}