{"id":5939,"date":"2013-09-26T17:07:26","date_gmt":"2017-03-27T23:56:14","guid":{"rendered":"http:\/\/newwp.insightcrime.org?p=5939"},"modified":"2023-04-24T15:33:36","modified_gmt":"2023-04-24T20:33:36","slug":"expertos-buscan-acabar-con-la-militarizacion-de-la-policia-en-latinoamerica","status":"publish","type":"post","link":"https:\/\/insightcrime.org\/es\/noticias\/noticias-del-dia\/expertos-buscan-acabar-con-la-militarizacion-de-la-policia-en-latinoamerica\/","title":{"rendered":"Expertos buscan acabar con la militarizaci\u00f3n de la polic\u00eda en Latinoam\u00e9rica"},"content":{"rendered":"\n<p class=\"wp-block-paragraph\">Expertos de diferentes pa\u00edses de Latinoam\u00e9rica han criticado la falta de resultados producidos por la militarizaci\u00f3n de la polic\u00eda en la regi\u00f3n, haciendo en su lugar un llamado a la depuraci\u00f3n y el fortalecimiento de las fuerzas policiales.<\/p>\n\n\n\n<p class=\"wp-block-paragraph\">Con la militarizaci\u00f3n de la lucha contra el crimen siendo un tema importante en el momento en la regi\u00f3n, expertos de El Salvador, Guatemala, Chile, M\u00e9xico y Nicaragua se reunieron el 24 de septiembre en Tegucigalpa, Honduras, para participar en el seminario \u201cReforma al sector Seguridad en Am\u00e9rica Latina, con \u00e9nfasis en las instituciones policiales\u201d.<\/p>\n\n\n\n<p class=\"wp-block-paragraph\">Los participantes han hecho un llamado a reformar y fortalecer la polic\u00eda en la regi\u00f3n, ya que, seg\u00fan afirman, debe ser \u00e9sta fuerza la que reduzca efectivamente la violencia. Se expres\u00f3 oposici\u00f3n a la militarizaci\u00f3n no s\u00f3lo porque la participaci\u00f3n de los militares en el combate a la violencia no ha dado los resultados esperados en algunos lugares, sino tambi\u00e9n debido a los casos de violaciones a los derechos humanos que se han presentado,<a href=\"\/news\/briefs\/experts-seek-end-to-militarization-of-latam-policing\" target=\"_blank\"> inform\u00f3 EFE<\/a>.<\/p>\n\n\n\n<h3 class=\"wp-block-heading\">&nbsp;An\u00e1lisis de InSight Crime<\/h3>\n\n\n\n<p class=\"wp-block-paragraph\">El seminario se lleva a cabo en un momento en el que la militarizaci\u00f3n de la polic\u00eda es un tema candente en la regi\u00f3n. Varios pa\u00edses han optado por la aplicaci\u00f3n de esta pol\u00edtica, aunque la estrategia no ha provocado una reducci\u00f3n significativa de la violencia y los <a href=\"\/news\/briefs\/2013-human-rights-watch-report-shows-little-improvement-for-mexico\" target=\"_blank\">reportes de violaciones a los Derechos Humanos<\/a>, como la tortura, las desapariciones y las ejecuciones extrajudiciales, han sido frecuentes.<\/p>\n\n\n\n<p class=\"wp-block-paragraph\">El debate es particularmente oportuno para M\u00e9xico y Honduras, los cuales se encuentran en el proceso de crear nuevas fuerzas policiales militares, en un intento por obtener un control sobre sus crisis de seguridad.<\/p>\n\n\n\n<p class=\"wp-block-paragraph\">En M\u00e9xico, el presidente Enrique Pe\u00f1a Nieto ha seguido dependiendo de las fuerzas militares para luchar contra el crimen organizado, mientras sigue adelante con los planes para crear una nueva fuerza de polic\u00eda militarizada: la Gendarmer\u00eda.&nbsp;En todo el pa\u00eds, los militares son m\u00e1s confiables que la polic\u00eda, aunque han estado implicados en graves <a href=\"https:\/\/www.es.amnesty.org\/paises\/mexico\/\" target=\"_blank\">violaciones a los Derechos Humanos<\/a>&nbsp;y en algunas zonas se han <a href=\"\/juarez-despues-guerra\/de-como-la-policia-el-ejercito-politicos-y-fiscales-determinaron-quien-gano-la-plaza-de-juarez\" target=\"_blank\">involucrado con el crimen organizado<\/a>.<\/p>\n\n\n\n<p class=\"wp-block-paragraph\">Honduras tambi\u00e9n ha tratado de abordar la crisis de seguridad a trav\u00e9s de medidas para militarizar las fuerzas de seguridad, incluida la<a href=\"\/noticias\/noticias-del-dia\/honduras-da-luz-verde-a-policia-militar\" target=\"_blank\"> reciente aprobaci\u00f3n<\/a> de la creaci\u00f3n de una Polic\u00eda Militar Orden P\u00fablico (POMP). Tambi\u00e9n ha desplegado el ej\u00e9rcito en las calles de la ciudad capital de Tegucigalpa, y en la ciudad m\u00e1s peligrosa del mundo: San Pedro Sula, y<a href=\"\/news\/briefs\/armed-forces-report-drop-in-san-pedro-sula-homicides\" target=\"_blank\">&nbsp;sus resultados a\u00fan no son claros<\/a>.<\/p>\n\n\n\n<p class=\"wp-block-paragraph\">La militarizaci\u00f3n de la polic\u00eda tiene algunas ventajas, particularmente al evadir a polic\u00edas corruptos y al contar con la capacidad para llevar a cabo operaciones de estilo militar contra los grupos del crimen organizado fuertemente armados. No obstante, y como sugieren los expertos, los resultados de estas medidas han sido hasta ahora mixtos y a menudo han estado acompa\u00f1ados de un alto precio a pagar.<\/p>\n","protected":false},"excerpt":{"rendered":"<p>Expertos de diferentes pa\u00edses de Latinoam\u00e9rica han criticado la falta de resultados producidos por la militarizaci\u00f3n de la polic\u00eda en la regi\u00f3n, haciendo en su lugar un llamado a la depuraci\u00f3n y el fortalecimiento de las fuerzas policiales.<\/p>\n","protected":false},"author":14,"featured_media":38623,"comment_status":"closed","ping_status":"closed","sticky":false,"template":"","format":"standard","meta":{"newspack_ads_suppress_ads":false,"newspack_popups_has_disabled_popups":false,"newspack_sponsor_sponsorship_scope":"","newspack_sponsor_native_byline_display":"inherit","newspack_sponsor_native_category_display":"inherit","newspack_sponsor_underwriter_style":"inherit","newspack_sponsor_underwriter_placement":"inherit","_EventAllDay":false,"_EventTimezone":"","_EventStartDate":"","_EventEndDate":"","_EventStartDateUTC":"","_EventEndDateUTC":"","_EventShowMap":false,"_EventShowMapLink":false,"_EventURL":"","_EventCost":"","_EventCostDescription":"","_EventCurrencySymbol":"","_EventCurrencyCode":"","_EventCurrencyPosition":"","_EventDateTimeSeparator":"","_EventTimeRangeSeparator":"","_EventOrganizerID":[],"_EventVenueID":[],"_OrganizerEmail":"","_OrganizerPhone":"","_OrganizerWebsite":"","_VenueAddress":"","_VenueCity":"","_VenueCountry":"","_VenueProvince":"","_VenueState":"","_VenueZip":"","_VenuePhone":"","_VenueURL":"","_VenueStateProvince":"","_VenueLat":"","_VenueLng":"","_VenueShowMap":false,"_VenueShowMapLink":false,"_newspack_byline_active":false,"_newspack_byline":"","newspack_hide_updated_date":false,"newspack_show_updated_date":false,"newspack_featured_image_position":"","newspack_post_subtitle":"","newspack_article_summary_title":"Overview:","newspack_article_summary":"","_jetpack_memberships_contains_paid_content":false,"footnotes":""},"categories":[334],"tags":[457],"newspack_spnsrs_tax":[],"coauthors":[3738],"class_list":["post-5939","post","type-post","status-publish","format-standard","has-post-thumbnail","hentry","category-noticias-del-dia","tag-reforma-policial","entry"],"parsely":{"version":"1.1.0","canonical_url":"https:\/\/insightcrime.org\/es\/noticias\/noticias-del-dia\/expertos-buscan-acabar-con-la-militarizacion-de-la-policia-en-latinoamerica\/","smart_links":{"inbound":0,"outbound":0},"traffic_boost_suggestions_count":0,"meta":{"@context":"https:\/\/schema.org","@type":"NewsArticle","headline":"Expertos buscan acabar con la militarizaci\u00f3n de la polic\u00eda en Latinoam\u00e9rica","url":"http:\/\/insightcrime.org\/es\/noticias\/noticias-del-dia\/expertos-buscan-acabar-con-la-militarizacion-de-la-policia-en-latinoamerica\/","mainEntityOfPage":{"@type":"WebPage","@id":"http:\/\/insightcrime.org\/es\/noticias\/noticias-del-dia\/expertos-buscan-acabar-con-la-militarizacion-de-la-policia-en-latinoamerica\/"},"thumbnailUrl":"https:\/\/i0.wp.com\/insightcrime.org\/wp-content\/uploads\/2013\/09\/es-ba66e3b354692e4fcb6a4fb86b7a3c7f.jpg?resize=150%2C150&quality=100&ssl=1","image":{"@type":"ImageObject","url":"https:\/\/i0.wp.com\/insightcrime.org\/wp-content\/uploads\/2013\/09\/es-ba66e3b354692e4fcb6a4fb86b7a3c7f.jpg?fit=280%2C169&quality=100&ssl=1"},"articleSection":"Noticias del d\u00eda","author":[{"@type":"Person","name":"Daniela Castro"}],"creator":["Daniela Castro"],"publisher":{"@type":"Organization","name":"InSight Crime","logo":"https:\/\/insightcrime.org\/wp-content\/uploads\/2023\/08\/logo.png"},"keywords":["reforma policial"],"dateCreated":"2017-03-27T23:56:14Z","datePublished":"2017-03-27T23:56:14Z","dateModified":"2023-04-24T20:33:36Z"},"rendered":"<meta name=\"parsely-title\" content=\"Expertos buscan acabar con la militarizaci\u00f3n de la polic\u00eda en Latinoam\u00e9rica\" \/>\n<meta name=\"parsely-link\" content=\"http:\/\/insightcrime.org\/es\/noticias\/noticias-del-dia\/expertos-buscan-acabar-con-la-militarizacion-de-la-policia-en-latinoamerica\/\" \/>\n<meta name=\"parsely-type\" content=\"post\" \/>\n<meta name=\"parsely-image-url\" content=\"https:\/\/i0.wp.com\/insightcrime.org\/wp-content\/uploads\/2013\/09\/es-ba66e3b354692e4fcb6a4fb86b7a3c7f.jpg?resize=150%2C150&amp;quality=100&amp;ssl=1\" \/>\n<meta name=\"parsely-pub-date\" content=\"2017-03-27T23:56:14Z\" \/>\n<meta name=\"parsely-section\" content=\"Noticias del d\u00eda\" \/>\n<meta name=\"parsely-tags\" content=\"reforma policial\" \/>\n<meta name=\"parsely-author\" content=\"Daniela Castro\" \/>","tracker_url":"https:\/\/cdn.parsely.com\/keys\/insightcrime.org\/p.js"},"jetpack_sharing_enabled":true,"jetpack-related-posts":[{"id":313209,"url":"https:\/\/insightcrime.org\/es\/noticias\/reforma-policial-argentina-alimenta-temores-sobre-su-alcance-real\/","url_meta":{"origin":5939,"position":0},"title":"La reforma policial en Argentina alimenta temores sobre su alcance real","author":"Creusa Mu\u00f1oz","date":"1 de julio de 2025","format":false,"excerpt":"El gobierno argentino reform\u00f3 la ley org\u00e1nica de la Polic\u00eda Federal para orientarla a prevenir e investigar cr\u00edmenes complejos. Sin embargo, persisten dudas sobre si las nuevas facultades operativas bastar\u00e1n para enfrentar din\u00e1micas criminales m\u00e1s sofisticadas.","rel":"","context":"En \u00abNoticias\u00bb","block_context":{"text":"Noticias","link":"https:\/\/insightcrime.org\/es\/category\/noticias\/"},"img":{"alt_text":"","src":"https:\/\/i0.wp.com\/insightcrime.org\/wp-content\/uploads\/2025\/06\/Federal_Police_Vehicle_-Buenos_Aires_2008_014.jpg?fit=345%2C250&quality=100&ssl=1&resize=350%2C200","width":350,"height":200},"classes":[]},{"id":210280,"url":"https:\/\/insightcrime.org\/es\/noticias\/captura-policias-brasil-ejemplifica-corrupcion\/","url_meta":{"origin":5939,"position":1},"title":"Captura de polic\u00edas en Brasil ejemplifica la corrupci\u00f3n en la instituci\u00f3n","author":"Chris Dalby","date":"14 de febrero de 2023","format":false,"excerpt":"En Brasil, aumentan los temores acerca de que la colusi\u00f3n de las fuerzas de seguridad con los criminales se est\u00e9 complejizando en todo el pa\u00eds.","rel":"","context":"En \u00abNoticias\u00bb","block_context":{"text":"Noticias","link":"https:\/\/insightcrime.org\/es\/category\/noticias\/"},"img":{"alt_text":"Patrullas de polic\u00eda frente a la sede de la polic\u00eda en Fortaleza, Cear\u00e1, Brasil","src":"https:\/\/i0.wp.com\/insightcrime.org\/wp-content\/uploads\/2023\/02\/image0-2-1-1.jpeg?fit=350%2C250&quality=100&ssl=1&resize=350%2C200","width":350,"height":200},"classes":[]},{"id":321539,"url":"https:\/\/insightcrime.org\/es\/news\/mexico-refuerza-militarizacion-con-reforma-guardia-nacional\/","url_meta":{"origin":5939,"position":2},"title":"M\u00e9xico profundiza la militarizaci\u00f3n con reforma a la Guardia Nacional","author":"Victoria Dittmar","date":"7 de octubre de 2025","format":false,"excerpt":"Como parte de una serie de reformas de seguridad impulsadas por el gobierno de M\u00e9xico, el principal cuerpo civil encargado de la seguridad p\u00fablica del pa\u00eds pas\u00f3 al mando de las fuerzas militares.","rel":"","context":"En \u00abNews\u00bb","block_context":{"text":"News","link":"https:\/\/insightcrime.org\/category\/news\/"},"img":{"alt_text":"A member of the Mexican National Guard on duty just outside Mexico City","src":"https:\/\/i0.wp.com\/insightcrime.org\/wp-content\/uploads\/2025\/10\/Feature-Image-National-Guard-AP-Photo-Marco-Ugarte-AP25077782050329.jpg?fit=1200%2C690&quality=100&ssl=1&resize=350%2C200","width":350,"height":200,"srcset":"https:\/\/i0.wp.com\/insightcrime.org\/wp-content\/uploads\/2025\/10\/Feature-Image-National-Guard-AP-Photo-Marco-Ugarte-AP25077782050329.jpg?fit=1200%2C690&quality=100&ssl=1&resize=350%2C200 1x, https:\/\/i0.wp.com\/insightcrime.org\/wp-content\/uploads\/2025\/10\/Feature-Image-National-Guard-AP-Photo-Marco-Ugarte-AP25077782050329.jpg?fit=1200%2C690&quality=100&ssl=1&resize=525%2C300 1.5x, https:\/\/i0.wp.com\/insightcrime.org\/wp-content\/uploads\/2025\/10\/Feature-Image-National-Guard-AP-Photo-Marco-Ugarte-AP25077782050329.jpg?fit=1200%2C690&quality=100&ssl=1&resize=700%2C400 2x, https:\/\/i0.wp.com\/insightcrime.org\/wp-content\/uploads\/2025\/10\/Feature-Image-National-Guard-AP-Photo-Marco-Ugarte-AP25077782050329.jpg?fit=1200%2C690&quality=100&ssl=1&resize=1050%2C600 3x"},"classes":[]},{"id":246906,"url":"https:\/\/insightcrime.org\/es\/noticias\/uniformes-oficiales-inundan-mercados-negros-venezuela\/","url_meta":{"origin":5939,"position":3},"title":"Los uniformes oficiales inundan los mercados negros de Venezuela","author":"Unidad Investigativa de Venezuela","date":"17 de noviembre de 2023","format":false,"excerpt":"Un sorprendente n\u00famero de uniformes de las fuerzas de seguridad est\u00e1n apareciendo en los mercados il\u00edcitos de Venezuela, convirti\u00e9ndose en el atuendo preferido de los delincuentes para cometer delitos, compitiendo con funcionarios que habitualmente cometen abusos mientras est\u00e1n de servicio.","rel":"","context":"En \u00abNoticias\u00bb","block_context":{"text":"Noticias","link":"https:\/\/insightcrime.org\/es\/category\/noticias\/"},"img":{"alt_text":"","src":"https:\/\/i0.wp.com\/insightcrime.org\/wp-content\/uploads\/2023\/11\/Venezuela_illegal-uniforms-sale_extortion_police-2.jpeg?fit=349%2C250&quality=100&ssl=1&resize=350%2C200","width":350,"height":200},"classes":[]},{"id":266102,"url":"https:\/\/insightcrime.org\/es\/noticias\/incautacion-record-cocaina-propina-golpe-bandas-ecuador\/","url_meta":{"origin":5939,"position":4},"title":"Incautaci\u00f3n r\u00e9cord de coca\u00edna propina golpe a bandas en Ecuador","author":"Anastasia Austin","date":"24 de enero de 2024","format":false,"excerpt":"La incautaci\u00f3n de casi 22 toneladas de coca\u00edna y la captura de un importante narcotraficante colombiano han dado al nuevo presidente ecuatoriano un gran impulso en su guerra contra el crimen organizado. Pero estos \u00e9xitos tambi\u00e9n han puesto de manifiesto lo dif\u00edcil que ser\u00e1 doblegar a las poderosas bandas del\u2026","rel":"","context":"En \u00abNoticias\u00bb","block_context":{"text":"Noticias","link":"https:\/\/insightcrime.org\/es\/category\/noticias\/"},"img":{"alt_text":"Ecuadorian soldiers stand next to 21.5 tons of cocaine seized in Los R\u00edos Soldados ecuatorianos junto a 21,5 toneladas de coca\u00edna incautadas en Los R\u00edos","src":"https:\/\/i0.wp.com\/insightcrime.org\/wp-content\/uploads\/2024\/01\/ecuador-cocaine-1-1-1.jpeg?fit=350%2C250&quality=100&ssl=1&resize=350%2C200","width":350,"height":200},"classes":[]},{"id":211581,"url":"https:\/\/insightcrime.org\/es\/noticias\/brutales-futiles-megaoperativos-venezuela-bandas\/","url_meta":{"origin":5939,"position":5},"title":"Brutales y f\u00fatiles: los megaoperativos de Venezuela contra las bandas criminales","author":"Unidad Investigativa de Venezuela","date":"2 de marzo de 2023","format":false,"excerpt":"Durante tres d\u00edas en julio de 2021, el distrito Cota 905 en Caracas se convirti\u00f3 en zona de guerra urbana. A pocas cuadras del palacio presidencial de Miraflores, m\u00e1s de 3.000 efectivos de la polic\u00eda y el ej\u00e9rcito, reforzados con veh\u00edculos blindados, atacaban calle por calle mientras los residentes se\u2026","rel":"","context":"En \u00abNoticias\u00bb","block_context":{"text":"Noticias","link":"https:\/\/insightcrime.org\/es\/category\/noticias\/"},"img":{"alt_text":"Efectos de las megaoperaciones en la Cota 905 en Venezuela.","src":"https:\/\/i0.wp.com\/insightcrime.org\/wp-content\/uploads\/2023\/03\/Venezuela-Criminal-Bands-Members-of-the-Special-Tactical-Operations-Unit-shell-charred-vehicle-Jul-2021-AP21190804800531-A2.jpg?fit=1200%2C690&quality=100&ssl=1&resize=350%2C200","width":350,"height":200,"srcset":"https:\/\/i0.wp.com\/insightcrime.org\/wp-content\/uploads\/2023\/03\/Venezuela-Criminal-Bands-Members-of-the-Special-Tactical-Operations-Unit-shell-charred-vehicle-Jul-2021-AP21190804800531-A2.jpg?fit=1200%2C690&quality=100&ssl=1&resize=350%2C200 1x, https:\/\/i0.wp.com\/insightcrime.org\/wp-content\/uploads\/2023\/03\/Venezuela-Criminal-Bands-Members-of-the-Special-Tactical-Operations-Unit-shell-charred-vehicle-Jul-2021-AP21190804800531-A2.jpg?fit=1200%2C690&quality=100&ssl=1&resize=525%2C300 1.5x, https:\/\/i0.wp.com\/insightcrime.org\/wp-content\/uploads\/2023\/03\/Venezuela-Criminal-Bands-Members-of-the-Special-Tactical-Operations-Unit-shell-charred-vehicle-Jul-2021-AP21190804800531-A2.jpg?fit=1200%2C690&quality=100&ssl=1&resize=700%2C400 2x, https:\/\/i0.wp.com\/insightcrime.org\/wp-content\/uploads\/2023\/03\/Venezuela-Criminal-Bands-Members-of-the-Special-Tactical-Operations-Unit-shell-charred-vehicle-Jul-2021-AP21190804800531-A2.jpg?fit=1200%2C690&quality=100&ssl=1&resize=1050%2C600 3x"},"classes":[]}],"jetpack_featured_media_url":"https:\/\/i0.wp.com\/insightcrime.org\/wp-content\/uploads\/2013\/09\/es-ba66e3b354692e4fcb6a4fb86b7a3c7f.jpg?fit=280%2C169&quality=100&ssl=1","_links":{"self":[{"href":"https:\/\/insightcrime.org\/es\/wp-json\/wp\/v2\/posts\/5939","targetHints":{"allow":["GET"]}}],"collection":[{"href":"https:\/\/insightcrime.org\/es\/wp-json\/wp\/v2\/posts"}],"about":[{"href":"https:\/\/insightcrime.org\/es\/wp-json\/wp\/v2\/types\/post"}],"author":[{"embeddable":true,"href":"https:\/\/insightcrime.org\/es\/wp-json\/wp\/v2\/users\/14"}],"replies":[{"embeddable":true,"href":"https:\/\/insightcrime.org\/es\/wp-json\/wp\/v2\/comments?post=5939"}],"version-history":[{"count":1,"href":"https:\/\/insightcrime.org\/es\/wp-json\/wp\/v2\/posts\/5939\/revisions"}],"predecessor-version":[{"id":20730,"href":"https:\/\/insightcrime.org\/es\/wp-json\/wp\/v2\/posts\/5939\/revisions\/20730"}],"wp:featuredmedia":[{"embeddable":true,"href":"https:\/\/insightcrime.org\/es\/wp-json\/wp\/v2\/media\/38623"}],"wp:attachment":[{"href":"https:\/\/insightcrime.org\/es\/wp-json\/wp\/v2\/media?parent=5939"}],"wp:term":[{"taxonomy":"category","embeddable":true,"href":"https:\/\/insightcrime.org\/es\/wp-json\/wp\/v2\/categories?post=5939"},{"taxonomy":"post_tag","embeddable":true,"href":"https:\/\/insightcrime.org\/es\/wp-json\/wp\/v2\/tags?post=5939"},{"taxonomy":"newspack_spnsrs_tax","embeddable":true,"href":"https:\/\/insightcrime.org\/es\/wp-json\/wp\/v2\/newspack_spnsrs_tax?post=5939"},{"taxonomy":"author","embeddable":true,"href":"https:\/\/insightcrime.org\/es\/wp-json\/wp\/v2\/coauthors?post=5939"}],"curies":[{"name":"wp","href":"https:\/\/api.w.org\/{rel}","templated":true}]}}