{"id":5952,"date":"2013-09-30T19:18:29","date_gmt":"2017-03-27T23:56:20","guid":{"rendered":"http:\/\/newwp.insightcrime.org?p=5952"},"modified":"2023-04-24T15:33:41","modified_gmt":"2023-04-24T20:33:41","slug":"argentina-libera-y-deporta-a-la-narcomodelo-de-colombia","status":"publish","type":"post","link":"https:\/\/insightcrime.org\/es\/noticias\/noticias-del-dia\/argentina-libera-y-deporta-a-la-narcomodelo-de-colombia\/","title":{"rendered":"Argentina libera y deporta a la &#8216;narcomodelo&#8217; de Colombia"},"content":{"rendered":"\n<p class=\"wp-block-paragraph\">Argentina ha puesto en libertad y deportado a una modelo de Colombia, condenada por narcotr\u00e1fico en 2011, en un caso que resalta la pr\u00e1ctica argentina controversial de expulsar a los presos extranjeros despu\u00e9s de haber cumplido la mitad de su condena.<\/p>\n\n\n\n<p class=\"wp-block-paragraph\">Angie Sanclemente Valencia fue encarcelada inicialmente en 2010, junto con otras cuatro personas, luego de que en diciembre 2009 se descubrieran 55 kilos de coca\u00edna en el Aeropuerto Internacional de Ezeiza, cerca de Buenos Aires. Las drogas ten\u00edan como destino a Espa\u00f1a, a trav\u00e9s de M\u00e9xico. Sanclemente se mantuvo en la clandestinidad durante cinco meses (hablando activamente con periodistas a trav\u00e9s de su cuenta de Facebook) y cambi\u00f3 su apariencia.<\/p>\n\n\n\n<p class=\"wp-block-paragraph\">No obstante, las autoridades argentinas la encontraron en un hostal de Buenos Aires en mayo de 2010, <a href=\"https:\/\/www.semana.com\/nacion\/articulo\/modelo-angie-sanclemente-expulsada-argentina\/359074-3\" target=\"_blank\">inform\u00f3 Semana<\/a>, y <a href=\"https:\/\/www.clarin.com\/narcotrafico\/Confirman-anos-prision-Angie-Sanclemente_0_827317508.html\" target=\"_blank\">fue condenada a seis a\u00f1os<\/a> y ocho meses de prisi\u00f3n. <a href=\"https:\/\/www.lanacion.com.ar\/1623814-la-narcomodelo-colombiana-angie-sanclemente-fue-liberada-y-volvio-a-su-pais\" target=\"_blank\">Seg\u00fan La Naci\u00f3n<\/a>, fue trasladada de regreso a Colombia el 27 de septiembre y est\u00e1 libre, pero se le prohibi\u00f3 volver a entrar a Argentina.<\/p>\n\n\n\n<h3 class=\"wp-block-heading\">An\u00e1lisis de InSight Crime<\/h3>\n\n\n\n<p class=\"wp-block-paragraph\">La liberaci\u00f3n de Sanclemente pone fin a un caso de alto perfil que puso de relieve los m\u00e9todos empleados por los grupos de narcotraficantes. La modelo y sus c\u00f3mplices fueron perseguidos por las autoridades argentinas luego de que el evento del aeropuerto llevara a la captura de una joven, Mar\u00eda Noel L\u00f3pez Iglesias, quien fue obligada por el grupo, incluyendo a Sanclemente y su novio, a transportar las drogas. L\u00f3pez recibi\u00f3 una sentencia de tres a\u00f1os pero no cumpli\u00f3 ninguna condena luego del juicio.<\/p>\n\n\n\n<p class=\"wp-block-paragraph\"><strong>VEA TAMBI\u00c9N:<\/strong> <a href=\"\/tag\/prisiones\" target=\"_blank\">Cobertura de Prisiones<\/a><\/p>\n\n\n\n<p class=\"wp-block-paragraph\">Su liberaci\u00f3n ha llamado una vez m\u00e1s la atenci\u00f3n sobre la pol\u00edtica argentina de liberaci\u00f3n temprana y deportaci\u00f3n de los presos extranjeros, apenas unas semanas despu\u00e9s de que el ladr\u00f3n de joyas y de bancos, <a href=\"\/noticias\/noticias-del-dia\/uruguay-considera-deportar-a-presos-extranjeros\" target=\"_blank\">Luis Mario Vitette, fuera enviado de vuelta a Uruguay<\/a> luego de haber cumplido menos de ocho a\u00f1os de una condena de 21. Este evento caus\u00f3 pol\u00e9mica en Uruguay y llev\u00f3 a los funcionarios de ese pa\u00eds a contemplar p\u00fablicamente el imitar esa medida.<\/p>\n\n\n\n<p class=\"wp-block-paragraph\">Si bien la libertad anticipada y la deportaci\u00f3n de los presos pueden servir como una herramienta \u00fatil para que Argentina desatasque su sistema penitenciario, podr\u00eda causar estragos si otros pa\u00edses deciden seguir su ejemplo, y el caso de Vitette demuestra los obst\u00e1culos diplom\u00e1ticos y de seguridad que pueden surgir.<\/p>\n","protected":false},"excerpt":{"rendered":"<p>Argentina ha puesto en libertad y deportado a una modelo de Colombia, condenada por narcotr\u00e1fico en 2011, en un caso que resalta la pr\u00e1ctica argentina controversial de expulsar a los presos extranjeros despu\u00e9s de haber cumplido la mitad de su condena.<\/p>\n","protected":false},"author":22,"featured_media":38652,"comment_status":"closed","ping_status":"closed","sticky":false,"template":"","format":"standard","meta":{"newspack_ads_suppress_ads":false,"newspack_popups_has_disabled_popups":false,"newspack_sponsor_sponsorship_scope":"","newspack_sponsor_native_byline_display":"inherit","newspack_sponsor_native_category_display":"inherit","newspack_sponsor_underwriter_style":"inherit","newspack_sponsor_underwriter_placement":"inherit","_EventAllDay":false,"_EventTimezone":"","_EventStartDate":"","_EventEndDate":"","_EventStartDateUTC":"","_EventEndDateUTC":"","_EventShowMap":false,"_EventShowMapLink":false,"_EventURL":"","_EventCost":"","_EventCostDescription":"","_EventCurrencySymbol":"","_EventCurrencyCode":"","_EventCurrencyPosition":"","_EventDateTimeSeparator":"","_EventTimeRangeSeparator":"","_EventOrganizerID":[],"_EventVenueID":[],"_OrganizerEmail":"","_OrganizerPhone":"","_OrganizerWebsite":"","_VenueAddress":"","_VenueCity":"","_VenueCountry":"","_VenueProvince":"","_VenueState":"","_VenueZip":"","_VenuePhone":"","_VenueURL":"","_VenueStateProvince":"","_VenueLat":"","_VenueLng":"","_VenueShowMap":false,"_VenueShowMapLink":false,"_newspack_byline_active":false,"_newspack_byline":"","newspack_hide_updated_date":false,"newspack_show_updated_date":false,"newspack_featured_image_position":"","newspack_post_subtitle":"","newspack_article_summary_title":"Overview:","newspack_article_summary":"","_jetpack_memberships_contains_paid_content":false,"footnotes":""},"categories":[334],"tags":[428,368],"newspack_spnsrs_tax":[],"coauthors":[3847],"class_list":["post-5952","post","type-post","status-publish","format-standard","has-post-thumbnail","hentry","category-noticias-del-dia","tag-argentina-pais","tag-colombia-pais","entry"],"parsely":{"version":"1.1.0","canonical_url":"https:\/\/insightcrime.org\/es\/noticias\/noticias-del-dia\/argentina-libera-y-deporta-a-la-narcomodelo-de-colombia\/","smart_links":{"inbound":0,"outbound":0},"traffic_boost_suggestions_count":0,"meta":{"@context":"https:\/\/schema.org","@type":"NewsArticle","headline":"Argentina libera y deporta a la &#8216;narcomodelo&#8217; de Colombia","url":"http:\/\/insightcrime.org\/es\/noticias\/noticias-del-dia\/argentina-libera-y-deporta-a-la-narcomodelo-de-colombia\/","mainEntityOfPage":{"@type":"WebPage","@id":"http:\/\/insightcrime.org\/es\/noticias\/noticias-del-dia\/argentina-libera-y-deporta-a-la-narcomodelo-de-colombia\/"},"thumbnailUrl":"https:\/\/i0.wp.com\/insightcrime.org\/wp-content\/uploads\/2013\/09\/es-71379aa07d2810d164a3431ddba19537.jpg?resize=150%2C150&quality=100&ssl=1","image":{"@type":"ImageObject","url":"https:\/\/i0.wp.com\/insightcrime.org\/wp-content\/uploads\/2013\/09\/es-71379aa07d2810d164a3431ddba19537.jpg?fit=280%2C169&quality=100&ssl=1"},"articleSection":"Noticias del d\u00eda","author":[{"@type":"Person","name":"Charles Parkinson"}],"creator":["Charles Parkinson"],"publisher":{"@type":"Organization","name":"InSight Crime","logo":"https:\/\/insightcrime.org\/wp-content\/uploads\/2023\/08\/logo.png"},"keywords":["argentina","colombia"],"dateCreated":"2017-03-27T23:56:20Z","datePublished":"2017-03-27T23:56:20Z","dateModified":"2023-04-24T20:33:41Z"},"rendered":"<meta name=\"parsely-title\" content=\"Argentina libera y deporta a la &#8216;narcomodelo&#8217; de Colombia\" \/>\n<meta name=\"parsely-link\" content=\"http:\/\/insightcrime.org\/es\/noticias\/noticias-del-dia\/argentina-libera-y-deporta-a-la-narcomodelo-de-colombia\/\" \/>\n<meta name=\"parsely-type\" content=\"post\" \/>\n<meta name=\"parsely-image-url\" content=\"https:\/\/i0.wp.com\/insightcrime.org\/wp-content\/uploads\/2013\/09\/es-71379aa07d2810d164a3431ddba19537.jpg?resize=150%2C150&amp;quality=100&amp;ssl=1\" \/>\n<meta name=\"parsely-pub-date\" content=\"2017-03-27T23:56:20Z\" \/>\n<meta name=\"parsely-section\" content=\"Noticias del d\u00eda\" \/>\n<meta name=\"parsely-tags\" content=\"argentina,colombia\" \/>\n<meta name=\"parsely-author\" content=\"Charles Parkinson\" \/>","tracker_url":"https:\/\/cdn.parsely.com\/keys\/insightcrime.org\/p.js"},"jetpack_sharing_enabled":true,"jetpack-related-posts":[{"id":130091,"url":"https:\/\/insightcrime.org\/es\/noticias\/nuevo-techo-la-misma-violencia-el-reto-de-la-vivienda-social-en-argentina\/","url_meta":{"origin":5952,"position":0},"title":"Nuevo techo, la misma violencia: el reto de la vivienda social en Argentina","author":"Shane Sullivan","date":"25 de enero de 2021","format":false,"excerpt":"En Buenos Aires, un intercambio de disparos entre pandillas en una urbanizaci\u00f3n de vivienda social pone en evidencia una falla en estas iniciativas en Argentina: sin pol\u00edticas de seguridad complementarias, estos proyectos de vivienda ofrecen nuevos territorios a las bandas para ampliar sus actividades il\u00edcitas y perpetuar la inseguridad.","rel":"","context":"En \u00abNoticias\u00bb","block_context":{"text":"Noticias","link":"https:\/\/insightcrime.org\/es\/category\/noticias\/"},"img":{"alt_text":"","src":"https:\/\/i0.wp.com\/insightcrime.org\/wp-content\/uploads\/2021\/01\/nuevas-casas-en-Moreno-Argentina-2.jpg?fit=350%2C250&quality=100&ssl=1&resize=350%2C200","width":350,"height":200},"classes":[]},{"id":169185,"url":"https:\/\/insightcrime.org\/es\/noticias\/entrerrios-centro-narcovuelos-argentina\/","url_meta":{"origin":5952,"position":1},"title":"Entre R\u00edos: punto de tr\u00e1nsito de drogas en ascenso en Argentina","author":"Alicia Florez","date":"25 de octubre de 2021","format":false,"excerpt":"Una provincia argentina lim\u00edtrofe con Uruguay se ha convertido en punto de tr\u00e1nsito para la salida de narcoavionetas de Paraguay, lo que revela una nueva ruta \u00e1rea para el trasiego de coca\u00edna en el Cono Sur.","rel":"","context":"En \u00abNoticias\u00bb","block_context":{"text":"Noticias","link":"https:\/\/insightcrime.org\/es\/category\/noticias\/"},"img":{"alt_text":"narcoavioneta en Entre R\u00edos, Argentina","src":"https:\/\/i0.wp.com\/insightcrime.org\/wp-content\/uploads\/2021\/10\/allanamientos_en_entre_rios_dieron_con_la_avioneta_que_transportaba_droga_desde_paraguay_a_uruguay_3.jpeg?fit=640%2C480&quality=100&ssl=1&resize=350%2C200","width":350,"height":200,"srcset":"https:\/\/i0.wp.com\/insightcrime.org\/wp-content\/uploads\/2021\/10\/allanamientos_en_entre_rios_dieron_con_la_avioneta_que_transportaba_droga_desde_paraguay_a_uruguay_3.jpeg?fit=640%2C480&quality=100&ssl=1&resize=350%2C200 1x, https:\/\/i0.wp.com\/insightcrime.org\/wp-content\/uploads\/2021\/10\/allanamientos_en_entre_rios_dieron_con_la_avioneta_que_transportaba_droga_desde_paraguay_a_uruguay_3.jpeg?fit=640%2C480&quality=100&ssl=1&resize=525%2C300 1.5x"},"classes":[]},{"id":183561,"url":"https:\/\/insightcrime.org\/es\/noticias\/chile-preocupa-trafico-armas-argentina\/","url_meta":{"origin":5952,"position":2},"title":"Chile ve con preocupaci\u00f3n tr\u00e1fico de armas desde Argentina","author":"Gabrielle Gorder","date":"26 de abril de 2022","format":false,"excerpt":"Las autoridades en Chile est\u00e1n encendiendo las alarmas por los repetidos decomisos de armas en peque\u00f1as cantidades que se est\u00e1n traficando por Argentina, en un momento en que la naci\u00f3n del Pac\u00edfico busca controlar el crimen organizado y mantener a raya las tasas de homicidios.","rel":"","context":"En \u00abNoticias\u00bb","block_context":{"text":"Noticias","link":"https:\/\/insightcrime.org\/es\/category\/noticias\/"},"img":{"alt_text":"tr\u00e1fico de armas a Chile","src":"https:\/\/i0.wp.com\/insightcrime.org\/wp-content\/uploads\/2022\/04\/ZYVNQSFEWRGRHNN33YHAGKKANU-e1650947454536.webp?fit=879%2C1174&quality=100&ssl=1&resize=350%2C200","width":350,"height":200,"srcset":"https:\/\/i0.wp.com\/insightcrime.org\/wp-content\/uploads\/2022\/04\/ZYVNQSFEWRGRHNN33YHAGKKANU-e1650947454536.webp?fit=879%2C1174&quality=100&ssl=1&resize=350%2C200 1x, https:\/\/i0.wp.com\/insightcrime.org\/wp-content\/uploads\/2022\/04\/ZYVNQSFEWRGRHNN33YHAGKKANU-e1650947454536.webp?fit=879%2C1174&quality=100&ssl=1&resize=525%2C300 1.5x, https:\/\/i0.wp.com\/insightcrime.org\/wp-content\/uploads\/2022\/04\/ZYVNQSFEWRGRHNN33YHAGKKANU-e1650947454536.webp?fit=879%2C1174&quality=100&ssl=1&resize=700%2C400 2x"},"classes":[]},{"id":137881,"url":"https:\/\/insightcrime.org\/es\/noticias-crimen-organizado-argentina\/corrientes-argentina\/","url_meta":{"origin":5952,"position":3},"title":"Corrientes, Argentina","author":"InSight Crime","date":"15 de marzo de 2021","format":false,"excerpt":"Corrientes es un centro neur\u00e1lgico del muy lucrativo tr\u00e1fico de marihuana en Argentina.","rel":"","context":"En \u00abArgentina\u00bb","block_context":{"text":"Argentina","link":"https:\/\/insightcrime.org\/es\/category\/noticias-crimen-organizado-argentina\/"},"img":{"alt_text":"","src":"https:\/\/i0.wp.com\/insightcrime.org\/wp-content\/uploads\/2021\/03\/Corrientes.jpg?fit=350%2C250&quality=100&ssl=1&resize=350%2C200","width":350,"height":200},"classes":[]},{"id":146263,"url":"https:\/\/insightcrime.org\/es\/noticias\/decomisos-record-vinos-contrabando-brasil-argentina\/","url_meta":{"origin":5952,"position":4},"title":"Uvas de la ira: decomisos r\u00e9cord de vino de contrabando en Brasil y Argentina","author":"Ashley Pechinski","date":"27 de mayo de 2021","format":false,"excerpt":"Aunque el contrabando ha gozado de una bonanza en la frontera Argentina-Brasil durante la pandemia de COVID-19, el vino parece haber tenido una demanda especialmente elevada.","rel":"","context":"En \u00abNoticias\u00bb","block_context":{"text":"Noticias","link":"https:\/\/insightcrime.org\/es\/category\/noticias\/"},"img":{"alt_text":"","src":"https:\/\/i0.wp.com\/insightcrime.org\/wp-content\/uploads\/2021\/05\/GM6NRF6YTZGJHNRUNR5D7D3U5M.jpg?fit=350%2C250&quality=100&ssl=1&resize=350%2C200","width":350,"height":200},"classes":[]},{"id":198043,"url":"https:\/\/insightcrime.org\/es\/noticias\/empresas-legitimas-usadas-fachada-redes-trata-personas-argentina\/","url_meta":{"origin":5952,"position":5},"title":"Empresas leg\u00edtimas son usadas como fachada por redes de trata de personas en Argentina","author":"Alicia Florez","date":"15 de septiembre de 2022","format":false,"excerpt":"Argentina sigue luchando contra la trata de personas, las redes criminales nacionales e internacionales ahora usan una serie de negocios legales.","rel":"","context":"En \u00abNoticias\u00bb","block_context":{"text":"Noticias","link":"https:\/\/insightcrime.org\/es\/category\/noticias\/"},"img":{"alt_text":"Polic\u00edas de Argentina en un operativo contra la trata de personas","src":"https:\/\/i0.wp.com\/insightcrime.org\/wp-content\/uploads\/2022\/09\/argentina-human-trafficking-1.jpeg?fit=350%2C250&quality=100&ssl=1&resize=350%2C200","width":350,"height":200},"classes":[]}],"jetpack_featured_media_url":"https:\/\/i0.wp.com\/insightcrime.org\/wp-content\/uploads\/2013\/09\/es-71379aa07d2810d164a3431ddba19537.jpg?fit=280%2C169&quality=100&ssl=1","_links":{"self":[{"href":"https:\/\/insightcrime.org\/es\/wp-json\/wp\/v2\/posts\/5952","targetHints":{"allow":["GET"]}}],"collection":[{"href":"https:\/\/insightcrime.org\/es\/wp-json\/wp\/v2\/posts"}],"about":[{"href":"https:\/\/insightcrime.org\/es\/wp-json\/wp\/v2\/types\/post"}],"author":[{"embeddable":true,"href":"https:\/\/insightcrime.org\/es\/wp-json\/wp\/v2\/users\/22"}],"replies":[{"embeddable":true,"href":"https:\/\/insightcrime.org\/es\/wp-json\/wp\/v2\/comments?post=5952"}],"version-history":[{"count":1,"href":"https:\/\/insightcrime.org\/es\/wp-json\/wp\/v2\/posts\/5952\/revisions"}],"predecessor-version":[{"id":20758,"href":"https:\/\/insightcrime.org\/es\/wp-json\/wp\/v2\/posts\/5952\/revisions\/20758"}],"wp:featuredmedia":[{"embeddable":true,"href":"https:\/\/insightcrime.org\/es\/wp-json\/wp\/v2\/media\/38652"}],"wp:attachment":[{"href":"https:\/\/insightcrime.org\/es\/wp-json\/wp\/v2\/media?parent=5952"}],"wp:term":[{"taxonomy":"category","embeddable":true,"href":"https:\/\/insightcrime.org\/es\/wp-json\/wp\/v2\/categories?post=5952"},{"taxonomy":"post_tag","embeddable":true,"href":"https:\/\/insightcrime.org\/es\/wp-json\/wp\/v2\/tags?post=5952"},{"taxonomy":"newspack_spnsrs_tax","embeddable":true,"href":"https:\/\/insightcrime.org\/es\/wp-json\/wp\/v2\/newspack_spnsrs_tax?post=5952"},{"taxonomy":"author","embeddable":true,"href":"https:\/\/insightcrime.org\/es\/wp-json\/wp\/v2\/coauthors?post=5952"}],"curies":[{"name":"wp","href":"https:\/\/api.w.org\/{rel}","templated":true}]}}