{"id":5979,"date":"2013-10-08T15:58:16","date_gmt":"2017-03-27T23:56:31","guid":{"rendered":"http:\/\/newwp.insightcrime.org?p=5979"},"modified":"2023-04-24T15:33:50","modified_gmt":"2023-04-24T20:33:50","slug":"venezuela-condena-a-policias-a-26-anos-por-narcotrafico","status":"publish","type":"post","link":"https:\/\/insightcrime.org\/es\/noticias\/noticias-del-dia\/venezuela-condena-a-policias-a-26-anos-por-narcotrafico\/","title":{"rendered":"Venezuela condena a polic\u00edas a 26 a\u00f1os por narcotr\u00e1fico"},"content":{"rendered":"\n<p class=\"wp-block-paragraph\">Cinco polic\u00edas han sido condenados a penas de 26 a\u00f1os de prisi\u00f3n por tr\u00e1fico de drogas en Venezuela, en un caso que representa un paso positivo contra los elementos corruptos de las fuerzas de seguridad del pa\u00eds, pero es poco probable que sea parte de los esfuerzos para combatir la corrupci\u00f3n end\u00e9mica.<\/p>\n\n\n\n<p class=\"wp-block-paragraph\">Los cinco expolic\u00edas fueron condenados junto con tres civiles, dos a\u00f1os despu\u00e9s del decomiso de m\u00e1s de una tonelada de drogas a un peque\u00f1o avi\u00f3n en la Pen\u00ednsula de Paraguan\u00e1, en el norte\u00f1o estado de Falc\u00f3n, <a href=\"https:\/\/www.eluniversal.com\/sucesos\/131005\/26-anos-de-carcel-para-policias-vinculados-a-decomiso-de-droga-en-falc\" target=\"_blank\">inform\u00f3 El Universal<\/a>.<\/p>\n\n\n\n<p class=\"wp-block-paragraph\"><a href=\"https:\/\/www.el-nacional.com\/sucesos\/Condenan-policias-involucrados-narcoavioneta-Falcon_0_277772327.html\" target=\"_blank\">Seg\u00fan El Nacional<\/a>, los ocho fueron arrestados luego de que agentes de la Brigada de Acciones Especiales del Cuerpo de Investigaciones Cient\u00edficas, Penales y Criminal\u00edsticas (Cicpc) tuvieran conocimiento de sus actividades y se movilizaran mientras los hombres estaban cargando el avi\u00f3n con la droga, el cual buscaba volar fuera del pa\u00eds. La operaci\u00f3n result\u00f3 en un tiroteo que dej\u00f3 a un soldado de la Guardia Nacional y a un civil, muertos.<\/p>\n\n\n\n<p class=\"wp-block-paragraph\">Uno de los exoficiales recibi\u00f3 una sentencia menor de 24 a\u00f1os, mientras que dos de los civiles fueron condenados a 18 y 17 a\u00f1os respectivamente.<\/p>\n\n\n\n<h3 class=\"wp-block-heading\">An\u00e1lisis de InSight Crime<\/h3>\n\n\n\n<p class=\"wp-block-paragraph\">La corrupci\u00f3n es quiz\u00e1s el mayor factor impulsor del narcotr\u00e1fico en Venezuela, gran parte del cual est\u00e1 a cargo del llamado Cartel de los Soles \u2013el nombre dado a las muchas facciones corruptas de las fuerzas de seguridad que participan en el narcotr\u00e1fico\u2013. Su papel fue resaltado por la&nbsp;<a href=\"\/noticias\/noticias-del-dia\/soldados-de-venezuela-arrestados-por-la-mas-grande-incautacion-en-francia\" target=\"_blank\">reciente incautaci\u00f3n <\/a>en Francia de 1,5 toneladas de coca\u00edna en un avi\u00f3n que hab\u00eda despegado de un aeropuerto controlado por el ej\u00e9rcito en Venezuela; un descubrimiento que tambi\u00e9n condujo al arresto de algunos militares.<\/p>\n\n\n\n<p class=\"wp-block-paragraph\">Al dictar tales sentencias a los exoficiales, puede ser que las autoridades venezolanas est\u00e9n tratando de demostrar que est\u00e1n tomando una l\u00ednea dura contra la corrupci\u00f3n, algo que el presidente Nicol\u00e1s Maduro tambi\u00e9n <a href=\"https:\/\/www.eltiempo.com\/mundo\/latinoamerica\/ARTICULO-WEB-NEW_NOTA_INTERIOR-12988664.html\" target=\"_blank\">ha comenzado a abordar p\u00fablicamente<\/a>.<\/p>\n\n\n\n<p class=\"wp-block-paragraph\"><strong>VEA TAMBI\u00c9N:<\/strong> <a href=\"\/grupos-venezuela\/cartel-de-los-soles\" target=\"_blank\">Perfil del Cartel de los Soles<\/a><\/p>\n\n\n\n<p class=\"wp-block-paragraph\">No obstante, incluso si los tribunales y el presidente realmente quieren luchar contra la corrupci\u00f3n, se enfrentar\u00e1n a una batalla cuesta arriba. Pero las fuerzas de seguridad venezolanas no son las \u00fanicas que hacen parte de los m\u00e1s <a href=\"\/noticias\/noticias-del-dia\/encuesta-evidencia-corrupcion-policial-en-latinoamerica\" target=\"_blank\">corruptos de la regi\u00f3n<\/a>, seg\u00fan Transparencia Internacional, tambi\u00e9n hay actores pol\u00edticos, especialmente el ej\u00e9rcito, cuyo apoyo es crucial para Maduro si quiere mantener su base pol\u00edtica, la cual es cada vez m\u00e1s fr\u00e1gil.<\/p>\n\n\n\n<p class=\"wp-block-paragraph\">Mientras tanto, la seguridad en Venezuela sigue deterior\u00e1ndose, con el <a href=\"https:\/\/www.el-nacional.com\/sucesos\/ultimo-cadaveres-Caracas-homicidios-morgue-muertos-trimestre_0_275972679.html\" target=\"_blank\">\u00faltimo informe<\/a> del Observatorio Venezolano de Violencia proyectando que los homicidios van a aumentar un 23 por ciento en 2013, en comparaci\u00f3n con el a\u00f1o anterior.<\/p>\n","protected":false},"excerpt":{"rendered":"<p>Cinco polic\u00edas han sido condenados a penas de 26 a\u00f1os de prisi\u00f3n por tr\u00e1fico de drogas en Venezuela, en un caso que representa un paso positivo contra los elementos corruptos de las fuerzas de seguridad del pa\u00eds, pero es poco probable que sea parte de los esfuerzos para combatir la corrupci\u00f3n end\u00e9mica.<\/p>\n","protected":false},"author":22,"featured_media":38709,"comment_status":"closed","ping_status":"closed","sticky":false,"template":"","format":"standard","meta":{"newspack_ads_suppress_ads":false,"newspack_popups_has_disabled_popups":false,"newspack_sponsor_sponsorship_scope":"","newspack_sponsor_native_byline_display":"inherit","newspack_sponsor_native_category_display":"inherit","newspack_sponsor_underwriter_style":"inherit","newspack_sponsor_underwriter_placement":"inherit","_EventAllDay":false,"_EventTimezone":"","_EventStartDate":"","_EventEndDate":"","_EventStartDateUTC":"","_EventEndDateUTC":"","_EventShowMap":false,"_EventShowMapLink":false,"_EventURL":"","_EventCost":"","_EventCostDescription":"","_EventCurrencySymbol":"","_EventCurrencyCode":"","_EventCurrencyPosition":"","_EventDateTimeSeparator":"","_EventTimeRangeSeparator":"","_EventOrganizerID":[],"_EventVenueID":[],"_OrganizerEmail":"","_OrganizerPhone":"","_OrganizerWebsite":"","_VenueAddress":"","_VenueCity":"","_VenueCountry":"","_VenueProvince":"","_VenueState":"","_VenueZip":"","_VenuePhone":"","_VenueURL":"","_VenueStateProvince":"","_VenueLat":"","_VenueLng":"","_VenueShowMap":false,"_VenueShowMapLink":false,"_newspack_byline_active":false,"_newspack_byline":"","newspack_hide_updated_date":false,"newspack_show_updated_date":false,"newspack_featured_image_position":"","newspack_post_subtitle":"","newspack_article_summary_title":"Overview:","newspack_article_summary":"","_jetpack_memberships_contains_paid_content":false,"footnotes":""},"categories":[334],"tags":[486,400],"newspack_spnsrs_tax":[],"coauthors":[3847],"class_list":["post-5979","post","type-post","status-publish","format-standard","has-post-thumbnail","hentry","category-noticias-del-dia","tag-cartel-de-los-soles-grupo","tag-venezuela-pais","entry"],"parsely":{"version":"1.1.0","canonical_url":"https:\/\/insightcrime.org\/es\/noticias\/noticias-del-dia\/venezuela-condena-a-policias-a-26-anos-por-narcotrafico\/","smart_links":{"inbound":0,"outbound":0},"traffic_boost_suggestions_count":0,"meta":{"@context":"https:\/\/schema.org","@type":"NewsArticle","headline":"Venezuela condena a polic\u00edas a 26 a\u00f1os por narcotr\u00e1fico","url":"http:\/\/insightcrime.org\/es\/noticias\/noticias-del-dia\/venezuela-condena-a-policias-a-26-anos-por-narcotrafico\/","mainEntityOfPage":{"@type":"WebPage","@id":"http:\/\/insightcrime.org\/es\/noticias\/noticias-del-dia\/venezuela-condena-a-policias-a-26-anos-por-narcotrafico\/"},"thumbnailUrl":"https:\/\/i0.wp.com\/insightcrime.org\/wp-content\/uploads\/2013\/10\/es-d8b3473baaa346e3571b5bc4f43b0968.jpg?resize=150%2C150&quality=100&ssl=1","image":{"@type":"ImageObject","url":"https:\/\/i0.wp.com\/insightcrime.org\/wp-content\/uploads\/2013\/10\/es-d8b3473baaa346e3571b5bc4f43b0968.jpg?fit=280%2C169&quality=100&ssl=1"},"articleSection":"Noticias del d\u00eda","author":[{"@type":"Person","name":"Charles Parkinson"}],"creator":["Charles Parkinson"],"publisher":{"@type":"Organization","name":"InSight Crime","logo":"https:\/\/insightcrime.org\/wp-content\/uploads\/2023\/08\/logo.png"},"keywords":["cartel de los soles","venezuela"],"dateCreated":"2017-03-27T23:56:31Z","datePublished":"2017-03-27T23:56:31Z","dateModified":"2023-04-24T20:33:50Z"},"rendered":"<meta name=\"parsely-title\" content=\"Venezuela condena a polic\u00edas a 26 a\u00f1os por narcotr\u00e1fico\" \/>\n<meta name=\"parsely-link\" content=\"http:\/\/insightcrime.org\/es\/noticias\/noticias-del-dia\/venezuela-condena-a-policias-a-26-anos-por-narcotrafico\/\" \/>\n<meta name=\"parsely-type\" content=\"post\" \/>\n<meta name=\"parsely-image-url\" content=\"https:\/\/i0.wp.com\/insightcrime.org\/wp-content\/uploads\/2013\/10\/es-d8b3473baaa346e3571b5bc4f43b0968.jpg?resize=150%2C150&amp;quality=100&amp;ssl=1\" \/>\n<meta name=\"parsely-pub-date\" content=\"2017-03-27T23:56:31Z\" \/>\n<meta name=\"parsely-section\" content=\"Noticias del d\u00eda\" \/>\n<meta name=\"parsely-tags\" content=\"cartel de los soles,venezuela\" \/>\n<meta name=\"parsely-author\" content=\"Charles Parkinson\" \/>","tracker_url":"https:\/\/cdn.parsely.com\/keys\/insightcrime.org\/p.js"},"jetpack_sharing_enabled":true,"jetpack-related-posts":[{"id":200681,"url":"https:\/\/insightcrime.org\/es\/noticias\/intercambio-presos-venezuela-eeuu\/","url_meta":{"origin":5979,"position":0},"title":"Intercambio de presos de alto perfil entre Venezuela y EE. UU. se da en momento oportuno","author":"Unidad Investigativa de Venezuela","date":"4 de octubre de 2022","format":false,"excerpt":"El reciente intercambio de presos de alto perfil entre Venezuela y Estados Unidos, que incluy\u00f3 a los parientes del presidente Nicol\u00e1s Maduro, ha encendido la esperanza de un mejoramiento de relaciones entre ambos pa\u00edses, en un momento en que Colombia busca trabajar con ambos para enfrentar el crimen organizado.","rel":"","context":"En \u00abNoticias\u00bb","block_context":{"text":"Noticias","link":"https:\/\/insightcrime.org\/es\/category\/noticias\/"},"img":{"alt_text":"Antonio Campo Flores and Franqui Francisco Flores de Freitas after their arrest by the DEA in Haiti.","src":"https:\/\/i0.wp.com\/insightcrime.org\/wp-content\/uploads\/2022\/10\/Narcosobrinos_arrest-1-1.jpeg?fit=350%2C250&quality=100&ssl=1&resize=350%2C200","width":350,"height":200},"classes":[]},{"id":233222,"url":"https:\/\/insightcrime.org\/es\/investigaciones\/auge-platal-plomo-cancer-corrupcion\/","url_meta":{"origin":5979,"position":1},"title":"El auge de la \u201cplata\u201d sobre el \u201cplomo\u201d: el c\u00e1ncer de la corrupci\u00f3n","author":"Douwe den Held","date":"9 de febrero de 2021","format":false,"excerpt":"Hay una sola manera de importar 1,4 toneladas de coca\u00edna en un vuelo comercial: corrupci\u00f3n generalizada de alto nivel. En Venezuela, esta no solo implic\u00f3 a funcionarios aeroportuarios corruptos y a la Guardia Nacional, sino tambi\u00e9n a altos funcionarios de Estado.","rel":"","context":"En \u00abInvestigaciones\u00bb","block_context":{"text":"Investigaciones","link":"https:\/\/insightcrime.org\/es\/category\/investigaciones\/"},"img":{"alt_text":"","src":"https:\/\/i0.wp.com\/insightcrime.org\/wp-content\/uploads\/2021\/02\/Cocaine-pipeline-drug-smuggling-europe-Chapter-7.jpg?fit=1200%2C450&quality=100&ssl=1&resize=350%2C200","width":350,"height":200,"srcset":"https:\/\/i0.wp.com\/insightcrime.org\/wp-content\/uploads\/2021\/02\/Cocaine-pipeline-drug-smuggling-europe-Chapter-7.jpg?fit=1200%2C450&quality=100&ssl=1&resize=350%2C200 1x, https:\/\/i0.wp.com\/insightcrime.org\/wp-content\/uploads\/2021\/02\/Cocaine-pipeline-drug-smuggling-europe-Chapter-7.jpg?fit=1200%2C450&quality=100&ssl=1&resize=525%2C300 1.5x, https:\/\/i0.wp.com\/insightcrime.org\/wp-content\/uploads\/2021\/02\/Cocaine-pipeline-drug-smuggling-europe-Chapter-7.jpg?fit=1200%2C450&quality=100&ssl=1&resize=700%2C400 2x, https:\/\/i0.wp.com\/insightcrime.org\/wp-content\/uploads\/2021\/02\/Cocaine-pipeline-drug-smuggling-europe-Chapter-7.jpg?fit=1200%2C450&quality=100&ssl=1&resize=1050%2C600 3x"},"classes":[]},{"id":247267,"url":"https:\/\/insightcrime.org\/es\/noticias\/banda-venezolana-deja-rastro-muertes-roraima-brasil\/","url_meta":{"origin":5979,"position":2},"title":"Banda venezolana deja rastro de muertes en Roraima, Brasil","author":"Lara Loaiza","date":"27 de noviembre de 2023","format":false,"excerpt":"El Tren de Aragua, un grupo conocido por sus violentos m\u00e9todos, avanza sobre territorio brasile\u00f1o ali\u00e1ndose con el Primer Comando Capital (Primeiro Comando da Capital - PCC) y otros grupos criminales. En 2021, una ola de asesinatos conmocion\u00f3 a los habitantes de Boa Vista, capital del estado de Roraima, en\u2026","rel":"","context":"En \u00abNoticias\u00bb","block_context":{"text":"Noticias","link":"https:\/\/insightcrime.org\/es\/category\/noticias\/"},"img":{"alt_text":"Cover-Boavista-Article","src":"https:\/\/i0.wp.com\/insightcrime.org\/wp-content\/uploads\/2023\/11\/Cover-Boavista-Article.jpg?fit=1200%2C690&quality=100&ssl=1&resize=350%2C200","width":350,"height":200,"srcset":"https:\/\/i0.wp.com\/insightcrime.org\/wp-content\/uploads\/2023\/11\/Cover-Boavista-Article.jpg?fit=1200%2C690&quality=100&ssl=1&resize=350%2C200 1x, https:\/\/i0.wp.com\/insightcrime.org\/wp-content\/uploads\/2023\/11\/Cover-Boavista-Article.jpg?fit=1200%2C690&quality=100&ssl=1&resize=525%2C300 1.5x, https:\/\/i0.wp.com\/insightcrime.org\/wp-content\/uploads\/2023\/11\/Cover-Boavista-Article.jpg?fit=1200%2C690&quality=100&ssl=1&resize=700%2C400 2x, https:\/\/i0.wp.com\/insightcrime.org\/wp-content\/uploads\/2023\/11\/Cover-Boavista-Article.jpg?fit=1200%2C690&quality=100&ssl=1&resize=1050%2C600 3x"},"classes":[]},{"id":4989,"url":"https:\/\/insightcrime.org\/es\/noticias-crimen-organizado-venezuela\/walid-makled\/","url_meta":{"origin":5979,"position":3},"title":"Walid Makled","author":"InSight Crime","date":"21 de septiembre de 2021","format":false,"excerpt":"Otrora el narcotraficante civil m\u00e1s poderoso en Venezuela, el ciudadano venezolano con ascendencia siria Walid Makled tambi\u00e9n conocido como \"El Turco\" o \"El \u00c1rabe\", gestionaba los cargamentos de coca\u00edna que sal\u00edan del pa\u00eds por mar y aire, con destino a Centroam\u00e9rica y Europa. \u00a0","rel":"","context":"En \u00abVenezuela\u00bb","block_context":{"text":"Venezuela","link":"https:\/\/insightcrime.org\/es\/category\/noticias-crimen-organizado-venezuela\/"},"img":{"alt_text":"Perfil criminal de Walid Makled, Venezuela.","src":"https:\/\/i0.wp.com\/insightcrime.org\/wp-content\/uploads\/2026\/08\/Perfil-Criminal-Walid-Makled-Venezuela.jpg?fit=1200%2C900&quality=100&ssl=1&resize=350%2C200","width":350,"height":200,"srcset":"https:\/\/i0.wp.com\/insightcrime.org\/wp-content\/uploads\/2026\/08\/Perfil-Criminal-Walid-Makled-Venezuela.jpg?fit=1200%2C900&quality=100&ssl=1&resize=350%2C200 1x, https:\/\/i0.wp.com\/insightcrime.org\/wp-content\/uploads\/2026\/08\/Perfil-Criminal-Walid-Makled-Venezuela.jpg?fit=1200%2C900&quality=100&ssl=1&resize=525%2C300 1.5x, https:\/\/i0.wp.com\/insightcrime.org\/wp-content\/uploads\/2026\/08\/Perfil-Criminal-Walid-Makled-Venezuela.jpg?fit=1200%2C900&quality=100&ssl=1&resize=700%2C400 2x, https:\/\/i0.wp.com\/insightcrime.org\/wp-content\/uploads\/2026\/08\/Perfil-Criminal-Walid-Makled-Venezuela.jpg?fit=1200%2C900&quality=100&ssl=1&resize=1050%2C600 3x"},"classes":[]},{"id":239400,"url":"https:\/\/insightcrime.org\/es\/noticias\/islas-caribe-destino-alto-riesgo-migrantes-venezolanos\/","url_meta":{"origin":5979,"position":4},"title":"Islas del Caribe: Destino de alto riesgo para los migrantes venezolanos","author":"Unidad Investigativa de Venezuela","date":"3 de octubre de 2023","format":false,"excerpt":"Las recientes detenciones de lanchas con migrantes en las costas del Caribe Holand\u00e9s ponen de relieve una lucrativa ruta de tr\u00e1fico de migrantes y trata de personas mientras m\u00e1s de siete millones de venezolanos huyen del pa\u00eds.\u00a0","rel":"","context":"En \u00abNoticias\u00bb","block_context":{"text":"Noticias","link":"https:\/\/insightcrime.org\/es\/category\/noticias\/"},"img":{"alt_text":"Five children, including a baby, were aboard one vessel stopped by the Dutch Coast Guard. ","src":"https:\/\/i0.wp.com\/insightcrime.org\/wp-content\/uploads\/2023\/10\/Venezuelan-migrants-Curazao-1-1.jpeg?fit=350%2C250&quality=100&ssl=1&resize=350%2C200","width":350,"height":200},"classes":[]},{"id":284677,"url":"https:\/\/insightcrime.org\/es\/noticias\/hay-condenas-caso-fernando-villaviencio-ecuador-pero-no-claridad\/","url_meta":{"origin":5979,"position":5},"title":"Hay condenas en el caso de Fernando Villaviencio en Ecuador, pero no claridad","author":"Anastasia Austin","date":"16 de julio de 2024","format":false,"excerpt":"El 12 de julio de 2024, un juez de Ecuador conden\u00f3 a cinco personas por el sonado asesinato del candidato presidencial Fernando Villavicencio en 2023. Sin emabrgo, a\u00fan no est\u00e1 claro qui\u00e9n orden\u00f3 el crimen ni por qu\u00e9.","rel":"","context":"En \u00abNoticias\u00bb","block_context":{"text":"Noticias","link":"https:\/\/insightcrime.org\/es\/category\/noticias\/"},"img":{"alt_text":"Fernando Villavicencio\u2019s family and supporters demonstrate outside the courthouse-Familiares y simpatizantes de Fernando Villavicencio se manifiestan a las afueras del juzgado.","src":"https:\/\/i0.wp.com\/insightcrime.org\/wp-content\/uploads\/2024\/07\/Ecuador_Villavicencio-murder-trial_elite-and-crime.jpg?fit=350%2C250&quality=100&ssl=1&resize=350%2C200","width":350,"height":200},"classes":[]}],"jetpack_featured_media_url":"https:\/\/i0.wp.com\/insightcrime.org\/wp-content\/uploads\/2013\/10\/es-d8b3473baaa346e3571b5bc4f43b0968.jpg?fit=280%2C169&quality=100&ssl=1","_links":{"self":[{"href":"https:\/\/insightcrime.org\/es\/wp-json\/wp\/v2\/posts\/5979","targetHints":{"allow":["GET"]}}],"collection":[{"href":"https:\/\/insightcrime.org\/es\/wp-json\/wp\/v2\/posts"}],"about":[{"href":"https:\/\/insightcrime.org\/es\/wp-json\/wp\/v2\/types\/post"}],"author":[{"embeddable":true,"href":"https:\/\/insightcrime.org\/es\/wp-json\/wp\/v2\/users\/22"}],"replies":[{"embeddable":true,"href":"https:\/\/insightcrime.org\/es\/wp-json\/wp\/v2\/comments?post=5979"}],"version-history":[{"count":1,"href":"https:\/\/insightcrime.org\/es\/wp-json\/wp\/v2\/posts\/5979\/revisions"}],"predecessor-version":[{"id":20814,"href":"https:\/\/insightcrime.org\/es\/wp-json\/wp\/v2\/posts\/5979\/revisions\/20814"}],"wp:featuredmedia":[{"embeddable":true,"href":"https:\/\/insightcrime.org\/es\/wp-json\/wp\/v2\/media\/38709"}],"wp:attachment":[{"href":"https:\/\/insightcrime.org\/es\/wp-json\/wp\/v2\/media?parent=5979"}],"wp:term":[{"taxonomy":"category","embeddable":true,"href":"https:\/\/insightcrime.org\/es\/wp-json\/wp\/v2\/categories?post=5979"},{"taxonomy":"post_tag","embeddable":true,"href":"https:\/\/insightcrime.org\/es\/wp-json\/wp\/v2\/tags?post=5979"},{"taxonomy":"newspack_spnsrs_tax","embeddable":true,"href":"https:\/\/insightcrime.org\/es\/wp-json\/wp\/v2\/newspack_spnsrs_tax?post=5979"},{"taxonomy":"author","embeddable":true,"href":"https:\/\/insightcrime.org\/es\/wp-json\/wp\/v2\/coauthors?post=5979"}],"curies":[{"name":"wp","href":"https:\/\/api.w.org\/{rel}","templated":true}]}}