{"id":6073,"date":"2013-11-04T14:34:25","date_gmt":"2017-03-27T23:56:59","guid":{"rendered":"http:\/\/newwp.insightcrime.org?p=6073"},"modified":"2023-04-24T15:34:24","modified_gmt":"2023-04-24T20:34:24","slug":"moviendo-el-problema-de-lugar-la-guerra-de-colombia-contra-el-microtrafico","status":"publish","type":"post","link":"https:\/\/insightcrime.org\/es\/noticias\/analisis\/moviendo-el-problema-de-lugar-la-guerra-de-colombia-contra-el-microtrafico\/","title":{"rendered":"Moviendo el problema de lugar: La &#8216;guerra&#8217; de Colombia contra el microtr\u00e1fico"},"content":{"rendered":"\n<p class=\"wp-block-paragraph\">Ocho meses despu\u00e9s de las primeras acciones en la nueva guerra de Colombia contra el microtr\u00e1fico, los residentes de las zonas afectadas dicen que los resultados han sido una explosi\u00f3n en el consumo abierto de drogas en las calles, las escuelas y las empresas, mientras que su venta no se ha visto afectada. La historia, en muchos sentidos, ilustra los retos del futuro de gran parte de la regi\u00f3n, a medida que enfrenta el aumento del consumo local de drogas.<\/p>\n\n\n\n<p class=\"wp-block-paragraph\">En junio de este a\u00f1o, la polic\u00eda declar\u00f3 como exitosa la ofensiva de dos meses dirigida a atacar los puntos de venta en la calle, conocidos localmente como \u201collas\u201d, en una operaci\u00f3n que marca el inicio de la \u201cguerra total\u201d de Colombia contra el microtr\u00e1fico.<\/p>\n\n\n\n<p class=\"wp-block-paragraph\">El presidente colombiano Juan Manuel Santos <a href=\"https:\/\/www.eltiempo.com\/justicia\/ARTICULO-WEB-NEW_NOTA_INTERIOR-12847696.html\" target=\"_blank\">elogi\u00f3 los resultados y declar\u00f3<\/a>: \u201c(\u2026) la guerra contra el microtr\u00e1fico (\u2026) no va a parar un solo segundo\u201d.<\/p>\n\n\n\n<p class=\"wp-block-paragraph\">No obstante, las calles de uno de los principales campos de batalla en esta guerra \u2013el centro de Medell\u00edn, la segunda ciudad de Colombia\u2013 cuentan otra historia.<\/p>\n\n\n\n<p class=\"wp-block-paragraph\">Las v\u00edctimas del aumento en el consumo de drogas en Colombia se encuentran hundidas en las puertas, sillas y canales de la zona de Villa Nueva, que es el epicentro del consumo de drogas duras de Medell\u00edn. Andrajosos y con los ojos vidriosos, muchos fuman abiertamente la pasta base de coca\u00edna conocida como \u201cbazuco\u201d, otros consumen hero\u00edna o huelen pegamento, mientras que todos ajenos tanto para los residentes como para la polic\u00eda.<\/p>\n\n\n\n<p class=\"wp-block-paragraph\">\u201cEl problema del consumo de drogas y el microtr\u00e1fico es ahora m\u00e1s visible porque han sacado a los adictos de estas propiedades, las cuales han sellado y han comenzado los procedimientos de incautaci\u00f3n; y todos los ni\u00f1os, hombres, mujeres y ancianos est\u00e1n vagando por las calles\u201d dijo Edal Aldniel Yurient Monsalve Bran, residente y l\u00edder comunitario, con d\u00e9cadas de experiencia en el trabajo con las comunidades necesitadas de la zona.<\/p>\n\n\n\n<p class=\"wp-block-paragraph\">\u201cEl gobierno ha dicho que est\u00e1n haciendo estas intervenciones, pero \u00bfcu\u00e1l es su plan para estas personas?\u201d a\u00f1adi\u00f3. \u201cNo hay ninguno: tomaron entre 200 y 300 drogadictos de estas propiedades, y los echaron a la calle\u201d.<\/p>\n\n\n\n<p class=\"wp-block-paragraph\">Seg\u00fan los residentes, mientras que la polic\u00eda incaut\u00f3 y sell\u00f3 las edificaciones usadas alguna vez como ollas, no se ha visto afectado el suministro de drogas para los adictos. Las transacciones se llevan a cabo ahora a trav\u00e9s de las puertas cerradas de los edificios en ruinas, con pu\u00f1ados de monedas siendo deslizadas bajo las puertas, recibidas de ciudadanos caritativos,&nbsp;para recibir otra dosis de droga barata.<\/p>\n\n\n\n<p class=\"wp-block-paragraph\">\u201cCerraron seis casas de drogas aqu\u00ed en Barbacoas\u201d, dijo otro residente local y tambi\u00e9n l\u00edder comunitario que no quiso ser identificado por razones de seguridad. \u201cY que espect\u00e1culo que fue, con todas las c\u00e1maras y el presidente hablando de una gran intervenci\u00f3n e inversi\u00f3n, pero si nos fijamos en el problema ahora, s\u00f3lo se movi\u00f3 un par de calles\u201d.<\/p>\n\n\n\n<p class=\"wp-block-paragraph\">Seg\u00fan el l\u00edder comunitario, los residentes de la zona dicen que la polic\u00eda tiene como objetivo a los consumidores de drogas, pero dej\u00f3 en paz a los distribuidores y a las pandillas responsables del microtr\u00e1fico.<\/p>\n\n\n\n<p class=\"wp-block-paragraph\">\u201cEllos siguen ah\u00ed. Todav\u00eda est\u00e1n llevando a cabo sus negocios, haciendo todo lo que hac\u00edan antes, y estas personas tienen conexiones \u2013que son las propias autoridades\u2013\u201d, dijo.<\/p>\n\n\n\n<p class=\"wp-block-paragraph\">La polic\u00eda de Medell\u00edn no respondi\u00f3 a las solicitudes de InSight Crime para una entrevista y obtener m\u00e1s informaci\u00f3n sobre sus operaciones contra el microtr\u00e1fico. Y no se sabe de investigaciones sobre la corrupci\u00f3n policial en la zona.<\/p>\n\n\n\n<p class=\"wp-block-paragraph\">A varias cuadras de distancia de Villa Nueva hay un tipo diferente de olla, pero con una historia similar. El Parque del Periodista es una peque\u00f1a plaza rodeada de bares y es la principal olla recreativa en el centro de la ciudad. A diferencia de las drogas m\u00e1s duras y los adictos de Villa Nueva, tanto la venta como el consumo de drogas en este lugar se limitan a la marihuana y la coca\u00edna en polvo.<\/p>\n\n\n\n<p class=\"wp-block-paragraph\">Es un lugar popular de la escena \u201calternativa\u201d de la ciudad para los j\u00f3venes que buscan algo diferente a lo que ofrece la zona de los econ\u00f3micamente acomodados en el Poblado. Por la noche, una espesa nube de humo de marihuana se cierne sobre el parque, a medida que los distribuidores de droga trabajan entre las multitudes. Espor\u00e1dicamente aparece la polic\u00eda, pero s\u00f3lo para confiscar peque\u00f1as cantidades de drogas a los j\u00f3venes, mientras que los distribuidores se quedan en las sombras viendo.<\/p>\n\n\n\n<p class=\"wp-block-paragraph\">La gente que regularmente va a este parque dice que el impacto de la operaci\u00f3n policial fue breve. Al principio, la presencia de microtraficantes fue espor\u00e1dica, apareciendo y desapareciendo durante toda la noche. Los suministros tambi\u00e9n fueron afectados, los clientes del parque dijeron que los distribuidores a menudo se quedaban sin uno u otro de sus productos. No obstante, las dificultades fueron temporales, dicen. En cuesti\u00f3n de meses, fue como si nada hubiera pasado \u2013las mismas caras vendiendo las mismas drogas\u2013.<\/p>\n\n\n\n<h3 class=\"wp-block-heading\">An\u00e1lisis de InSight Crime<\/h3>\n\n\n\n<p class=\"wp-block-paragraph\">El gobierno de Santos ha incluido al microtr\u00e1fico como una de las tres graves amenazas a la seguridad del pa\u00eds, junto con las guerrillas de izquierda y los grupos narcoparamilitares llamados BACRIM (de \u201cbandas criminales\u201d). <a href=\"\/noticias\/noticias-del-dia\/growing-local-drug-market-fuels-colombias-underworld\" target=\"_blank\">Y es un problema<\/a>: Se estima que el 20 por ciento de la coca\u00edna y el 70 por ciento de la marihuana producida en Colombia es consumida actualmente en el pa\u00eds.<\/p>\n\n\n\n<p class=\"wp-block-paragraph\">El comercio alimenta todos los niveles del hampa colombiana, desde las pandillas que administran las ollas hasta las BACRIM y la guerrilla, que est\u00e1n implicados en la producci\u00f3n de drogas y los servicios al por mayor.<\/p>\n\n\n\n<p class=\"wp-block-paragraph\">La respuesta del gobierno ha sido el aumento de la ret\u00f3rica militar y las operaciones de seguridad en lo que el <a href=\"https:\/\/www.eltiempo.com\/Multimedia\/especiales\/microtraficoencolombia\/microtrafico-en-colombia-entrevista-al-general-jose-roberto-leon-riano_12799049-7\" target=\"_blank\">jefe de polic\u00eda Jos\u00e9 Roberto Le\u00f3n Ria\u00f1o ha descrito<\/a> como \u201c(\u2026) una lucha frontal e irreversible\u201d.<\/p>\n\n\n\n<p class=\"wp-block-paragraph\"><a href=\"https:\/\/es.insightcrime.org\/noticias\/noticias-del-dia\/operacion-anti-micro-trafico-en-colombia-es-extendida\/\" target=\"_blank\">El an\u00e1lisis estad\u00edstico de los resultados<\/a> de la ofensiva inicial de esta lucha, llamada \u201cOperaci\u00f3n Coraz\u00f3n Verde\u201d es, a primera vista, impresionante. La polic\u00eda anunci\u00f3 que durante los dos meses se realizaron 314 allanamientos en los que se decomisaron 780.067 dosis de drogas ilegales y detuvieron a 1.641 personas \u2013entre ellos a 42 l\u00edderes de las redes de microtr\u00e1fico\u2013 y cerraron 23 ollas.<\/p>\n\n\n\n<p class=\"wp-block-paragraph\">Sin embargo, un simple paseo por el centro de Medell\u00edn, de d\u00eda o de noche, pone de relieve las limitaciones de este enfoque. Lo m\u00e1ximo que pueden atribuirse las exitosas incursiones, ataques y redadas es haber desplazado el problema \u2013a veces unos pocos metros nada m\u00e1s\u2013.<\/p>\n\n\n\n<p class=\"wp-block-paragraph\">Y no se trata s\u00f3lo de Medell\u00edn. La <a href=\"https:\/\/www.ideaspaz.org\/index.php\/la-fip-opina\/columnas\/1233\" target=\"_blank\">investigaci\u00f3n llevada a cabo&nbsp;despu\u00e9s de la operaci\u00f3n&nbsp;por la Fundaci\u00f3n Ideas para la Paz (FIP)<\/a>, un centro de investigaci\u00f3n con sede en Bogot\u00e1, sugiere que los resultados han sido similares en los otros centros urbanos de Colombia: Bogot\u00e1 y Cali.<\/p>\n\n\n\n<p class=\"wp-block-paragraph\">En Bogot\u00e1, gran parte de la atenci\u00f3n se centr\u00f3 en la zona conocida como el Bronx, el mayor mercado de drogas al aire libre de la ciudad (vea mapa abajo). Durante la operaci\u00f3n, el presidente Santos y el alcalde de Bogot\u00e1, Gustavo Petro, <a href=\"https:\/\/www.eltiempo.com\/Multimedia\/galeria_fotos\/bogot6\/GALERIAFOTOS-WEB-PLANTILLA_GALERIA_FOTOS-12720717.html\" target=\"_blank\">realizaron una conferencia de prensa desde la zona<\/a>, como evidencia de un \u00e9xito operacional.<\/p>\n\n\n\n<p class=\"wp-block-paragraph\">No obstante, seg\u00fan la FIP, mientras que la operaci\u00f3n ha dado lugar a una limpieza de la zona, y ha conducido a una reducci\u00f3n en el n\u00famero de ni\u00f1os que la frecuentan, no ha habido un efecto en el volumen de ventas de drogas y en sus precios. Mientras tanto, la captura del principal capo del Bronx, Rigoberto Arias Castrill\u00f3n, alias \u201cRigo\u201d, ha tenido tan poco impacto que ha continuado ejecutando sus operaciones de narcotr\u00e1fico desde la prisi\u00f3n.<\/p>\n\n\n\n<p class=\"wp-block-paragraph\">La investigaci\u00f3n de la FIP revela que en las tres ciudades, la mayor parte de los adictos que fueron dispersos durante las operaciones, comenzaron a regresar a los mismos puntos de acceso tradicionales de drogas tan pronto se fueron las autoridades. La mayor\u00eda de las ollas se han movido, reorganizado y simplemente volvieron a abrir, lo que sugiere que aunque los vendedores hayan sido arrestados, las redes criminales para las que trabajan permanecen intactas.<\/p>\n\n\n\n<div style=\"margin-bottom: 5px\"><em>(Mapas de la FIP que ilustran la intervenci\u00f3n de la polic\u00eda en Bogot\u00e1; haga click en la esquina derecha para aumentar el tama\u00f1o del mapa).<\/em>&nbsp;<\/div>\n\n\n\n<p class=\"wp-block-paragraph\">Las lecciones son claras: Atacar a los vendedores de drogas y a los consumidores de las calles no ayuda a resolver los problemas del aumento del consumo y la producci\u00f3n de drogas \u2013ambos son desaf\u00edos mucho mayores que el cierre de los puntos de venta de drogas, los cuales reabrir\u00e1n r\u00e1pidamente, siempre y cuando est\u00e9n presentes las drogas y los consumidores.<\/p>\n\n\n\n<p class=\"wp-block-paragraph\">Tampoco se trata de una historia exclusiva para Colombia. Desde Brasil hasta M\u00e9xico, Latinoam\u00e9rica se enfrenta a un aumento alarmante en el consumo de drogas, especialmente los derivados de la coca\u00edna que se encuentran en las ollas. Un <a href=\"https:\/\/insightcrime.org\/news\/analysis\/drug-use-in-the-americas-oas\/\" target=\"_blank\">informe de la Organizaci\u00f3n de los Estados Americanos de 2012<\/a> dice que la mitad de la coca\u00edna procesada en la regi\u00f3n es ahora consumida en Latinoam\u00e9rica.<\/p>\n\n\n\n<p class=\"wp-block-paragraph\">Sin embargo, el gobierno sigue adelante con su \u201cguerra total\u201d. Inmediatamente despu\u00e9s de la conclusi\u00f3n de la Operaci\u00f3n Coraz\u00f3n Verde, el <a href=\"https:\/\/es.insightcrime.org\/noticias\/noticias-del-dia\/operacion-anti-micro-trafico-en-colombia-es-extendida\/\" target=\"_blank\">Presidente Santos anunci\u00f3 su pr\u00f3rroga<\/a> con una nueva lista de 25 ollas m\u00e1s que hay que perseguir. Lo que no menciona es que la polic\u00eda ha identificado unas 3.350 ollas adicionales en todo el pa\u00eds.<\/p>\n","protected":false},"excerpt":{"rendered":"<p>Ocho meses despu\u00e9s de las primeras acciones en la nueva guerra de Colombia contra el microtr\u00e1fico, los residentes de las zonas afectadas dicen que los resultados han sido una explosi\u00f3n en el consumo abierto de drogas en las calles, las escuelas y las empresas, mientras que su venta no se ha visto afectada. La historia, en muchos sentidos, ilustra los retos del futuro de gran parte de la regi\u00f3n, a medida que enfrenta el aumento del consumo local de drogas.<\/p>\n","protected":false},"author":16,"featured_media":72442,"comment_status":"closed","ping_status":"closed","sticky":false,"template":"","format":"standard","meta":{"newspack_ads_suppress_ads":false,"newspack_popups_has_disabled_popups":false,"newspack_sponsor_sponsorship_scope":"","newspack_sponsor_native_byline_display":"inherit","newspack_sponsor_native_category_display":"inherit","newspack_sponsor_underwriter_style":"inherit","newspack_sponsor_underwriter_placement":"inherit","_EventAllDay":false,"_EventTimezone":"","_EventStartDate":"","_EventEndDate":"","_EventStartDateUTC":"","_EventEndDateUTC":"","_EventShowMap":false,"_EventShowMapLink":false,"_EventURL":"","_EventCost":"","_EventCostDescription":"","_EventCurrencySymbol":"","_EventCurrencyCode":"","_EventCurrencyPosition":"","_EventDateTimeSeparator":"","_EventTimeRangeSeparator":"","_EventOrganizerID":[],"_EventVenueID":[],"_OrganizerEmail":"","_OrganizerPhone":"","_OrganizerWebsite":"","_VenueAddress":"","_VenueCity":"","_VenueCountry":"","_VenueProvince":"","_VenueState":"","_VenueZip":"","_VenuePhone":"","_VenueURL":"","_VenueStateProvince":"","_VenueLat":"","_VenueLng":"","_VenueShowMap":false,"_VenueShowMapLink":false,"_newspack_byline_active":false,"_newspack_byline":"","newspack_hide_updated_date":false,"newspack_show_updated_date":false,"newspack_featured_image_position":"","newspack_post_subtitle":"","newspack_article_summary_title":"Overview:","newspack_article_summary":"","_jetpack_memberships_contains_paid_content":false,"footnotes":""},"categories":[340],"tags":[368,458],"newspack_spnsrs_tax":[],"coauthors":[3821],"class_list":["post-6073","post","type-post","status-publish","format-standard","has-post-thumbnail","hentry","category-analisis","tag-colombia-pais","tag-microtrafico","entry"],"parsely":{"version":"1.1.0","canonical_url":"https:\/\/insightcrime.org\/es\/noticias\/analisis\/moviendo-el-problema-de-lugar-la-guerra-de-colombia-contra-el-microtrafico\/","smart_links":{"inbound":0,"outbound":0},"traffic_boost_suggestions_count":0,"meta":{"@context":"https:\/\/schema.org","@type":"NewsArticle","headline":"Moviendo el problema de lugar: La &#8216;guerra&#8217; de Colombia contra el microtr\u00e1fico","url":"http:\/\/insightcrime.org\/es\/noticias\/analisis\/moviendo-el-problema-de-lugar-la-guerra-de-colombia-contra-el-microtrafico\/","mainEntityOfPage":{"@type":"WebPage","@id":"http:\/\/insightcrime.org\/es\/noticias\/analisis\/moviendo-el-problema-de-lugar-la-guerra-de-colombia-contra-el-microtrafico\/"},"thumbnailUrl":"https:\/\/i0.wp.com\/insightcrime.org\/wp-content\/uploads\/2013\/11\/en-c281553e4d1bbb04d5c813429d4fa449.jpg?resize=150%2C150&quality=100&ssl=1","image":{"@type":"ImageObject","url":"https:\/\/i0.wp.com\/insightcrime.org\/wp-content\/uploads\/2013\/11\/en-c281553e4d1bbb04d5c813429d4fa449.jpg?fit=400%2C242&quality=100&ssl=1"},"articleSection":"An\u00e1lisis","author":[{"@type":"Person","name":"James Bargent"}],"creator":["James Bargent"],"publisher":{"@type":"Organization","name":"InSight Crime","logo":"https:\/\/insightcrime.org\/wp-content\/uploads\/2023\/08\/logo.png"},"keywords":["colombia","microtr\u00e1fico"],"dateCreated":"2017-03-27T23:56:59Z","datePublished":"2017-03-27T23:56:59Z","dateModified":"2023-04-24T20:34:24Z"},"rendered":"<meta name=\"parsely-title\" content=\"Moviendo el problema de lugar: La &#8216;guerra&#8217; de Colombia contra el microtr\u00e1fico\" \/>\n<meta name=\"parsely-link\" content=\"http:\/\/insightcrime.org\/es\/noticias\/analisis\/moviendo-el-problema-de-lugar-la-guerra-de-colombia-contra-el-microtrafico\/\" \/>\n<meta name=\"parsely-type\" content=\"post\" \/>\n<meta name=\"parsely-image-url\" content=\"https:\/\/i0.wp.com\/insightcrime.org\/wp-content\/uploads\/2013\/11\/en-c281553e4d1bbb04d5c813429d4fa449.jpg?resize=150%2C150&amp;quality=100&amp;ssl=1\" \/>\n<meta name=\"parsely-pub-date\" content=\"2017-03-27T23:56:59Z\" \/>\n<meta name=\"parsely-section\" content=\"An\u00e1lisis\" \/>\n<meta name=\"parsely-tags\" content=\"colombia,microtr\u00e1fico\" \/>\n<meta name=\"parsely-author\" content=\"James Bargent\" \/>","tracker_url":"https:\/\/cdn.parsely.com\/keys\/insightcrime.org\/p.js"},"jetpack_sharing_enabled":true,"jetpack-related-posts":[{"id":307396,"url":"https:\/\/insightcrime.org\/es\/noticias\/que-hay-detras-explosion-granadas-capital-colombia\/","url_meta":{"origin":6073,"position":0},"title":"\u00bfQu\u00e9 hay detr\u00e1s de la explosi\u00f3n de granadas en la capital de Colombia?","author":"Juan Camilo Jaramillo","date":"16 de abril de 2025","format":false,"excerpt":"Una serie de atentados con granadas fragmentarias en varias zonas de Bogot\u00e1, Colombia, es el \u00faltimo s\u00edntoma de un aumento de violencia donde se entremezclan las disputas por rentas criminales y la expansi\u00f3n de bandas extranjeras.","rel":"","context":"En \u00abNoticias\u00bb","block_context":{"text":"Noticias","link":"https:\/\/insightcrime.org\/es\/category\/noticias\/"},"img":{"alt_text":"","src":"https:\/\/i0.wp.com\/insightcrime.org\/wp-content\/uploads\/2025\/04\/2025-04-15-Bogota-Grenade-Attacks.jpg?fit=350%2C250&quality=100&ssl=1&resize=350%2C200","width":350,"height":200},"classes":[]},{"id":185595,"url":"https:\/\/insightcrime.org\/es\/noticias\/bogota-epicentro-guerra-bandas-microtrafico-colombia\/","url_meta":{"origin":6073,"position":1},"title":"Bogot\u00e1, epicentro de guerra entre bandas del microtr\u00e1fico en Colombia","author":"Juliana Manjarr\u00e9s","date":"23 de mayo de 2022","format":false,"excerpt":"La reconfiguraci\u00f3n de los grupos que controlan el microtr\u00e1fico en la capital colombiana estar\u00eda detr\u00e1s de los macabros homicidios registrados en las \u00faltimas seis semanas en Bogot\u00e1.","rel":"","context":"En \u00abNoticias\u00bb","block_context":{"text":"Noticias","link":"https:\/\/insightcrime.org\/es\/category\/noticias\/"},"img":{"alt_text":"","src":"https:\/\/i0.wp.com\/insightcrime.org\/wp-content\/uploads\/2022\/05\/Picture1-1.jpg?fit=350%2C250&quality=100&ssl=1&resize=350%2C200","width":350,"height":200},"classes":[]},{"id":176403,"url":"https:\/\/insightcrime.org\/es\/noticias\/programa-microtrafico0-chile-exito-fracaso\/","url_meta":{"origin":6073,"position":2},"title":"Programa Microtr\u00e1fico Cero en Chile: \u00bf\u00e9xito o fracaso?","author":"Scott Mistler-Ferguson","date":"24 de enero de 2022","format":false,"excerpt":"Despu\u00e9s de siete a\u00f1os en vigor, la radical estrategia de Chile para librar al pa\u00eds del microtr\u00e1fico a peque\u00f1a escala ha sido elogiada como un \u00e9xito, e inclusive se ha exportado el modelo a otros pa\u00edses. Pero, \u00bfest\u00e1 funcionando esa postura de l\u00ednea dura?","rel":"","context":"En \u00abNoticias\u00bb","block_context":{"text":"Noticias","link":"https:\/\/insightcrime.org\/es\/category\/noticias\/"},"img":{"alt_text":"Narc\u00f3ticos decomisados en operativo de MT-0","src":"https:\/\/i0.wp.com\/insightcrime.org\/wp-content\/uploads\/2022\/01\/MT-0-Program.jpeg?fit=350%2C250&quality=100&ssl=1&resize=350%2C200","width":350,"height":200},"classes":[]},{"id":232490,"url":"https:\/\/insightcrime.org\/es\/noticias\/gaitanistas-tren-de-aragua-enfrentarse-bogota-colombia\/","url_meta":{"origin":6073,"position":3},"title":"Gaitanistas y Tren de Aragua: lejos de enfrentarse en Bogot\u00e1, Colombia","author":"Juan Diego C\u00e1rdenas","date":"29 de agosto de 2023","format":false,"excerpt":"La circulaci\u00f3n de panfletos y video-amenazas de grupos criminales en Bogot\u00e1 reabri\u00f3 el debate sobre la presencia real de estas organizaciones en la capital colombiana, sin embargo, expertos en seguridad ponen en duda su poder.\u00a0","rel":"","context":"En \u00abNoticias\u00bb","block_context":{"text":"Noticias","link":"https:\/\/insightcrime.org\/es\/category\/noticias\/"},"img":{"alt_text":"Personas capturadas por la Polic\u00eda por presunto microtr\u00e1fico","src":"https:\/\/i0.wp.com\/insightcrime.org\/wp-content\/uploads\/2023\/09\/Bogota-disputas-1-1.jpg?fit=350%2C250&quality=100&ssl=1&resize=350%2C200","width":350,"height":200},"classes":[]},{"id":136111,"url":"https:\/\/insightcrime.org\/es\/noticias\/masacre-antioquia-expansion-urabenos\/","url_meta":{"origin":6073,"position":4},"title":"Masacre en Antioquia evidencia tensiones en la expansi\u00f3n de Los Gaitanistas","author":"Sara Garcia","date":"10 de marzo de 2021","format":false,"excerpt":"Antioquia vivi\u00f3 su cuarta masacre en lo corrido del a\u00f1o, esta vez en el municipio de Andes, suroeste del departamento. Detr\u00e1s del suceso est\u00e1n Los Urabe\u00f1os y las tensiones de su expansi\u00f3n hacia el Pac\u00edfico colombiano.","rel":"","context":"En \u00abNoticias\u00bb","block_context":{"text":"Noticias","link":"https:\/\/insightcrime.org\/es\/category\/noticias\/"},"img":{"alt_text":"","src":"https:\/\/i0.wp.com\/insightcrime.org\/wp-content\/uploads\/2021\/02\/Urabenos-expansion.jpg?fit=350%2C250&quality=100&ssl=1&resize=350%2C200","width":350,"height":200},"classes":[]},{"id":205862,"url":"https:\/\/insightcrime.org\/es\/noticias\/ingenioso-microtrafico-monopatin-argentina\/","url_meta":{"origin":6073,"position":5},"title":"El ingenioso microtr\u00e1fico en monopat\u00edn de Argentina","author":"Juan Diego Posada","date":"3 de enero de 2023","format":false,"excerpt":"Varias capturas y la incautaci\u00f3n de droga en Argentina es una muestra m\u00e1s de la creatividad de los microtraficantes, que hacen la compra de drogas cada vez m\u00e1s c\u00f3moda para el consumidor.","rel":"","context":"En \u00abNoticias\u00bb","block_context":{"text":"Noticias","link":"https:\/\/insightcrime.org\/es\/category\/noticias\/"},"img":{"alt_text":"La Polic\u00eda de Buenos Aires captur\u00f3 a nueve personas de la banda","src":"https:\/\/i0.wp.com\/insightcrime.org\/wp-content\/uploads\/2022\/12\/Banda-del-Monopatin.jpg?fit=350%2C250&quality=100&ssl=1&resize=350%2C200","width":350,"height":200},"classes":[]}],"jetpack_featured_media_url":"https:\/\/i0.wp.com\/insightcrime.org\/wp-content\/uploads\/2013\/11\/en-c281553e4d1bbb04d5c813429d4fa449.jpg?fit=400%2C242&quality=100&ssl=1","_links":{"self":[{"href":"https:\/\/insightcrime.org\/es\/wp-json\/wp\/v2\/posts\/6073","targetHints":{"allow":["GET"]}}],"collection":[{"href":"https:\/\/insightcrime.org\/es\/wp-json\/wp\/v2\/posts"}],"about":[{"href":"https:\/\/insightcrime.org\/es\/wp-json\/wp\/v2\/types\/post"}],"author":[{"embeddable":true,"href":"https:\/\/insightcrime.org\/es\/wp-json\/wp\/v2\/users\/16"}],"replies":[{"embeddable":true,"href":"https:\/\/insightcrime.org\/es\/wp-json\/wp\/v2\/comments?post=6073"}],"version-history":[{"count":1,"href":"https:\/\/insightcrime.org\/es\/wp-json\/wp\/v2\/posts\/6073\/revisions"}],"predecessor-version":[{"id":20980,"href":"https:\/\/insightcrime.org\/es\/wp-json\/wp\/v2\/posts\/6073\/revisions\/20980"}],"wp:featuredmedia":[{"embeddable":true,"href":"https:\/\/insightcrime.org\/es\/wp-json\/wp\/v2\/media\/72442"}],"wp:attachment":[{"href":"https:\/\/insightcrime.org\/es\/wp-json\/wp\/v2\/media?parent=6073"}],"wp:term":[{"taxonomy":"category","embeddable":true,"href":"https:\/\/insightcrime.org\/es\/wp-json\/wp\/v2\/categories?post=6073"},{"taxonomy":"post_tag","embeddable":true,"href":"https:\/\/insightcrime.org\/es\/wp-json\/wp\/v2\/tags?post=6073"},{"taxonomy":"newspack_spnsrs_tax","embeddable":true,"href":"https:\/\/insightcrime.org\/es\/wp-json\/wp\/v2\/newspack_spnsrs_tax?post=6073"},{"taxonomy":"author","embeddable":true,"href":"https:\/\/insightcrime.org\/es\/wp-json\/wp\/v2\/coauthors?post=6073"}],"curies":[{"name":"wp","href":"https:\/\/api.w.org\/{rel}","templated":true}]}}