{"id":6088,"date":"2013-11-07T12:42:52","date_gmt":"2017-03-27T23:57:03","guid":{"rendered":"http:\/\/newwp.insightcrime.org?p=6088"},"modified":"2023-04-24T15:34:29","modified_gmt":"2023-04-24T20:34:29","slug":"colombia-y-farc-acuerdan-pero-permanece-la-dura-pregunta-sobre-la-droga","status":"publish","type":"post","link":"https:\/\/insightcrime.org\/es\/noticias\/noticias-del-dia\/colombia-y-farc-acuerdan-pero-permanece-la-dura-pregunta-sobre-la-droga\/","title":{"rendered":"Colombia y FARC llegan a un acuerdo, pero permanece la dif\u00edcil cuesti\u00f3n de la droga"},"content":{"rendered":"\n<p class=\"wp-block-paragraph\">El gobierno colombiano y la guerrilla marxista han negociado un acuerdo que asegura la participaci\u00f3n pol\u00edtica de los guerrilleros, un avance clave, llevando las conversaciones m\u00e1s cerca a la compleja cuesti\u00f3n del narcotr\u00e1fico.<\/p>\n\n\n\n<p class=\"wp-block-paragraph\">Las Fuerzas Armadas Revolucionarias de Colombia (FARC) y el gobierno de Colombia llegaron a un acuerdo sobre la participaci\u00f3n pol\u00edtica, el segundo de los seis puntos de la <a href=\"https:\/\/www.indepaz.org.co\/wp-content\/uploads\/2012\/09\/Acuerdo-general-para-la-terminaci\u00f3n-del-conflicto-y-la-construcci\u00f3n-de-una-paz-estable-y-duradera1.pdf\" target=\"_blank\">agenda<\/a> en las negociaciones de paz que tienen lugar en La Habana,&nbsp;<a href=\"https:\/\/www.eltiempo.com\/politica\/acuerdo-gobierno-farc-las-claves-del-acuerdo-en-participacion-politica_13163081-4\" target=\"_blank\">inform\u00f3 El Tiempo<\/a>.<\/p>\n\n\n\n<p class=\"wp-block-paragraph\">Seg\u00fan el <a href=\"https:\/\/wsp.presidencia.gov.co\/Prensa\/2013\/Noviembre\/Paginas\/20131106_06-propaz-Comunicado-Conjunto-de-las-Delegaciones-del-Gobierno-y-las-Farc.aspx\" target=\"_blank\">comunicado conjunto, emitido el 6 de noviembre<\/a>, el gobierno colombiano y las FARC lograron un consenso sobre cuestiones como los derechos y garant\u00edas para el ejercicio de la oposici\u00f3n pol\u00edtica y el acceso a los medios de comunicaci\u00f3n, los mecanismos democr\u00e1ticos de participaci\u00f3n ciudadana y la promoci\u00f3n efectiva de una mayor participaci\u00f3n pol\u00edtica.<\/p>\n\n\n\n<p class=\"wp-block-paragraph\">Otro de los puntos que est\u00e1n listos para ser discutidos es la \u201csoluci\u00f3n al problema de las drogas il\u00edcitas\u201d, que se espera que lleve a un <a href=\"https:\/\/www.semana.com\/nacion\/articulo\/propuestas-foro-drogas-ilicitas-proceso-de-paz\/359014-3\" target=\"_blank\">mayor debate sobre pol\u00edticas alternativas<\/a> para combatir el narcotr\u00e1fico en el pa\u00eds.<\/p>\n\n\n\n<h3 class=\"wp-block-heading\">An\u00e1lisis InSight Crime<\/h3>\n\n\n\n<p class=\"wp-block-paragraph\">Tras m\u00e1s de un a\u00f1o de conversaciones entre las FARC y el gobierno del presidente Juan Manuel Santos, el logro de un acuerdo sobre la participaci\u00f3n pol\u00edtica es un paso importante hacia un acuerdo de paz. Las discusiones sobre el tema se hab\u00edan estancado antes, en medio de acusaciones de que el proceso estaba desmoron\u00e1ndose.<\/p>\n\n\n\n<p class=\"wp-block-paragraph\">El asunto de la participaci\u00f3n pol\u00edtica es sensible para las FARC, dado el precedente de la Uni\u00f3n Patri\u00f3tica (UP) -un movimiento pol\u00edtico establecido como un veh\u00edculo electoral para las FARC y sus aliados durante las conversaciones de paz en los a\u00f1os ochenta-. Posteriormente fue diezmado por los escuadrones paramilitares de la muerte. <a href=\"\/paz-farc\/las-farc-2-los-escenarios-de-una-posible-fragmentacion-o-criminalizacion-de-las-farc\" target=\"_blank\">Hasta 3.000 miembros de la UP fueron asesinados<\/a>, provocando el regreso de la guerrilla a la lucha armada.<\/p>\n\n\n\n<p class=\"wp-block-paragraph\">La cuesti\u00f3n de las drogas promete ser igual de problem\u00e1tica. Las FARC controlan hasta el 70 por ciento de los cultivos de coca en el pa\u00eds, la materia prima de la coca\u00edna. Muchos frentes de las FARC ganan millones de d\u00f3lares del narcotr\u00e1fico, a menudo asoci\u00e1ndose con los grupos sucesores de los paramilitares -conocidos como BACRIM (\u201cbandas criminales\u201d). Cualquier acuerdo con el gobierno sobre este tema podr\u00eda tener enormes implicaciones para el narcotr\u00e1fico en Colombia.<\/p>\n\n\n\n<p class=\"wp-block-paragraph\"><strong>VEA TAMBI\u00c9N:<\/strong> <a href=\"\/series-especiales\/paz-farc\" target=\"_blank\">FARC, paz y posible criminalizaci\u00f3n<\/a><\/p>\n\n\n\n<p class=\"wp-block-paragraph\">Adem\u00e1s, como InSight Crime ha se\u00f1alado anteriormente, las facciones disidentes de las FARC bien podr\u00edan criminalizarse y continuar con sus actividades ilegales sin las mismas justificaciones ideol\u00f3gicas, como ocurri\u00f3 con la organizaci\u00f3n paramilitar de las AUC tras su desmovilizaci\u00f3n oficial en 2006, cuando engendr\u00f3 a las BACRIM. Tal vez sea inevitable que una nueva generaci\u00f3n de grupos criminales, la FARCRIM, pueda nacer si llega a firmarse un acuerdo de paz.<\/p>\n","protected":false},"excerpt":{"rendered":"<p>El gobierno colombiano y la guerrilla marxista han negociado un acuerdo que asegura la participaci\u00f3n pol\u00edtica de los guerrilleros, un avance clave, llevando las conversaciones m\u00e1s cerca a la compleja cuesti\u00f3n del narcotr\u00e1fico.<\/p>\n","protected":false},"author":14,"featured_media":38934,"comment_status":"closed","ping_status":"closed","sticky":false,"template":"","format":"standard","meta":{"newspack_ads_suppress_ads":false,"newspack_popups_has_disabled_popups":false,"newspack_sponsor_sponsorship_scope":"","newspack_sponsor_native_byline_display":"inherit","newspack_sponsor_native_category_display":"inherit","newspack_sponsor_underwriter_style":"inherit","newspack_sponsor_underwriter_placement":"inherit","_EventAllDay":false,"_EventTimezone":"","_EventStartDate":"","_EventEndDate":"","_EventStartDateUTC":"","_EventEndDateUTC":"","_EventShowMap":false,"_EventShowMapLink":false,"_EventURL":"","_EventCost":"","_EventCostDescription":"","_EventCurrencySymbol":"","_EventCurrencyCode":"","_EventCurrencyPosition":"","_EventDateTimeSeparator":"","_EventTimeRangeSeparator":"","_EventOrganizerID":[],"_EventVenueID":[],"_OrganizerEmail":"","_OrganizerPhone":"","_OrganizerWebsite":"","_VenueAddress":"","_VenueCity":"","_VenueCountry":"","_VenueProvince":"","_VenueState":"","_VenueZip":"","_VenuePhone":"","_VenueURL":"","_VenueStateProvince":"","_VenueLat":"","_VenueLng":"","_VenueShowMap":false,"_VenueShowMapLink":false,"_newspack_byline_active":false,"_newspack_byline":"","newspack_hide_updated_date":false,"newspack_show_updated_date":false,"newspack_featured_image_position":"","newspack_post_subtitle":"","newspack_article_summary_title":"Overview:","newspack_article_summary":"","_jetpack_memberships_contains_paid_content":false,"footnotes":""},"categories":[334],"tags":[368,1542,475],"newspack_spnsrs_tax":[],"coauthors":[3738],"class_list":["post-6088","post","type-post","status-publish","format-standard","has-post-thumbnail","hentry","category-noticias-del-dia","tag-colombia-pais","tag-farc-ep","tag-paz-con-las-farc","entry"],"parsely":{"version":"1.1.0","canonical_url":"https:\/\/insightcrime.org\/es\/noticias\/noticias-del-dia\/colombia-y-farc-acuerdan-pero-permanece-la-dura-pregunta-sobre-la-droga\/","smart_links":{"inbound":0,"outbound":0},"traffic_boost_suggestions_count":0,"meta":{"@context":"https:\/\/schema.org","@type":"NewsArticle","headline":"Colombia y FARC llegan a un acuerdo, pero permanece la dif\u00edcil cuesti\u00f3n de la droga","url":"http:\/\/insightcrime.org\/es\/noticias\/noticias-del-dia\/colombia-y-farc-acuerdan-pero-permanece-la-dura-pregunta-sobre-la-droga\/","mainEntityOfPage":{"@type":"WebPage","@id":"http:\/\/insightcrime.org\/es\/noticias\/noticias-del-dia\/colombia-y-farc-acuerdan-pero-permanece-la-dura-pregunta-sobre-la-droga\/"},"thumbnailUrl":"https:\/\/i0.wp.com\/insightcrime.org\/wp-content\/uploads\/2013\/11\/es-4eeb67a0dfe87cb46b385aca5f00f9e9.jpg?resize=150%2C150&quality=100&ssl=1","image":{"@type":"ImageObject","url":"https:\/\/i0.wp.com\/insightcrime.org\/wp-content\/uploads\/2013\/11\/es-4eeb67a0dfe87cb46b385aca5f00f9e9.jpg?fit=650%2C424&quality=100&ssl=1"},"articleSection":"Noticias del d\u00eda","author":[{"@type":"Person","name":"Daniela Castro"}],"creator":["Daniela Castro"],"publisher":{"@type":"Organization","name":"InSight Crime","logo":"https:\/\/insightcrime.org\/wp-content\/uploads\/2023\/08\/logo.png"},"keywords":["colombia","farc","paz farc"],"dateCreated":"2017-03-27T23:57:03Z","datePublished":"2017-03-27T23:57:03Z","dateModified":"2023-04-24T20:34:29Z"},"rendered":"<meta name=\"parsely-title\" content=\"Colombia y FARC llegan a un acuerdo, pero permanece la dif\u00edcil cuesti\u00f3n de la droga\" \/>\n<meta name=\"parsely-link\" content=\"http:\/\/insightcrime.org\/es\/noticias\/noticias-del-dia\/colombia-y-farc-acuerdan-pero-permanece-la-dura-pregunta-sobre-la-droga\/\" \/>\n<meta name=\"parsely-type\" content=\"post\" \/>\n<meta name=\"parsely-image-url\" content=\"https:\/\/i0.wp.com\/insightcrime.org\/wp-content\/uploads\/2013\/11\/es-4eeb67a0dfe87cb46b385aca5f00f9e9.jpg?resize=150%2C150&amp;quality=100&amp;ssl=1\" \/>\n<meta name=\"parsely-pub-date\" content=\"2017-03-27T23:57:03Z\" \/>\n<meta name=\"parsely-section\" content=\"Noticias del d\u00eda\" \/>\n<meta name=\"parsely-tags\" content=\"colombia,farc,paz farc\" \/>\n<meta name=\"parsely-author\" content=\"Daniela Castro\" \/>","tracker_url":"https:\/\/cdn.parsely.com\/keys\/insightcrime.org\/p.js"},"jetpack_sharing_enabled":true,"jetpack-related-posts":[{"id":4859,"url":"https:\/\/insightcrime.org\/es\/noticias-crimen-organizado-colombia\/eliecer-erlinto-chamorro-antonio-garcia\/","url_meta":{"origin":6088,"position":0},"title":"Eli\u00e9cer Erlinto Chamorro, alias &#8216;Antonio Garc\u00eda&#8217;","author":"InSight Crime","date":"24 de junio de 2021","format":false,"excerpt":"Eli\u00e9cer Erlinto Chamorro, alias \u201cAntonio Garc\u00eda\u201d, es el primer comandante del grupo guerrillero colombiano ELN.","rel":"","context":"En \u00abColombia\u00bb","block_context":{"text":"Colombia","link":"https:\/\/insightcrime.org\/es\/category\/noticias-crimen-organizado-colombia\/"},"img":{"alt_text":"Perfil criminal - Eliecer Erlinto Chamorro, alias \u2018Antonio Garcia\u2019 - Colombia.","src":"https:\/\/i0.wp.com\/insightcrime.org\/wp-content\/uploads\/2026\/08\/Perfil-Criminal-Alias-Antonio-Garcia-Colombia.jpg?fit=1200%2C900&quality=100&ssl=1&resize=350%2C200","width":350,"height":200,"srcset":"https:\/\/i0.wp.com\/insightcrime.org\/wp-content\/uploads\/2026\/08\/Perfil-Criminal-Alias-Antonio-Garcia-Colombia.jpg?fit=1200%2C900&quality=100&ssl=1&resize=350%2C200 1x, https:\/\/i0.wp.com\/insightcrime.org\/wp-content\/uploads\/2026\/08\/Perfil-Criminal-Alias-Antonio-Garcia-Colombia.jpg?fit=1200%2C900&quality=100&ssl=1&resize=525%2C300 1.5x, https:\/\/i0.wp.com\/insightcrime.org\/wp-content\/uploads\/2026\/08\/Perfil-Criminal-Alias-Antonio-Garcia-Colombia.jpg?fit=1200%2C900&quality=100&ssl=1&resize=700%2C400 2x, https:\/\/i0.wp.com\/insightcrime.org\/wp-content\/uploads\/2026\/08\/Perfil-Criminal-Alias-Antonio-Garcia-Colombia.jpg?fit=1200%2C900&quality=100&ssl=1&resize=1050%2C600 3x"},"classes":[]},{"id":191467,"url":"https:\/\/insightcrime.org\/es\/noticias\/eln-y-gobierno-colombia-historia-que-no-esta-condenada-repetirse\/","url_meta":{"origin":6088,"position":1},"title":"El ELN y el Gobierno de Colombia: una historia que no est\u00e1 condenada a repetirse","author":"Juan Diego Posada","date":"11 de agosto de 2022","format":false,"excerpt":"La propuesta de Paz Total con los actores armados elevada por el presidente llega en un momento donde se espera negociar con distintos grupos. El ELN podr\u00eda ser la piedra angular de las conversaciones de paz.","rel":"","context":"En \u00abNoticias\u00bb","block_context":{"text":"Noticias","link":"https:\/\/insightcrime.org\/es\/category\/noticias\/"},"img":{"alt_text":"Colombia's new president, Gustavo Petro, is seeking talks with the ELN","src":"https:\/\/i0.wp.com\/insightcrime.org\/wp-content\/uploads\/2022\/08\/Colombia-New-President-Gustavo-Petro-speaks-after-taking-the-oathAP_22219818060046.jpg?fit=1200%2C600&quality=100&ssl=1&resize=350%2C200","width":350,"height":200,"srcset":"https:\/\/i0.wp.com\/insightcrime.org\/wp-content\/uploads\/2022\/08\/Colombia-New-President-Gustavo-Petro-speaks-after-taking-the-oathAP_22219818060046.jpg?fit=1200%2C600&quality=100&ssl=1&resize=350%2C200 1x, https:\/\/i0.wp.com\/insightcrime.org\/wp-content\/uploads\/2022\/08\/Colombia-New-President-Gustavo-Petro-speaks-after-taking-the-oathAP_22219818060046.jpg?fit=1200%2C600&quality=100&ssl=1&resize=525%2C300 1.5x, https:\/\/i0.wp.com\/insightcrime.org\/wp-content\/uploads\/2022\/08\/Colombia-New-President-Gustavo-Petro-speaks-after-taking-the-oathAP_22219818060046.jpg?fit=1200%2C600&quality=100&ssl=1&resize=700%2C400 2x, https:\/\/i0.wp.com\/insightcrime.org\/wp-content\/uploads\/2022\/08\/Colombia-New-President-Gustavo-Petro-speaks-after-taking-the-oathAP_22219818060046.jpg?fit=1200%2C600&quality=100&ssl=1&resize=1050%2C600 3x"},"classes":[]},{"id":7015,"url":"https:\/\/insightcrime.org\/es\/noticias-crimen-organizado-colombia\/farc-perfil\/","url_meta":{"origin":6088,"position":2},"title":"FARC","author":"InSight Crime","date":"23 de noviembre de 2023","format":false,"excerpt":"Las Fuerzas Armadas Revolucionarias de Colombia (FARC) fueron el mayor ej\u00e9rcito irregular de Colombia. Operaron en varias regiones del pa\u00eds en busca de recursos para financiar su guerra de casi 50 a\u00f1os contra el Estado. Las FARC fueron el grupo guerrillero m\u00e1s antiguo e importante del hemisferio occidental y durante\u2026","rel":"","context":"En \u00abColombia\u00bb","block_context":{"text":"Colombia","link":"https:\/\/insightcrime.org\/es\/category\/noticias-crimen-organizado-colombia\/"},"img":{"alt_text":"","src":"","width":0,"height":0},"classes":[]},{"id":121980,"url":"https:\/\/insightcrime.org\/es\/noticias-crimen-organizado-colombia\/segunda-marquetalia\/","url_meta":{"origin":6088,"position":3},"title":"Segunda Marquetalia","author":"InSight Crime","date":"19 de agosto de 2025","format":false,"excerpt":"La Segunda Marquetalia es un grupo disidente de las FARC que rechaz\u00f3 el acuerdo de paz de 2016. Liderado por alias \"Iv\u00e1n M\u00e1rquez\", sigue operando en Colombia, especialmente en la frontera con Venezuela, a pesar de las fracturas internas. En 2024, mostr\u00f3 inter\u00e9s en participar en la pol\u00edtica de Paz\u2026","rel":"","context":"En \u00abColombia\u00bb","block_context":{"text":"Colombia","link":"https:\/\/insightcrime.org\/es\/category\/noticias-crimen-organizado-colombia\/"},"img":{"alt_text":"Segunda Marquetalia","src":"https:\/\/i0.wp.com\/insightcrime.org\/wp-content\/uploads\/2026\/06\/Grupo-Criminal-Segunda-Marquetalia-2.jpg?fit=1200%2C900&quality=100&ssl=1&resize=350%2C200","width":350,"height":200,"srcset":"https:\/\/i0.wp.com\/insightcrime.org\/wp-content\/uploads\/2026\/06\/Grupo-Criminal-Segunda-Marquetalia-2.jpg?fit=1200%2C900&quality=100&ssl=1&resize=350%2C200 1x, https:\/\/i0.wp.com\/insightcrime.org\/wp-content\/uploads\/2026\/06\/Grupo-Criminal-Segunda-Marquetalia-2.jpg?fit=1200%2C900&quality=100&ssl=1&resize=525%2C300 1.5x, https:\/\/i0.wp.com\/insightcrime.org\/wp-content\/uploads\/2026\/06\/Grupo-Criminal-Segunda-Marquetalia-2.jpg?fit=1200%2C900&quality=100&ssl=1&resize=700%2C400 2x, https:\/\/i0.wp.com\/insightcrime.org\/wp-content\/uploads\/2026\/06\/Grupo-Criminal-Segunda-Marquetalia-2.jpg?fit=1200%2C900&quality=100&ssl=1&resize=1050%2C600 3x"},"classes":[]},{"id":281672,"url":"https:\/\/insightcrime.org\/es\/noticias\/por-que-la-segunda-marquetalia-podria-estar-lista-para-la-paz-en-colombia\/","url_meta":{"origin":6088,"position":4},"title":"Por qu\u00e9 la Segunda Marquetalia podr\u00eda estar lista para la paz en Colombia","author":"Sergio Saffon","date":"27 de junio de 2024","format":false,"excerpt":"El grupo guerrillero disidente conocido como la Segunda Marquetalia ha iniciado negociaciones de paz con el gobierno de Colombia, y parece estar a punto de llegar a un acuerdo a causa de su debilitada condici\u00f3n.","rel":"","context":"En \u00abNoticias\u00bb","block_context":{"text":"Noticias","link":"https:\/\/insightcrime.org\/es\/category\/noticias\/"},"img":{"alt_text":"Peace talks between the Second Marquetalia and the Colombian government in Caracas, Venezuela.","src":"https:\/\/i0.wp.com\/insightcrime.org\/wp-content\/uploads\/2024\/06\/negociacion-de-paz-con-la-segunda-marquetalia-en-colombia-focus-0-0-1044-675-2.jpg?fit=350%2C250&quality=100&ssl=1&resize=350%2C200","width":350,"height":200},"classes":[]},{"id":190186,"url":"https:\/\/insightcrime.org\/es\/noticias\/muerte-ivan-marquez-podria-revolucionar-panorama-colombiano-post-farc\/","url_meta":{"origin":6088,"position":5},"title":"Muerte de Iv\u00e1n M\u00e1rquez podr\u00eda cambiar el panorama post-FARC en Colombia","author":"Chris Dalby","date":"4 de julio de 2022","format":false,"excerpt":"Si bien a\u00fan no se ha confirmado la muerte de Iv\u00e1n M\u00e1rquez, posiblemente el excomandante m\u00e1s conocido de las FARC, su asesinato marcar\u00eda un punto de inflexi\u00f3n importante en el panorama de seguridad de Colombia.","rel":"","context":"En \u00abNoticias\u00bb","block_context":{"text":"Noticias","link":"https:\/\/insightcrime.org\/es\/category\/noticias\/"},"img":{"alt_text":"Ivan M\u00e1rquez","src":"https:\/\/i0.wp.com\/insightcrime.org\/wp-content\/uploads\/2018\/12\/Ivan-M%C3%A1rquez.jpg?fit=350%2C250&quality=100&ssl=1&resize=350%2C200","width":350,"height":200},"classes":[]}],"jetpack_featured_media_url":"https:\/\/i0.wp.com\/insightcrime.org\/wp-content\/uploads\/2013\/11\/es-4eeb67a0dfe87cb46b385aca5f00f9e9.jpg?fit=650%2C424&quality=100&ssl=1","_links":{"self":[{"href":"https:\/\/insightcrime.org\/es\/wp-json\/wp\/v2\/posts\/6088","targetHints":{"allow":["GET"]}}],"collection":[{"href":"https:\/\/insightcrime.org\/es\/wp-json\/wp\/v2\/posts"}],"about":[{"href":"https:\/\/insightcrime.org\/es\/wp-json\/wp\/v2\/types\/post"}],"author":[{"embeddable":true,"href":"https:\/\/insightcrime.org\/es\/wp-json\/wp\/v2\/users\/14"}],"replies":[{"embeddable":true,"href":"https:\/\/insightcrime.org\/es\/wp-json\/wp\/v2\/comments?post=6088"}],"version-history":[{"count":1,"href":"https:\/\/insightcrime.org\/es\/wp-json\/wp\/v2\/posts\/6088\/revisions"}],"predecessor-version":[{"id":21034,"href":"https:\/\/insightcrime.org\/es\/wp-json\/wp\/v2\/posts\/6088\/revisions\/21034"}],"wp:featuredmedia":[{"embeddable":true,"href":"https:\/\/insightcrime.org\/es\/wp-json\/wp\/v2\/media\/38934"}],"wp:attachment":[{"href":"https:\/\/insightcrime.org\/es\/wp-json\/wp\/v2\/media?parent=6088"}],"wp:term":[{"taxonomy":"category","embeddable":true,"href":"https:\/\/insightcrime.org\/es\/wp-json\/wp\/v2\/categories?post=6088"},{"taxonomy":"post_tag","embeddable":true,"href":"https:\/\/insightcrime.org\/es\/wp-json\/wp\/v2\/tags?post=6088"},{"taxonomy":"newspack_spnsrs_tax","embeddable":true,"href":"https:\/\/insightcrime.org\/es\/wp-json\/wp\/v2\/newspack_spnsrs_tax?post=6088"},{"taxonomy":"author","embeddable":true,"href":"https:\/\/insightcrime.org\/es\/wp-json\/wp\/v2\/coauthors?post=6088"}],"curies":[{"name":"wp","href":"https:\/\/api.w.org\/{rel}","templated":true}]}}