{"id":6097,"date":"2013-11-11T15:13:50","date_gmt":"2017-03-27T23:57:06","guid":{"rendered":"http:\/\/newwp.insightcrime.org?p=6097"},"modified":"2023-04-24T15:34:33","modified_gmt":"2023-04-24T20:34:33","slug":"narcosecuestro-en-bolivia-podria-marcar-una-tendencia-creciente","status":"publish","type":"post","link":"https:\/\/insightcrime.org\/es\/noticias\/noticias-del-dia\/narcosecuestro-en-bolivia-podria-marcar-una-tendencia-creciente\/","title":{"rendered":"Narcosecuestro en Bolivia podr\u00eda marcar una tendencia en aumento"},"content":{"rendered":"\n<p class=\"wp-block-paragraph\">La Polic\u00eda de Bolivia ha rescatado a un ni\u00f1o de 13 a\u00f1os que fue secuestrado por una deuda de drogas, llamando la atenci\u00f3n sobre un crimen que es probable que aumente a medida que el crimen organizado transnacional se expande y echa ra\u00edces en ese pa\u00eds.<\/p>\n\n\n\n<p class=\"wp-block-paragraph\">El 2 de noviembre, cuatro hombres vestidos como oficiales de polic\u00eda sacaron al adolescente de su casa en la ciudad de Cochabamba, <a href=\"https:\/\/www.jornadanet.com\/n.php?a=96474-1\" target=\"_blank\">inform\u00f3 la Jornada<\/a>.<\/p>\n\n\n\n<p class=\"wp-block-paragraph\">Al principio, los secuestradores exigieron US$30.000 a la familia del ni\u00f1o, pero en cuesti\u00f3n de horas aumentaron la suma del rescate exigiendo unos US$ 25.000 adicionals,&nbsp;<a href=\"https:\/\/www.la-razon.com\/ciudades\/Caen-secuestradores-menor-anos_0_1937806242.html\" target=\"_blank\">se\u00f1al\u00f3 La Raz\u00f3n<\/a>.<\/p>\n\n\n\n<p class=\"wp-block-paragraph\">Despu\u00e9s de que la familia contactara a la polic\u00eda al d\u00eda siguiente, los agentes detuvieron a tres hombres y los acusaron de tomar al ni\u00f1o, quien fue rescatado de una casa cercana, donde fue encontrado con los ojos vendados y con las manos y los pies encadenados.<\/p>\n\n\n\n<p class=\"wp-block-paragraph\">Seg\u00fan la polic\u00eda, uno de los sospechosos dijo que el ni\u00f1o era hijo de un narcotraficante y que el dinero era para saldar una deuda que \u00e9l ten\u00eda con los empleadores de los secuestradores.<\/p>\n\n\n\n<h3 class=\"wp-block-heading\">An\u00e1lisis de InSight Crime<\/h3>\n\n\n\n<p class=\"wp-block-paragraph\">Es una pr\u00e1ctica com\u00fan en el hampa tomar como rehenes a los familiares de los narcotraficantes para resolver disputas sobre pagos. Este <a href=\"https:\/\/www.la-razon.com\/ciudades\/FISCAL-DESVELA-DEUDA-DROGAS-BORRIES_0_1426657359.html\" target=\"_blank\">no es el primer caso en Bolivia<\/a>, y con grupos transnacionales del crimen organizado buscando aumentar su influencia en el pa\u00eds, es probable que se convierta en un suceso m\u00e1s com\u00fan.<\/p>\n\n\n\n<p class=\"wp-block-paragraph\">Sin embargo, no es el \u00fanico tipo de secuestro visto en Bolivia, vinculado a la migraci\u00f3n criminal. En los \u00faltimos meses, la <a href=\"https:\/\/www.la-razon.com\/ciudades\/Desbaratan-criminal-secuestraba-Santa-Cruz_0_1904209598.html\" target=\"_blank\">polic\u00eda desmantel\u00f3 una banda de secuestradores<\/a> que involucraba a ocho bolivianos y a seis colombianos, y operaba en Santa Cruz.<\/p>\n\n\n\n<p class=\"wp-block-paragraph\"><strong>VEA TAMBI\u00c9N:<\/strong> <a href=\"\/tag\/Kidnapping\" target=\"_blank\">Cobertura de secuestro<\/a><\/p>\n\n\n\n<p class=\"wp-block-paragraph\">Los grupos criminales colombianos son conocidos por ser <a href=\"https:\/\/m.eltiempo.com\/justicia\/las-redes-de-la-mafia-colombiana-en-amrica-latina\/11918785\" target=\"_blank\">particularmente predominantes en el mundo criminal de Bolivia<\/a>, y no es de extra\u00f1ar que algunos podr\u00edan optar por utilizar las habilidades perfeccionadas en Colombia en territorios nuevos y menos preparados. Las pandillas colombianas de secuestradores ya operan en el extranjero, y <a href=\"\/noticias\/noticias-del-dia\/bandas-de-secuestradores-se-mueven-de-la-frontera-entre-colombia-y-venezuela\" target=\"_blank\">Venezuela es un destino particularmente favorito<\/a>.<\/p>\n\n\n\n<p class=\"wp-block-paragraph\">Si bien a\u00fan no han habido suficientes casos para identificar esto como parte de una tendencia m\u00e1s amplia, los secuestros son, evidentemente, una preocupaci\u00f3n creciente para las autoridades. A principios de semana, la polic\u00eda puso en marcha un<a href=\"https:\/\/www.la-razon.com\/nacional\/seguridad_nacional\/Crean-escuadron-secuestros_0_1937806251.html\" target=\"_blank\"> nuevo escuadr\u00f3n especializado antisecuestro y antiextorsi\u00f3n<\/a>, que operar\u00e1 en una <a href=\"\/news\/briefs\/bolivia-to-install-military-base-in-drug-trafficking-heartland\" target=\"_blank\">zona central del narcotr\u00e1fico del pa\u00eds: Santa Cruz<\/a>.<\/p>\n","protected":false},"excerpt":{"rendered":"<p>La Polic\u00eda de Bolivia ha rescatado a un ni\u00f1o de 13 a\u00f1os que fue secuestrado por una deuda de drogas, llamando la atenci\u00f3n sobre un crimen que es probable que aumente a medida que el crimen organizado transnacional se expande y echa ra\u00edces en ese pa\u00eds.<\/p>\n","protected":false},"author":16,"featured_media":38951,"comment_status":"closed","ping_status":"closed","sticky":false,"template":"","format":"standard","meta":{"newspack_ads_suppress_ads":false,"newspack_popups_has_disabled_popups":false,"newspack_sponsor_sponsorship_scope":"","newspack_sponsor_native_byline_display":"inherit","newspack_sponsor_native_category_display":"inherit","newspack_sponsor_underwriter_style":"inherit","newspack_sponsor_underwriter_placement":"inherit","_EventAllDay":false,"_EventTimezone":"","_EventStartDate":"","_EventEndDate":"","_EventStartDateUTC":"","_EventEndDateUTC":"","_EventShowMap":false,"_EventShowMapLink":false,"_EventURL":"","_EventCost":"","_EventCostDescription":"","_EventCurrencySymbol":"","_EventCurrencyCode":"","_EventCurrencyPosition":"","_EventDateTimeSeparator":"","_EventTimeRangeSeparator":"","_EventOrganizerID":[],"_EventVenueID":[],"_OrganizerEmail":"","_OrganizerPhone":"","_OrganizerWebsite":"","_VenueAddress":"","_VenueCity":"","_VenueCountry":"","_VenueProvince":"","_VenueState":"","_VenueZip":"","_VenuePhone":"","_VenueURL":"","_VenueStateProvince":"","_VenueLat":"","_VenueLng":"","_VenueShowMap":false,"_VenueShowMapLink":false,"_newspack_byline_active":false,"_newspack_byline":"","newspack_hide_updated_date":false,"newspack_show_updated_date":false,"newspack_featured_image_position":"","newspack_post_subtitle":"","newspack_article_summary_title":"Overview:","newspack_article_summary":"","_jetpack_memberships_contains_paid_content":false,"footnotes":""},"categories":[334],"tags":[403,460],"newspack_spnsrs_tax":[],"coauthors":[3821],"class_list":["post-6097","post","type-post","status-publish","format-standard","has-post-thumbnail","hentry","category-noticias-del-dia","tag-bolivia-pais","tag-secuestro","entry"],"parsely":{"version":"1.1.0","canonical_url":"https:\/\/insightcrime.org\/es\/noticias\/noticias-del-dia\/narcosecuestro-en-bolivia-podria-marcar-una-tendencia-creciente\/","smart_links":{"inbound":0,"outbound":0},"traffic_boost_suggestions_count":0,"meta":{"@context":"https:\/\/schema.org","@type":"NewsArticle","headline":"Narcosecuestro en Bolivia podr\u00eda marcar una tendencia en aumento","url":"http:\/\/insightcrime.org\/es\/noticias\/noticias-del-dia\/narcosecuestro-en-bolivia-podria-marcar-una-tendencia-creciente\/","mainEntityOfPage":{"@type":"WebPage","@id":"http:\/\/insightcrime.org\/es\/noticias\/noticias-del-dia\/narcosecuestro-en-bolivia-podria-marcar-una-tendencia-creciente\/"},"thumbnailUrl":"https:\/\/i0.wp.com\/insightcrime.org\/wp-content\/uploads\/2013\/11\/es-d5983bb71ac089893bdb47b02778b646.jpg?resize=150%2C150&quality=100&ssl=1","image":{"@type":"ImageObject","url":"https:\/\/i0.wp.com\/insightcrime.org\/wp-content\/uploads\/2013\/11\/es-d5983bb71ac089893bdb47b02778b646.jpg?fit=280%2C169&quality=100&ssl=1"},"articleSection":"Noticias del d\u00eda","author":[{"@type":"Person","name":"James Bargent"}],"creator":["James Bargent"],"publisher":{"@type":"Organization","name":"InSight Crime","logo":"https:\/\/insightcrime.org\/wp-content\/uploads\/2023\/08\/logo.png"},"keywords":["bolivia","secuestro"],"dateCreated":"2017-03-27T23:57:06Z","datePublished":"2017-03-27T23:57:06Z","dateModified":"2023-04-24T20:34:33Z"},"rendered":"<meta name=\"parsely-title\" content=\"Narcosecuestro en Bolivia podr\u00eda marcar una tendencia en aumento\" \/>\n<meta name=\"parsely-link\" content=\"http:\/\/insightcrime.org\/es\/noticias\/noticias-del-dia\/narcosecuestro-en-bolivia-podria-marcar-una-tendencia-creciente\/\" \/>\n<meta name=\"parsely-type\" content=\"post\" \/>\n<meta name=\"parsely-image-url\" content=\"https:\/\/i0.wp.com\/insightcrime.org\/wp-content\/uploads\/2013\/11\/es-d5983bb71ac089893bdb47b02778b646.jpg?resize=150%2C150&amp;quality=100&amp;ssl=1\" \/>\n<meta name=\"parsely-pub-date\" content=\"2017-03-27T23:57:06Z\" \/>\n<meta name=\"parsely-section\" content=\"Noticias del d\u00eda\" \/>\n<meta name=\"parsely-tags\" content=\"bolivia,secuestro\" \/>\n<meta name=\"parsely-author\" content=\"James Bargent\" \/>","tracker_url":"https:\/\/cdn.parsely.com\/keys\/insightcrime.org\/p.js"},"jetpack_sharing_enabled":true,"jetpack-related-posts":[{"id":130599,"url":"https:\/\/insightcrime.org\/es\/noticias\/presidente-haiti-aumento-secuestros\/","url_meta":{"origin":6097,"position":0},"title":"Presidente de Hait\u00ed abrumado con aumento de secuestros por pandillas","author":"Parker Asmann","date":"28 de enero de 2021","format":false,"excerpt":"El presidente de Hait\u00ed insta a sus ciudadanos a trabajar de la mano con las fuerzas de polic\u00eda del pa\u00eds caribe\u00f1o para ayudar a reprimir el alarmante aumento de los secuestros perpetrados por las pandillas para cobrar rescates, lo que pone en evidencia la incapacidad del Estado de soportar las\u2026","rel":"","context":"En \u00abNoticias\u00bb","block_context":{"text":"Noticias","link":"https:\/\/insightcrime.org\/es\/category\/noticias\/"},"img":{"alt_text":"","src":"https:\/\/i0.wp.com\/insightcrime.org\/wp-content\/uploads\/2021\/01\/21-01-26-Haiti-Kidnappings.jpg?fit=350%2C250&quality=100&ssl=1&resize=350%2C200","width":350,"height":200},"classes":[]},{"id":232663,"url":"https:\/\/insightcrime.org\/es\/noticias\/disminucion-secuestros-extorsivos-argentina\/","url_meta":{"origin":6097,"position":1},"title":"La disminuci\u00f3n de los secuestros extorsivos en Argentina","author":"Christopher Newton","date":"1 de junio de 2023","format":false,"excerpt":"Los secuestros extorsivos en Argentina alcanzaron un m\u00ednimo hist\u00f3rico en el primer trimestre de 2023, periodo en el que solo se presentaron cuatro casos, siguiendo una tendencia a la baja en los \u00faltimos a\u00f1os, que se debe no solo a la labor de los organismos de seguridad sino tambi\u00e9n a\u2026","rel":"","context":"En \u00abNoticias\u00bb","block_context":{"text":"Noticias","link":"https:\/\/insightcrime.org\/es\/category\/noticias\/"},"img":{"alt_text":"","src":"https:\/\/i0.wp.com\/insightcrime.org\/wp-content\/uploads\/2023\/06\/DataInSights-The-Rise-and-Fall-of-Ransom-Kidnappings-in-Argentina-June-2024-InSight-Crime.jpg?fit=1200%2C690&quality=100&ssl=1&resize=350%2C200","width":350,"height":200,"srcset":"https:\/\/i0.wp.com\/insightcrime.org\/wp-content\/uploads\/2023\/06\/DataInSights-The-Rise-and-Fall-of-Ransom-Kidnappings-in-Argentina-June-2024-InSight-Crime.jpg?fit=1200%2C690&quality=100&ssl=1&resize=350%2C200 1x, https:\/\/i0.wp.com\/insightcrime.org\/wp-content\/uploads\/2023\/06\/DataInSights-The-Rise-and-Fall-of-Ransom-Kidnappings-in-Argentina-June-2024-InSight-Crime.jpg?fit=1200%2C690&quality=100&ssl=1&resize=525%2C300 1.5x, https:\/\/i0.wp.com\/insightcrime.org\/wp-content\/uploads\/2023\/06\/DataInSights-The-Rise-and-Fall-of-Ransom-Kidnappings-in-Argentina-June-2024-InSight-Crime.jpg?fit=1200%2C690&quality=100&ssl=1&resize=700%2C400 2x, https:\/\/i0.wp.com\/insightcrime.org\/wp-content\/uploads\/2023\/06\/DataInSights-The-Rise-and-Fall-of-Ransom-Kidnappings-in-Argentina-June-2024-InSight-Crime.jpg?fit=1200%2C690&quality=100&ssl=1&resize=1050%2C600 3x"},"classes":[]},{"id":190525,"url":"https:\/\/insightcrime.org\/es\/noticias\/secuestros-personal-onu-podrian-ayudar-policia-haiti-obtener-recursos\/","url_meta":{"origin":6097,"position":2},"title":"Secuestros de personal de la ONU podr\u00edan ayudar a polic\u00eda de Hait\u00ed a obtener recursos","author":"Douwe den Held","date":"6 de julio de 2022","format":false,"excerpt":"En medio del aumento de los secuestros en Hait\u00ed, cada vez est\u00e1n siendo raptados m\u00e1s empleados de la ONU, diplom\u00e1ticos y misioneros. La protesta internacional que se ha generado como resultado puede ser justo lo que los perpetradores est\u00e1n buscando.","rel":"","context":"En \u00abNoticias\u00bb","block_context":{"text":"Noticias","link":"https:\/\/insightcrime.org\/es\/category\/noticias\/"},"img":{"alt_text":"Algunos de los misioneros extranjeros secuestrados en Hait\u00ed despu\u00e9s de su libreaci\u00f3n","src":"https:\/\/i0.wp.com\/insightcrime.org\/wp-content\/uploads\/2022\/07\/ezgif-1-16375c0f8e-1.jpg?fit=350%2C250&quality=100&ssl=1&resize=350%2C200","width":350,"height":200},"classes":[]},{"id":180461,"url":"https:\/\/insightcrime.org\/es\/noticias-crimen-organizado-haiti\/400-mawozo\/","url_meta":{"origin":6097,"position":3},"title":"400 Mawozo","author":"InSight Crime","date":"23 de marzo de 2022","format":false,"excerpt":"La pandilla 400 Mawozo (400 novatos) es en la actualidad el grupo criminal activo m\u00e1s numeroso de Hait\u00ed. Al mando de Joseph Wilson, alias \u201cLanm\u00f2 San Jou\u201d, la pandilla ha logrado consolidar su poder en Croix-des-Bouquets, un distrito de enorme importancia y foco de la delincuencia al norte de Puerto\u2026","rel":"","context":"En \u00abCaribe\u00bb","block_context":{"text":"Caribe","link":"https:\/\/insightcrime.org\/es\/category\/noticias-crimen-organizado-caribe\/"},"img":{"alt_text":"","src":"","width":0,"height":0},"classes":[]},{"id":351088,"url":"https:\/\/insightcrime.org\/es\/noticias\/captura-lider-de-pulpos-frenara-crisis-de-extorsion-peru\/","url_meta":{"origin":6097,"position":4},"title":"La captura de Jhonsson Pulpo dif\u00edcilmente frenar\u00e1 la crisis de extorsi\u00f3n en Per\u00fa","author":"Deborah Bonello","date":"3 de septiembre de 2026","format":false,"excerpt":"La captura de Jhonsson Pulpo golpea a Los Pulpos, pero dif\u00edcilmente frenar\u00e1 la extorsi\u00f3n en Per\u00fa, donde cientos de grupos se disputan este lucrativo negocio.","rel":"","context":"En \u00abNoticias\u00bb","block_context":{"text":"Noticias","link":"https:\/\/insightcrime.org\/es\/category\/noticias\/"},"img":{"alt_text":"","src":"https:\/\/i0.wp.com\/insightcrime.org\/wp-content\/uploads\/2026\/09\/Jhonsson-arresto-Ministerio-Interior-2-2.png?fit=349%2C250&quality=100&ssl=1&resize=350%2C200","width":350,"height":200},"classes":[]},{"id":169601,"url":"https:\/\/insightcrime.org\/es\/noticias\/secuestros-extranjeros-haiti-muestran-evolucion-de-crisis-de-seguridad\/","url_meta":{"origin":6097,"position":5},"title":"Secuestros de extranjeros en Hait\u00ed muestran la evoluci\u00f3n de una crisis de seguridad","author":"Chris Dalby","date":"18 de octubre de 2021","format":false,"excerpt":"El rapto de 17 canadienses y estadounidenses en Hait\u00ed intensificar\u00e1 la atenci\u00f3n sobre la crisis de secuestros que vive el pa\u00eds, pero es poco probable que genere nuevas soluciones.","rel":"","context":"En \u00abNoticias\u00bb","block_context":{"text":"Noticias","link":"https:\/\/insightcrime.org\/es\/category\/noticias\/"},"img":{"alt_text":"A Haitian soldier stands guard outside a government building in Port-au-Prince","src":"https:\/\/i0.wp.com\/insightcrime.org\/wp-content\/uploads\/2021\/10\/1634438236806.jpg?fit=350%2C250&quality=100&ssl=1&resize=350%2C200","width":350,"height":200},"classes":[]}],"jetpack_featured_media_url":"https:\/\/i0.wp.com\/insightcrime.org\/wp-content\/uploads\/2013\/11\/es-d5983bb71ac089893bdb47b02778b646.jpg?fit=280%2C169&quality=100&ssl=1","_links":{"self":[{"href":"https:\/\/insightcrime.org\/es\/wp-json\/wp\/v2\/posts\/6097","targetHints":{"allow":["GET"]}}],"collection":[{"href":"https:\/\/insightcrime.org\/es\/wp-json\/wp\/v2\/posts"}],"about":[{"href":"https:\/\/insightcrime.org\/es\/wp-json\/wp\/v2\/types\/post"}],"author":[{"embeddable":true,"href":"https:\/\/insightcrime.org\/es\/wp-json\/wp\/v2\/users\/16"}],"replies":[{"embeddable":true,"href":"https:\/\/insightcrime.org\/es\/wp-json\/wp\/v2\/comments?post=6097"}],"version-history":[{"count":1,"href":"https:\/\/insightcrime.org\/es\/wp-json\/wp\/v2\/posts\/6097\/revisions"}],"predecessor-version":[{"id":21050,"href":"https:\/\/insightcrime.org\/es\/wp-json\/wp\/v2\/posts\/6097\/revisions\/21050"}],"wp:featuredmedia":[{"embeddable":true,"href":"https:\/\/insightcrime.org\/es\/wp-json\/wp\/v2\/media\/38951"}],"wp:attachment":[{"href":"https:\/\/insightcrime.org\/es\/wp-json\/wp\/v2\/media?parent=6097"}],"wp:term":[{"taxonomy":"category","embeddable":true,"href":"https:\/\/insightcrime.org\/es\/wp-json\/wp\/v2\/categories?post=6097"},{"taxonomy":"post_tag","embeddable":true,"href":"https:\/\/insightcrime.org\/es\/wp-json\/wp\/v2\/tags?post=6097"},{"taxonomy":"newspack_spnsrs_tax","embeddable":true,"href":"https:\/\/insightcrime.org\/es\/wp-json\/wp\/v2\/newspack_spnsrs_tax?post=6097"},{"taxonomy":"author","embeddable":true,"href":"https:\/\/insightcrime.org\/es\/wp-json\/wp\/v2\/coauthors?post=6097"}],"curies":[{"name":"wp","href":"https:\/\/api.w.org\/{rel}","templated":true}]}}