{"id":6114,"date":"2013-11-14T19:51:34","date_gmt":"2017-03-27T23:57:11","guid":{"rendered":"http:\/\/newwp.insightcrime.org?p=6114"},"modified":"2023-04-24T15:34:39","modified_gmt":"2023-04-24T20:34:39","slug":"ataque-con-granada-en-colombia-aumenta-el-espectro-de-una-nueva-guerra-de-esmeraldas","status":"publish","type":"post","link":"https:\/\/insightcrime.org\/es\/noticias\/noticias-del-dia\/ataque-con-granada-en-colombia-aumenta-el-espectro-de-una-nueva-guerra-de-esmeraldas\/","title":{"rendered":"Ataque con granadas en Colombia aumenta el espectro de una nueva guerra de esmeraldas"},"content":{"rendered":"\n<p class=\"wp-block-paragraph\">El hombre que se cree que ha reemplazado al \u201cZar de las Esmeraldas\u201d, V\u00edctor Carranza, como la figura m\u00e1s poderosa en el comercio de esmeraldas en Colombia, ha nombrado a sus rivales como los culpables de un reciente intento de asesinato, moviendo a Colombia m\u00e1s cerca de una nueva \u201cguerra verde\u201d.<\/p>\n\n\n\n<p class=\"wp-block-paragraph\">El 9 de noviembre, cuatro personas murieron y nueve resultaron heridas en un <a href=\"https:\/\/www.eltiempo.com\/colombia\/oriente\/ARTICULO-WEB-NEW_NOTA_INTERIOR-13174017.html\" target=\"_blank\">ataque con granadas<\/a> en la regi\u00f3n minera de esmeraldas de Boyac\u00e1, que las autoridades creen que estaba dirigido a Pedro Rinc\u00f3n, alias \u201cPedro Orejas\u201d.<\/p>\n\n\n\n<p class=\"wp-block-paragraph\"><a href=\"https:\/\/www.elespectador.com\/noticias\/nacional\/esmeraldero-pedro-orejas-afirma-familias-de-zona-rompie-articulo-457775\" target=\"_blank\">En entrevistas de radio<\/a>, Rinc\u00f3n culp\u00f3 a enemigos en el comercio de esmeraldas del ataque, sugiriendo que los clanes Murcia y Ca\u00f1\u00f3n eran los culpables m\u00e1s probables.<\/p>\n\n\n\n<p class=\"wp-block-paragraph\">Rinc\u00f3n agreg\u00f3 que no cree que la familia de V\u00edctor Carranza, quien hasta su <a href=\"https:\/\/es.insightcrime.org\/noticias\/analisis\/de-como-el-zar-de-las-esmeraldas-de-colombia-burlo-la-ley\/\" target=\"_blank\">muerte en abril<\/a> hab\u00eda dominado el comercio de esmeraldas, hubiera estado detr\u00e1s de la violencia. Agreg\u00f3 que otra familia minera de esmeraldas, los Molina, tambi\u00e9n estaban rompiendo el pacto entre los principales clanes de esmeraldas y estaban buscando expandir su influencia.<\/p>\n\n\n\n<h3 class=\"wp-block-heading\">An\u00e1lisis de InSight Crime<\/h3>\n\n\n\n<p class=\"wp-block-paragraph\">El comercio de esmeraldas de Colombia, ligeramente regulado, ha sido un sector que durante mucho tiempo se ha extendido sobre la l\u00ednea entre los mundos legales e ilegales. Las ventas reguladas representan s\u00f3lo una fracci\u00f3n de las ganancias que se ofrecen, con las ventas ilegales y las oportunidades para lavar las ganancias de la droga siendo la verdadera atracci\u00f3n para muchos.<\/p>\n\n\n\n<p class=\"wp-block-paragraph\">Durante d\u00e9cadas, el comercio incontrolado ha atra\u00eddo a personajes oscuros, desde el propio Carranza, que era <a href=\"https:\/\/insightcrime.org\/news\/analysis\/colombias-great-survivor-victor-carranza\/\" target=\"_blank\">sospechoso de operar su propio ej\u00e9rcito privado<\/a> y de tener v\u00ednculos con los grupos paramilitares, y narcotraficantes como Pablo Escobar y su socio Jos\u00e9 Gonzalo Rodr\u00edguez Gacha, alias \u201cEl Mexicano\u201d.<\/p>\n\n\n\n<p class=\"wp-block-paragraph\">La mezcla explosiva de poderosos criminales y enormes ganancias condujeron a una frecuente carnicer\u00eda, que estall\u00f3 en los a\u00f1os ochenta en una serie de \u201cguerras verdes\u201d, las cuales cobraron la vida de m\u00e1s de tres mil personas.<\/p>\n\n\n\n<p class=\"wp-block-paragraph\">En 1990 se negoci\u00f3 un acuerdo de paz entre Carranza y otros actores importantes en el comercio de esmeraldas, que fren\u00f3 la violencia y dej\u00f3 a Carranza con un firme control sobre el sector y un papel fundamental como garante de la paz.<\/p>\n\n\n\n<p class=\"wp-block-paragraph\"><strong>VEA TAMBI\u00c9N:<\/strong> <a href=\"\/noticias-sobre-crimen-organizado-en-colombia\" target=\"_blank\">Noticias y perfiles de Colombia<\/a><\/p>\n\n\n\n<p class=\"wp-block-paragraph\">Incluso antes de la muerte de Carranza hab\u00eda se\u00f1ales de que esta paz se estaba fracturando, y en uno de sus \u00faltimos actos, <a href=\"https:\/\/es.insightcrime.org\/noticias\/noticias-del-dia\/el-zar-de-las-esmeraldas-de-colombia-llama-por-un-nuevo-acuerdo-de-paz\/\" target=\"_blank\">Carranza escribi\u00f3 a su principal rival Rinc\u00f3n<\/a> \u2013a quien culp\u00f3 por un <a href=\"https:\/\/www.theatlantic.com\/international\/archive\/2013\/08de-colombias-emerald-battle\/278429\/\" target=\"_blank\">asesinato y unos ataques<\/a>\u2013 rog\u00e1ndole respetar el acuerdo de paz.<\/p>\n\n\n\n<p class=\"wp-block-paragraph\">Sin Carranza en el panorama, se cree ampliamente que Rinc\u00f3n es la figura m\u00e1s poderosa en el comercio de esmeraldas. No obstante, su influencia es insignificante en comparaci\u00f3n con la de Carranza, y han aumentado los temores de que clanes rivales desafiar\u00e1n su estatus. El \u00faltimo atentado reivindica estos temores, y bien puede llegar a ser la salva de apertura de una nueva \u201cguerra verde\u201d.<\/p>\n","protected":false},"excerpt":{"rendered":"<p>El hombre que se cree que ha reemplazado al \u00abZar de las Esmeraldas\u00bb, V\u00edctor Carranza, como la figura m\u00e1s poderosa en el comercio de esmeraldas en Colombia, ha nombrado a sus rivales como los culpables de un reciente intento de asesinato, moviendo a Colombia m\u00e1s cerca de una nueva \u00abguerra verde\u00bb.<\/p>\n","protected":false},"author":16,"featured_media":72472,"comment_status":"closed","ping_status":"closed","sticky":false,"template":"","format":"standard","meta":{"newspack_ads_suppress_ads":false,"newspack_popups_has_disabled_popups":false,"newspack_sponsor_sponsorship_scope":"","newspack_sponsor_native_byline_display":"inherit","newspack_sponsor_native_category_display":"inherit","newspack_sponsor_underwriter_style":"inherit","newspack_sponsor_underwriter_placement":"inherit","_EventAllDay":false,"_EventTimezone":"","_EventStartDate":"","_EventEndDate":"","_EventStartDateUTC":"","_EventEndDateUTC":"","_EventShowMap":false,"_EventShowMapLink":false,"_EventURL":"","_EventCost":"","_EventCostDescription":"","_EventCurrencySymbol":"","_EventCurrencyCode":"","_EventCurrencyPosition":"","_EventDateTimeSeparator":"","_EventTimeRangeSeparator":"","_EventOrganizerID":[],"_EventVenueID":[],"_OrganizerEmail":"","_OrganizerPhone":"","_OrganizerWebsite":"","_VenueAddress":"","_VenueCity":"","_VenueCountry":"","_VenueProvince":"","_VenueState":"","_VenueZip":"","_VenuePhone":"","_VenueURL":"","_VenueStateProvince":"","_VenueLat":"","_VenueLng":"","_VenueShowMap":false,"_VenueShowMapLink":false,"_newspack_byline_active":false,"_newspack_byline":"","newspack_hide_updated_date":false,"newspack_show_updated_date":false,"newspack_featured_image_position":"","newspack_post_subtitle":"","newspack_article_summary_title":"Overview:","newspack_article_summary":"","_jetpack_memberships_contains_paid_content":false,"footnotes":""},"categories":[334],"tags":[368,1521],"newspack_spnsrs_tax":[],"coauthors":[3821],"class_list":["post-6114","post","type-post","status-publish","format-standard","has-post-thumbnail","hentry","category-noticias-del-dia","tag-colombia-pais","tag-victor-carranza-es","entry"],"parsely":{"version":"1.1.0","canonical_url":"https:\/\/insightcrime.org\/es\/noticias\/noticias-del-dia\/ataque-con-granada-en-colombia-aumenta-el-espectro-de-una-nueva-guerra-de-esmeraldas\/","smart_links":{"inbound":0,"outbound":0},"traffic_boost_suggestions_count":0,"meta":{"@context":"https:\/\/schema.org","@type":"NewsArticle","headline":"Ataque con granadas en Colombia aumenta el espectro de una nueva guerra de esmeraldas","url":"http:\/\/insightcrime.org\/es\/noticias\/noticias-del-dia\/ataque-con-granada-en-colombia-aumenta-el-espectro-de-una-nueva-guerra-de-esmeraldas\/","mainEntityOfPage":{"@type":"WebPage","@id":"http:\/\/insightcrime.org\/es\/noticias\/noticias-del-dia\/ataque-con-granada-en-colombia-aumenta-el-espectro-de-una-nueva-guerra-de-esmeraldas\/"},"thumbnailUrl":"https:\/\/i0.wp.com\/insightcrime.org\/wp-content\/uploads\/2013\/11\/en-b995b92925958490d0a86f344edf59cb-1.jpg?resize=150%2C150&quality=100&ssl=1","image":{"@type":"ImageObject","url":"https:\/\/i0.wp.com\/insightcrime.org\/wp-content\/uploads\/2013\/11\/en-b995b92925958490d0a86f344edf59cb-1.jpg?fit=400%2C242&quality=100&ssl=1"},"articleSection":"Noticias del d\u00eda","author":[{"@type":"Person","name":"James Bargent"}],"creator":["James Bargent"],"publisher":{"@type":"Organization","name":"InSight Crime","logo":"https:\/\/insightcrime.org\/wp-content\/uploads\/2023\/08\/logo.png"},"keywords":["colombia","v\u00edctor carranza"],"dateCreated":"2017-03-27T23:57:11Z","datePublished":"2017-03-27T23:57:11Z","dateModified":"2023-04-24T20:34:39Z"},"rendered":"<meta name=\"parsely-title\" content=\"Ataque con granadas en Colombia aumenta el espectro de una nueva guerra de esmeraldas\" \/>\n<meta name=\"parsely-link\" content=\"http:\/\/insightcrime.org\/es\/noticias\/noticias-del-dia\/ataque-con-granada-en-colombia-aumenta-el-espectro-de-una-nueva-guerra-de-esmeraldas\/\" \/>\n<meta name=\"parsely-type\" content=\"post\" \/>\n<meta name=\"parsely-image-url\" content=\"https:\/\/i0.wp.com\/insightcrime.org\/wp-content\/uploads\/2013\/11\/en-b995b92925958490d0a86f344edf59cb-1.jpg?resize=150%2C150&amp;quality=100&amp;ssl=1\" \/>\n<meta name=\"parsely-pub-date\" content=\"2017-03-27T23:57:11Z\" \/>\n<meta name=\"parsely-section\" content=\"Noticias del d\u00eda\" \/>\n<meta name=\"parsely-tags\" content=\"colombia,v\u00edctor carranza\" \/>\n<meta name=\"parsely-author\" content=\"James Bargent\" \/>","tracker_url":"https:\/\/cdn.parsely.com\/keys\/insightcrime.org\/p.js"},"jetpack_sharing_enabled":true,"jetpack-related-posts":[{"id":287715,"url":"https:\/\/insightcrime.org\/es\/noticias\/quien-esta-tras-asesinato-baron-esmeraldas-colombia\/","url_meta":{"origin":6114,"position":0},"title":"\u00bfQui\u00e9n est\u00e1 tras el asesinato de un bar\u00f3n de las esmeraldas en Colombia?","author":"Helen Murphy","date":"23 de agosto de 2024","format":false,"excerpt":"El mercado de esmeraldas de Colombia, famoso por sus gemas y su violencia, ha sido sacudido por el asesinato de un importante comerciante.","rel":"","context":"En \u00abNoticias\u00bb","block_context":{"text":"Noticias","link":"https:\/\/insightcrime.org\/es\/category\/noticias\/"},"img":{"alt_text":"","src":"https:\/\/i0.wp.com\/insightcrime.org\/wp-content\/uploads\/2024\/08\/Flagship-Cover-Colombias-deadly-emerald-network-InSight-Crime-Aug-2024.jpg?fit=1200%2C690&quality=100&ssl=1&resize=350%2C200","width":350,"height":200,"srcset":"https:\/\/i0.wp.com\/insightcrime.org\/wp-content\/uploads\/2024\/08\/Flagship-Cover-Colombias-deadly-emerald-network-InSight-Crime-Aug-2024.jpg?fit=1200%2C690&quality=100&ssl=1&resize=350%2C200 1x, https:\/\/i0.wp.com\/insightcrime.org\/wp-content\/uploads\/2024\/08\/Flagship-Cover-Colombias-deadly-emerald-network-InSight-Crime-Aug-2024.jpg?fit=1200%2C690&quality=100&ssl=1&resize=525%2C300 1.5x, https:\/\/i0.wp.com\/insightcrime.org\/wp-content\/uploads\/2024\/08\/Flagship-Cover-Colombias-deadly-emerald-network-InSight-Crime-Aug-2024.jpg?fit=1200%2C690&quality=100&ssl=1&resize=700%2C400 2x, https:\/\/i0.wp.com\/insightcrime.org\/wp-content\/uploads\/2024\/08\/Flagship-Cover-Colombias-deadly-emerald-network-InSight-Crime-Aug-2024.jpg?fit=1200%2C690&quality=100&ssl=1&resize=1050%2C600 3x"},"classes":[]},{"id":202733,"url":"https:\/\/insightcrime.org\/es\/noticias\/guerra-pandillas-record-asesinatos-norte-ecuador\/","url_meta":{"origin":6114,"position":1},"title":"Guerra de pandillas rompe r\u00e9cord de asesinatos al norte de Ecuador","author":"Javier Lizcano Villalba","date":"28 de octubre de 2022","format":false,"excerpt":"El aumento de los homicidios en Ecuador ultima consecuencia de la guerra entre pandillas","rel":"","context":"En \u00abNoticias\u00bb","block_context":{"text":"Noticias","link":"https:\/\/insightcrime.org\/es\/category\/noticias\/"},"img":{"alt_text":"Polic\u00edas supervisando la destrucci\u00f3n de droga y pandilleros detenidos","src":"https:\/\/i0.wp.com\/insightcrime.org\/wp-content\/uploads\/2022\/10\/pandillas-en-ecuador-implicadas-en-masacres.webp?fit=350%2C250&quality=100&ssl=1&resize=350%2C200","width":350,"height":200},"classes":[]},{"id":295082,"url":"https:\/\/insightcrime.org\/es\/noticias-crimen-organizado-ecuador\/los-tiguerones\/","url_meta":{"origin":6114,"position":2},"title":"Los Tiguerones","author":"InSight Crime","date":"23 de octubre de 2024","format":false,"excerpt":"En tan solo unos a\u00f1os, los Tiguerones se convirtieron en uno de los grupos criminales m\u00e1s peligrosos e influyentes de Ecuador y un eslab\u00f3n clave en el tr\u00e1fico transnacional de coca\u00edna.","rel":"","context":"En \u00abEcuador\u00bb","block_context":{"text":"Ecuador","link":"https:\/\/insightcrime.org\/es\/category\/noticias-crimen-organizado-ecuador\/"},"img":{"alt_text":"Los Tiguerones, Ecuador, imagen manipulada digitalmente creada por InSight Crime.","src":"https:\/\/i0.wp.com\/insightcrime.org\/wp-content\/uploads\/2026\/07\/Grupo-Criminal-Tiguerones.jpg?fit=1200%2C900&quality=100&ssl=1&resize=350%2C200","width":350,"height":200,"srcset":"https:\/\/i0.wp.com\/insightcrime.org\/wp-content\/uploads\/2026\/07\/Grupo-Criminal-Tiguerones.jpg?fit=1200%2C900&quality=100&ssl=1&resize=350%2C200 1x, https:\/\/i0.wp.com\/insightcrime.org\/wp-content\/uploads\/2026\/07\/Grupo-Criminal-Tiguerones.jpg?fit=1200%2C900&quality=100&ssl=1&resize=525%2C300 1.5x, https:\/\/i0.wp.com\/insightcrime.org\/wp-content\/uploads\/2026\/07\/Grupo-Criminal-Tiguerones.jpg?fit=1200%2C900&quality=100&ssl=1&resize=700%2C400 2x, https:\/\/i0.wp.com\/insightcrime.org\/wp-content\/uploads\/2026\/07\/Grupo-Criminal-Tiguerones.jpg?fit=1200%2C900&quality=100&ssl=1&resize=1050%2C600 3x"},"classes":[]},{"id":214255,"url":"https:\/\/insightcrime.org\/es\/news\/masacre-ecuador-intensifica-lucha-rutas-narcotrafico\/","url_meta":{"origin":6114,"position":3},"title":"Masacre en Ecuador intensifica lucha por las rutas de narcotr\u00e1fico","author":"Christopher Newton","date":"14 de abril de 2023","format":false,"excerpt":"Una masacre en un puerto de la ciudad de Esmeraldas, al norte del pa\u00eds, presuntamente perpetrada por una de las principales pandillas del pa\u00eds, deja clara la conexi\u00f3n directa entre el tr\u00e1fico de coca\u00edna y el aumento de la violencia extrema en Ecuador.","rel":"","context":"En \u00abNews\u00bb","block_context":{"text":"News","link":"https:\/\/insightcrime.org\/category\/news\/"},"img":{"alt_text":"Security forces patrol dock were nine people were killed","src":"https:\/\/i0.wp.com\/insightcrime.org\/wp-content\/uploads\/2023\/04\/security_forces_esmeraldas_dock.jpg?fit=350%2C250&quality=100&ssl=1&resize=350%2C200","width":350,"height":200},"classes":[]},{"id":183329,"url":"https:\/\/insightcrime.org\/es\/news\/guerra-narcotrafico-ecuador-alimentada-colombia-mexico\/","url_meta":{"origin":6114,"position":4},"title":"Carteles colombianos y mexicanos eligen bando en guerra narco en Ecuador","author":"Juliana Manjarr\u00e9s","date":"9 de mayo de 2022","format":false,"excerpt":"La ruta desde Colombia pasando por Ecuador para llegar a M\u00e9xico es un pilar importante para el tr\u00e1fico global de coca\u00edna. En los tres pa\u00edses se est\u00e1n uniendo facciones rivales, lo que puede ser bueno para el negocio, pero est\u00e1 sumiendo a Ecuador en una espiral de violencia.","rel":"","context":"En \u00abNews\u00bb","block_context":{"text":"News","link":"https:\/\/insightcrime.org\/category\/news\/"},"img":{"alt_text":"One of many seizures of cocaine recently caught in Esmeraldas, Ecuador","src":"https:\/\/i0.wp.com\/insightcrime.org\/wp-content\/uploads\/2022\/05\/B7A9975E-747B-40D8-AB11-CC83699A1666-1.jpeg?fit=350%2C250&quality=100&ssl=1&resize=350%2C200","width":350,"height":200},"classes":[]},{"id":141007,"url":"https:\/\/insightcrime.org\/es\/noticias\/exportaciones-esmeraldas-brasil-revelaciones-dario-messer\/","url_meta":{"origin":6114,"position":5},"title":"Exportaciones de esmeraldas en Brasil: nuevas revelaciones sobre Dar\u00edo Messer","author":"Chris Dalby","date":"14 de abril de 2021","format":false,"excerpt":"Messer, el prol\u00edfico blanqueador de dinero, logr\u00f3 mover millones de d\u00f3lares en la industria esmerald\u00edfera de Brasil, lo que suma un nuevo esquema a su lista de transacciones financieras il\u00edcitas para el lavado de capitales.","rel":"","context":"En \u00abNoticias\u00bb","block_context":{"text":"Noticias","link":"https:\/\/insightcrime.org\/es\/category\/noticias\/"},"img":{"alt_text":"","src":"https:\/\/i0.wp.com\/insightcrime.org\/wp-content\/uploads\/2021\/04\/esmeraldas.jpg?fit=350%2C250&quality=100&ssl=1&resize=350%2C200","width":350,"height":200},"classes":[]}],"jetpack_featured_media_url":"https:\/\/i0.wp.com\/insightcrime.org\/wp-content\/uploads\/2013\/11\/en-b995b92925958490d0a86f344edf59cb-1.jpg?fit=400%2C242&quality=100&ssl=1","_links":{"self":[{"href":"https:\/\/insightcrime.org\/es\/wp-json\/wp\/v2\/posts\/6114","targetHints":{"allow":["GET"]}}],"collection":[{"href":"https:\/\/insightcrime.org\/es\/wp-json\/wp\/v2\/posts"}],"about":[{"href":"https:\/\/insightcrime.org\/es\/wp-json\/wp\/v2\/types\/post"}],"author":[{"embeddable":true,"href":"https:\/\/insightcrime.org\/es\/wp-json\/wp\/v2\/users\/16"}],"replies":[{"embeddable":true,"href":"https:\/\/insightcrime.org\/es\/wp-json\/wp\/v2\/comments?post=6114"}],"version-history":[{"count":2,"href":"https:\/\/insightcrime.org\/es\/wp-json\/wp\/v2\/posts\/6114\/revisions"}],"predecessor-version":[{"id":72474,"href":"https:\/\/insightcrime.org\/es\/wp-json\/wp\/v2\/posts\/6114\/revisions\/72474"}],"wp:featuredmedia":[{"embeddable":true,"href":"https:\/\/insightcrime.org\/es\/wp-json\/wp\/v2\/media\/72472"}],"wp:attachment":[{"href":"https:\/\/insightcrime.org\/es\/wp-json\/wp\/v2\/media?parent=6114"}],"wp:term":[{"taxonomy":"category","embeddable":true,"href":"https:\/\/insightcrime.org\/es\/wp-json\/wp\/v2\/categories?post=6114"},{"taxonomy":"post_tag","embeddable":true,"href":"https:\/\/insightcrime.org\/es\/wp-json\/wp\/v2\/tags?post=6114"},{"taxonomy":"newspack_spnsrs_tax","embeddable":true,"href":"https:\/\/insightcrime.org\/es\/wp-json\/wp\/v2\/newspack_spnsrs_tax?post=6114"},{"taxonomy":"author","embeddable":true,"href":"https:\/\/insightcrime.org\/es\/wp-json\/wp\/v2\/coauthors?post=6114"}],"curies":[{"name":"wp","href":"https:\/\/api.w.org\/{rel}","templated":true}]}}