{"id":6139,"date":"2013-11-21T18:10:28","date_gmt":"2017-03-27T23:57:20","guid":{"rendered":"http:\/\/newwp.insightcrime.org?p=6139"},"modified":"2023-04-24T15:34:47","modified_gmt":"2023-04-24T20:34:47","slug":"pandillas-de-el-salvador-en-guerra-a-medida-que-la-tregua-se-hunde","status":"publish","type":"post","link":"https:\/\/insightcrime.org\/es\/noticias\/noticias-del-dia\/pandillas-de-el-salvador-en-guerra-a-medida-que-la-tregua-se-hunde\/","title":{"rendered":"Pandillas de El Salvador &#8216;en guerra&#8217; a medida que la tregua se hunde"},"content":{"rendered":"\n<p class=\"wp-block-paragraph\">El ministro de Justicia y Seguridad P\u00fablica de El Salvador ha dicho que las pandillas del pa\u00eds otra vez est\u00e1n en guerra, a medida que el aumento de las tasas de homicidios sugieren que la tregua entre pandillas est\u00e1 pr\u00e1cticamente muerta.<\/p>\n\n\n\n<p class=\"wp-block-paragraph\"><a href=\"https:\/\/www.laprensagrafica.com\/2013\/11\/21\/perdomo-pandillas-estan-en-guerra\" target=\"_blank\">En una conferencia de prensa <\/a>para anunciar el apoyo pol\u00edtico de todos los partidos a las medidas para reforzar las fuerzas de seguridad, Ricardo Perdomo dijo, \u201cEllos [las pandillas] est\u00e1n en guerra, en un proceso de venganza y control territorial\u201d.<\/p>\n\n\n\n<p class=\"wp-block-paragraph\">El ministro tambi\u00e9n distanci\u00f3 al gobierno del acuerdo alcanzado entre las pandillas de la Mara Salvatrucha (MS13) y Barrio 18 en marzo de 2012, diciendo: \u201cYo nunca he mencionado una tregua. [Las pandillas] decidieron los detalles de la tregua, s\u00f3lo ellos saben c\u00f3mo son las cosas. Nosotros, las autoridades, no nos involucramos en esto; nos limitamos a cumplir la ley y frenar la violencia.\u201d<\/p>\n\n\n\n<p class=\"wp-block-paragraph\">Los comentarios de Perdomo se produjeron tras una <a href=\"https:\/\/www.laprensagrafica.com\/2013\/11\/20\/pandillas-niegan-plan-para-aumentar-homicidios\" target=\"_blank\">declaraci\u00f3n de los l\u00edderes de las pandillas<\/a> le\u00edda por el mediador de la tregua, Ra\u00fal Mijango, el d\u00eda anterior, en la que niegan estar detr\u00e1s del reciente aumento de los homicidios.<\/p>\n\n\n\n<p class=\"wp-block-paragraph\">Las pandillas tambi\u00e9n negaron la declaraci\u00f3n anterior de Perdomo de que informaci\u00f3n de inteligencia de la polic\u00eda indicaba que estaban planeando un aumento en los asesinatos en diciembre para presionar al gobierno, y criticaron el enfoque de l\u00ednea dura de la seguridad que, seg\u00fan ellos, retomaron las autoridades.<\/p>\n\n\n\n<h3 class=\"wp-block-heading\">An\u00e1lisis de InSight Crime<\/h3>\n\n\n\n<p class=\"wp-block-paragraph\">La guerra de palabras entre las pandillas y las autoridades se produce despu\u00e9s de la noticia de que las tasas de homicidios siguen aumentando y se est\u00e1n acercando r\u00e1pidamente a los niveles previos a la tregua entre pandillas.<\/p>\n\n\n\n<p class=\"wp-block-paragraph\">Entre el 1 y el 17 de noviembre se registraron 176 homicidios, un promedio de cerca de 10,4 al d\u00eda, <a href=\"https:\/\/elmundo.com.sv\/noviembre-con-104-homicidios-por-dia\" target=\"_blank\">inform\u00f3 El Mundo<\/a>. En contraste, durante el mismo per\u00edodo de 2012, cuando la tregua a\u00fan recib\u00eda amplios elogios por la <a href=\"\/news\/briefs\/el-salvador-homicides-fell-over-40-percent-2012\" target=\"_blank\">dr\u00e1stica reducci\u00f3n de la tasa de homicidios <\/a>del pa\u00eds, se produjeron 91 asesinatos, con un promedio de cerca de 5,4 al d\u00eda.<\/p>\n\n\n\n<p class=\"wp-block-paragraph\"><strong>VEA TAMBI\u00c9N:<\/strong> <a href=\"\/tregua-pandillas-el-salvador\/los-aspectos-positivos-y-negativos-de-la-tregua-entre-pandillas-en-el-salvador\" target=\"_blank\">Tregua entre pandillas en El Salvador: Aspectos positivos y negativos<\/a><\/p>\n\n\n\n<p class=\"wp-block-paragraph\">Las \u00faltimas cifras se ajustan a un patr\u00f3n <a href=\"\/noticias\/noticias-del-dia\/policia-de-el-salvador-reporta-aumento-de-homicidios\" target=\"_blank\">observado desde hace unos meses<\/a>, con los asesinatos acerc\u00e1ndose progresivamente al promedio registrado antes de la tregua, de unos 12 asesinatos al d\u00eda.<\/p>\n\n\n\n<p class=\"wp-block-paragraph\">En un contexto de creciente violencia, el apoyo a la tregua parece estar esfum\u00e1ndose. Perdomo, en particular, ha sido un duro cr\u00edtico del acuerdo desde que <a href=\"\/noticias\/analisis\/salida-de-general-salvadoreno-de-seguridad-publica-pone-en-entredicho-tregua\" target=\"_blank\">reemplaz\u00f3 a David Mungu\u00eda<\/a>, quien jug\u00f3 un papel fundamental en la negociaci\u00f3n de la tregua, como ministro de Seguridad en mayo de 2013.<\/p>\n\n\n\n<p class=\"wp-block-paragraph\">Con las <a href=\"\/noticias\/analisis\/puede-tregua-entre-pandillas-de-el-salvador-sobrevivir-la-campana-presidencial\" target=\"_blank\">elecciones acerc\u00e1ndose<\/a>, el apoyo a la tregua se est\u00e1 viendo cada vez m\u00e1s como una pol\u00edtica pol\u00edticamente t\u00f3xica, es decir, incluso si las pandillas son sinceras en su deseo de continuar con el acuerdo, probablemente no ser\u00e1n apoyadas en la iniciativa. Con poco apoyo popular al cual recurrir, esto deja pr\u00e1cticamente terminado&nbsp;el audaz experimento contra la violencia de El Salvador.<\/p>\n","protected":false},"excerpt":{"rendered":"<p>El ministro de Justicia y Seguridad P\u00fablica de El Salvador ha dicho que las pandillas del pa\u00eds otra vez est\u00e1n en guerra, a medida que el aumento de las tasas de homicidios sugieren que la tregua entre pandillas est\u00e1 pr\u00e1cticamente muerta.<\/p>\n","protected":false},"author":16,"featured_media":39061,"comment_status":"closed","ping_status":"closed","sticky":false,"template":"","format":"standard","meta":{"newspack_ads_suppress_ads":false,"newspack_popups_has_disabled_popups":false,"newspack_sponsor_sponsorship_scope":"","newspack_sponsor_native_byline_display":"inherit","newspack_sponsor_native_category_display":"inherit","newspack_sponsor_underwriter_style":"inherit","newspack_sponsor_underwriter_placement":"inherit","_EventAllDay":false,"_EventTimezone":"","_EventStartDate":"","_EventEndDate":"","_EventStartDateUTC":"","_EventEndDateUTC":"","_EventShowMap":false,"_EventShowMapLink":false,"_EventURL":"","_EventCost":"","_EventCostDescription":"","_EventCurrencySymbol":"","_EventCurrencyCode":"","_EventCurrencyPosition":"","_EventDateTimeSeparator":"","_EventTimeRangeSeparator":"","_EventOrganizerID":[],"_EventVenueID":[],"_OrganizerEmail":"","_OrganizerPhone":"","_OrganizerWebsite":"","_VenueAddress":"","_VenueCity":"","_VenueCountry":"","_VenueProvince":"","_VenueState":"","_VenueZip":"","_VenuePhone":"","_VenueURL":"","_VenueStateProvince":"","_VenueLat":"","_VenueLng":"","_VenueShowMap":false,"_VenueShowMapLink":false,"_newspack_byline_active":false,"_newspack_byline":"","newspack_hide_updated_date":false,"newspack_show_updated_date":false,"newspack_featured_image_position":"","newspack_post_subtitle":"","newspack_article_summary_title":"Overview:","newspack_article_summary":"","_jetpack_memberships_contains_paid_content":false,"footnotes":""},"categories":[334],"tags":[551,599],"newspack_spnsrs_tax":[],"coauthors":[3821],"class_list":["post-6139","post","type-post","status-publish","format-standard","has-post-thumbnail","hentry","category-noticias-del-dia","tag-el-salvador","tag-el-salvador-gang-truce","entry"],"parsely":{"version":"1.1.0","canonical_url":"https:\/\/insightcrime.org\/es\/noticias\/noticias-del-dia\/pandillas-de-el-salvador-en-guerra-a-medida-que-la-tregua-se-hunde\/","smart_links":{"inbound":0,"outbound":0},"traffic_boost_suggestions_count":0,"meta":{"@context":"https:\/\/schema.org","@type":"NewsArticle","headline":"Pandillas de El Salvador &#8216;en guerra&#8217; a medida que la tregua se hunde","url":"http:\/\/insightcrime.org\/es\/noticias\/noticias-del-dia\/pandillas-de-el-salvador-en-guerra-a-medida-que-la-tregua-se-hunde\/","mainEntityOfPage":{"@type":"WebPage","@id":"http:\/\/insightcrime.org\/es\/noticias\/noticias-del-dia\/pandillas-de-el-salvador-en-guerra-a-medida-que-la-tregua-se-hunde\/"},"thumbnailUrl":"https:\/\/i0.wp.com\/insightcrime.org\/wp-content\/uploads\/2013\/11\/es-15f1f6b1d17e91e2aeb728967dff8411.jpg?resize=150%2C150&quality=100&ssl=1","image":{"@type":"ImageObject","url":"https:\/\/i0.wp.com\/insightcrime.org\/wp-content\/uploads\/2013\/11\/es-15f1f6b1d17e91e2aeb728967dff8411.jpg?fit=280%2C169&quality=100&ssl=1"},"articleSection":"Noticias del d\u00eda","author":[{"@type":"Person","name":"James Bargent"}],"creator":["James Bargent"],"publisher":{"@type":"Organization","name":"InSight Crime","logo":"https:\/\/insightcrime.org\/wp-content\/uploads\/2023\/08\/logo.png"},"keywords":["el salvador","tregua entre pandillas en el salvador"],"dateCreated":"2017-03-27T23:57:20Z","datePublished":"2017-03-27T23:57:20Z","dateModified":"2023-04-24T20:34:47Z"},"rendered":"<meta name=\"parsely-title\" content=\"Pandillas de El Salvador &#8216;en guerra&#8217; a medida que la tregua se hunde\" \/>\n<meta name=\"parsely-link\" content=\"http:\/\/insightcrime.org\/es\/noticias\/noticias-del-dia\/pandillas-de-el-salvador-en-guerra-a-medida-que-la-tregua-se-hunde\/\" \/>\n<meta name=\"parsely-type\" content=\"post\" \/>\n<meta name=\"parsely-image-url\" content=\"https:\/\/i0.wp.com\/insightcrime.org\/wp-content\/uploads\/2013\/11\/es-15f1f6b1d17e91e2aeb728967dff8411.jpg?resize=150%2C150&amp;quality=100&amp;ssl=1\" \/>\n<meta name=\"parsely-pub-date\" content=\"2017-03-27T23:57:20Z\" \/>\n<meta name=\"parsely-section\" content=\"Noticias del d\u00eda\" \/>\n<meta name=\"parsely-tags\" content=\"el salvador,tregua entre pandillas en el salvador\" \/>\n<meta name=\"parsely-author\" content=\"James Bargent\" \/>","tracker_url":"https:\/\/cdn.parsely.com\/keys\/insightcrime.org\/p.js"},"jetpack_sharing_enabled":true,"jetpack-related-posts":[{"id":305119,"url":"https:\/\/insightcrime.org\/es\/noticias\/tregua-entre-pandillas-provoco-violencia-salvador\/","url_meta":{"origin":6139,"position":0},"title":"\u00bfLa tregua entre pandillas provoc\u00f3 m\u00e1s violencia en El Salvador?","author":"Steven Dudley","date":"7 de marzo de 2025","format":false,"excerpt":"En el m\u00e1s reciente de una serie de art\u00edculos acad\u00e9micos, dos investigadores suman m\u00e1s pruebas al creciente cuerpo de evidencia de que las treguas entre pandillas pueden ofrecer una reducci\u00f3n temporal de la violencia, pero, con el tiempo, pueden aumentar el n\u00famero total de homicidios.","rel":"","context":"En \u00abNoticias\u00bb","block_context":{"text":"Noticias","link":"https:\/\/insightcrime.org\/es\/category\/noticias\/"},"img":{"alt_text":"","src":"https:\/\/i0.wp.com\/insightcrime.org\/wp-content\/uploads\/2013\/12\/en-3e1d29b65e89b5e0b3c1385d51031f62.jpg?fit=400%2C242&quality=100&ssl=1&resize=350%2C200","width":350,"height":200},"classes":[]},{"id":141258,"url":"https:\/\/insightcrime.org\/es\/noticias\/pactos-pandillas-promueven-desapariciones-forzadas-salvador\/","url_meta":{"origin":6139,"position":1},"title":"Pactos con pandillas promueven desapariciones forzadas en El Salvador","author":"Katie Jones","date":"21 de abril de 2021","format":false,"excerpt":"Un informe publicado recientemente advierte que los pactos hechos entre pandillas y funcionarios p\u00fablicos para reducir los homicidios en El Salvador no hacen m\u00e1s que promover el uso de las desapariciones forzadas entre las pandillas que buscan mantener su capital pol\u00edtico y control territorial.","rel":"","context":"En \u00abNoticias\u00bb","block_context":{"text":"Noticias","link":"https:\/\/insightcrime.org\/es\/category\/noticias\/"},"img":{"alt_text":"","src":"https:\/\/i0.wp.com\/insightcrime.org\/wp-content\/uploads\/2021\/04\/Disappearance-1.jpeg?fit=350%2C250&quality=100&ssl=1&resize=350%2C200","width":350,"height":200},"classes":[]},{"id":181042,"url":"https:\/\/insightcrime.org\/es\/noticias\/ola-homicida-pandillas-conmociona-gobierno-el-salvador\/","url_meta":{"origin":6139,"position":2},"title":"Ola homicida de pandillas sacude a gobierno de El Salvador","author":"Alex Papadovassilakis","date":"28 de marzo de 2022","format":false,"excerpt":"Una ola de asesinatos in\u00e9dita desde los d\u00edas de la guerra civil en El Salvador fue el mensaje f\u00fanebre de las pandillas del pa\u00eds, en el idioma que usan para pronunciarse, hacia el gobierno.","rel":"","context":"En \u00abNoticias\u00bb","block_context":{"text":"Noticias","link":"https:\/\/insightcrime.org\/es\/category\/noticias\/"},"img":{"alt_text":"Fuerzas de seguridad de El Salvador en guardia","src":"https:\/\/i0.wp.com\/insightcrime.org\/wp-content\/uploads\/2022\/03\/ES-Spree-1.jpeg?fit=350%2C250&quality=100&ssl=1&resize=350%2C200","width":350,"height":200},"classes":[]},{"id":4896,"url":"https:\/\/insightcrime.org\/es\/noticias-crimen-organizado-el-salvador\/el-salvador\/","url_meta":{"origin":6139,"position":3},"title":"Perfil de El Salvador","author":"InSight Crime","date":"17 de junio de 2024","format":false,"excerpt":"El Salvador es la patria espiritual de las pandillas callejeras m\u00e1s conocidas de Centroam\u00e9rica: la Mara Salvatrucha (MS13) y Barrio 18. Durante a\u00f1os, estas pandillas aterrorizaron a los barrios urbanos pobres de todo el pa\u00eds, pero parecen haber sido desmanteladas en gran medida tras una brutal y controvertida ofensiva gubernamental\u2026","rel":"","context":"En \u00abEl Salvador\u00bb","block_context":{"text":"El Salvador","link":"https:\/\/insightcrime.org\/es\/category\/noticias-crimen-organizado-el-salvador\/"},"img":{"alt_text":"","src":"https:\/\/i0.wp.com\/insightcrime.org\/wp-content\/uploads\/2017\/08\/El-Salvador-country-profile-copy.jpg?fit=1200%2C609&quality=100&ssl=1&resize=350%2C200","width":350,"height":200,"srcset":"https:\/\/i0.wp.com\/insightcrime.org\/wp-content\/uploads\/2017\/08\/El-Salvador-country-profile-copy.jpg?fit=1200%2C609&quality=100&ssl=1&resize=350%2C200 1x, https:\/\/i0.wp.com\/insightcrime.org\/wp-content\/uploads\/2017\/08\/El-Salvador-country-profile-copy.jpg?fit=1200%2C609&quality=100&ssl=1&resize=525%2C300 1.5x, https:\/\/i0.wp.com\/insightcrime.org\/wp-content\/uploads\/2017\/08\/El-Salvador-country-profile-copy.jpg?fit=1200%2C609&quality=100&ssl=1&resize=700%2C400 2x, https:\/\/i0.wp.com\/insightcrime.org\/wp-content\/uploads\/2017\/08\/El-Salvador-country-profile-copy.jpg?fit=1200%2C609&quality=100&ssl=1&resize=1050%2C600 3x"},"classes":[]},{"id":123411,"url":"https:\/\/insightcrime.org\/es\/noticias\/3-secretos-oscuros-que-revelan-las-negociaciones-con-pandillas-en-el-salvador\/","url_meta":{"origin":6139,"position":4},"title":"3 secretos oscuros que revelan las &#8216;negociaciones&#8217; con pandillas en El Salvador","author":"Steven Dudley","date":"4 de septiembre de 2020","format":false,"excerpt":"El medio informativo El Faro public\u00f3 un informe seg\u00fan el cual el gobierno de El Salvador est\u00e1 \u201cnegociando\u201d con las pandillas callejeras con el fin de reducir los niveles de homicidios, lo que puede resultar sorprendente para la mayor\u00eda, excepto para otros pol\u00edticos, quienes tambi\u00e9n negocian con las pandillas.","rel":"","context":"En \u00abNoticias\u00bb","block_context":{"text":"Noticias","link":"https:\/\/insightcrime.org\/es\/category\/noticias\/"},"img":{"alt_text":"","src":"https:\/\/i0.wp.com\/insightcrime.org\/wp-content\/uploads\/2018\/01\/18-01-12-MS13-Indictment.jpg?fit=350%2C250&quality=100&ssl=1&resize=350%2C200","width":350,"height":200},"classes":[]},{"id":122256,"url":"https:\/\/insightcrime.org\/es\/noticias\/disminucion-homicidios-el-salvador-pandillas\/","url_meta":{"origin":6139,"position":5},"title":"Disminuci\u00f3n de homicidios en El Salvador: \u00bfdecisi\u00f3n de las pandillas o triunfo presidencial?","author":"Seth Robbins","date":"13 de agosto de 2020","format":false,"excerpt":"El presidente de El Salvador, Nayib Bukele, ha atribuido la disminuci\u00f3n del 60 por ciento en los homicidios este a\u00f1o a su plan de lucha contra el crimen. Pero las pandillas callejeras del pa\u00eds tambi\u00e9n merecen cierto cr\u00e9dito \u2014o quiz\u00e1 la mayor parte\u2014.","rel":"","context":"En \u00abNoticias\u00bb","block_context":{"text":"Noticias","link":"https:\/\/insightcrime.org\/es\/category\/noticias\/"},"img":{"alt_text":"","src":"https:\/\/i0.wp.com\/insightcrime.org\/wp-content\/uploads\/2020\/08\/El-Salvador_Cover-of-Number-of-Daily-Homicides_ilus_InSight-Crime_12-08-2020.jpg?fit=1200%2C690&quality=100&ssl=1&resize=350%2C200","width":350,"height":200,"srcset":"https:\/\/i0.wp.com\/insightcrime.org\/wp-content\/uploads\/2020\/08\/El-Salvador_Cover-of-Number-of-Daily-Homicides_ilus_InSight-Crime_12-08-2020.jpg?fit=1200%2C690&quality=100&ssl=1&resize=350%2C200 1x, https:\/\/i0.wp.com\/insightcrime.org\/wp-content\/uploads\/2020\/08\/El-Salvador_Cover-of-Number-of-Daily-Homicides_ilus_InSight-Crime_12-08-2020.jpg?fit=1200%2C690&quality=100&ssl=1&resize=525%2C300 1.5x, https:\/\/i0.wp.com\/insightcrime.org\/wp-content\/uploads\/2020\/08\/El-Salvador_Cover-of-Number-of-Daily-Homicides_ilus_InSight-Crime_12-08-2020.jpg?fit=1200%2C690&quality=100&ssl=1&resize=700%2C400 2x, https:\/\/i0.wp.com\/insightcrime.org\/wp-content\/uploads\/2020\/08\/El-Salvador_Cover-of-Number-of-Daily-Homicides_ilus_InSight-Crime_12-08-2020.jpg?fit=1200%2C690&quality=100&ssl=1&resize=1050%2C600 3x"},"classes":[]}],"jetpack_featured_media_url":"https:\/\/i0.wp.com\/insightcrime.org\/wp-content\/uploads\/2013\/11\/es-15f1f6b1d17e91e2aeb728967dff8411.jpg?fit=280%2C169&quality=100&ssl=1","_links":{"self":[{"href":"https:\/\/insightcrime.org\/es\/wp-json\/wp\/v2\/posts\/6139","targetHints":{"allow":["GET"]}}],"collection":[{"href":"https:\/\/insightcrime.org\/es\/wp-json\/wp\/v2\/posts"}],"about":[{"href":"https:\/\/insightcrime.org\/es\/wp-json\/wp\/v2\/types\/post"}],"author":[{"embeddable":true,"href":"https:\/\/insightcrime.org\/es\/wp-json\/wp\/v2\/users\/16"}],"replies":[{"embeddable":true,"href":"https:\/\/insightcrime.org\/es\/wp-json\/wp\/v2\/comments?post=6139"}],"version-history":[{"count":1,"href":"https:\/\/insightcrime.org\/es\/wp-json\/wp\/v2\/posts\/6139\/revisions"}],"predecessor-version":[{"id":21156,"href":"https:\/\/insightcrime.org\/es\/wp-json\/wp\/v2\/posts\/6139\/revisions\/21156"}],"wp:featuredmedia":[{"embeddable":true,"href":"https:\/\/insightcrime.org\/es\/wp-json\/wp\/v2\/media\/39061"}],"wp:attachment":[{"href":"https:\/\/insightcrime.org\/es\/wp-json\/wp\/v2\/media?parent=6139"}],"wp:term":[{"taxonomy":"category","embeddable":true,"href":"https:\/\/insightcrime.org\/es\/wp-json\/wp\/v2\/categories?post=6139"},{"taxonomy":"post_tag","embeddable":true,"href":"https:\/\/insightcrime.org\/es\/wp-json\/wp\/v2\/tags?post=6139"},{"taxonomy":"newspack_spnsrs_tax","embeddable":true,"href":"https:\/\/insightcrime.org\/es\/wp-json\/wp\/v2\/newspack_spnsrs_tax?post=6139"},{"taxonomy":"author","embeddable":true,"href":"https:\/\/insightcrime.org\/es\/wp-json\/wp\/v2\/coauthors?post=6139"}],"curies":[{"name":"wp","href":"https:\/\/api.w.org\/{rel}","templated":true}]}}