{"id":6145,"date":"2013-11-22T17:33:46","date_gmt":"2017-03-27T23:57:22","guid":{"rendered":"http:\/\/newwp.insightcrime.org?p=6145"},"modified":"2023-04-24T15:34:52","modified_gmt":"2023-04-24T20:34:52","slug":"por-que-estan-aumentando-los-homicidios-relacionados-con-el-robo-en-quito-ecuador","status":"publish","type":"post","link":"https:\/\/insightcrime.org\/es\/noticias\/noticias-del-dia\/por-que-estan-aumentando-los-homicidios-relacionados-con-el-robo-en-quito-ecuador\/","title":{"rendered":"\u00bfPor qu\u00e9 est\u00e1n aumentando los homicidios relacionados con el robo en Quito, Ecuador?"},"content":{"rendered":"\n<p class=\"wp-block-paragraph\">Los robos son la principal causa de homicidios en la capital de Ecuador, Quito, seg\u00fan un nuevo informe, lo que plantea interrogantes sobre por qu\u00e9 la delincuencia com\u00fan a menudo escala hasta el asesinato.<\/p>\n\n\n\n<p class=\"wp-block-paragraph\">Seg\u00fan las estad\u00edsticas compiladas por la instituci\u00f3n gubernamental de Ecuador, Observatorio Metropolitano de Seguridad Ciudadana (OMSC), entre enero y octubre de este a\u00f1o, 42 personas fueron asesinadas durante robos en Quito, en comparaci\u00f3n con las 41 personas asesinadas durante el mismo per\u00edodo en 2012, <a href=\"https:\/\/www4.elcomercio.com\/seguridad\/Quito-asaltos-robos-homicidios-muertes_0_1033696686.html\" target=\"_blank\">inform\u00f3 El Comercio<\/a>.<\/p>\n\n\n\n<p class=\"wp-block-paragraph\"><strong> VEA TAMBI\u00c9N:<\/strong> <a href=\"\/tag\/ecuador\" target=\"_blank\">Cobertura de Ecuador<\/a><\/p>\n\n\n\n<p class=\"wp-block-paragraph\">Estos asesinatos resultaron de 4.409 casos de robos violentos, que superan el n\u00famero de robos no violentos reportados, que se sit\u00faan en 2.130.<\/p>\n\n\n\n<p class=\"wp-block-paragraph\">Por el contrario, el n\u00famero de asesinatos atribuidos a las peleas y a las disputas personales se redujeron de 53 casos en los primeros 10 meses de 2012 a 29 en 2013.<\/p>\n\n\n\n<p class=\"wp-block-paragraph\">No obstante, la polic\u00eda cuestiona la cifra diciendo que de los 153 asesinatos que tienen registrados, 103 fueron el resultado de peleas, venganzas, disputas familiares o problemas psicol\u00f3gicos y emocionales, mientras que el resto podr\u00eda ser explicado por asaltos y robos.<\/p>\n\n\n\n<figure class=\"wp-block-image is-resized\"><img data-recalc-dims=\"1\" loading=\"lazy\" decoding=\"async\" src=\"https:\/\/i0.wp.com\/es.insightcrime.org\/images\/quitorob.jpg?resize=570%2C265&#038;quality=100&#038;ssl=1\" alt=\"quitorob\" height=\"265\" width=\"570\"\/><\/figure>\n\n\n\n<h3 class=\"wp-block-heading\">An\u00e1lisis de InSight Crime<\/h3>\n\n\n\n<p class=\"wp-block-paragraph\">Parece que hay una gran brecha entre las cifras de la polic\u00eda y las estad\u00edsticas compiladas por la OMSC. Aunque las razones de esto no son claras, los dos conjuntos de datos muestran que los robos explican un gran porcentaje de los asesinatos en Quito, planteando la pregunta de por qu\u00e9 el robo a menudo resulta en asesinatos.<\/p>\n\n\n\n<p class=\"wp-block-paragraph\">Una posible raz\u00f3n de esto ser\u00eda el acceso a armas de fuego, ya que es m\u00e1s probable que los robos llevados a cabo con armas terminen en asesinato si no van bien, que aquellos realizados con otras armas tales como cuchillos.<\/p>\n\n\n\n<p class=\"wp-block-paragraph\">Otra posible raz\u00f3n son los niveles de impunidad, ya que los ladrones ser\u00e1n menos reacios a utilizar la violencia si sienten que no habr\u00e1 consecuencias. Como dijo el abogado y crimin\u00f3logo Gonzalo Realpe a El Comercio: \u201cLos agresores se sienten seguros de que pueden hacer da\u00f1o y saben que pocos casos recibir\u00e1n sentencia\u201d.<\/p>\n\n\n\n<p class=\"wp-block-paragraph\">Las cifras tambi\u00e9n sugieren que pese al <a href=\"\/noticias\/noticias-del-dia\/incautaciones-de-varias-toneladas-de-cocaina-en-ecuador-apuntan-a-aumento-de-trafico\" target=\"_blank\">aumento en el narcotr\u00e1fico en Ecuador <\/a>y la expansi\u00f3n de las redes de microtr\u00e1fico en Quito -algunas de los cuales han sido <a href=\"\/news\/analysis\/colombian-narco-controlled-quito-drug-market\" target=\"_blank\">manejadas por grupos colombianos<\/a>\u2013 la delincuencia com\u00fan y las disputas personales siguen siendo responsables de m\u00e1s violencia que el crimen organizado.<\/p>\n\n\n\n<p class=\"wp-block-paragraph\">La evidencia de que la expansi\u00f3n del crimen organizado no ha dado lugar a un aumento de la violencia fue adem\u00e1s provista por una reducci\u00f3n general en la tasa de homicidios de Ecuador, de 12,4 en 2012, a 9,1 por cada 100.000 habitantes, <a href=\"https:\/\/www.telegrafo.com.ec\/justicia\/item\/indice-de-homicidios-en-el-pais-se-reduce-a-un-digito.html\" target=\"_blank\">seg\u00fan las estad\u00edsticas recopiladas por el coordinador de seguridad nacional<\/a>. La nueva tasa representa una dr\u00e1stica ca\u00edda desde un elevado 18,9 por 100.000 habitantes en 2008.<\/p>\n","protected":false},"excerpt":{"rendered":"<p>Los robos son la principal causa de homicidios en la capital de Ecuador, Quito, seg\u00fan un nuevo informe, lo que plantea interrogantes sobre por qu\u00e9 la delincuencia com\u00fan a menudo escala hasta el asesinato.<\/p>\n","protected":false},"author":16,"featured_media":39074,"comment_status":"closed","ping_status":"closed","sticky":false,"template":"","format":"standard","meta":{"newspack_ads_suppress_ads":false,"newspack_popups_has_disabled_popups":false,"newspack_sponsor_sponsorship_scope":"","newspack_sponsor_native_byline_display":"inherit","newspack_sponsor_native_category_display":"inherit","newspack_sponsor_underwriter_style":"inherit","newspack_sponsor_underwriter_placement":"inherit","_EventAllDay":false,"_EventTimezone":"","_EventStartDate":"","_EventEndDate":"","_EventStartDateUTC":"","_EventEndDateUTC":"","_EventShowMap":false,"_EventShowMapLink":false,"_EventURL":"","_EventCost":"","_EventCostDescription":"","_EventCurrencySymbol":"","_EventCurrencyCode":"","_EventCurrencyPosition":"","_EventDateTimeSeparator":"","_EventTimeRangeSeparator":"","_EventOrganizerID":[],"_EventVenueID":[],"_OrganizerEmail":"","_OrganizerPhone":"","_OrganizerWebsite":"","_VenueAddress":"","_VenueCity":"","_VenueCountry":"","_VenueProvince":"","_VenueState":"","_VenueZip":"","_VenuePhone":"","_VenueURL":"","_VenueStateProvince":"","_VenueLat":"","_VenueLng":"","_VenueShowMap":false,"_VenueShowMapLink":false,"_newspack_byline_active":false,"_newspack_byline":"","newspack_hide_updated_date":false,"newspack_show_updated_date":false,"newspack_featured_image_position":"","newspack_post_subtitle":"","newspack_article_summary_title":"Overview:","newspack_article_summary":"","_jetpack_memberships_contains_paid_content":false,"footnotes":""},"categories":[334],"tags":[426,452,455],"newspack_spnsrs_tax":[],"coauthors":[3821],"class_list":["post-6145","post","type-post","status-publish","format-standard","has-post-thumbnail","hentry","category-noticias-del-dia","tag-ecuador-pais","tag-homicidios","tag-infografias","entry"],"parsely":{"version":"1.1.0","canonical_url":"https:\/\/insightcrime.org\/es\/noticias\/noticias-del-dia\/por-que-estan-aumentando-los-homicidios-relacionados-con-el-robo-en-quito-ecuador\/","smart_links":{"inbound":0,"outbound":0},"traffic_boost_suggestions_count":0,"meta":{"@context":"https:\/\/schema.org","@type":"NewsArticle","headline":"\u00bfPor qu\u00e9 est\u00e1n aumentando los homicidios relacionados con el robo en Quito, Ecuador?","url":"http:\/\/insightcrime.org\/es\/noticias\/noticias-del-dia\/por-que-estan-aumentando-los-homicidios-relacionados-con-el-robo-en-quito-ecuador\/","mainEntityOfPage":{"@type":"WebPage","@id":"http:\/\/insightcrime.org\/es\/noticias\/noticias-del-dia\/por-que-estan-aumentando-los-homicidios-relacionados-con-el-robo-en-quito-ecuador\/"},"thumbnailUrl":"https:\/\/i0.wp.com\/insightcrime.org\/wp-content\/uploads\/2013\/11\/es-2db5d9d6faf8ee640940b5e176223700.jpg?resize=150%2C150&quality=100&ssl=1","image":{"@type":"ImageObject","url":"https:\/\/i0.wp.com\/insightcrime.org\/wp-content\/uploads\/2013\/11\/es-2db5d9d6faf8ee640940b5e176223700.jpg?fit=280%2C169&quality=100&ssl=1"},"articleSection":"Noticias del d\u00eda","author":[{"@type":"Person","name":"James Bargent"}],"creator":["James Bargent"],"publisher":{"@type":"Organization","name":"InSight Crime","logo":"https:\/\/insightcrime.org\/wp-content\/uploads\/2023\/08\/logo.png"},"keywords":["ecuador","homicidios","infograf\u00edas"],"dateCreated":"2017-03-27T23:57:22Z","datePublished":"2017-03-27T23:57:22Z","dateModified":"2023-04-24T20:34:52Z"},"rendered":"<meta name=\"parsely-title\" content=\"\u00bfPor qu\u00e9 est\u00e1n aumentando los homicidios relacionados con el robo en Quito, Ecuador?\" \/>\n<meta name=\"parsely-link\" content=\"http:\/\/insightcrime.org\/es\/noticias\/noticias-del-dia\/por-que-estan-aumentando-los-homicidios-relacionados-con-el-robo-en-quito-ecuador\/\" \/>\n<meta name=\"parsely-type\" content=\"post\" \/>\n<meta name=\"parsely-image-url\" content=\"https:\/\/i0.wp.com\/insightcrime.org\/wp-content\/uploads\/2013\/11\/es-2db5d9d6faf8ee640940b5e176223700.jpg?resize=150%2C150&amp;quality=100&amp;ssl=1\" \/>\n<meta name=\"parsely-pub-date\" content=\"2017-03-27T23:57:22Z\" \/>\n<meta name=\"parsely-section\" content=\"Noticias del d\u00eda\" \/>\n<meta name=\"parsely-tags\" content=\"ecuador,homicidios,infograf\u00edas\" \/>\n<meta name=\"parsely-author\" content=\"James Bargent\" \/>","tracker_url":"https:\/\/cdn.parsely.com\/keys\/insightcrime.org\/p.js"},"jetpack_sharing_enabled":true,"jetpack-related-posts":[{"id":187227,"url":"https:\/\/insightcrime.org\/es\/noticias\/corrupcion-servicios-seguridad-ecuador-agravan-problema-homicidios\/","url_meta":{"origin":6145,"position":0},"title":"Corrupci\u00f3n en servicios de seguridad de Ecuador agrava problema de homicidios","author":"Gabrielle Gorder","date":"31 de mayo de 2022","format":false,"excerpt":"El desv\u00edo de armas en custodia de la polic\u00eda hacia delincuentes y un oficial naval acusado de hacer parte de un escuadr\u00f3n de sicarios son solo dos nuevos ejemplos de c\u00f3mo la corrupci\u00f3n en las fuerzas de seguridad de Ecuador se suma a los problemas del pa\u00eds para combatir la\u2026","rel":"","context":"En \u00abNoticias\u00bb","block_context":{"text":"Noticias","link":"https:\/\/insightcrime.org\/es\/category\/noticias\/"},"img":{"alt_text":"Armas robadas de la polic\u00eda en Ecuador 2022","src":"https:\/\/i0.wp.com\/insightcrime.org\/wp-content\/uploads\/2022\/05\/Armas-Recuperadas-Hurto-Polici%CC%81a-Ecuador-.webp?fit=1009%2C667&quality=100&ssl=1&resize=350%2C200","width":350,"height":200,"srcset":"https:\/\/i0.wp.com\/insightcrime.org\/wp-content\/uploads\/2022\/05\/Armas-Recuperadas-Hurto-Polici%CC%81a-Ecuador-.webp?fit=1009%2C667&quality=100&ssl=1&resize=350%2C200 1x, https:\/\/i0.wp.com\/insightcrime.org\/wp-content\/uploads\/2022\/05\/Armas-Recuperadas-Hurto-Polici%CC%81a-Ecuador-.webp?fit=1009%2C667&quality=100&ssl=1&resize=525%2C300 1.5x, https:\/\/i0.wp.com\/insightcrime.org\/wp-content\/uploads\/2022\/05\/Armas-Recuperadas-Hurto-Polici%CC%81a-Ecuador-.webp?fit=1009%2C667&quality=100&ssl=1&resize=700%2C400 2x"},"classes":[]},{"id":145450,"url":"https:\/\/insightcrime.org\/es\/noticias\/sangrientos-asesinatos-indican-escalada-violencia-criminal-ecuador\/","url_meta":{"origin":6145,"position":1},"title":"Sangrientos asesinatos indican escalada de violencia criminal en Ecuador","author":"Alex Papadovassilakis","date":"20 de mayo de 2021","format":false,"excerpt":"Una serie de sangrientos asesinatos selectivos en Ecuador muestra c\u00f3mo la violencia entre las pandillas criminales del pa\u00eds sigue fuera de control.","rel":"","context":"En \u00abNoticias\u00bb","block_context":{"text":"Noticias","link":"https:\/\/insightcrime.org\/es\/category\/noticias\/"},"img":{"alt_text":"","src":"https:\/\/i0.wp.com\/insightcrime.org\/wp-content\/uploads\/2021\/05\/WEB3-ECUADOR-CRIME-Policia-Nacional-Ecuador.jpg?fit=350%2C250&quality=100&ssl=1&resize=350%2C200","width":350,"height":200},"classes":[]},{"id":177032,"url":"https:\/\/insightcrime.org\/es\/noticias\/balance-insight-crime-homicidios-2021\/","url_meta":{"origin":6145,"position":2},"title":"Balance de InSight Crime de los homicidios en 2021","author":"InSight Crime","date":"1 de febrero de 2022","format":false,"excerpt":"En 2021, la mayor parte de los pa\u00edses de Am\u00e9rica Latina experimentaron un acentuado aumento en los asesinatos. Era de esperarse que la violencia resurgiera en la regi\u00f3n, despu\u00e9s del levantamiento de algunos de los confinamientos por COVID-19 m\u00e1s estrictos del mundo","rel":"","context":"En \u00abNoticias\u00bb","block_context":{"text":"Noticias","link":"https:\/\/insightcrime.org\/es\/category\/noticias\/"},"img":{"alt_text":"","src":"https:\/\/i0.wp.com\/insightcrime.org\/wp-content\/uploads\/2022\/01\/Cover-Homicidios_InSight-Crime_Map_Jan-2021.jpg?fit=1200%2C683&quality=100&ssl=1&resize=350%2C200","width":350,"height":200,"srcset":"https:\/\/i0.wp.com\/insightcrime.org\/wp-content\/uploads\/2022\/01\/Cover-Homicidios_InSight-Crime_Map_Jan-2021.jpg?fit=1200%2C683&quality=100&ssl=1&resize=350%2C200 1x, https:\/\/i0.wp.com\/insightcrime.org\/wp-content\/uploads\/2022\/01\/Cover-Homicidios_InSight-Crime_Map_Jan-2021.jpg?fit=1200%2C683&quality=100&ssl=1&resize=525%2C300 1.5x, https:\/\/i0.wp.com\/insightcrime.org\/wp-content\/uploads\/2022\/01\/Cover-Homicidios_InSight-Crime_Map_Jan-2021.jpg?fit=1200%2C683&quality=100&ssl=1&resize=700%2C400 2x, https:\/\/i0.wp.com\/insightcrime.org\/wp-content\/uploads\/2022\/01\/Cover-Homicidios_InSight-Crime_Map_Jan-2021.jpg?fit=1200%2C683&quality=100&ssl=1&resize=1050%2C600 3x"},"classes":[]},{"id":127014,"url":"https:\/\/insightcrime.org\/es\/noticias\/contrabando-se-torna-sangriento-entre-ecuador-y-peru\/","url_meta":{"origin":6145,"position":3},"title":"Contrabando se torna sangriento entre Ecuador y Per\u00fa","author":"Alessandro Ford","date":"17 de noviembre de 2020","format":false,"excerpt":"Una serie de asesinatos en la frontera sur de Ecuador con Per\u00fa se han atribuido a una guerra entre miembros de bandas por el control de pasos clandestinos usados para el cruce de personas y contrabando, lo que resalta el peligro de las fronteras duras como incentivo para la violencia\u2026","rel":"","context":"En \u00abNoticias\u00bb","block_context":{"text":"Noticias","link":"https:\/\/insightcrime.org\/es\/category\/noticias\/"},"img":{"alt_text":"","src":"https:\/\/i0.wp.com\/insightcrime.org\/wp-content\/uploads\/2020\/11\/Huaquillas-Aguas_Verdes.jpg?fit=350%2C250&quality=100&ssl=1&resize=350%2C200","width":350,"height":200},"classes":[]},{"id":167718,"url":"https:\/\/insightcrime.org\/es\/noticias\/policia-venezuela-ofrece-sedes-concretar-ventas-facebook-marketplace\/","url_meta":{"origin":6145,"position":4},"title":"Secuestradores de Venezuela enga\u00f1an a v\u00edctimas haci\u00e9ndose pasar por vendedores de autos","author":"Unidad Investigativa de Venezuela","date":"22 de septiembre de 2021","format":false,"excerpt":"Ante una ola de robos, secuestros y homicidios relacionados con fraudes en ventas por Facebook, la polic\u00eda cient\u00edfica de Venezuela decidi\u00f3 abrir sus sedes para las personas que quieran concretar compras en esta plataforma.","rel":"","context":"En \u00abNoticias\u00bb","block_context":{"text":"Noticias","link":"https:\/\/insightcrime.org\/es\/category\/noticias\/"},"img":{"alt_text":"fraudes relacionados con ventas por Facebook en Venezuela","src":"https:\/\/i0.wp.com\/insightcrime.org\/wp-content\/uploads\/2021\/09\/unnamed.jpg?fit=350%2C250&quality=100&ssl=1&resize=350%2C200","width":350,"height":200},"classes":[]},{"id":320444,"url":"https:\/\/insightcrime.org\/es\/news\/fin-subsidio-diesel-podria-agravar-robo-combustible-ecuador\/","url_meta":{"origin":6145,"position":5},"title":"El fin del subsidio al di\u00e9sel podr\u00eda agravar el robo de combustible en Ecuador","author":"Sam Woolston","date":"23 de septiembre de 2025","format":false,"excerpt":"En Ecuador, el robo de combustible se ha disparado y los recortes al subsidio al di\u00e9sel podr\u00edan agravar el frente que enfrentan las fuerzas de seguridad en la guerra contra el crimen.","rel":"","context":"En \u00abNews\u00bb","block_context":{"text":"News","link":"https:\/\/insightcrime.org\/category\/news\/"},"img":{"alt_text":"","src":"https:\/\/i0.wp.com\/insightcrime.org\/wp-content\/uploads\/2025\/09\/Screenshot-2025-09-22-at-06.42.24-2.png?fit=350%2C250&quality=100&ssl=1&resize=350%2C200","width":350,"height":200},"classes":[]}],"jetpack_featured_media_url":"https:\/\/i0.wp.com\/insightcrime.org\/wp-content\/uploads\/2013\/11\/es-2db5d9d6faf8ee640940b5e176223700.jpg?fit=280%2C169&quality=100&ssl=1","_links":{"self":[{"href":"https:\/\/insightcrime.org\/es\/wp-json\/wp\/v2\/posts\/6145","targetHints":{"allow":["GET"]}}],"collection":[{"href":"https:\/\/insightcrime.org\/es\/wp-json\/wp\/v2\/posts"}],"about":[{"href":"https:\/\/insightcrime.org\/es\/wp-json\/wp\/v2\/types\/post"}],"author":[{"embeddable":true,"href":"https:\/\/insightcrime.org\/es\/wp-json\/wp\/v2\/users\/16"}],"replies":[{"embeddable":true,"href":"https:\/\/insightcrime.org\/es\/wp-json\/wp\/v2\/comments?post=6145"}],"version-history":[{"count":2,"href":"https:\/\/insightcrime.org\/es\/wp-json\/wp\/v2\/posts\/6145\/revisions"}],"predecessor-version":[{"id":66469,"href":"https:\/\/insightcrime.org\/es\/wp-json\/wp\/v2\/posts\/6145\/revisions\/66469"}],"wp:featuredmedia":[{"embeddable":true,"href":"https:\/\/insightcrime.org\/es\/wp-json\/wp\/v2\/media\/39074"}],"wp:attachment":[{"href":"https:\/\/insightcrime.org\/es\/wp-json\/wp\/v2\/media?parent=6145"}],"wp:term":[{"taxonomy":"category","embeddable":true,"href":"https:\/\/insightcrime.org\/es\/wp-json\/wp\/v2\/categories?post=6145"},{"taxonomy":"post_tag","embeddable":true,"href":"https:\/\/insightcrime.org\/es\/wp-json\/wp\/v2\/tags?post=6145"},{"taxonomy":"newspack_spnsrs_tax","embeddable":true,"href":"https:\/\/insightcrime.org\/es\/wp-json\/wp\/v2\/newspack_spnsrs_tax?post=6145"},{"taxonomy":"author","embeddable":true,"href":"https:\/\/insightcrime.org\/es\/wp-json\/wp\/v2\/coauthors?post=6145"}],"curies":[{"name":"wp","href":"https:\/\/api.w.org\/{rel}","templated":true}]}}