{"id":6173,"date":"2013-12-02T18:44:56","date_gmt":"2017-03-27T23:57:31","guid":{"rendered":"http:\/\/newwp.insightcrime.org?p=6173"},"modified":"2023-04-24T15:35:01","modified_gmt":"2023-04-24T20:35:01","slug":"policia-de-quito-lucha-contra-creciente-tendencia-del-microtrafico","status":"publish","type":"post","link":"https:\/\/insightcrime.org\/es\/noticias\/noticias-del-dia\/policia-de-quito-lucha-contra-creciente-tendencia-del-microtrafico\/","title":{"rendered":"Polic\u00eda de Quito combate creciente tendencia del microtr\u00e1fico"},"content":{"rendered":"\n<p class=\"wp-block-paragraph\">La polic\u00eda de Quito ha identificado docenas de puntos de microtr\u00e1fico en la capital de Ecuador, as\u00ed como a los grupos que los manejan, ofreciendo una prueba m\u00e1s del aumento en el consumo interno en medio del creciente estatus del pa\u00eds como un punto internacional de transbordo de drogas.<\/p>\n\n\n\n<p class=\"wp-block-paragraph\">En una sola secci\u00f3n central de la capital -el barrio San Roque- la polic\u00eda antinarc\u00f3ticos ha se\u00f1alado la presencia de 37 vendedores de marihuana, mientras que las ventas de coca\u00edna en la misma zona aparentemente est\u00e1n controladas por dos grupos, <a href=\"https:\/\/www.elcomercio.com\/seguridad\/microtrafico-drogas-San_Roque-marihuana-Quito_0_1040296006.html\" target=\"_blank\">inform\u00f3 El Comercio<\/a>.<\/p>\n\n\n\n<p class=\"wp-block-paragraph\">Otro barrio clave en el comercio del microtr\u00e1fico de la ciudad es la exclusiva zona de La Mariscal, que ha visto un aumento en la actividad de la droga a medida que se ha vuelto m\u00e1s popular entre los turistas. Seg\u00fan las autoridades, ambos sectores estuvieron anteriormente&nbsp;bajo el control de la banda La Cordillera, una organizaci\u00f3n colombiana que controlaba una gran parte del tr\u00e1fico de drogas y lavado de dinero en la ciudad. Un l\u00edder de La Cordillera, Oscar Alc\u00e1ntara Gonz\u00e1lez,<a href=\"https:\/\/www.elcomercio.ec\/seguridad\/seguridad-delitos-droga-microtrafico-marihuana_0_905909406.html\" target=\"_blank\"> fue detenido en marzo en Quito<\/a>, donde se hab\u00eda establecido desde 2010.<\/p>\n\n\n\n<p class=\"wp-block-paragraph\">A principios de este a\u00f1o, <a href=\"https:\/\/www.elcomercio.ec\/seguridad\/narcotrafico-microtrafico-extiende-redes-Ecuador-Sinaloa-Mexico_0_902309821.html\" target=\"_blank\">se inform\u00f3 que el microtr\u00e1fico estuvo en aumento <\/a>en diez ciudades del pa\u00eds, en medio de informes de la creciente actividad de Cartel de Sinaloa de M\u00e9xico y la identificaci\u00f3n de m\u00e1s de 100 rutas de la droga hacia el pa\u00eds desde Colombia y Per\u00fa.<\/p>\n\n\n\n<h3 class=\"wp-block-heading\">An\u00e1lisis de InSight Crime<\/h3>\n\n\n\n<p class=\"wp-block-paragraph\">En los \u00faltimos a\u00f1os, Ecuador se ha convertido en un <a href=\"\/noticias\/noticias-del-dia\/incautacion-de-dos-toneladas-muestra-que-la-cocaina-de-peru-se-mueve-a-traves-de-ecuador\" target=\"_blank\">punto de tr\u00e1nsito cada vez m\u00e1s importante <\/a>para las redes transnacionales de tr\u00e1fico de drogas, con la <a href=\"\/noticias\/noticias-del-dia\/laxos-controles-dejan-vulnerables-los-puertos-de-ecuador-para-el-trafico-de-drogas\" target=\"_blank\">d\u00e9bil seguridad portuaria <\/a>permitiendo a los grupos de tr\u00e1fico<a href=\"\/noticias\/noticias-del-dia\/narcotraficantes-diversifican-las-rutas-maritimas-fuera-de-ecuador\" target=\"_blank\">&nbsp;aumentar su dependencia en los contenedores de transporte<\/a>.<\/p>\n\n\n\n<p class=\"wp-block-paragraph\">Debido a que grandes cantidades de drogas contin\u00faan movi\u00e9ndose a trav\u00e9s del pa\u00eds, Ecuador ha experimentado el <a href=\"\/noticias\/analisis\/\u00bfesta-el-cartel-de-sinaloa-alimentando-el-comercio-domestico-de-drogas-en-ecuador\" target=\"_blank\">crecimiento de redes locales de microtr\u00e1fico<\/a> -probablemente estimulado por los grupos transnacionales que pagan a los operarios locales con producto.<\/p>\n\n\n\n<p class=\"wp-block-paragraph\"><strong>VEA TAMBI\u00c9N:<\/strong> <a href=\"\/tag\/ecuador\" target=\"_blank\">Cobertura de Ecuador<\/a><\/p>\n\n\n\n<p class=\"wp-block-paragraph\">A pesar del aumento en las redes dom\u00e9sticas, el comercio de drogas de Ecuador sigue estando<a href=\"\/noticias\/noticias-del-dia\/ministro-de-ecuador-reconoce-presencia-de-carteles-de-la-droga-extranjeros\" target=\"_blank\"> dominado por grupos extranjeros,<\/a> con los Urabe\u00f1os de Colombia jugando un papel junto con sus pares del Cartel de Sinaloa. Al parecer La Cordillera <a href=\"\/news\/analysis\/colombian-narco-controlled-quito-drug-market\" target=\"_blank\">controla la mayor parte del microtr\u00e1fico <\/a>en Quito desde hace varios a\u00f1os, ganando hasta US$20.000 al d\u00eda. Sin embargo, es probable que el <a href=\"\/news\/briefs\/arrests-international-reach-bogota-gangs\" target=\"_blank\">arresto de Alc\u00e1ntara<\/a> haya dejado a la organizaci\u00f3n vulnerable a los desaf\u00edos de otras organizaciones interesadas en reclamar una participaci\u00f3n en el comercio del microtr\u00e1fico&nbsp;cada vez m\u00e1s lucrativo de Quito.<\/p>\n","protected":false},"excerpt":{"rendered":"<p>La polic\u00eda de Quito ha identificado docenas de puntos de microtr\u00e1fico en la capital de Ecuador, as\u00ed como a los grupos que los manejan, ofreciendo una prueba m\u00e1s del aumento en el consumo interno en medio del creciente estatus del pa\u00eds como un punto internacional de transbordo de drogas.<\/p>\n","protected":false},"author":23,"featured_media":39137,"comment_status":"closed","ping_status":"closed","sticky":false,"template":"","format":"standard","meta":{"newspack_ads_suppress_ads":false,"newspack_popups_has_disabled_popups":false,"newspack_sponsor_sponsorship_scope":"","newspack_sponsor_native_byline_display":"inherit","newspack_sponsor_native_category_display":"inherit","newspack_sponsor_underwriter_style":"inherit","newspack_sponsor_underwriter_placement":"inherit","_EventAllDay":false,"_EventTimezone":"","_EventStartDate":"","_EventEndDate":"","_EventStartDateUTC":"","_EventEndDateUTC":"","_EventShowMap":false,"_EventShowMapLink":false,"_EventURL":"","_EventCost":"","_EventCostDescription":"","_EventCurrencySymbol":"","_EventCurrencyCode":"","_EventCurrencyPosition":"","_EventDateTimeSeparator":"","_EventTimeRangeSeparator":"","_EventOrganizerID":[],"_EventVenueID":[],"_OrganizerEmail":"","_OrganizerPhone":"","_OrganizerWebsite":"","_VenueAddress":"","_VenueCity":"","_VenueCountry":"","_VenueProvince":"","_VenueState":"","_VenueZip":"","_VenuePhone":"","_VenueURL":"","_VenueStateProvince":"","_VenueLat":"","_VenueLng":"","_VenueShowMap":false,"_VenueShowMapLink":false,"_newspack_byline_active":false,"_newspack_byline":"","newspack_hide_updated_date":false,"newspack_show_updated_date":false,"newspack_featured_image_position":"","newspack_post_subtitle":"","newspack_article_summary_title":"Overview:","newspack_article_summary":"","_jetpack_memberships_contains_paid_content":false,"footnotes":""},"categories":[334],"tags":[604,661],"newspack_spnsrs_tax":[],"coauthors":[3861],"class_list":["post-6173","post","type-post","status-publish","format-standard","has-post-thumbnail","hentry","category-noticias-del-dia","tag-ecuador","tag-microtrafficking","entry"],"parsely":{"version":"1.1.0","canonical_url":"https:\/\/insightcrime.org\/es\/noticias\/noticias-del-dia\/policia-de-quito-lucha-contra-creciente-tendencia-del-microtrafico\/","smart_links":{"inbound":0,"outbound":0},"traffic_boost_suggestions_count":0,"meta":{"@context":"https:\/\/schema.org","@type":"NewsArticle","headline":"Polic\u00eda de Quito combate creciente tendencia del microtr\u00e1fico","url":"http:\/\/insightcrime.org\/es\/noticias\/noticias-del-dia\/policia-de-quito-lucha-contra-creciente-tendencia-del-microtrafico\/","mainEntityOfPage":{"@type":"WebPage","@id":"http:\/\/insightcrime.org\/es\/noticias\/noticias-del-dia\/policia-de-quito-lucha-contra-creciente-tendencia-del-microtrafico\/"},"thumbnailUrl":"https:\/\/i0.wp.com\/insightcrime.org\/wp-content\/uploads\/2013\/12\/es-934a968f0266574a7f22e38ee8622875.jpg?resize=150%2C150&quality=100&ssl=1","image":{"@type":"ImageObject","url":"https:\/\/i0.wp.com\/insightcrime.org\/wp-content\/uploads\/2013\/12\/es-934a968f0266574a7f22e38ee8622875.jpg?fit=280%2C181&quality=100&ssl=1"},"articleSection":"Noticias del d\u00eda","author":[{"@type":"Person","name":"Natalie Southwick"}],"creator":["Natalie Southwick"],"publisher":{"@type":"Organization","name":"InSight Crime","logo":"https:\/\/insightcrime.org\/wp-content\/uploads\/2023\/08\/logo.png"},"keywords":["ecuador","microtr\u00e1fico"],"dateCreated":"2017-03-27T23:57:31Z","datePublished":"2017-03-27T23:57:31Z","dateModified":"2023-04-24T20:35:01Z"},"rendered":"<meta name=\"parsely-title\" content=\"Polic\u00eda de Quito combate creciente tendencia del microtr\u00e1fico\" \/>\n<meta name=\"parsely-link\" content=\"http:\/\/insightcrime.org\/es\/noticias\/noticias-del-dia\/policia-de-quito-lucha-contra-creciente-tendencia-del-microtrafico\/\" \/>\n<meta name=\"parsely-type\" content=\"post\" \/>\n<meta name=\"parsely-image-url\" content=\"https:\/\/i0.wp.com\/insightcrime.org\/wp-content\/uploads\/2013\/12\/es-934a968f0266574a7f22e38ee8622875.jpg?resize=150%2C150&amp;quality=100&amp;ssl=1\" \/>\n<meta name=\"parsely-pub-date\" content=\"2017-03-27T23:57:31Z\" \/>\n<meta name=\"parsely-section\" content=\"Noticias del d\u00eda\" \/>\n<meta name=\"parsely-tags\" content=\"ecuador,microtr\u00e1fico\" \/>\n<meta name=\"parsely-author\" content=\"Natalie Southwick\" \/>","tracker_url":"https:\/\/cdn.parsely.com\/keys\/insightcrime.org\/p.js"},"jetpack_sharing_enabled":true,"jetpack-related-posts":[{"id":186037,"url":"https:\/\/insightcrime.org\/es\/noticias\/estrategia-control-microtrafico-uruguay-entredicho-aumento-homicidios\/","url_meta":{"origin":6173,"position":0},"title":"Estrategia contra microtr\u00e1fico en Uruguay, en entredicho por aumento de homicidios","author":"Alessandro Ford","date":"20 de mayo de 2022","format":false,"excerpt":"Una serie de asesinatos relacionados con pandillas en Montevideo, la capital de Uruguay, junto con la violencia en todo el pa\u00eds, est\u00e1 generando un debate sobre el supuesto \u00e9xito de las autoritarias estrategias de seguridad del gobierno para enfrentar el microtr\u00e1fico.","rel":"","context":"En \u00abNoticias\u00bb","block_context":{"text":"Noticias","link":"https:\/\/insightcrime.org\/es\/category\/noticias\/"},"img":{"alt_text":"Patrulla contra el microtr\u00e1fico en Uruguay","src":"https:\/\/i0.wp.com\/insightcrime.org\/wp-content\/uploads\/2022\/05\/Picture-1.jpg?fit=350%2C250&quality=100&ssl=1&resize=350%2C200","width":350,"height":200},"classes":[]},{"id":307396,"url":"https:\/\/insightcrime.org\/es\/noticias\/que-hay-detras-explosion-granadas-capital-colombia\/","url_meta":{"origin":6173,"position":1},"title":"\u00bfQu\u00e9 hay detr\u00e1s de la explosi\u00f3n de granadas en la capital de Colombia?","author":"Juan Camilo Jaramillo","date":"16 de abril de 2025","format":false,"excerpt":"Una serie de atentados con granadas fragmentarias en varias zonas de Bogot\u00e1, Colombia, es el \u00faltimo s\u00edntoma de un aumento de violencia donde se entremezclan las disputas por rentas criminales y la expansi\u00f3n de bandas extranjeras.","rel":"","context":"En \u00abNoticias\u00bb","block_context":{"text":"Noticias","link":"https:\/\/insightcrime.org\/es\/category\/noticias\/"},"img":{"alt_text":"","src":"https:\/\/i0.wp.com\/insightcrime.org\/wp-content\/uploads\/2025\/04\/2025-04-15-Bogota-Grenade-Attacks.jpg?fit=350%2C250&quality=100&ssl=1&resize=350%2C200","width":350,"height":200},"classes":[]},{"id":232510,"url":"https:\/\/insightcrime.org\/es\/noticias\/futuro-crimen-uruguay\/","url_meta":{"origin":6173,"position":2},"title":"Los grupos criminales de Uruguay se mantendr\u00e1n locales, seg\u00fan estudio","author":"Christopher Newton","date":"14 de agosto de 2023","format":false,"excerpt":"La remontada de los homicidios y el narcotr\u00e1fico han suscitado preocupaci\u00f3n por el crimen organizado en Uruguay. Dos estudios recientes presentados al Ministerio del Interior arrojaron conclusiones encontradas: es improbable que las bandas locales de Uruguay lleguen a ser una amenaza nacional, pero las actuales estrategias no detendr\u00e1n la violencia.","rel":"","context":"En \u00abNoticias\u00bb","block_context":{"text":"Noticias","link":"https:\/\/insightcrime.org\/es\/category\/noticias\/"},"img":{"alt_text":"","src":"https:\/\/i0.wp.com\/insightcrime.org\/wp-content\/uploads\/2023\/09\/Uruguay-Feature-Image2-violence-poverty-gangs-police-1.jpg?fit=1200%2C600&quality=100&ssl=1&resize=350%2C200","width":350,"height":200,"srcset":"https:\/\/i0.wp.com\/insightcrime.org\/wp-content\/uploads\/2023\/09\/Uruguay-Feature-Image2-violence-poverty-gangs-police-1.jpg?fit=1200%2C600&quality=100&ssl=1&resize=350%2C200 1x, https:\/\/i0.wp.com\/insightcrime.org\/wp-content\/uploads\/2023\/09\/Uruguay-Feature-Image2-violence-poverty-gangs-police-1.jpg?fit=1200%2C600&quality=100&ssl=1&resize=525%2C300 1.5x, https:\/\/i0.wp.com\/insightcrime.org\/wp-content\/uploads\/2023\/09\/Uruguay-Feature-Image2-violence-poverty-gangs-police-1.jpg?fit=1200%2C600&quality=100&ssl=1&resize=700%2C400 2x, https:\/\/i0.wp.com\/insightcrime.org\/wp-content\/uploads\/2023\/09\/Uruguay-Feature-Image2-violence-poverty-gangs-police-1.jpg?fit=1200%2C600&quality=100&ssl=1&resize=1050%2C600 3x"},"classes":[]},{"id":202733,"url":"https:\/\/insightcrime.org\/es\/noticias\/guerra-pandillas-record-asesinatos-norte-ecuador\/","url_meta":{"origin":6173,"position":3},"title":"Guerra de pandillas rompe r\u00e9cord de asesinatos al norte de Ecuador","author":"Javier Lizcano Villalba","date":"28 de octubre de 2022","format":false,"excerpt":"El aumento de los homicidios en Ecuador ultima consecuencia de la guerra entre pandillas","rel":"","context":"En \u00abNoticias\u00bb","block_context":{"text":"Noticias","link":"https:\/\/insightcrime.org\/es\/category\/noticias\/"},"img":{"alt_text":"Polic\u00edas supervisando la destrucci\u00f3n de droga y pandilleros detenidos","src":"https:\/\/i0.wp.com\/insightcrime.org\/wp-content\/uploads\/2022\/10\/pandillas-en-ecuador-implicadas-en-masacres.webp?fit=350%2C250&quality=100&ssl=1&resize=350%2C200","width":350,"height":200},"classes":[]},{"id":176403,"url":"https:\/\/insightcrime.org\/es\/news\/programa-microtrafico0-chile-exito-fracaso\/","url_meta":{"origin":6173,"position":4},"title":"Programa Microtr\u00e1fico Cero en Chile: \u00bf\u00e9xito o fracaso?","author":"Scott Mistler-Ferguson","date":"24 de enero de 2022","format":false,"excerpt":"Despu\u00e9s de siete a\u00f1os en vigor, la radical estrategia de Chile para librar al pa\u00eds del microtr\u00e1fico a peque\u00f1a escala ha sido elogiada como un \u00e9xito, e inclusive se ha exportado el modelo a otros pa\u00edses. Pero, \u00bfest\u00e1 funcionando esa postura de l\u00ednea dura?","rel":"","context":"En \u00abNews\u00bb","block_context":{"text":"News","link":"https:\/\/insightcrime.org\/category\/news\/"},"img":{"alt_text":"Narc\u00f3ticos decomisados en operativo de MT-0","src":"https:\/\/i0.wp.com\/insightcrime.org\/wp-content\/uploads\/2022\/01\/MT-0-Program.jpeg?fit=350%2C250&quality=100&ssl=1&resize=350%2C200","width":350,"height":200},"classes":[]},{"id":204409,"url":"https:\/\/insightcrime.org\/es\/noticias\/guerras-bandas-uruguay-recrudecen-barrios-montevideo\/","url_meta":{"origin":6173,"position":5},"title":"Guerra de bandas se recrudece en barrios de Montevideo, Uruguay","author":"Chris Dalby","date":"15 de noviembre de 2022","format":false,"excerpt":"Los barrios de Villa Espa\u00f1ola y Pe\u00f1arol en Montevideo, capital de Uruguay, se encuentran en medio del fuego cruzado entre bandas narco locales, lo que siente un precedente preocupante en uno de los pa\u00edses m\u00e1s pac\u00edficos de Latinoam\u00e9rica.","rel":"","context":"En \u00abNoticias\u00bb","block_context":{"text":"Noticias","link":"https:\/\/insightcrime.org\/es\/category\/noticias\/"},"img":{"alt_text":"Polic\u00eda usando uniforme en Montevideo.","src":"https:\/\/i0.wp.com\/insightcrime.org\/wp-content\/uploads\/2022\/11\/814294-1.jpg?fit=350%2C250&quality=100&ssl=1&resize=350%2C200","width":350,"height":200},"classes":[]}],"jetpack_featured_media_url":"https:\/\/i0.wp.com\/insightcrime.org\/wp-content\/uploads\/2013\/12\/es-934a968f0266574a7f22e38ee8622875.jpg?fit=280%2C181&quality=100&ssl=1","_links":{"self":[{"href":"https:\/\/insightcrime.org\/es\/wp-json\/wp\/v2\/posts\/6173","targetHints":{"allow":["GET"]}}],"collection":[{"href":"https:\/\/insightcrime.org\/es\/wp-json\/wp\/v2\/posts"}],"about":[{"href":"https:\/\/insightcrime.org\/es\/wp-json\/wp\/v2\/types\/post"}],"author":[{"embeddable":true,"href":"https:\/\/insightcrime.org\/es\/wp-json\/wp\/v2\/users\/23"}],"replies":[{"embeddable":true,"href":"https:\/\/insightcrime.org\/es\/wp-json\/wp\/v2\/comments?post=6173"}],"version-history":[{"count":1,"href":"https:\/\/insightcrime.org\/es\/wp-json\/wp\/v2\/posts\/6173\/revisions"}],"predecessor-version":[{"id":21229,"href":"https:\/\/insightcrime.org\/es\/wp-json\/wp\/v2\/posts\/6173\/revisions\/21229"}],"wp:featuredmedia":[{"embeddable":true,"href":"https:\/\/insightcrime.org\/es\/wp-json\/wp\/v2\/media\/39137"}],"wp:attachment":[{"href":"https:\/\/insightcrime.org\/es\/wp-json\/wp\/v2\/media?parent=6173"}],"wp:term":[{"taxonomy":"category","embeddable":true,"href":"https:\/\/insightcrime.org\/es\/wp-json\/wp\/v2\/categories?post=6173"},{"taxonomy":"post_tag","embeddable":true,"href":"https:\/\/insightcrime.org\/es\/wp-json\/wp\/v2\/tags?post=6173"},{"taxonomy":"newspack_spnsrs_tax","embeddable":true,"href":"https:\/\/insightcrime.org\/es\/wp-json\/wp\/v2\/newspack_spnsrs_tax?post=6173"},{"taxonomy":"author","embeddable":true,"href":"https:\/\/insightcrime.org\/es\/wp-json\/wp\/v2\/coauthors?post=6173"}],"curies":[{"name":"wp","href":"https:\/\/api.w.org\/{rel}","templated":true}]}}