{"id":6205,"date":"2013-12-10T19:03:33","date_gmt":"2017-03-27T23:57:41","guid":{"rendered":"http:\/\/newwp.insightcrime.org?p=6205"},"modified":"2023-04-24T15:35:12","modified_gmt":"2023-04-24T20:35:12","slug":"marca-el-arresto-en-el-norte-del-peru-el-final-de-sendero-luminoso","status":"publish","type":"post","link":"https:\/\/insightcrime.org\/es\/noticias\/noticias-del-dia\/marca-el-arresto-en-el-norte-del-peru-el-final-de-sendero-luminoso\/","title":{"rendered":"\u00bfArresto en el norte de Per\u00fa marca el final de Sendero Luminoso?"},"content":{"rendered":"\n<p class=\"wp-block-paragraph\">Las autoridades de <a href=\"\/peru-crimen-organizado\" target=\"_blank\">Per\u00fa <\/a>han declarado el fin de la facci\u00f3n del norte de la guerrilla de<a href=\"\/peru-grupos\/sendero-luminoso\" target=\"_blank\"> Sendero Luminoso<\/a> despu\u00e9s de arrestar al hombre que se cree es su \u00faltimo l\u00edder; una afirmaci\u00f3n que han hecho antes pero que probablemente no est\u00e1 muy lejos de la verdad.<\/p>\n\n\n\n<p class=\"wp-block-paragraph\">El 9 de diciembre, una unidad de inteligencia especializada arrest\u00f3 a Alexander Dimas Fabi\u00e1n Huam\u00e1n, alias \u201cH\u00e9ctor\u201d, en el departamento de Hu\u00e1nuco, <a href=\"https:\/\/elcomercio.pe\/actualidad\/1670727\/noticia-huanuco-capturan-presunto-terrorista-que-operaba-huallaga?ref=ecr\" target=\"_blank\">inform\u00f3 El Comercio<\/a>.<\/p>\n\n\n\n<p class=\"wp-block-paragraph\">Seg\u00fan funcionarios, Huam\u00e1n encabeza los remanentes de la facci\u00f3n de Sendero Luminoso que opera en el Valle del Huallaga y hab\u00eda estado intentado recaudar fondos y reconstruir la organizaci\u00f3n despu\u00e9s de la <a href=\"\/news\/analysis\/capture-of-artemio-spells-end-for-shining-path-faction\" target=\"_blank\">detenci\u00f3n del l\u00edder Florindo Eleuterio Flores <\/a>Hala, alias \u201cCamarada Artemio\u201d, a principios de 2012.<\/p>\n\n\n\n<p class=\"wp-block-paragraph\">Tras la detenci\u00f3n de Huam\u00e1n, el jefe de la polic\u00eda de la unidad antinarc\u00f3ticos, <a href=\"https:\/\/elcomercio.pe\/actualidad\/1670804\/noticia-captura-hector-sendero-luminoso-desapareceria-huallaga?ref=ecr\" target=\"_blank\">V\u00edctor Romero Fern\u00e1ndez, dijo <\/a>que Sendero Luminoso \u201cest\u00e1 desapareciendo de esa zona\u201d.<\/p>\n\n\n\n<h3 class=\"wp-block-heading\">An\u00e1lisis de InSight<\/h3>\n\n\n\n<p class=\"wp-block-paragraph\">Tras la captura del l\u00edder fundador de Sendero Luminoso, Abimael Guzm\u00e1n, en 1992, los remanentes de la guerrilla se dividieron en dos facciones, una en la regi\u00f3n norte del Valle del Huallaga, que se mantuvo leal a Guzm\u00e1n, y la otra en la regi\u00f3n suroriental conocida como el&nbsp;Valle de los R\u00edos Apur\u00edmac, Ene y Mantaro (VRAEM)<i>, <\/i>que declar\u00f3 a Guzm\u00e1n un traidor a la causa.<\/p>\n\n\n\n<p class=\"wp-block-paragraph\"><strong>Vea tambi\u00e9n:<\/strong> <a href=\"\/peru-grupos\/sendero-luminoso\" target=\"_blank\">Perfil de Sendero Luminoso<\/a><\/p>\n\n\n\n<p class=\"wp-block-paragraph\">Al momento de la detenci\u00f3n del l\u00edder de la facci\u00f3n del Huallaga,&nbsp;Artemio, las autoridades se refirieron de manera similar a la muerte de Sendero Luminoso en la regi\u00f3n, que, como lo demuestra la detenci\u00f3n de su presunto sucesor casi dos a\u00f1os m\u00e1s tarde, ahora parece prematura.<\/p>\n\n\n\n<p class=\"wp-block-paragraph\">Sin embargo, pese a que Sendero Luminoso puede no haber sido eliminado completamente de la regi\u00f3n, e incluso puede que haya algunas facciones activas, es cierto que no ha sido una fuerza importante desde la detenci\u00f3n de Artemio.<\/p>\n\n\n\n<p class=\"wp-block-paragraph\">Uno de los principales indicadores de esto ha sido el vac\u00edo dejado por su ausencia en el tr\u00e1fico de drogas. Si bien el alcance de su participaci\u00f3n en el tr\u00e1fico de drogas ha seguido siendo un punto pol\u00e9mico, la guerrilla al menos s\u00ed estuvo involucrada en la protecci\u00f3n y en el cobro de impuestos del cultivo de coca. Desde la detenci\u00f3n de Artemio, los <a href=\"\/noticias\/noticias-del-dia\/peru-rompe-record-de-erradicacion-de-coca\" target=\"_blank\">esfuerzos de erradicaci\u00f3n en la regi\u00f3n han aumentado<\/a>, lo que sugiere que los cocaleros ya no pueden contar con la protecci\u00f3n de Sendero Luminoso.<\/p>\n\n\n\n<p class=\"wp-block-paragraph\">Sin embargo, tambi\u00e9n ha habido acusaciones de que la facci\u00f3n del VRAEM, que se cree que tiene v\u00ednculos m\u00e1s estrechos con el narcotr\u00e1fico, ha <a href=\"\/noticias\/noticias-del-dia\/grabaciones-implican-a-excongresista-en-trafico-de-drogas-en-peru\" target=\"_blank\">enviado a sus propios combatientes<\/a> para detener los esfuerzos de erradicaci\u00f3n en la regi\u00f3n, aumentando la posibilidad de que \u00e9sta podr\u00eda ser la fuerza que llene el vac\u00edo dejado por sus rivales derrotados.<\/p>\n","protected":false},"excerpt":{"rendered":"<p>Las autoridades de <a href=\"peru-crimen-organizado\" target=\"_blank\">Per\u00fa <\/a>han declarado el fin de la facci\u00f3n del norte de la guerrilla de<a href=\"peru-grupos\/sendero-luminoso\" target=\"_blank\"> Sendero Luminoso<\/a> despu\u00e9s de arrestar al hombre que se cree es su \u00faltimo l\u00edder; una afirmaci\u00f3n que han hecho antes pero que probablemente no est\u00e1 muy lejos de la verdad.<\/p>\n","protected":false},"author":16,"featured_media":39199,"comment_status":"closed","ping_status":"closed","sticky":false,"template":"","format":"standard","meta":{"newspack_ads_suppress_ads":false,"newspack_popups_has_disabled_popups":false,"newspack_sponsor_sponsorship_scope":"","newspack_sponsor_native_byline_display":"inherit","newspack_sponsor_native_category_display":"inherit","newspack_sponsor_underwriter_style":"inherit","newspack_sponsor_underwriter_placement":"inherit","_EventAllDay":false,"_EventTimezone":"","_EventStartDate":"","_EventEndDate":"","_EventStartDateUTC":"","_EventEndDateUTC":"","_EventShowMap":false,"_EventShowMapLink":false,"_EventURL":"","_EventCost":"","_EventCostDescription":"","_EventCurrencySymbol":"","_EventCurrencyCode":"","_EventCurrencyPosition":"","_EventDateTimeSeparator":"","_EventTimeRangeSeparator":"","_EventOrganizerID":[],"_EventVenueID":[],"_OrganizerEmail":"","_OrganizerPhone":"","_OrganizerWebsite":"","_VenueAddress":"","_VenueCity":"","_VenueCountry":"","_VenueProvince":"","_VenueState":"","_VenueZip":"","_VenuePhone":"","_VenueURL":"","_VenueStateProvince":"","_VenueLat":"","_VenueLng":"","_VenueShowMap":false,"_VenueShowMapLink":false,"_newspack_byline_active":false,"_newspack_byline":"","newspack_hide_updated_date":false,"newspack_show_updated_date":false,"newspack_featured_image_position":"","newspack_post_subtitle":"","newspack_article_summary_title":"Overview:","newspack_article_summary":"","_jetpack_memberships_contains_paid_content":false,"footnotes":""},"categories":[334],"tags":[409,410],"newspack_spnsrs_tax":[],"coauthors":[3821],"class_list":["post-6205","post","type-post","status-publish","format-standard","has-post-thumbnail","hentry","category-noticias-del-dia","tag-peru-pais","tag-sendero-luminoso","entry"],"parsely":{"version":"1.1.0","canonical_url":"https:\/\/insightcrime.org\/es\/noticias\/noticias-del-dia\/marca-el-arresto-en-el-norte-del-peru-el-final-de-sendero-luminoso\/","smart_links":{"inbound":0,"outbound":0},"traffic_boost_suggestions_count":0,"meta":{"@context":"https:\/\/schema.org","@type":"NewsArticle","headline":"\u00bfArresto en el norte de Per\u00fa marca el final de Sendero Luminoso?","url":"http:\/\/insightcrime.org\/es\/noticias\/noticias-del-dia\/marca-el-arresto-en-el-norte-del-peru-el-final-de-sendero-luminoso\/","mainEntityOfPage":{"@type":"WebPage","@id":"http:\/\/insightcrime.org\/es\/noticias\/noticias-del-dia\/marca-el-arresto-en-el-norte-del-peru-el-final-de-sendero-luminoso\/"},"thumbnailUrl":"https:\/\/i0.wp.com\/insightcrime.org\/wp-content\/uploads\/2013\/12\/es-9845d3c220e6e5674241ce626189d694.jpg?resize=150%2C150&quality=100&ssl=1","image":{"@type":"ImageObject","url":"https:\/\/i0.wp.com\/insightcrime.org\/wp-content\/uploads\/2013\/12\/es-9845d3c220e6e5674241ce626189d694.jpg?fit=280%2C169&quality=100&ssl=1"},"articleSection":"Noticias del d\u00eda","author":[{"@type":"Person","name":"James Bargent"}],"creator":["James Bargent"],"publisher":{"@type":"Organization","name":"InSight Crime","logo":"https:\/\/insightcrime.org\/wp-content\/uploads\/2023\/08\/logo.png"},"keywords":["per\u00fa","sendero luminoso"],"dateCreated":"2017-03-27T23:57:41Z","datePublished":"2017-03-27T23:57:41Z","dateModified":"2023-04-24T20:35:12Z"},"rendered":"<meta name=\"parsely-title\" content=\"\u00bfArresto en el norte de Per\u00fa marca el final de Sendero Luminoso?\" \/>\n<meta name=\"parsely-link\" content=\"http:\/\/insightcrime.org\/es\/noticias\/noticias-del-dia\/marca-el-arresto-en-el-norte-del-peru-el-final-de-sendero-luminoso\/\" \/>\n<meta name=\"parsely-type\" content=\"post\" \/>\n<meta name=\"parsely-image-url\" content=\"https:\/\/i0.wp.com\/insightcrime.org\/wp-content\/uploads\/2013\/12\/es-9845d3c220e6e5674241ce626189d694.jpg?resize=150%2C150&amp;quality=100&amp;ssl=1\" \/>\n<meta name=\"parsely-pub-date\" content=\"2017-03-27T23:57:41Z\" \/>\n<meta name=\"parsely-section\" content=\"Noticias del d\u00eda\" \/>\n<meta name=\"parsely-tags\" content=\"per\u00fa,sendero luminoso\" \/>\n<meta name=\"parsely-author\" content=\"James Bargent\" \/>","tracker_url":"https:\/\/cdn.parsely.com\/keys\/insightcrime.org\/p.js"},"jetpack_sharing_enabled":true,"jetpack-related-posts":[{"id":146768,"url":"https:\/\/insightcrime.org\/es\/noticias\/masacre-en-peru-seria-medida-desesperada-de-insurgencia-debilitada\/","url_meta":{"origin":6205,"position":0},"title":"Masacre en Per\u00fa ser\u00eda medida desesperada de insurgencia debilitada","author":"Parker Asmann","date":"26 de mayo de 2021","format":false,"excerpt":"Las autoridades en Per\u00fa han desplegado el ej\u00e9rcito hasta un aislado valle en el coraz\u00f3n de la industria de la coca\u00edna nacional luego de la masacre de m\u00e1s de doce personas ocurrida durante la noche. El hecho suscita interrogantes sobre la facci\u00f3n disidente de Sendero Luminoso sospechosa de haber perpetrado\u2026","rel":"","context":"En \u00abNoticias\u00bb","block_context":{"text":"Noticias","link":"https:\/\/insightcrime.org\/es\/category\/noticias\/"},"img":{"alt_text":"","src":"https:\/\/i0.wp.com\/insightcrime.org\/wp-content\/uploads\/2021\/05\/Peru-disapeared-woman-victims-organized-crime-drug-war-AP_18244843578531.jpg?fit=1200%2C600&quality=100&ssl=1&resize=350%2C200","width":350,"height":200,"srcset":"https:\/\/i0.wp.com\/insightcrime.org\/wp-content\/uploads\/2021\/05\/Peru-disapeared-woman-victims-organized-crime-drug-war-AP_18244843578531.jpg?fit=1200%2C600&quality=100&ssl=1&resize=350%2C200 1x, https:\/\/i0.wp.com\/insightcrime.org\/wp-content\/uploads\/2021\/05\/Peru-disapeared-woman-victims-organized-crime-drug-war-AP_18244843578531.jpg?fit=1200%2C600&quality=100&ssl=1&resize=525%2C300 1.5x, https:\/\/i0.wp.com\/insightcrime.org\/wp-content\/uploads\/2021\/05\/Peru-disapeared-woman-victims-organized-crime-drug-war-AP_18244843578531.jpg?fit=1200%2C600&quality=100&ssl=1&resize=700%2C400 2x, https:\/\/i0.wp.com\/insightcrime.org\/wp-content\/uploads\/2021\/05\/Peru-disapeared-woman-victims-organized-crime-drug-war-AP_18244843578531.jpg?fit=1200%2C600&quality=100&ssl=1&resize=1050%2C600 3x"},"classes":[]},{"id":139897,"url":"https:\/\/insightcrime.org\/es\/noticias\/muerte-comandante-sendero-luminoso-golpe-guerrilla-peru\/","url_meta":{"origin":6205,"position":1},"title":"Muerte de comandante de Sendero Luminoso asesta duro golpe a guerrilla en Per\u00fa","author":"Parker Asmann","date":"31 de marzo de 2021","format":false,"excerpt":"Oficiales del ej\u00e9rcito en Per\u00fa anunciaron la muerte de un alto mando de Sendero Luminoso, cinco meses despu\u00e9s de haber ejecutado el operativo en el que supuestamente el l\u00edder habr\u00eda sali\u00f3 herido, lo que suscita interrogantes sobre el momento elegido para el anuncio y el impacto que esta muerte representa\u2026","rel":"","context":"En \u00abNoticias\u00bb","block_context":{"text":"Noticias","link":"https:\/\/insightcrime.org\/es\/category\/noticias\/"},"img":{"alt_text":"","src":"https:\/\/i0.wp.com\/insightcrime.org\/wp-content\/uploads\/2021\/03\/21-03-31-Alias-Raul-Sendero-Luminoso.jpg?fit=350%2C250&quality=100&ssl=1&resize=350%2C200","width":350,"height":200},"classes":[]},{"id":5608,"url":"https:\/\/insightcrime.org\/es\/noticias-crimen-organizado-peru\/sendero-luminoso-perfil\/","url_meta":{"origin":6205,"position":2},"title":"Sendero Luminoso","author":"InSight Crime","date":"5 de agosto de 2026","format":false,"excerpt":"Sendero Luminoso o el Militarizado Partido Comunista es el \u00faltimo remanente del movimiento guerrillero de finales del siglo XX de Per\u00fa. Aunque se encuentra en declive, a\u00fan conserva influencia en la regi\u00f3n del Valle de los R\u00edos Apur\u00edmac, Ene y Mantaro (VRAEM) debido a su alianza con el narcotr\u00e1fico.","rel":"","context":"En \u00abPer\u00fa\u00bb","block_context":{"text":"Per\u00fa","link":"https:\/\/insightcrime.org\/es\/category\/noticias-crimen-organizado-peru\/"},"img":{"alt_text":"Sendero Luminoso","src":"https:\/\/i0.wp.com\/insightcrime.org\/wp-content\/uploads\/2026\/06\/Grupo-Criminal-Sendero-Luminoso.jpg?fit=1200%2C900&quality=100&ssl=1&resize=350%2C200","width":350,"height":200,"srcset":"https:\/\/i0.wp.com\/insightcrime.org\/wp-content\/uploads\/2026\/06\/Grupo-Criminal-Sendero-Luminoso.jpg?fit=1200%2C900&quality=100&ssl=1&resize=350%2C200 1x, https:\/\/i0.wp.com\/insightcrime.org\/wp-content\/uploads\/2026\/06\/Grupo-Criminal-Sendero-Luminoso.jpg?fit=1200%2C900&quality=100&ssl=1&resize=525%2C300 1.5x, https:\/\/i0.wp.com\/insightcrime.org\/wp-content\/uploads\/2026\/06\/Grupo-Criminal-Sendero-Luminoso.jpg?fit=1200%2C900&quality=100&ssl=1&resize=700%2C400 2x, https:\/\/i0.wp.com\/insightcrime.org\/wp-content\/uploads\/2026\/06\/Grupo-Criminal-Sendero-Luminoso.jpg?fit=1200%2C900&quality=100&ssl=1&resize=1050%2C600 3x"},"classes":[]},{"id":123247,"url":"https:\/\/insightcrime.org\/es\/noticias\/peru-lucha-sendero-luminoso\/","url_meta":{"origin":6205,"position":3},"title":"Per\u00fa sigue estancado en su lucha contra Sendero Luminoso","author":"Sergio Saffon","date":"4 de septiembre de 2020","format":false,"excerpt":"Las fuerzas de seguridad de Per\u00fa lanzaron recientemente un ataque contra la guerrilla de Sendero Luminoso en una regi\u00f3n selv\u00e1tica que produce la mayor parte de la coca\u00edna del pa\u00eds; sin embargo, las operaciones militares no han logrado acabar con los remanentes del grupo guerrillero.","rel":"","context":"En \u00abNoticias\u00bb","block_context":{"text":"Noticias","link":"https:\/\/insightcrime.org\/es\/category\/noticias\/"},"img":{"alt_text":"","src":"https:\/\/i0.wp.com\/insightcrime.org\/wp-content\/uploads\/2020\/09\/Peru-Shining-Path-Attack-Military.jpg?fit=350%2C250&quality=100&ssl=1&resize=350%2C200","width":350,"height":200},"classes":[]},{"id":212860,"url":"https:\/\/insightcrime.org\/es\/noticias\/sendero-luminoso-ofensiva-peru\/","url_meta":{"origin":6205,"position":4},"title":"Sendero Luminoso se lanza a la ofensiva en Per\u00fa, de nuevo","author":"Christopher Newton","date":"21 de marzo de 2023","format":false,"excerpt":"Los enfrentamientos entre las fuerzas armadas peruanas y una facci\u00f3n de Sendero Luminoso han dejado m\u00e1s de una docena de muertos en 2023, en un nuevo resurgimiento que hace gala de la persistencia del grupo guerrillero.","rel":"","context":"En \u00abNoticias\u00bb","block_context":{"text":"Noticias","link":"https:\/\/insightcrime.org\/es\/category\/noticias\/"},"img":{"alt_text":"Panor\u00e1mica del VRAEM, centro neur\u00e1lgico de Sendero Luminoso y regi\u00f3n cocalera de Per\u00fa","src":"https:\/\/i0.wp.com\/insightcrime.org\/wp-content\/uploads\/2023\/03\/vraem.jpg?fit=350%2C250&quality=100&ssl=1&resize=350%2C200","width":350,"height":200},"classes":[]},{"id":246930,"url":"https:\/\/insightcrime.org\/es\/noticias\/futuro-sendero-luminoso-peru\/","url_meta":{"origin":6205,"position":5},"title":"\u00bfQu\u00e9 le espera al Sendero Luminoso en Per\u00fa?","author":"Gavin Voss","date":"17 de noviembre de 2023","format":false,"excerpt":"El gobierno peruano captur\u00f3 a varios miembros clave del grupo insurgente Sendero Luminoso, el cual mantiene control sobre importantes regiones cocaleras del pa\u00eds.","rel":"","context":"En \u00abNoticias\u00bb","block_context":{"text":"Noticias","link":"https:\/\/insightcrime.org\/es\/category\/noticias\/"},"img":{"alt_text":"Jos\u00e9 Quispe Z\u00fa\u00f1iga escoltado por fuerzas de seguridad peruanas tras su captura en el VRAEM.","src":"https:\/\/i0.wp.com\/insightcrime.org\/wp-content\/uploads\/2023\/08\/victor-quispe-palomino-el-pais-1.jpeg?fit=350%2C250&quality=100&ssl=1&resize=350%2C200","width":350,"height":200},"classes":[]}],"jetpack_featured_media_url":"https:\/\/i0.wp.com\/insightcrime.org\/wp-content\/uploads\/2013\/12\/es-9845d3c220e6e5674241ce626189d694.jpg?fit=280%2C169&quality=100&ssl=1","_links":{"self":[{"href":"https:\/\/insightcrime.org\/es\/wp-json\/wp\/v2\/posts\/6205","targetHints":{"allow":["GET"]}}],"collection":[{"href":"https:\/\/insightcrime.org\/es\/wp-json\/wp\/v2\/posts"}],"about":[{"href":"https:\/\/insightcrime.org\/es\/wp-json\/wp\/v2\/types\/post"}],"author":[{"embeddable":true,"href":"https:\/\/insightcrime.org\/es\/wp-json\/wp\/v2\/users\/16"}],"replies":[{"embeddable":true,"href":"https:\/\/insightcrime.org\/es\/wp-json\/wp\/v2\/comments?post=6205"}],"version-history":[{"count":1,"href":"https:\/\/insightcrime.org\/es\/wp-json\/wp\/v2\/posts\/6205\/revisions"}],"predecessor-version":[{"id":21285,"href":"https:\/\/insightcrime.org\/es\/wp-json\/wp\/v2\/posts\/6205\/revisions\/21285"}],"wp:featuredmedia":[{"embeddable":true,"href":"https:\/\/insightcrime.org\/es\/wp-json\/wp\/v2\/media\/39199"}],"wp:attachment":[{"href":"https:\/\/insightcrime.org\/es\/wp-json\/wp\/v2\/media?parent=6205"}],"wp:term":[{"taxonomy":"category","embeddable":true,"href":"https:\/\/insightcrime.org\/es\/wp-json\/wp\/v2\/categories?post=6205"},{"taxonomy":"post_tag","embeddable":true,"href":"https:\/\/insightcrime.org\/es\/wp-json\/wp\/v2\/tags?post=6205"},{"taxonomy":"newspack_spnsrs_tax","embeddable":true,"href":"https:\/\/insightcrime.org\/es\/wp-json\/wp\/v2\/newspack_spnsrs_tax?post=6205"},{"taxonomy":"author","embeddable":true,"href":"https:\/\/insightcrime.org\/es\/wp-json\/wp\/v2\/coauthors?post=6205"}],"curies":[{"name":"wp","href":"https:\/\/api.w.org\/{rel}","templated":true}]}}