{"id":6213,"date":"2013-12-12T18:41:20","date_gmt":"2017-03-27T23:57:43","guid":{"rendered":"http:\/\/newwp.insightcrime.org?p=6213"},"modified":"2023-04-24T15:35:15","modified_gmt":"2023-04-24T20:35:15","slug":"ataques-de-la-guerrilla-contra-los-oleoductos-surgen-en-medio-de-dialogos-de-paz-en-colombia","status":"publish","type":"post","link":"https:\/\/insightcrime.org\/es\/noticias\/noticias-del-dia\/ataques-de-la-guerrilla-contra-los-oleoductos-surgen-en-medio-de-dialogos-de-paz-en-colombia\/","title":{"rendered":"Ataques de la guerrilla contra los oleoductos surgen en medio de di\u00e1logos de paz en Colombia"},"content":{"rendered":"\n<p class=\"wp-block-paragraph\">Los ataques contra los oleoductos de Colombia, por parte de los guerrilleros de izquierda, se han m\u00e1s que quintuplicado desde el 2010 y est\u00e1n por encima de los registrados en 2012, en medio de unos lentos di\u00e1logos de paz.<\/p>\n\n\n\n<p class=\"wp-block-paragraph\">Seg\u00fan la Asociaci\u00f3n Colombiana del Petr\u00f3leo (ACP), desde el 30 de noviembre de este a\u00f1o, las Fuerzas Armadas Revolucionarias de Colombia (FARC) y el Ej\u00e9rcito de Liberaci\u00f3n Nacional (ELN) \u2013los dos grupos guerrilleros m\u00e1s grandes de Colombia- han llevado acabo 163 ataques contra los oleoductos a lo largo del pa\u00eds, <a href=\"https:\/\/www.elespectador.com\/noticias\/judicial\/ataques-los-oleoductos-le-cuestan-colombia-30000-barril-articulo-463568\">inform\u00f3 El Espectador<\/a>.<\/p>\n\n\n\n<p class=\"wp-block-paragraph\">Los ataques provocaron una p\u00e9rdida estimada de 30.000 barriles de crudo al d\u00eda, seg\u00fan ACP, y est\u00e1n por encima de los 151 ataques registrados en 2012, los 84 en 2011 y los 31 en 2010.<\/p>\n\n\n\n<p class=\"wp-block-paragraph\">Pese a lo anterior, el presidente de la ACP, Alejandro Mart\u00ednez Villegas, afirm\u00f3 que el 2013 ha sido un \u201cbuen a\u00f1o\u201d debido a un incremento del siete por ciento en la producci\u00f3n del crudo, en comparaci\u00f3n con el 2012, llevando la producci\u00f3n total de petr\u00f3leo del pa\u00eds a m\u00e1s de un mill\u00f3n de barriles al d\u00eda.<\/p>\n\n\n\n<p class=\"wp-block-paragraph\">Adem\u00e1s de atacar la infraestructura petrolera, las <a href=\"https:\/\/es.insightcrime.org\/noticias-crimen-organizado-colombia\/farc\/\">FARC<\/a> han causado estragos recientemente al atacar suministros el\u00e9ctricos, <a href=\"https:\/\/www.eltiempo.com\/archivo\/documento\/CMS-13099122\">cortandole la energ\u00eda a m\u00e1s de 300.000 personas<\/a> en el departamento de Nari\u00f1o, al suroeste del pa\u00eds. El 11 de diciembre, los guerrilleros&nbsp;<a href=\"https:\/\/www.europapress.es\/latam\/colombia\/noticia-colombia-farc-avisan-antes-cese-fuego-temporal-pueden-producir-mas-ataques-20131211163557.html\">declararon que podr\u00eda haber un incremento en los ataques<\/a> antes de un cese al fuego temporal, programado para el 15 de diciembre.<\/p>\n\n\n\n<h3 class=\"wp-block-heading\">An\u00e1lisis de InSight Crime<\/h3>\n\n\n\n<p class=\"wp-block-paragraph\">El ataque contra la infraestructura clave ha sido durante mucho tiempo una t\u00e1ctica utilizada por las guerrillas de Colombia, especialmente en la \u00faltima d\u00e9cada, desde que la ayuda financiera de Estados Unidos y la disminuci\u00f3n en la cantidad de guerrilleros redujeron la capacidad de las FARC para combatir de forma convencional a las fuerzas de seguridad. Los oleoductos son un objetivo particularmente atractivo por sus grandes dimensiones, porque son dif\u00edciles de proteger, y porque los ataques ocasionan da\u00f1os econ\u00f3micos significativos, tanto para los recursos del Estado como para la inversi\u00f3n extranjera directa.<\/p>\n\n\n\n<p class=\"wp-block-paragraph\">Los ataques pueden ser vistos de diferentes maneras. Primero, el aumento en los ataques puede ser visto como la representaci\u00f3n de un incremento en la capacidad de las FARC. Segundo, dado el aumento en los ataques desde el 2012 \u2013cuando comenz\u00f3 el proceso de paz entre las FARC y el gobierno en La Habana, Cuba- los ataques tambi\u00e9n podr\u00edan representar una muestra de fuerza, que busca mantener el poder en la mesa de negociaci\u00f3n.<\/p>\n\n\n\n<p class=\"wp-block-paragraph\"><strong>VEA TAMBI\u00c9N:<\/strong> <a href=\"\/series-especiales\/paz-farc\">FARC, paz y posible criminalizaci\u00f3n<\/a><\/p>\n\n\n\n<p class=\"wp-block-paragraph\">Hasta ahora, las dos partes han llegado a acuerdos en dos de los seis temas de la agenda,<a href=\"https:\/\/es.insightcrime.org\/noticias\/noticias-del-dia\/colombia-y-farc-acuerdan-pero-permanece-la-dura-pregunta-sobre-la-droga\/\"> logrando un acuerdo el mes pasado<\/a> sobre el sensible tema de la participaci\u00f3n pol\u00edtica de las FARC. <a href=\"https:\/\/es.insightcrime.org\/noticias\/analisis\/oportunidad-de-oro-a-medida-que-las-conversaciones-de-paz-de-colombia-se-dirigen-hacia-el-comercio-de-drogas\/\">Las negociaciones ahora han girado hacia el cuarto punto<\/a>, el narcotr\u00e1fico, despu\u00e9s de que las partes acordaran posponer los di\u00e1logos sobre el problem\u00e1tico asunto de la justicia transicional.<\/p>\n\n\n\n<p class=\"wp-block-paragraph\">El cese al fuego unilateral anunciado por las FARC ser\u00eda <a href=\"https:\/\/es.insightcrime.org\/noticias\/analisis\/que-hay-detras-del-cese-al-fuego-de-las-farc\/\">el segundo desde que comenzaron los di\u00e1logos<\/a>. Por su parte, el presidente de Colombia, Juan Manual Santos, ha <a href=\"https:\/\/www.lavanguardia.com\/internacional\/20131208\/54395953066\/santos-advierte-a-las-farc-que-con-terrorismo-no-conseguiran-un-cese-al-fuego.html\">rechazado consistentemente la consideraci\u00f3n de un cese al fuego<\/a> hasta que se completen las negociaciones y el acuerdo de paz haya sido firmado.<\/p>\n","protected":false},"excerpt":{"rendered":"<p>Los ataques contra los oleoductos de Colombia, por parte de los guerrilleros de izquierda, se han m\u00e1s que quintuplicado desde el 2010 y est\u00e1n por encima de los registrados en 2012, en medio de unos lentos di\u00e1logos de paz.<\/p>\n","protected":false},"author":22,"featured_media":39219,"comment_status":"closed","ping_status":"closed","sticky":false,"template":"","format":"standard","meta":{"newspack_ads_suppress_ads":false,"newspack_popups_has_disabled_popups":false,"newspack_sponsor_sponsorship_scope":"","newspack_sponsor_native_byline_display":"inherit","newspack_sponsor_native_category_display":"inherit","newspack_sponsor_underwriter_style":"inherit","newspack_sponsor_underwriter_placement":"inherit","_EventAllDay":false,"_EventTimezone":"","_EventStartDate":"","_EventEndDate":"","_EventStartDateUTC":"","_EventEndDateUTC":"","_EventShowMap":false,"_EventShowMapLink":false,"_EventURL":"","_EventCost":"","_EventCostDescription":"","_EventCurrencySymbol":"","_EventCurrencyCode":"","_EventCurrencyPosition":"","_EventDateTimeSeparator":"","_EventTimeRangeSeparator":"","_EventOrganizerID":[],"_EventVenueID":[],"_OrganizerEmail":"","_OrganizerPhone":"","_OrganizerWebsite":"","_VenueAddress":"","_VenueCity":"","_VenueCountry":"","_VenueProvince":"","_VenueState":"","_VenueZip":"","_VenuePhone":"","_VenueURL":"","_VenueStateProvince":"","_VenueLat":"","_VenueLng":"","_VenueShowMap":false,"_VenueShowMapLink":false,"_newspack_byline_active":false,"_newspack_byline":"","newspack_hide_updated_date":false,"newspack_show_updated_date":false,"newspack_featured_image_position":"","newspack_post_subtitle":"","newspack_article_summary_title":"Overview:","newspack_article_summary":"","_jetpack_memberships_contains_paid_content":false,"footnotes":""},"categories":[334],"tags":[368,1542,475],"newspack_spnsrs_tax":[],"coauthors":[3847],"class_list":["post-6213","post","type-post","status-publish","format-standard","has-post-thumbnail","hentry","category-noticias-del-dia","tag-colombia-pais","tag-farc-ep","tag-paz-con-las-farc","entry"],"parsely":{"version":"1.1.0","canonical_url":"https:\/\/insightcrime.org\/es\/noticias\/noticias-del-dia\/ataques-de-la-guerrilla-contra-los-oleoductos-surgen-en-medio-de-dialogos-de-paz-en-colombia\/","smart_links":{"inbound":0,"outbound":0},"traffic_boost_suggestions_count":0,"meta":{"@context":"https:\/\/schema.org","@type":"NewsArticle","headline":"Ataques de la guerrilla contra los oleoductos surgen en medio de di\u00e1logos de paz en Colombia","url":"http:\/\/insightcrime.org\/es\/noticias\/noticias-del-dia\/ataques-de-la-guerrilla-contra-los-oleoductos-surgen-en-medio-de-dialogos-de-paz-en-colombia\/","mainEntityOfPage":{"@type":"WebPage","@id":"http:\/\/insightcrime.org\/es\/noticias\/noticias-del-dia\/ataques-de-la-guerrilla-contra-los-oleoductos-surgen-en-medio-de-dialogos-de-paz-en-colombia\/"},"thumbnailUrl":"https:\/\/i0.wp.com\/insightcrime.org\/wp-content\/uploads\/2013\/12\/es-e054be95ee5e86d00256743563d9615d.jpg?resize=150%2C150&quality=100&ssl=1","image":{"@type":"ImageObject","url":"https:\/\/i0.wp.com\/insightcrime.org\/wp-content\/uploads\/2013\/12\/es-e054be95ee5e86d00256743563d9615d.jpg?fit=280%2C169&quality=100&ssl=1"},"articleSection":"Noticias del d\u00eda","author":[{"@type":"Person","name":"Charles Parkinson"}],"creator":["Charles Parkinson"],"publisher":{"@type":"Organization","name":"InSight Crime","logo":"https:\/\/insightcrime.org\/wp-content\/uploads\/2023\/08\/logo.png"},"keywords":["colombia","farc","paz farc"],"dateCreated":"2017-03-27T23:57:43Z","datePublished":"2017-03-27T23:57:43Z","dateModified":"2023-04-24T20:35:15Z"},"rendered":"<meta name=\"parsely-title\" content=\"Ataques de la guerrilla contra los oleoductos surgen en medio de di\u00e1logos de paz en Colombia\" \/>\n<meta name=\"parsely-link\" content=\"http:\/\/insightcrime.org\/es\/noticias\/noticias-del-dia\/ataques-de-la-guerrilla-contra-los-oleoductos-surgen-en-medio-de-dialogos-de-paz-en-colombia\/\" \/>\n<meta name=\"parsely-type\" content=\"post\" \/>\n<meta name=\"parsely-image-url\" content=\"https:\/\/i0.wp.com\/insightcrime.org\/wp-content\/uploads\/2013\/12\/es-e054be95ee5e86d00256743563d9615d.jpg?resize=150%2C150&amp;quality=100&amp;ssl=1\" \/>\n<meta name=\"parsely-pub-date\" content=\"2017-03-27T23:57:43Z\" \/>\n<meta name=\"parsely-section\" content=\"Noticias del d\u00eda\" \/>\n<meta name=\"parsely-tags\" content=\"colombia,farc,paz farc\" \/>\n<meta name=\"parsely-author\" content=\"Charles Parkinson\" \/>","tracker_url":"https:\/\/cdn.parsely.com\/keys\/insightcrime.org\/p.js"},"jetpack_sharing_enabled":true,"jetpack-related-posts":[{"id":232681,"url":"https:\/\/insightcrime.org\/es\/noticias\/seis-meses-dialogo-gobierno-colombia-eln\/","url_meta":{"origin":6213,"position":0},"title":"Los seis espinosos meses de di\u00e1logos entre el gobierno de Colombia y el ELN","author":"Juan Diego Posada","date":"19 de mayo de 2023","format":false,"excerpt":"Tras seis meses de negociaciones con el ELN, la \"Paz Total\" de Colombia se enfrenta a un futuro incierto. Se han producido algunos avances, pero los continuos ataques contra la fuerzas de seguridad colombianas, el reclutamiento de menores y la incapacidad para alcanzar un alto el fuego amenazan el ambicioso\u2026","rel":"","context":"En \u00abNoticias\u00bb","block_context":{"text":"Noticias","link":"https:\/\/insightcrime.org\/es\/category\/noticias\/"},"img":{"alt_text":"","src":"https:\/\/i0.wp.com\/insightcrime.org\/wp-content\/uploads\/2023\/09\/Jose-Otty-Patino-Nicolas-Rodriguez-Gabino-Pablo-Beltran-Negotiations-between-the-ELN-and-the-Colombian-government-May-2023-23122598966924-A2-1.jpg?fit=1200%2C690&quality=100&ssl=1&resize=350%2C200","width":350,"height":200,"srcset":"https:\/\/i0.wp.com\/insightcrime.org\/wp-content\/uploads\/2023\/09\/Jose-Otty-Patino-Nicolas-Rodriguez-Gabino-Pablo-Beltran-Negotiations-between-the-ELN-and-the-Colombian-government-May-2023-23122598966924-A2-1.jpg?fit=1200%2C690&quality=100&ssl=1&resize=350%2C200 1x, https:\/\/i0.wp.com\/insightcrime.org\/wp-content\/uploads\/2023\/09\/Jose-Otty-Patino-Nicolas-Rodriguez-Gabino-Pablo-Beltran-Negotiations-between-the-ELN-and-the-Colombian-government-May-2023-23122598966924-A2-1.jpg?fit=1200%2C690&quality=100&ssl=1&resize=525%2C300 1.5x, https:\/\/i0.wp.com\/insightcrime.org\/wp-content\/uploads\/2023\/09\/Jose-Otty-Patino-Nicolas-Rodriguez-Gabino-Pablo-Beltran-Negotiations-between-the-ELN-and-the-Colombian-government-May-2023-23122598966924-A2-1.jpg?fit=1200%2C690&quality=100&ssl=1&resize=700%2C400 2x, https:\/\/i0.wp.com\/insightcrime.org\/wp-content\/uploads\/2023\/09\/Jose-Otty-Patino-Nicolas-Rodriguez-Gabino-Pablo-Beltran-Negotiations-between-the-ELN-and-the-Colombian-government-May-2023-23122598966924-A2-1.jpg?fit=1200%2C690&quality=100&ssl=1&resize=1050%2C600 3x"},"classes":[]},{"id":170521,"url":"https:\/\/insightcrime.org\/es\/noticias\/jugada-poder-eln-voladuras-oleoductos-santander\/","url_meta":{"origin":6213,"position":1},"title":"La jugada de poder del ELN: voladuras de oleoductos en Santander, Colombia","author":"Mark Wilson","date":"29 de octubre de 2021","format":false,"excerpt":"Una serie de ataques a oleoductos en el departamento de Santander, noreste de Colombia, que se atribuy\u00f3 el ELN, pueden ser un despliegue de fuerza de cara a las pr\u00f3ximas elecciones en el pa\u00eds.","rel":"","context":"En \u00abNoticias\u00bb","block_context":{"text":"Noticias","link":"https:\/\/insightcrime.org\/es\/category\/noticias\/"},"img":{"alt_text":"Colombia-ELNfighter-ELN-Oil Theft-SemanaRural","src":"https:\/\/i0.wp.com\/insightcrime.org\/wp-content\/uploads\/2021\/10\/ELN-resized-and-cropped.jpg?fit=350%2C250&quality=100&ssl=1&resize=350%2C200","width":350,"height":200},"classes":[]},{"id":232566,"url":"https:\/\/insightcrime.org\/es\/noticias\/muerte-ivan-marquez-simplifica-negociaciones-paz-total\/","url_meta":{"origin":6213,"position":2},"title":"Muerte de Iv\u00e1n M\u00e1rquez simplifica negociaciones de la &#8216;Paz Total&#8217;","author":"Peter Appleby","date":"10 de julio de 2023","format":false,"excerpt":"Iv\u00e1n M\u00e1rquez, excomandante de las FARC, muri\u00f3 supuestamente en Venezuela, una muerte que seguramente tendr\u00e1 consecuencias de amplio alcance para las negociaciones de la \u201cPaz Total\u201d en Colombia.","rel":"","context":"En \u00abNoticias\u00bb","block_context":{"text":"Noticias","link":"https:\/\/insightcrime.org\/es\/category\/noticias\/"},"img":{"alt_text":"Imagen de Iv\u00e1n M\u00e1rquez, excomandante de las FARC, jefe negociador de los acuerdos de 2016 y comandante de la disidencia de la Segunda Marquetalia.","src":"https:\/\/i0.wp.com\/insightcrime.org\/wp-content\/uploads\/2023\/09\/ivan-marquez-1-1-1.jpeg?fit=350%2C250&quality=100&ssl=1&resize=350%2C200","width":350,"height":200},"classes":[]},{"id":292387,"url":"https:\/\/insightcrime.org\/es\/noticias\/atentado-eln-destruye-posibilidades-paz-mientras-guerrilla-fortalece\/","url_meta":{"origin":6213,"position":3},"title":"Atentado del ELN destruye las posibilidades de paz mientras la guerrilla se fortalece","author":"Henry Shuldiner","date":"18 de septiembre de 2024","format":false,"excerpt":"El gobierno de Colombia ha puesto fin a las conversaciones de paz con el principal grupo guerrillero del pa\u00eds, tras un ataque contra una base militar, extinguiendo las perspectivas de llegar a un acuerdo con el grupo y dej\u00e1ndolo m\u00e1s fuerte que cuando se iniciaron las negociaciones.","rel":"","context":"En \u00abNoticias\u00bb","block_context":{"text":"Noticias","link":"https:\/\/insightcrime.org\/es\/category\/noticias\/"},"img":{"alt_text":"ELN Guerrillas attacked a military base in Puerto Jord\u00e1n, Arauca, launching explosives from a dump truck.","src":"https:\/\/i0.wp.com\/insightcrime.org\/wp-content\/uploads\/2024\/09\/24-09-18-Colombia-ELN-Arauca-Ejercito-11.jpg?fit=350%2C250&quality=100&ssl=1&resize=350%2C200","width":350,"height":200},"classes":[]},{"id":232530,"url":"https:\/\/insightcrime.org\/es\/noticias\/resurreccion-guerrillera-divisiones-poder-exfarc-mafia\/","url_meta":{"origin":6213,"position":4},"title":"Resurrecci\u00f3n guerrillera: divisiones de poder entre las ex-FARC mafia","author":"Juan Diego Posada","date":"4 de agosto de 2023","format":false,"excerpt":"En tanto que un exl\u00edder guerrillero reaparece e insta a su ej\u00e9rcito a continuar una lucha casi perdida, otra facci\u00f3n disidente rival expande su presencia, incluso mientras se prepara para iniciar di\u00e1logos de paz con el gobierno colombiano.","rel":"","context":"En \u00abNoticias\u00bb","block_context":{"text":"Noticias","link":"https:\/\/insightcrime.org\/es\/category\/noticias\/"},"img":{"alt_text":"Iv\u00e1n M\u00e1rquez lee una declaraci\u00f3n en un video de las ex-FARC.","src":"https:\/\/i0.wp.com\/insightcrime.org\/wp-content\/uploads\/2023\/09\/Colombia-Ivan-Marquez-ex-FARC-mafia-Infobae-1.jpg?fit=350%2C250&quality=100&ssl=1&resize=350%2C200","width":350,"height":200},"classes":[]},{"id":79836,"url":"https:\/\/insightcrime.org\/es\/colombia-organized-crime-news\/miguel-botache-santillana-alias-gentil-duarte\/","url_meta":{"origin":6213,"position":5},"title":"Miguel Botache Santillana, alias \u2018Gentil Duarte\u2019","author":"InSight Crime","date":"27 de mayo de 2022","format":false,"excerpt":"Miguel Botache Santillana, ma\u0301s conocido como \u2018Gentil Duarte\u2019, es en la actualidad el delincuente ma\u0301s buscado por las autoridades en Colombia. Hasta 2016 fue un importante li\u0301der dentro de las FARC-EP, pero a finales de ese an\u0303o se convirtio\u0301 en uno de los disidentes del proceso de paz que mantuvo\u2026","rel":"","context":"En \u00abColombia\u00bb","block_context":{"text":"Colombia","link":"https:\/\/insightcrime.org\/category\/colombia-organized-crime-news\/"},"img":{"alt_text":"Perfil criminal - Miguel Botache Santillana, alias \u2018Gentil Duarte\u2019 - Colombia","src":"https:\/\/i0.wp.com\/insightcrime.org\/wp-content\/uploads\/2026\/08\/Perfil-Criminal-Gentil-Duarte-Colombia-1.jpg?fit=1200%2C900&quality=100&ssl=1&resize=350%2C200","width":350,"height":200,"srcset":"https:\/\/i0.wp.com\/insightcrime.org\/wp-content\/uploads\/2026\/08\/Perfil-Criminal-Gentil-Duarte-Colombia-1.jpg?fit=1200%2C900&quality=100&ssl=1&resize=350%2C200 1x, https:\/\/i0.wp.com\/insightcrime.org\/wp-content\/uploads\/2026\/08\/Perfil-Criminal-Gentil-Duarte-Colombia-1.jpg?fit=1200%2C900&quality=100&ssl=1&resize=525%2C300 1.5x, https:\/\/i0.wp.com\/insightcrime.org\/wp-content\/uploads\/2026\/08\/Perfil-Criminal-Gentil-Duarte-Colombia-1.jpg?fit=1200%2C900&quality=100&ssl=1&resize=700%2C400 2x, https:\/\/i0.wp.com\/insightcrime.org\/wp-content\/uploads\/2026\/08\/Perfil-Criminal-Gentil-Duarte-Colombia-1.jpg?fit=1200%2C900&quality=100&ssl=1&resize=1050%2C600 3x"},"classes":[]}],"jetpack_featured_media_url":"https:\/\/i0.wp.com\/insightcrime.org\/wp-content\/uploads\/2013\/12\/es-e054be95ee5e86d00256743563d9615d.jpg?fit=280%2C169&quality=100&ssl=1","_links":{"self":[{"href":"https:\/\/insightcrime.org\/es\/wp-json\/wp\/v2\/posts\/6213","targetHints":{"allow":["GET"]}}],"collection":[{"href":"https:\/\/insightcrime.org\/es\/wp-json\/wp\/v2\/posts"}],"about":[{"href":"https:\/\/insightcrime.org\/es\/wp-json\/wp\/v2\/types\/post"}],"author":[{"embeddable":true,"href":"https:\/\/insightcrime.org\/es\/wp-json\/wp\/v2\/users\/22"}],"replies":[{"embeddable":true,"href":"https:\/\/insightcrime.org\/es\/wp-json\/wp\/v2\/comments?post=6213"}],"version-history":[{"count":1,"href":"https:\/\/insightcrime.org\/es\/wp-json\/wp\/v2\/posts\/6213\/revisions"}],"predecessor-version":[{"id":21305,"href":"https:\/\/insightcrime.org\/es\/wp-json\/wp\/v2\/posts\/6213\/revisions\/21305"}],"wp:featuredmedia":[{"embeddable":true,"href":"https:\/\/insightcrime.org\/es\/wp-json\/wp\/v2\/media\/39219"}],"wp:attachment":[{"href":"https:\/\/insightcrime.org\/es\/wp-json\/wp\/v2\/media?parent=6213"}],"wp:term":[{"taxonomy":"category","embeddable":true,"href":"https:\/\/insightcrime.org\/es\/wp-json\/wp\/v2\/categories?post=6213"},{"taxonomy":"post_tag","embeddable":true,"href":"https:\/\/insightcrime.org\/es\/wp-json\/wp\/v2\/tags?post=6213"},{"taxonomy":"newspack_spnsrs_tax","embeddable":true,"href":"https:\/\/insightcrime.org\/es\/wp-json\/wp\/v2\/newspack_spnsrs_tax?post=6213"},{"taxonomy":"author","embeddable":true,"href":"https:\/\/insightcrime.org\/es\/wp-json\/wp\/v2\/coauthors?post=6213"}],"curies":[{"name":"wp","href":"https:\/\/api.w.org\/{rel}","templated":true}]}}