{"id":6252,"date":"2014-01-06T18:41:34","date_gmt":"2017-03-27T23:57:56","guid":{"rendered":"http:\/\/newwp.insightcrime.org?p=6252"},"modified":"2023-04-24T15:35:30","modified_gmt":"2023-04-24T20:35:30","slug":"cia-vs-comando-elite-de-colombia-batalla-desde-abajo","status":"publish","type":"post","link":"https:\/\/insightcrime.org\/es\/noticias\/analisis\/cia-vs-comando-elite-de-colombia-batalla-desde-abajo\/","title":{"rendered":"CIA vs. \u2018Comando \u00c9lite\u2019 de Colombia: batalla desde abajo"},"content":{"rendered":"\n<p class=\"wp-block-paragraph\">Un reciente art\u00edculo del Washington Post, acerca de la participaci\u00f3n de la CIA en el bombardeo de precisi\u00f3n de los l\u00edderes de la guerrilla de las FARC, socav\u00f3 algunos aspectos de la nueva narrativa de Colombia acerca de la destreza de sus fuerzas de seguridad. Sin embargo, tambi\u00e9n ilustra una diferencia importante entre los enfoques de Colombia y Estados Unidos que puede resultar m\u00e1s importante que cualquier cosa que Washington pueda ofrecer.<\/p>\n\n\n\n<p class=\"wp-block-paragraph\"><a href=\"https:\/\/www.washingtonpost.com\/sf\/investigative\/2013\/12\/21\/covert-action-in-colombia\/\" target=\"_blank\">El art\u00edculo del Post<\/a>, aunque plausible en su rigor, no nos dijo mucho m\u00e1s de <a href=\"https:\/\/www.semana.com\/nacion\/articulo\/mindefensa-no-hay-nada-nuevo-sobre-apoyo-de-la-cia-contra-las-farc\/369327-3\" target=\"_blank\">lo que ya sab\u00edamos<\/a>: la inteligencia de Estados Unidos jug\u00f3 un papel importante y tal vez decisivo en la muerte y\/o captura de numerosos objetivos de alto nivel, de guerrilleros y exparamilitares por igual, sobre todo despu\u00e9s de que tres contratistas del Pent\u00e1gono fueran tomados como rehenes por los guerrilleros.<\/p>\n\n\n\n<p class=\"wp-block-paragraph\">[Revelaci\u00f3n completa: la exreportera de InSight Crime Elyssa Pachico ayud\u00f3 a reportar el art\u00edculo]<\/p>\n\n\n\n<p class=\"wp-block-paragraph\">El art\u00edculo hace especial \u00e9nfasis en los servicios de espionaje de Estados Unidos y un kit de orientaci\u00f3n GPS conectado a las bombas letales.<\/p>\n\n\n\n<p class=\"wp-block-paragraph\">\u201cEsa arma es un<a href=\"https:\/\/www.raytheon.com\/capabilities\/products\/paveway\/\" target=\"_blank\"> kit de orientaci\u00f3n GPS<\/a> de US$30.000 que transforma una bomba de gravedad menos precisa, de 500 libras, a una bomba inteligente de alta precisi\u00f3n\u201d, dice el art\u00edculo.<\/p>\n\n\n\n<p class=\"wp-block-paragraph\">Estas bombas, con la ayuda de la inteligencia obtenida por la Agencia de Seguridad Nacional y la Agencia Central de Inteligencia, mataron a guerrilleros de alto nivel de las Fuerzas Armadas Revolucionarias de Colombia (FARC) en al menos cuatro ocasiones, dice el art\u00edculo.<\/p>\n\n\n\n<p class=\"wp-block-paragraph\">La imagen es potente: una de esp\u00edas estadounidenses sentados en habitaciones oscuras con mapas muy iluminados a su alrededor, comprobando los movimientos infrarrojos y luego enviando las coordenadas GPS a sus camaradas colombianos (con quienes, por cierto, tienen algunos problemas de confianza, debido a su mal historial de derechos humanos y a la historia de la infiltraci\u00f3n del crimen organizado y los paramilitares).<\/p>\n\n\n\n<p class=\"wp-block-paragraph\">Y la reacci\u00f3n era predecible. El Tiempo, el peri\u00f3dico m\u00e1s importante del pa\u00eds, <a href=\"https:\/\/www.eltiempo.com\/justicia\/ARTICULO-WEB-NEW_NOTA_INTERIOR-13312199.html\" target=\"_blank\">escribi\u00f3 en el primer p\u00e1rrafo de su reporte <\/a>de la historia del Post que las fuentes en el ej\u00e9rcito colombiano \u201cconfirmaron que la ayuda encubierta de Estados Unidos fue clave para asestar los golpes que le cambiaron el curso al conflicto interno\u201d. El expresidente \u00c1lvaro Uribe admiti\u00f3 a trav\u00e9s de Twitter que la CIA ayud\u00f3 a \u201cencontrar\u201d los blancos. Un senador de la oposici\u00f3n <a href=\"https:\/\/www.semana.com\/nacion\/articulo\/reacciones-por-ayuda-de-la-cia-en-guerra-contra-farc\/369286-3\" target=\"_blank\">pidi\u00f3 una investigaci\u00f3n<\/a>.<\/p>\n\n\n\n<p class=\"wp-block-paragraph\">Las revelaciones llegan en un momento dif\u00edcil para el gobierno colombiano. Se dan en medio de <a href=\"\/series-especiales\/paz-farc\" target=\"_blank\">conversaciones de paz con las FARC<\/a>, y todav\u00eda est\u00e1 tratando de reparar las relaciones con el presidente ecuatoriano Rafael Correa por la muerte del l\u00edder de las FARC, Ra\u00fal Reyes, dado de baja por uno de estos bombardeos de precisi\u00f3n en territorio ecuatoriano en 2008.<\/p>\n\n\n\n<p class=\"wp-block-paragraph\">Lo que es m\u00e1s, socava la narrativa actual que est\u00e1 siendo construida sobre las fuerzas de seguridad de Colombia. En los \u00faltimos a\u00f1os, los colombianos se han convertido en los entrenadores a los que se suele recurrir. De Brasil a M\u00e9xico, ofrecen cursos sobre la guerra en la selva y la recopilaci\u00f3n de inteligencia.<\/p>\n\n\n\n<p class=\"wp-block-paragraph\">La imagen es parte verdad, parte ficci\u00f3n. Hay resultados reales -algunos de los cuales el art\u00edculo del Post escribe una cr\u00f3nica. Los esfuerzos para encontrar a estos delincuentes involucran meses y a veces a\u00f1os de desarrollo de fuentes, infiltr\u00e1ndose en los anillos de seguridad e interceptando las comunicaciones. Ese trabajo se realiz\u00f3 principalmente por los colombianos, no la CIA o la NSA.<\/p>\n\n\n\n<p class=\"wp-block-paragraph\">Todo esto ser\u00eda desconocido si los propios colombianos no hubieran comenzado su propio esfuerzo concertado para crear h\u00e9roes del tipo de los que Estados Unidos ha contruido a trav\u00e9s de libros, pel\u00edculas y programas de televisi\u00f3n durante a\u00f1os. Esta es la parte m\u00edtica de la narraci\u00f3n.<\/p>\n\n\n\n<p class=\"wp-block-paragraph\">La manifestaci\u00f3n m\u00e1s reciente de este esfuerzo es un programa de televisi\u00f3n colombiano llamado <a href=\"https:\/\/comandoelite.canalrcnmsn.com\" target=\"_blank\">Comando \u00c9lite<\/a>. Al igual que el programa de televisi\u00f3n <a href=\"https:\/\/en.wikipedia.org\/wiki\/S.W.A.T._(TV_series)\" target=\"_blank\">SWAT <\/a>de Estados Unidos, el acr\u00f3nimo para la unidad de las fuerzas especiales de la polic\u00eda que persegu\u00eda el mal en una ciudad no identificada de California en los a\u00f1os setenta, el Comando \u00c9lite trata de crear h\u00e9roes de las fuerzas de seguridad, aunque en un formato mucho m\u00e1s de telenovela.<\/p>\n\n\n\n<p class=\"wp-block-paragraph\">El comando opera desde una oficina elegante, con ordenadores radiantes que revelan informaci\u00f3n a trav\u00e9s de programas complicados e ilustran \u00e1reas multicolores del pa\u00eds donde las fuerzas est\u00e1n atrapando a sus presas. Tienen psic\u00f3logos y l\u00edneas telef\u00f3nicas seguras. Coroneles que hablan directamente y con franqueza, y conducen sesiones de estrategia, y mayores de voz suave que llevan a cabo las misiones. Estos polic\u00edas son sin duda de clase media y educada; no del tipo pobre y ladr\u00f3n que han dominado durante mucho tiempo la imaginaci\u00f3n del p\u00fablico.<\/p>\n\n\n\n<p class=\"wp-block-paragraph\">El programa&nbsp;<a href=\"https:\/\/www.canalrcnmsn.com\/content\/\u00a1atenci\u00f3n_llegar\u00e1_un_comando_\u00e9lite\" target=\"_blank\">es una adaptaci\u00f3n de un libro de no ficci\u00f3n escrito por Germ\u00e1n Castro Caycedo<\/a> llamado \u201cCuatro metas\u201d. Para escribir su libro, Castro Caycedo pareci\u00f3 obtener un acceso sin precedentes a las fuentes de inteligencia de la polic\u00eda quienes le dijeron en detalle c\u00f3mo ellos realizaron un seguimiento, luego mataron o capturaron a sus objetivos, que incluyeron tanto a la guerrilla como a los exparamilitares de derecha que se convirtieron en bandas criminales (BACRIM, como las llama el gobierno colombiano).<\/p>\n\n\n\n<p class=\"wp-block-paragraph\">El \u00fanico blanco que coincide en el programa de televisi\u00f3n, el libro y el art\u00edculo del Post es Daniel Rend\u00f3n Herrera, alias \u201cDon Mario\u201d. Mario se hizo cargo de una facci\u00f3n paramilitar en la esquina noroeste del pa\u00eds a lo largo de la frontera con Panam\u00e1, que desde entonces ha dado nacimiento a uno de los grupos criminales m\u00e1s poderosos en el hemisferio, los Urabe\u00f1os.<\/p>\n\n\n\n<p class=\"wp-block-paragraph\">En la versi\u00f3n obviamente abreviada del Post, fuentes estadounidenses dicen que trabajaron incansablemente durante siete d\u00edas y noches cruzando se\u00f1ales de inteligencia y posicionando 250 comandos cerca de donde se escond\u00eda&nbsp;Mario. Ni el libro de Castro Caycedo, o el programa de televisi\u00f3n, que a\u00fan est\u00e1 desarroll\u00e1ndose, mostraron la presencia de Estados Unidos.<\/p>\n\n\n\n<p class=\"wp-block-paragraph\">En cambio, Castro Caycedo narra una misi\u00f3n meticulosa de dos a\u00f1os que involucr\u00f3 a un m\u00fasico, carpinteros, polic\u00edas encubiertos haci\u00e9ndose pasar por turistas, la madre de una de las novias de Mario, y el hambriento de sexo y&nbsp;sobrino de Mario (que los ayud\u00f3 a rastrear a Mario por las llamadas telef\u00f3nicas que realizaba todas las noches a una de sus amigas), entre muchos otros. Los participantes en la b\u00fasqueda de Mario describen c\u00f3mo fracasaron, muchas veces, pero al final lograron capturar al \u201cbandido\u201d a causa de la persistencia, la inteligencia humana, las agallas y un poco de suerte.<\/p>\n\n\n\n<p class=\"wp-block-paragraph\">La narrativa no podr\u00eda ser m\u00e1s diferente de la de Estados Unidos, un gobierno que comienza m\u00e1s y m\u00e1s batallas desde oficinas remotas, a trav\u00e9s de computadores, utilizando aviones no tripulados <a href=\"https:\/\/www.darpa.mil\/Our_Work\/TTO\/Programs\/DARPA_Robotics_Challenge.aspx\" target=\"_blank\">y pronto, robots<\/a>. El mensaje es claro: Estados Unidos pelea sus guerras desde una habitaci\u00f3n; y los colombianos luchan desde el terreno.<\/p>\n\n\n\n<p class=\"wp-block-paragraph\">Para estar seguro, la narraci\u00f3n no representa la realidad, pero s\u00ed refleja una importante diferencia en el enfoque que puede ayudar a explicar por qu\u00e9 los colombianos han diezmado a muchas de las BACRIM y tienen el sart\u00e9n por el mango con las FARC en la mesa de negociaciones.<\/p>\n","protected":false},"excerpt":{"rendered":"<p>Un reciente art\u00edculo del Washington Post, acerca de la participaci\u00f3n de la CIA en el bombardeo de precisi\u00f3n de los l\u00edderes de la guerrilla de las FARC, socav\u00f3 algunos aspectos de la nueva narrativa de Colombia acerca de la destreza de sus fuerzas de seguridad. Sin embargo, tambi\u00e9n ilustra una diferencia importante entre los enfoques de Colombia y Estados Unidos que puede resultar m\u00e1s importante que cualquier cosa que Washington pueda ofrecer.<\/p>\n","protected":false},"author":3,"featured_media":72557,"comment_status":"closed","ping_status":"closed","sticky":false,"template":"","format":"standard","meta":{"newspack_ads_suppress_ads":false,"newspack_popups_has_disabled_popups":false,"newspack_sponsor_sponsorship_scope":"","newspack_sponsor_native_byline_display":"inherit","newspack_sponsor_native_category_display":"inherit","newspack_sponsor_underwriter_style":"inherit","newspack_sponsor_underwriter_placement":"inherit","_EventAllDay":false,"_EventTimezone":"","_EventStartDate":"","_EventEndDate":"","_EventStartDateUTC":"","_EventEndDateUTC":"","_EventShowMap":false,"_EventShowMapLink":false,"_EventURL":"","_EventCost":"","_EventCostDescription":"","_EventCurrencySymbol":"","_EventCurrencyCode":"","_EventCurrencyPosition":"","_EventDateTimeSeparator":"","_EventTimeRangeSeparator":"","_EventOrganizerID":[],"_EventVenueID":[],"_OrganizerEmail":"","_OrganizerPhone":"","_OrganizerWebsite":"","_VenueAddress":"","_VenueCity":"","_VenueCountry":"","_VenueProvince":"","_VenueState":"","_VenueZip":"","_VenuePhone":"","_VenueURL":"","_VenueStateProvince":"","_VenueLat":"","_VenueLng":"","_VenueShowMap":false,"_VenueShowMapLink":false,"_newspack_byline_active":false,"_newspack_byline":"","newspack_hide_updated_date":false,"newspack_show_updated_date":false,"newspack_featured_image_position":"","newspack_post_subtitle":"","newspack_article_summary_title":"Overview:","newspack_article_summary":"","_jetpack_memberships_contains_paid_content":false,"footnotes":""},"categories":[340],"tags":[368,1542,2927,475],"newspack_spnsrs_tax":[],"coauthors":[3658],"class_list":["post-6252","post","type-post","status-publish","format-standard","has-post-thumbnail","hentry","category-analisis","tag-colombia-pais","tag-farc-ep","tag-gaitanistas","tag-paz-con-las-farc","entry"],"parsely":{"version":"1.1.0","canonical_url":"https:\/\/insightcrime.org\/es\/noticias\/analisis\/cia-vs-comando-elite-de-colombia-batalla-desde-abajo\/","smart_links":{"inbound":0,"outbound":0},"traffic_boost_suggestions_count":0,"meta":{"@context":"https:\/\/schema.org","@type":"NewsArticle","headline":"CIA vs. \u2018Comando \u00c9lite\u2019 de Colombia: batalla desde abajo","url":"http:\/\/insightcrime.org\/es\/noticias\/analisis\/cia-vs-comando-elite-de-colombia-batalla-desde-abajo\/","mainEntityOfPage":{"@type":"WebPage","@id":"http:\/\/insightcrime.org\/es\/noticias\/analisis\/cia-vs-comando-elite-de-colombia-batalla-desde-abajo\/"},"thumbnailUrl":"https:\/\/i0.wp.com\/insightcrime.org\/wp-content\/uploads\/2014\/01\/en-2b1c08f69d9491eaef2f40c64788c3eb-1.jpg?resize=150%2C150&quality=100&ssl=1","image":{"@type":"ImageObject","url":"https:\/\/i0.wp.com\/insightcrime.org\/wp-content\/uploads\/2014\/01\/en-2b1c08f69d9491eaef2f40c64788c3eb-1.jpg?fit=400%2C242&quality=100&ssl=1"},"articleSection":"An\u00e1lisis","author":[{"@type":"Person","name":"Steven Dudley"}],"creator":["Steven Dudley"],"publisher":{"@type":"Organization","name":"InSight Crime","logo":"https:\/\/insightcrime.org\/wp-content\/uploads\/2023\/08\/logo.png"},"keywords":["colombia","farc","gaitanistas","paz farc"],"dateCreated":"2017-03-27T23:57:56Z","datePublished":"2017-03-27T23:57:56Z","dateModified":"2023-04-24T20:35:30Z"},"rendered":"<meta name=\"parsely-title\" content=\"CIA vs. \u2018Comando \u00c9lite\u2019 de Colombia: batalla desde abajo\" \/>\n<meta name=\"parsely-link\" content=\"http:\/\/insightcrime.org\/es\/noticias\/analisis\/cia-vs-comando-elite-de-colombia-batalla-desde-abajo\/\" \/>\n<meta name=\"parsely-type\" content=\"post\" \/>\n<meta name=\"parsely-image-url\" content=\"https:\/\/i0.wp.com\/insightcrime.org\/wp-content\/uploads\/2014\/01\/en-2b1c08f69d9491eaef2f40c64788c3eb-1.jpg?resize=150%2C150&amp;quality=100&amp;ssl=1\" \/>\n<meta name=\"parsely-pub-date\" content=\"2017-03-27T23:57:56Z\" \/>\n<meta name=\"parsely-section\" content=\"An\u00e1lisis\" \/>\n<meta name=\"parsely-tags\" content=\"colombia,farc,gaitanistas,paz farc\" \/>\n<meta name=\"parsely-author\" content=\"Steven Dudley\" \/>","tracker_url":"https:\/\/cdn.parsely.com\/keys\/insightcrime.org\/p.js"},"jetpack_sharing_enabled":true,"jetpack-related-posts":[{"id":273228,"url":"https:\/\/insightcrime.org\/es\/news\/ex-farc-mafia-consolida-gobernanza-criminal-traves-carnetizacion-colombia\/","url_meta":{"origin":6252,"position":0},"title":"Disidencias FARC consolidan gobernanza criminal a trav\u00e9s de carnetizaci\u00f3n en Colombia","author":"Juan Camilo Jaramillo","date":"8 de abril de 2024","format":false,"excerpt":"La exigencia de un documento de identificaci\u00f3n por parte de las ex-FARC mafia en Colombia es la muestra m\u00e1s reciente del fortalecimiento y expansi\u00f3n territorial que varios grupos criminales vienen llevando a cabo en medio de los procesos de negociaci\u00f3n con el gobierno. En el transcurso de un debate en\u2026","rel":"","context":"En \u00abNews\u00bb","block_context":{"text":"News","link":"https:\/\/insightcrime.org\/category\/news\/"},"img":{"alt_text":"","src":"https:\/\/i0.wp.com\/insightcrime.org\/wp-content\/uploads\/2024\/04\/Colombia-ex-farc-mafia-issue-IDs-el-colombiano.jpg?fit=345%2C250&quality=100&ssl=1&resize=350%2C200","width":350,"height":200},"classes":[]},{"id":201587,"url":"https:\/\/insightcrime.org\/es\/noticias\/granadas-minas-antipersonales-ecuador-sigue-siendo-arsenal-exfarc-mafia\/","url_meta":{"origin":6252,"position":1},"title":"Granadas y minas antipersona: Ecuador sigue siendo el arsenal de las Ex-FARC Mafia","author":"Chris Dalby","date":"14 de octubre de 2022","format":false,"excerpt":"En el norte de Ecuador siguen encontr\u00e1ndose alijos de armas de tipo militar, incluidas granadas y minas antipersona, un indicio de que los grupos armados colombianos siguen usando el pa\u00eds como puesto de avanzada estrat\u00e9gico.","rel":"","context":"En \u00abNoticias\u00bb","block_context":{"text":"Noticias","link":"https:\/\/insightcrime.org\/es\/category\/noticias\/"},"img":{"alt_text":"Soldado ecuatoriano examina minas antipersona cerca de la frontera con Colombia","src":"https:\/\/i0.wp.com\/insightcrime.org\/wp-content\/uploads\/2022\/10\/ezgif-1-0a4a37207d-1-1.jpeg?fit=350%2C250&quality=100&ssl=1&resize=350%2C200","width":350,"height":200},"classes":[]},{"id":298731,"url":"https:\/\/insightcrime.org\/es\/noticias\/gamechangers-2024-dinero-narco-poder-politico-americas\/","url_meta":{"origin":6252,"position":2},"title":"GameChangers 2024: C\u00f3mo el dinero del narco lleg\u00f3 hasta lo m\u00e1s alto del poder pol\u00edtico en las Am\u00e9ricas","author":"Steven Dudley","date":"3 de enero de 2025","format":false,"excerpt":"El a\u00f1o 2024 ofreci\u00f3 algunos recordatorios contundentes de que el dinero del narcotr\u00e1fico puede llegar a los niveles m\u00e1s altos de la pol\u00edtica. Desde Honduras hasta M\u00e9xico y Colombia, acusaciones de contribuciones provenientes del narcotr\u00e1fico sacudieron los cimientos del poder y alteraron las relaciones internacionales.","rel":"","context":"En \u00abAudio\u00bb","block_context":{"text":"Audio","link":"https:\/\/insightcrime.org\/es\/category\/audio-es\/"},"img":{"alt_text":"","src":"https:\/\/i0.wp.com\/insightcrime.org\/wp-content\/uploads\/2024\/12\/6-Gamechangers-2024-President-Under-Investigation.jpg?fit=1200%2C576&quality=100&ssl=1&resize=350%2C200","width":350,"height":200,"srcset":"https:\/\/i0.wp.com\/insightcrime.org\/wp-content\/uploads\/2024\/12\/6-Gamechangers-2024-President-Under-Investigation.jpg?fit=1200%2C576&quality=100&ssl=1&resize=350%2C200 1x, https:\/\/i0.wp.com\/insightcrime.org\/wp-content\/uploads\/2024\/12\/6-Gamechangers-2024-President-Under-Investigation.jpg?fit=1200%2C576&quality=100&ssl=1&resize=525%2C300 1.5x, https:\/\/i0.wp.com\/insightcrime.org\/wp-content\/uploads\/2024\/12\/6-Gamechangers-2024-President-Under-Investigation.jpg?fit=1200%2C576&quality=100&ssl=1&resize=700%2C400 2x, https:\/\/i0.wp.com\/insightcrime.org\/wp-content\/uploads\/2024\/12\/6-Gamechangers-2024-President-Under-Investigation.jpg?fit=1200%2C576&quality=100&ssl=1&resize=1050%2C600 3x"},"classes":[]},{"id":233321,"url":"https:\/\/insightcrime.org\/es\/noticias-crimen-organizado-colombia\/luciano-marin-ivan-marquez\/","url_meta":{"origin":6252,"position":3},"title":"Luciano Mar\u00edn Arango, alias &#8216;Iv\u00e1n M\u00e1rquez&#8217;","author":"InSight Crime","date":"27 de junio de 2024","format":false,"excerpt":"Luciano Mar\u00edn Arango, alias \u201cIv\u00e1n M\u00e1rquez\u201d, un hist\u00f3rico miembro de las FARC y fundador de las disidencias","rel":"","context":"En \u00abColombia\u00bb","block_context":{"text":"Colombia","link":"https:\/\/insightcrime.org\/es\/category\/noticias-crimen-organizado-colombia\/"},"img":{"alt_text":"Perfil criminal - Luciano Mar\u00edn Arango, alias 'Iv\u00e1n M\u00e1rquez' - Colombia.","src":"https:\/\/i0.wp.com\/insightcrime.org\/wp-content\/uploads\/2026\/08\/Perfil-Criminal-Alias-Ivan-Marquez-Colombia.jpg?fit=1200%2C900&quality=100&ssl=1&resize=350%2C200","width":350,"height":200,"srcset":"https:\/\/i0.wp.com\/insightcrime.org\/wp-content\/uploads\/2026\/08\/Perfil-Criminal-Alias-Ivan-Marquez-Colombia.jpg?fit=1200%2C900&quality=100&ssl=1&resize=350%2C200 1x, https:\/\/i0.wp.com\/insightcrime.org\/wp-content\/uploads\/2026\/08\/Perfil-Criminal-Alias-Ivan-Marquez-Colombia.jpg?fit=1200%2C900&quality=100&ssl=1&resize=525%2C300 1.5x, https:\/\/i0.wp.com\/insightcrime.org\/wp-content\/uploads\/2026\/08\/Perfil-Criminal-Alias-Ivan-Marquez-Colombia.jpg?fit=1200%2C900&quality=100&ssl=1&resize=700%2C400 2x, https:\/\/i0.wp.com\/insightcrime.org\/wp-content\/uploads\/2026\/08\/Perfil-Criminal-Alias-Ivan-Marquez-Colombia.jpg?fit=1200%2C900&quality=100&ssl=1&resize=1050%2C600 3x"},"classes":[]},{"id":210669,"url":"https:\/\/insightcrime.org\/es\/noticias-crimen-organizado-colombia\/ex-farc-mafia-estado-mayor-central\/","url_meta":{"origin":6252,"position":4},"title":"Estado Mayor Central &#8211; Disidencias de las FARC","author":"InSight Crime","date":"14 de junio de 2024","format":false,"excerpt":"El Estado Mayor Central (EMC) es una federaci\u00f3n de frentes disidentes de las Fuerzas Armadas Revolucionarias de Colombia (FARC) que decidieron no acogerse al proceso de paz firmado en 2016 entre esa guerrilla y el gobierno de Colombia.\u00a0\u00a0","rel":"","context":"En \u00abColombia\u00bb","block_context":{"text":"Colombia","link":"https:\/\/insightcrime.org\/es\/category\/noticias-crimen-organizado-colombia\/"},"img":{"alt_text":"Estado Mayor Central - Disidencias de las FARC, Colombia.","src":"https:\/\/i0.wp.com\/insightcrime.org\/wp-content\/uploads\/2026\/08\/Grupo-Criminal-Estado-Mayor-Central-Colombia.jpg?fit=1200%2C900&quality=100&ssl=1&resize=350%2C200","width":350,"height":200,"srcset":"https:\/\/i0.wp.com\/insightcrime.org\/wp-content\/uploads\/2026\/08\/Grupo-Criminal-Estado-Mayor-Central-Colombia.jpg?fit=1200%2C900&quality=100&ssl=1&resize=350%2C200 1x, https:\/\/i0.wp.com\/insightcrime.org\/wp-content\/uploads\/2026\/08\/Grupo-Criminal-Estado-Mayor-Central-Colombia.jpg?fit=1200%2C900&quality=100&ssl=1&resize=525%2C300 1.5x, https:\/\/i0.wp.com\/insightcrime.org\/wp-content\/uploads\/2026\/08\/Grupo-Criminal-Estado-Mayor-Central-Colombia.jpg?fit=1200%2C900&quality=100&ssl=1&resize=700%2C400 2x, https:\/\/i0.wp.com\/insightcrime.org\/wp-content\/uploads\/2026\/08\/Grupo-Criminal-Estado-Mayor-Central-Colombia.jpg?fit=1200%2C900&quality=100&ssl=1&resize=1050%2C600 3x"},"classes":[]},{"id":247041,"url":"https:\/\/insightcrime.org\/es\/noticias\/3-tendencias-marcaron-reclutamiento-infantil-conflicto-colombiano\/","url_meta":{"origin":6252,"position":5},"title":"3 tendencias que marcaron el reclutamiento infantil en el conflicto colombiano","author":"Juliana Manjarr\u00e9s","date":"20 de noviembre de 2023","format":false,"excerpt":"Colombia sigue encontrando obst\u00e1culos para proteger los derechos de ni\u00f1os y ni\u00f1as que son reclutados forzosamente por grupos armados y criminales a pesar de que el gobierno negocia la paz con unos de los actores armados m\u00e1s grandes del pa\u00eds.\u00a0","rel":"","context":"En \u00abNoticias\u00bb","block_context":{"text":"Noticias","link":"https:\/\/insightcrime.org\/es\/category\/noticias\/"},"img":{"alt_text":"The ELN is one of the groups with the highest numbers of child recruitment in Colombia.","src":"https:\/\/i0.wp.com\/insightcrime.org\/wp-content\/uploads\/2023\/11\/WZCIWIXQUFDDBGQ2LPOPEXXEZY-1.jpg?fit=350%2C250&quality=100&ssl=1&resize=350%2C200","width":350,"height":200},"classes":[]}],"jetpack_featured_media_url":"https:\/\/i0.wp.com\/insightcrime.org\/wp-content\/uploads\/2014\/01\/en-2b1c08f69d9491eaef2f40c64788c3eb-1.jpg?fit=400%2C242&quality=100&ssl=1","_links":{"self":[{"href":"https:\/\/insightcrime.org\/es\/wp-json\/wp\/v2\/posts\/6252","targetHints":{"allow":["GET"]}}],"collection":[{"href":"https:\/\/insightcrime.org\/es\/wp-json\/wp\/v2\/posts"}],"about":[{"href":"https:\/\/insightcrime.org\/es\/wp-json\/wp\/v2\/types\/post"}],"author":[{"embeddable":true,"href":"https:\/\/insightcrime.org\/es\/wp-json\/wp\/v2\/users\/3"}],"replies":[{"embeddable":true,"href":"https:\/\/insightcrime.org\/es\/wp-json\/wp\/v2\/comments?post=6252"}],"version-history":[{"count":1,"href":"https:\/\/insightcrime.org\/es\/wp-json\/wp\/v2\/posts\/6252\/revisions"}],"predecessor-version":[{"id":21377,"href":"https:\/\/insightcrime.org\/es\/wp-json\/wp\/v2\/posts\/6252\/revisions\/21377"}],"wp:featuredmedia":[{"embeddable":true,"href":"https:\/\/insightcrime.org\/es\/wp-json\/wp\/v2\/media\/72557"}],"wp:attachment":[{"href":"https:\/\/insightcrime.org\/es\/wp-json\/wp\/v2\/media?parent=6252"}],"wp:term":[{"taxonomy":"category","embeddable":true,"href":"https:\/\/insightcrime.org\/es\/wp-json\/wp\/v2\/categories?post=6252"},{"taxonomy":"post_tag","embeddable":true,"href":"https:\/\/insightcrime.org\/es\/wp-json\/wp\/v2\/tags?post=6252"},{"taxonomy":"newspack_spnsrs_tax","embeddable":true,"href":"https:\/\/insightcrime.org\/es\/wp-json\/wp\/v2\/newspack_spnsrs_tax?post=6252"},{"taxonomy":"author","embeddable":true,"href":"https:\/\/insightcrime.org\/es\/wp-json\/wp\/v2\/coauthors?post=6252"}],"curies":[{"name":"wp","href":"https:\/\/api.w.org\/{rel}","templated":true}]}}